{"id":4025,"date":"2025-11-14T07:45:00","date_gmt":"2025-11-14T10:45:00","guid":{"rendered":"https:\/\/tribunademinas.audiencelabs.com.br\/?p=4025"},"modified":"2025-11-14T11:12:26","modified_gmt":"2025-11-14T14:12:26","slug":"o-vilao-da-sua-conta-de-energia-nao-e-a-geladeira-e-nao-e-o-ar-condicionado","status":"publish","type":"post","link":"https:\/\/tribunademinas.audiencelabs.com.br\/o-vilao-da-sua-conta-de-energia-nao-e-a-geladeira-e-nao-e-o-ar-condicionado\/","title":{"rendered":"O vil\u00e3o da sua conta de energia n\u00e3o \u00e9 a geladeira e n\u00e3o \u00e9 o ar-condicionado"},"content":{"rendered":"\n<p>Controlar os gastos com a conta de energia el\u00e9trica se tornou uma tarefa cada vez mais delicada para as fam\u00edlias brasileiras, especialmente neste fim de ano, em que o pa\u00eds opera sob a bandeira tarif\u00e1ria vermelha. <\/p>\n\n\n\n<p>Com esse <a href=\"https:\/\/tribunademinas.com.br\/colunas\/dinheiroecidadania\/conta-de-luz-dispara-com-bandeira-vermelha-e-exige-economia-urgente\/\"><strong>regime<\/strong><\/a>, o custo por quilowatt-hora sobe, pressionando ainda mais o or\u00e7amento dom\u00e9stico. Diante desse cen\u00e1rio, cresce a preocupa\u00e7\u00e3o em identificar os aparelhos que mais consomem eletricidade e, assim, reduzir o desperd\u00edcio. <\/p>\n\n\n\n<p>E \u00e9 justamente a\u00ed que mora um engano comum: a cren\u00e7a de que a geladeira ou o ar-condicionado s\u00e3o os grandes respons\u00e1veis pela conta alta. A verdade \u00e9 outra, e surpreende muita gente.<\/p>\n\n\n\n<h2 class=\"wp-block-heading\">O vil\u00e3o da sua conta de energia n\u00e3o \u00e9 a geladeira e n\u00e3o \u00e9 o ar-condicionado<\/h2>\n\n\n\n<p>O verdadeiro vil\u00e3o da energia dentro de casa \u00e9 o <strong>forno el\u00e9trico<\/strong>. Embora pare\u00e7a inofensivo por ser usado apenas em momentos pontuais, esse aparelho demanda uma quantidade impressionante de energia para funcionar. <\/p>\n\n\n\n<p>O motivo est\u00e1 na forma como ele opera: o forno precisa gerar calor intenso e mant\u00ea-lo constante por longos per\u00edodos, o que exige pot\u00eancias que podem variar entre 2.000 e 5.000 watts por hora. <\/p>\n\n\n\n<p>Em compara\u00e7\u00e3o, uma geladeira consome, em m\u00e9dia, de 300 a 800 watts por hora, trabalhando de maneira mais cont\u00ednua, mas com menor exig\u00eancia energ\u00e9tica.<\/p>\n\n\n\n<p>Al\u00e9m disso, mesmo desligado, o forno el\u00e9trico pode continuar puxando energia no modo stand-by se permanecer conectado \u00e0 tomada. <\/p>\n\n\n\n<p>Outro fator que agrava o desperd\u00edcio \u00e9 o uso ineficiente: pr\u00e9-aquecimentos longos demais, abertura frequente da porta e preparo de pequenas por\u00e7\u00f5es em diversas etapas aumentam o tempo de uso e, consequentemente, o consumo.<\/p>\n\n\n\n<h3 class=\"wp-block-heading\">Manter a conta baixa exige adapta\u00e7\u00e3o<\/h3>\n\n\n\n<p>Para aliviar o impacto do forno na fatura mensal, algumas mudan\u00e7as simples de h\u00e1bito podem ajudar. Desligar o forno poucos minutos antes do t\u00e9rmino do preparo, por exemplo, aproveita o calor residual sem comprometer o resultado da receita. <\/p>\n\n\n\n<p>Concentrar mais alimentos em uma \u00fanica leva de assamento e evitar abrir a porta durante o uso tamb\u00e9m fazem diferen\u00e7a. Fora isso, retirar o plugue da tomada ap\u00f3s o uso impede o consumo passivo.<\/p>\n\n\n\n<p>Al\u00e9m do forno, vale aplicar pr\u00e1ticas mais amplas de economia: priorizar eletrodom\u00e9sticos com selo de efici\u00eancia energ\u00e9tica, desligar aparelhos quando fora de uso e evitar o uso de equipamentos nos hor\u00e1rios de pico. <\/p>\n\n\n\n<p>No fim das contas, o controle do consumo exige informa\u00e7\u00e3o, e escolhas mais conscientes.<\/p>\n","protected":false},"excerpt":{"rendered":"<p>Controlar os gastos com a conta de energia el\u00e9trica se tornou uma tarefa cada vez mais delicada para as fam\u00edlias brasileiras, especialmente neste fim de ano, em que o pa\u00eds opera sob a bandeira tarif\u00e1ria vermelha. Com esse regime, o custo por quilowatt-hora sobe, pressionando ainda mais o or\u00e7amento dom\u00e9stico. Diante desse cen\u00e1rio, cresce a [&hellip;]<\/p>\n","protected":false},"author":5,"featured_media":4027,"comment_status":"open","ping_status":"open","sticky":false,"template":"","format":"standard","meta":{"jnews-multi-image_gallery":[],"jnews_single_post":{"format":"standard"},"jnews_primary_category":[],"jnews_social_meta":[],"jnews_post_split":[],"footnotes":""},"categories":[1],"tags":[],"class_list":["post-4025","post","type-post","status-publish","format-standard","has-post-thumbnail","hentry","category-dinheiro"],"yoast_head":"<!-- This site is optimized with the Yoast SEO plugin v25.6 - https:\/\/yoast.com\/wordpress\/plugins\/seo\/ -->\n<title>O vil\u00e3o da sua conta de energia n\u00e3o \u00e9 a geladeira e n\u00e3o \u00e9 o ar-condicionado<\/title>\n<meta name=\"description\" content=\"Controlar os gastos com a conta de energia el\u00e9trica se tornou uma tarefa cada vez mais delicada para as fam\u00edlias brasileiras.\" \/>\n<meta name=\"robots\" content=\"index, follow, max-snippet:-1, max-image-preview:large, max-video-preview:-1\" \/>\n<link rel=\"canonical\" href=\"https:\/\/tribunademinas.audiencelabs.com.br\/o-vilao-da-sua-conta-de-energia-nao-e-a-geladeira-e-nao-e-o-ar-condicionado\/\" \/>\n<meta property=\"og:locale\" content=\"pt_BR\" \/>\n<meta property=\"og:type\" content=\"article\" \/>\n<meta property=\"og:title\" content=\"O vil\u00e3o da sua conta de energia n\u00e3o \u00e9 a geladeira e n\u00e3o \u00e9 o ar-condicionado\" \/>\n<meta property=\"og:description\" content=\"Controlar os gastos com a conta de energia el\u00e9trica se tornou uma tarefa cada vez mais delicada para as fam\u00edlias brasileiras.\" \/>\n<meta property=\"og:url\" content=\"https:\/\/tribunademinas.audiencelabs.com.br\/o-vilao-da-sua-conta-de-energia-nao-e-a-geladeira-e-nao-e-o-ar-condicionado\/\" \/>\n<meta property=\"og:site_name\" content=\"Tribuna de Minas - Dinheiro e Cidadania\" \/>\n<meta property=\"article:publisher\" content=\"https:\/\/www.facebook.com\/tribunademinas\/\" \/>\n<meta property=\"article:published_time\" content=\"2025-11-14T10:45:00+00:00\" \/>\n<meta property=\"article:modified_time\" content=\"2025-11-14T14:12:26+00:00\" \/>\n<meta property=\"og:image\" content=\"https:\/\/tribunademinas.audiencelabs.com.br\/wp-content\/uploads\/2025\/11\/conta-de-energia.webp\" \/>\n\t<meta property=\"og:image:width\" content=\"1170\" \/>\n\t<meta property=\"og:image:height\" content=\"700\" \/>\n\t<meta property=\"og:image:type\" content=\"image\/webp\" \/>\n<meta name=\"author\" content=\"Jeferson Carvalho\" \/>\n<meta name=\"twitter:card\" content=\"summary_large_image\" \/>\n<meta name=\"twitter:creator\" content=\"@tribunademinas\" \/>\n<meta name=\"twitter:site\" content=\"@tribunademinas\" \/>\n<meta name=\"twitter:label1\" content=\"Escrito por\" \/>\n\t<meta name=\"twitter:data1\" content=\"Jeferson Carvalho\" \/>\n\t<meta name=\"twitter:label2\" content=\"Est. tempo de leitura\" \/>\n\t<meta name=\"twitter:data2\" content=\"3 minutos\" \/>\n<!-- \/ Yoast SEO plugin. -->","yoast_head_json":{"title":"O vil\u00e3o da sua conta de energia n\u00e3o \u00e9 a geladeira e n\u00e3o \u00e9 o ar-condicionado","description":"Controlar os gastos com a conta de energia el\u00e9trica se tornou uma tarefa cada vez mais delicada para as fam\u00edlias brasileiras.","robots":{"index":"index","follow":"follow","max-snippet":"max-snippet:-1","max-image-preview":"max-image-preview:large","max-video-preview":"max-video-preview:-1"},"canonical":"https:\/\/tribunademinas.audiencelabs.com.br\/o-vilao-da-sua-conta-de-energia-nao-e-a-geladeira-e-nao-e-o-ar-condicionado\/","og_locale":"pt_BR","og_type":"article","og_title":"O vil\u00e3o da sua conta de energia n\u00e3o \u00e9 a geladeira e n\u00e3o \u00e9 o ar-condicionado","og_description":"Controlar os gastos com a conta de energia el\u00e9trica se tornou uma tarefa cada vez mais delicada para as fam\u00edlias brasileiras.","og_url":"https:\/\/tribunademinas.audiencelabs.com.br\/o-vilao-da-sua-conta-de-energia-nao-e-a-geladeira-e-nao-e-o-ar-condicionado\/","og_site_name":"Tribuna de Minas - Dinheiro e Cidadania","article_publisher":"https:\/\/www.facebook.com\/tribunademinas\/","article_published_time":"2025-11-14T10:45:00+00:00","article_modified_time":"2025-11-14T14:12:26+00:00","og_image":[{"width":1170,"height":700,"url":"https:\/\/tribunademinas.audiencelabs.com.br\/wp-content\/uploads\/2025\/11\/conta-de-energia.webp","type":"image\/webp"}],"author":"Jeferson Carvalho","twitter_card":"summary_large_image","twitter_creator":"@tribunademinas","twitter_site":"@tribunademinas","twitter_misc":{"Escrito por":"Jeferson Carvalho","Est. tempo de leitura":"3 minutos"},"schema":{"@context":"https:\/\/schema.org","@graph":[{"@type":"Article","@id":"https:\/\/tribunademinas.audiencelabs.com.br\/o-vilao-da-sua-conta-de-energia-nao-e-a-geladeira-e-nao-e-o-ar-condicionado\/#article","isPartOf":{"@id":"https:\/\/tribunademinas.audiencelabs.com.br\/o-vilao-da-sua-conta-de-energia-nao-e-a-geladeira-e-nao-e-o-ar-condicionado\/"},"author":{"name":"Jeferson Carvalho","@id":"https:\/\/tribunademinas.audiencelabs.com.br\/#\/schema\/person\/db18fc40307804bacef94213aa68fd9d"},"headline":"O vil\u00e3o da sua conta de energia n\u00e3o \u00e9 a geladeira e n\u00e3o \u00e9 o ar-condicionado","datePublished":"2025-11-14T10:45:00+00:00","dateModified":"2025-11-14T14:12:26+00:00","mainEntityOfPage":{"@id":"https:\/\/tribunademinas.audiencelabs.com.br\/o-vilao-da-sua-conta-de-energia-nao-e-a-geladeira-e-nao-e-o-ar-condicionado\/"},"wordCount":437,"commentCount":0,"publisher":{"@id":"https:\/\/tribunademinas.audiencelabs.com.br\/#organization"},"image":{"@id":"https:\/\/tribunademinas.audiencelabs.com.br\/o-vilao-da-sua-conta-de-energia-nao-e-a-geladeira-e-nao-e-o-ar-condicionado\/#primaryimage"},"thumbnailUrl":"https:\/\/tribunademinas.audiencelabs.com.br\/wp-content\/uploads\/2025\/11\/conta-de-energia.webp","articleSection":["Dinheiro"],"inLanguage":"pt-BR","potentialAction":[{"@type":"CommentAction","name":"Comment","target":["https:\/\/tribunademinas.audiencelabs.com.br\/o-vilao-da-sua-conta-de-energia-nao-e-a-geladeira-e-nao-e-o-ar-condicionado\/#respond"]}]},{"@type":"WebPage","@id":"https:\/\/tribunademinas.audiencelabs.com.br\/o-vilao-da-sua-conta-de-energia-nao-e-a-geladeira-e-nao-e-o-ar-condicionado\/","url":"https:\/\/tribunademinas.audiencelabs.com.br\/o-vilao-da-sua-conta-de-energia-nao-e-a-geladeira-e-nao-e-o-ar-condicionado\/","name":"O vil\u00e3o da sua conta de energia n\u00e3o \u00e9 a geladeira e n\u00e3o \u00e9 o ar-condicionado","isPartOf":{"@id":"https:\/\/tribunademinas.audiencelabs.com.br\/#website"},"primaryImageOfPage":{"@id":"https:\/\/tribunademinas.audiencelabs.com.br\/o-vilao-da-sua-conta-de-energia-nao-e-a-geladeira-e-nao-e-o-ar-condicionado\/#primaryimage"},"image":{"@id":"https:\/\/tribunademinas.audiencelabs.com.br\/o-vilao-da-sua-conta-de-energia-nao-e-a-geladeira-e-nao-e-o-ar-condicionado\/#primaryimage"},"thumbnailUrl":"https:\/\/tribunademinas.audiencelabs.com.br\/wp-content\/uploads\/2025\/11\/conta-de-energia.webp","datePublished":"2025-11-14T10:45:00+00:00","dateModified":"2025-11-14T14:12:26+00:00","description":"Controlar os gastos com a conta de energia el\u00e9trica se tornou uma tarefa cada vez mais delicada para as fam\u00edlias brasileiras.","breadcrumb":{"@id":"https:\/\/tribunademinas.audiencelabs.com.br\/o-vilao-da-sua-conta-de-energia-nao-e-a-geladeira-e-nao-e-o-ar-condicionado\/#breadcrumb"},"inLanguage":"pt-BR","potentialAction":[{"@type":"ReadAction","target":["https:\/\/tribunademinas.audiencelabs.com.br\/o-vilao-da-sua-conta-de-energia-nao-e-a-geladeira-e-nao-e-o-ar-condicionado\/"]}]},{"@type":"ImageObject","inLanguage":"pt-BR","@id":"https:\/\/tribunademinas.audiencelabs.com.br\/o-vilao-da-sua-conta-de-energia-nao-e-a-geladeira-e-nao-e-o-ar-condicionado\/#primaryimage","url":"https:\/\/tribunademinas.audiencelabs.com.br\/wp-content\/uploads\/2025\/11\/conta-de-energia.webp","contentUrl":"https:\/\/tribunademinas.audiencelabs.com.br\/wp-content\/uploads\/2025\/11\/conta-de-energia.webp","width":1170,"height":700,"caption":"O vil\u00e3o da sua conta de energia n\u00e3o \u00e9 a geladeira e n\u00e3o \u00e9 o ar-condicionado - Imagem: Marcello Casal Jr\/Ag\u00eancia Brasil"},{"@type":"BreadcrumbList","@id":"https:\/\/tribunademinas.audiencelabs.com.br\/o-vilao-da-sua-conta-de-energia-nao-e-a-geladeira-e-nao-e-o-ar-condicionado\/#breadcrumb","itemListElement":[{"@type":"ListItem","position":1,"name":"In\u00edcio","item":"https:\/\/tribunademinas.audiencelabs.com.br\/"},{"@type":"ListItem","position":2,"name":"O vil\u00e3o da sua conta de energia n\u00e3o \u00e9 a geladeira e n\u00e3o \u00e9 o ar-condicionado"}]},{"@type":"WebSite","@id":"https:\/\/tribunademinas.audiencelabs.com.br\/#website","url":"https:\/\/tribunademinas.audiencelabs.com.br\/","name":"Tribuna de Minas - Dinheiro e Cidadania","description":"","publisher":{"@id":"https:\/\/tribunademinas.audiencelabs.com.br\/#organization"},"potentialAction":[{"@type":"SearchAction","target":{"@type":"EntryPoint","urlTemplate":"https:\/\/tribunademinas.audiencelabs.com.br\/?s={search_term_string}"},"query-input":{"@type":"PropertyValueSpecification","valueRequired":true,"valueName":"search_term_string"}}],"inLanguage":"pt-BR"},{"@type":"Organization","@id":"https:\/\/tribunademinas.audiencelabs.com.br\/#organization","name":"Tribuna de Minas - Dinheiro e Cidadania","url":"https:\/\/tribunademinas.audiencelabs.com.br\/","logo":{"@type":"ImageObject","inLanguage":"pt-BR","@id":"https:\/\/tribunademinas.audiencelabs.com.br\/#\/schema\/logo\/image\/","url":"https:\/\/tribunademinas.audiencelabs.com.br\/wp-content\/uploads\/2025\/08\/cropped-Tribuna_512x512-96x96-1.png","contentUrl":"https:\/\/tribunademinas.audiencelabs.com.br\/wp-content\/uploads\/2025\/08\/cropped-Tribuna_512x512-96x96-1.png","width":96,"height":96,"caption":"Tribuna de Minas - Dinheiro e Cidadania"},"image":{"@id":"https:\/\/tribunademinas.audiencelabs.com.br\/#\/schema\/logo\/image\/"},"sameAs":["https:\/\/www.facebook.com\/tribunademinas\/","https:\/\/x.com\/tribunademinas","https:\/\/www.instagram.com\/tribunademinas\/","https:\/\/www.youtube.com\/user\/TribunadeMinasJF"]},{"@type":"Person","@id":"https:\/\/tribunademinas.audiencelabs.com.br\/#\/schema\/person\/db18fc40307804bacef94213aa68fd9d","name":"Jeferson Carvalho","image":{"@type":"ImageObject","inLanguage":"pt-BR","@id":"https:\/\/tribunademinas.audiencelabs.com.br\/#\/schema\/person\/image\/","url":"https:\/\/secure.gravatar.com\/avatar\/cd7646e328d9670dad7dea8698522e522745eeffcff5b9d08be858e377ce326b?s=96&d=mm&r=g","contentUrl":"https:\/\/secure.gravatar.com\/avatar\/cd7646e328d9670dad7dea8698522e522745eeffcff5b9d08be858e377ce326b?s=96&d=mm&r=g","caption":"Jeferson Carvalho"},"description":"Jornalista apaixonado pela profiss\u00e3o!","url":"https:\/\/tribunademinas.audiencelabs.com.br\/author\/jeferson\/"}]}},"amp_enabled":true,"_links":{"self":[{"href":"https:\/\/tribunademinas.audiencelabs.com.br\/wp-json\/wp\/v2\/posts\/4025","targetHints":{"allow":["GET"]}}],"collection":[{"href":"https:\/\/tribunademinas.audiencelabs.com.br\/wp-json\/wp\/v2\/posts"}],"about":[{"href":"https:\/\/tribunademinas.audiencelabs.com.br\/wp-json\/wp\/v2\/types\/post"}],"author":[{"embeddable":true,"href":"https:\/\/tribunademinas.audiencelabs.com.br\/wp-json\/wp\/v2\/users\/5"}],"replies":[{"embeddable":true,"href":"https:\/\/tribunademinas.audiencelabs.com.br\/wp-json\/wp\/v2\/comments?post=4025"}],"version-history":[{"count":4,"href":"https:\/\/tribunademinas.audiencelabs.com.br\/wp-json\/wp\/v2\/posts\/4025\/revisions"}],"predecessor-version":[{"id":4057,"href":"https:\/\/tribunademinas.audiencelabs.com.br\/wp-json\/wp\/v2\/posts\/4025\/revisions\/4057"}],"wp:featuredmedia":[{"embeddable":true,"href":"https:\/\/tribunademinas.audiencelabs.com.br\/wp-json\/wp\/v2\/media\/4027"}],"wp:attachment":[{"href":"https:\/\/tribunademinas.audiencelabs.com.br\/wp-json\/wp\/v2\/media?parent=4025"}],"wp:term":[{"taxonomy":"category","embeddable":true,"href":"https:\/\/tribunademinas.audiencelabs.com.br\/wp-json\/wp\/v2\/categories?post=4025"},{"taxonomy":"post_tag","embeddable":true,"href":"https:\/\/tribunademinas.audiencelabs.com.br\/wp-json\/wp\/v2\/tags?post=4025"}],"curies":[{"name":"wp","href":"https:\/\/api.w.org\/{rel}","templated":true}]}}