{"id":4021,"date":"2025-11-14T06:45:00","date_gmt":"2025-11-14T09:45:00","guid":{"rendered":"https:\/\/tribunademinas.audiencelabs.com.br\/?p=4021"},"modified":"2025-11-13T18:18:54","modified_gmt":"2025-11-13T21:18:54","slug":"por-que-empresas-de-ticket-alimentacao-nao-gostaram-da-decisao-de-lula","status":"publish","type":"post","link":"https:\/\/tribunademinas.audiencelabs.com.br\/por-que-empresas-de-ticket-alimentacao-nao-gostaram-da-decisao-de-lula\/","title":{"rendered":"Por que empresas de ticket alimenta\u00e7\u00e3o n\u00e3o gostaram da decis\u00e3o de Lula?"},"content":{"rendered":"\n<p>Nos \u00faltimos dias, o presidente Luiz In\u00e1cio Lula da Silva (PT) assinou um decreto que <a href=\"https:\/\/tribunademinas.com.br\/colunas\/dinheiroecidadania\/vale-alimentacao-passa-por-transformacao-obrigatoria\/\"><strong>altera as regras<\/strong><\/a> do Programa de Alimenta\u00e7\u00e3o do Trabalhador (PAT), impactando diretamente o setor de cart\u00f5es de ticket refei\u00e7\u00e3o e alimenta\u00e7\u00e3o. <\/p>\n\n\n\n<p>A medida foi apresentada pelo governo como uma forma de reduzir custos para bares, restaurantes e supermercados, o que, segundo o Minist\u00e9rio da Fazenda, deve resultar em refei\u00e7\u00f5es mais baratas para os trabalhadores brasileiros. <\/p>\n\n\n\n<p>No entanto, as principais empresas do setor, que lucravam muito com a intermedia\u00e7\u00e3o desses benef\u00edcios, cobrando taxas alt\u00edssimas, n\u00e3o aprovaram as mudan\u00e7as. Alegam que ter\u00e3o preju\u00edzos financeiros e j\u00e1 falam em acionar a Justi\u00e7a para tentar barrar os efeitos do decreto.<\/p>\n\n\n\n<h2 class=\"wp-block-heading\">Por que empresas de ticket alimenta\u00e7\u00e3o n\u00e3o gostaram da decis\u00e3o de Lula?<\/h2>\n\n\n\n<p>As novas regras estabelecem tr\u00eas mudan\u00e7as centrais. A primeira \u00e9 a cria\u00e7\u00e3o de um teto para as taxas cobradas dos estabelecimentos comerciais: a partir de agora, o percentual m\u00e1ximo ser\u00e1 de 3,6%. <\/p>\n\n\n\n<p>Al\u00e9m disso, o dinheiro gasto pelos trabalhadores com os cart\u00f5es dever\u00e1 ser repassado aos estabelecimentos comerciais em, no m\u00e1ximo, 15 dias. <\/p>\n\n\n\n<p>Vale lembrar que, antes das novas regras, empresas de ticket alimenta\u00e7\u00e3o e refei\u00e7\u00e3o cobravam dos bares e restaurantes taxas muito acima do que foi definido agora como padr\u00e3o, e s\u00f3 repassavam os valores para os comerciantes ap\u00f3s 30 dias.<\/p>\n\n\n\n<p>Essa situa\u00e7\u00e3o fazia muitos comerciantes desistirem de aceitar os tickets em seus estabelecimentos, ou ent\u00e3o cobravam valores mais caros quando o pagamento era atrav\u00e9s de vale-refei\u00e7\u00e3o ou alimenta\u00e7\u00e3o, j\u00e1 que seus lucros, quando havia, seriam muito menores.<\/p>\n\n\n\n<p>As estimativas da Fazenda apontam para uma economia de at\u00e9 R$ 8 bilh\u00f5es por ano no setor de bares, restaurantes e supermercados, com repasses sendo feitos de forma mais eficiente e menos onerosa para o com\u00e9rcio. <\/p>\n\n\n\n<p>A expectativa \u00e9 que, com custos operacionais menores, os pre\u00e7os finais dos alimentos e refei\u00e7\u00f5es sejam reduzidos, gerando um ganho anual estimado de R$ 225 por trabalhador.<\/p>\n\n\n\n<h3 class=\"wp-block-heading\">Em um ano, todas as maquininhas ter\u00e3o que aceitar todos os tipos de cart\u00f5es de ticket alimenta\u00e7\u00e3o ou refei\u00e7\u00e3o <\/h3>\n\n\n\n<p>Outra mudan\u00e7a importante diz respeito \u00e0 abertura dos chamados \u201carranjos de pagamento\u201d: ou seja, as empresas continuam emitindo seus cart\u00f5es com suas marcas, mas qualquer cart\u00e3o dever\u00e1 funcionar em qualquer maquininha de pagamento, independentemente da bandeira. <\/p>\n\n\n\n<p>Isso deve ampliar a concorr\u00eancia e facilitar o uso dos benef\u00edcios em mais locais, j\u00e1 que, atualmente, v\u00e1rios com\u00e9rcios possuem maquininhas onde os tickets n\u00e3o s\u00e3o aceitos.<\/p>\n\n\n\n<p>Essas altera\u00e7\u00f5es atingem diretamente o modelo de neg\u00f3cios das empresas emissoras, que controlam quase todo o mercado de benef\u00edcios corporativos no Brasil e ter\u00e3o seu lucro gigantesco reduzido. <\/p>\n\n\n\n<p>Segundo o governo, a inten\u00e7\u00e3o \u00e9 tornar o sistema mais transparente, competitivo e vantajoso para o com\u00e9rcio, beneficiando principalmente o trabalhador, que poder\u00e1 utilizar o ticket alimenta\u00e7\u00e3o ou refei\u00e7\u00e3o onde quiser e pagando menos. <\/p>\n\n\n\n<h3 class=\"wp-block-heading\">Empresas dos cart\u00f5es pretendem acionar a justi\u00e7a contra decis\u00e3o do governo<\/h3>\n\n\n\n<p>Do lado das empresas, por\u00e9m, o clima \u00e9 de resist\u00eancia e possibilidade de judicializa\u00e7\u00e3o do caso. Algumas empresas, como a Pluxee, j\u00e1 sinalizaram que devem buscar medidas legais para contestar as novas normas.<\/p>\n\n\n\n<p>Associa\u00e7\u00f5es representativas do setor, como a ABBT (Associa\u00e7\u00e3o Brasileira das Empresas de Benef\u00edcios ao Trabalhador), criticaram especialmente a obrigatoriedade de abrir o sistema de pagamento, argumentando que isso pode desvirtuar o uso do benef\u00edcio. <\/p>\n\n\n\n<p>Tamb\u00e9m acusam o governo de interfer\u00eancia excessiva no mercado e afirmam que o tabelamento das taxas pode prejudicar a inova\u00e7\u00e3o e a concorr\u00eancia, com parte dos lucros podendo ser acumulados pelas grandes redes de supermercado. <\/p>\n\n\n\n<p>Contudo, a Associa\u00e7\u00e3o Brasileira de Supermercados (Abras) e outras associa\u00e7\u00f5es do varejo brasileiras, j\u00e1 dizem que as expectativas \u00e9 que os pre\u00e7os para o consumidor final caiam, j\u00e1 que os custos dos comerciantes com as taxas dos cart\u00f5es ser\u00e3o menores.<\/p>\n\n\n\n<p><\/p>\n","protected":false},"excerpt":{"rendered":"<p>Nos \u00faltimos dias, o presidente Luiz In\u00e1cio Lula da Silva (PT) assinou um decreto que altera as regras do Programa de Alimenta\u00e7\u00e3o do Trabalhador (PAT), impactando diretamente o setor de cart\u00f5es de ticket refei\u00e7\u00e3o e alimenta\u00e7\u00e3o. A medida foi apresentada pelo governo como uma forma de reduzir custos para bares, restaurantes e supermercados, o que, [&hellip;]<\/p>\n","protected":false},"author":5,"featured_media":4022,"comment_status":"open","ping_status":"open","sticky":false,"template":"","format":"standard","meta":{"jnews-multi-image_gallery":[],"jnews_single_post":{"format":"standard"},"jnews_primary_category":[],"jnews_social_meta":[],"jnews_post_split":[],"footnotes":""},"categories":[1],"tags":[],"class_list":["post-4021","post","type-post","status-publish","format-standard","has-post-thumbnail","hentry","category-dinheiro"],"yoast_head":"<!-- This site is optimized with the Yoast SEO plugin v25.6 - https:\/\/yoast.com\/wordpress\/plugins\/seo\/ -->\n<title>Por que empresas de ticket alimenta\u00e7\u00e3o n\u00e3o gostaram da decis\u00e3o de Lula?<\/title>\n<meta name=\"description\" content=\"Nos \u00faltimos dias, o presidente Luiz In\u00e1cio Lula da Silva (PT) assinou decreto que altera as regras do setor de ticket refei\u00e7\u00e3o e alimenta\u00e7\u00e3o.\" \/>\n<meta name=\"robots\" content=\"index, follow, max-snippet:-1, max-image-preview:large, max-video-preview:-1\" \/>\n<link rel=\"canonical\" href=\"https:\/\/tribunademinas.audiencelabs.com.br\/por-que-empresas-de-ticket-alimentacao-nao-gostaram-da-decisao-de-lula\/\" \/>\n<meta property=\"og:locale\" content=\"pt_BR\" \/>\n<meta property=\"og:type\" content=\"article\" \/>\n<meta property=\"og:title\" content=\"Por que empresas de ticket alimenta\u00e7\u00e3o n\u00e3o gostaram da decis\u00e3o de Lula?\" \/>\n<meta property=\"og:description\" content=\"Nos \u00faltimos dias, o presidente Luiz In\u00e1cio Lula da Silva (PT) assinou decreto que altera as regras do setor de ticket refei\u00e7\u00e3o e alimenta\u00e7\u00e3o.\" \/>\n<meta property=\"og:url\" content=\"https:\/\/tribunademinas.audiencelabs.com.br\/por-que-empresas-de-ticket-alimentacao-nao-gostaram-da-decisao-de-lula\/\" \/>\n<meta property=\"og:site_name\" content=\"Tribuna de Minas - Dinheiro e Cidadania\" \/>\n<meta property=\"article:publisher\" content=\"https:\/\/www.facebook.com\/tribunademinas\/\" \/>\n<meta property=\"article:published_time\" content=\"2025-11-14T09:45:00+00:00\" \/>\n<meta property=\"og:image\" content=\"https:\/\/tribunademinas.audiencelabs.com.br\/wp-content\/uploads\/2025\/11\/alimentacao.webp\" \/>\n\t<meta property=\"og:image:width\" content=\"1170\" \/>\n\t<meta property=\"og:image:height\" content=\"700\" \/>\n\t<meta property=\"og:image:type\" content=\"image\/webp\" \/>\n<meta name=\"author\" content=\"Jeferson Carvalho\" \/>\n<meta name=\"twitter:card\" content=\"summary_large_image\" \/>\n<meta name=\"twitter:creator\" content=\"@tribunademinas\" \/>\n<meta name=\"twitter:site\" content=\"@tribunademinas\" \/>\n<meta name=\"twitter:label1\" content=\"Escrito por\" \/>\n\t<meta name=\"twitter:data1\" content=\"Jeferson Carvalho\" \/>\n\t<meta name=\"twitter:label2\" content=\"Est. tempo de leitura\" \/>\n\t<meta name=\"twitter:data2\" content=\"4 minutos\" \/>\n<!-- \/ Yoast SEO plugin. -->","yoast_head_json":{"title":"Por que empresas de ticket alimenta\u00e7\u00e3o n\u00e3o gostaram da decis\u00e3o de Lula?","description":"Nos \u00faltimos dias, o presidente Luiz In\u00e1cio Lula da Silva (PT) assinou decreto que altera as regras do setor de ticket refei\u00e7\u00e3o e alimenta\u00e7\u00e3o.","robots":{"index":"index","follow":"follow","max-snippet":"max-snippet:-1","max-image-preview":"max-image-preview:large","max-video-preview":"max-video-preview:-1"},"canonical":"https:\/\/tribunademinas.audiencelabs.com.br\/por-que-empresas-de-ticket-alimentacao-nao-gostaram-da-decisao-de-lula\/","og_locale":"pt_BR","og_type":"article","og_title":"Por que empresas de ticket alimenta\u00e7\u00e3o n\u00e3o gostaram da decis\u00e3o de Lula?","og_description":"Nos \u00faltimos dias, o presidente Luiz In\u00e1cio Lula da Silva (PT) assinou decreto que altera as regras do setor de ticket refei\u00e7\u00e3o e alimenta\u00e7\u00e3o.","og_url":"https:\/\/tribunademinas.audiencelabs.com.br\/por-que-empresas-de-ticket-alimentacao-nao-gostaram-da-decisao-de-lula\/","og_site_name":"Tribuna de Minas - Dinheiro e Cidadania","article_publisher":"https:\/\/www.facebook.com\/tribunademinas\/","article_published_time":"2025-11-14T09:45:00+00:00","og_image":[{"width":1170,"height":700,"url":"https:\/\/tribunademinas.audiencelabs.com.br\/wp-content\/uploads\/2025\/11\/alimentacao.webp","type":"image\/webp"}],"author":"Jeferson Carvalho","twitter_card":"summary_large_image","twitter_creator":"@tribunademinas","twitter_site":"@tribunademinas","twitter_misc":{"Escrito por":"Jeferson Carvalho","Est. tempo de leitura":"4 minutos"},"schema":{"@context":"https:\/\/schema.org","@graph":[{"@type":"Article","@id":"https:\/\/tribunademinas.audiencelabs.com.br\/por-que-empresas-de-ticket-alimentacao-nao-gostaram-da-decisao-de-lula\/#article","isPartOf":{"@id":"https:\/\/tribunademinas.audiencelabs.com.br\/por-que-empresas-de-ticket-alimentacao-nao-gostaram-da-decisao-de-lula\/"},"author":{"name":"Jeferson Carvalho","@id":"https:\/\/tribunademinas.audiencelabs.com.br\/#\/schema\/person\/db18fc40307804bacef94213aa68fd9d"},"headline":"Por que empresas de ticket alimenta\u00e7\u00e3o n\u00e3o gostaram da decis\u00e3o de Lula?","datePublished":"2025-11-14T09:45:00+00:00","mainEntityOfPage":{"@id":"https:\/\/tribunademinas.audiencelabs.com.br\/por-que-empresas-de-ticket-alimentacao-nao-gostaram-da-decisao-de-lula\/"},"wordCount":694,"commentCount":0,"publisher":{"@id":"https:\/\/tribunademinas.audiencelabs.com.br\/#organization"},"image":{"@id":"https:\/\/tribunademinas.audiencelabs.com.br\/por-que-empresas-de-ticket-alimentacao-nao-gostaram-da-decisao-de-lula\/#primaryimage"},"thumbnailUrl":"https:\/\/tribunademinas.audiencelabs.com.br\/wp-content\/uploads\/2025\/11\/alimentacao.webp","articleSection":["Dinheiro"],"inLanguage":"pt-BR","potentialAction":[{"@type":"CommentAction","name":"Comment","target":["https:\/\/tribunademinas.audiencelabs.com.br\/por-que-empresas-de-ticket-alimentacao-nao-gostaram-da-decisao-de-lula\/#respond"]}]},{"@type":"WebPage","@id":"https:\/\/tribunademinas.audiencelabs.com.br\/por-que-empresas-de-ticket-alimentacao-nao-gostaram-da-decisao-de-lula\/","url":"https:\/\/tribunademinas.audiencelabs.com.br\/por-que-empresas-de-ticket-alimentacao-nao-gostaram-da-decisao-de-lula\/","name":"Por que empresas de ticket alimenta\u00e7\u00e3o n\u00e3o gostaram da decis\u00e3o de Lula?","isPartOf":{"@id":"https:\/\/tribunademinas.audiencelabs.com.br\/#website"},"primaryImageOfPage":{"@id":"https:\/\/tribunademinas.audiencelabs.com.br\/por-que-empresas-de-ticket-alimentacao-nao-gostaram-da-decisao-de-lula\/#primaryimage"},"image":{"@id":"https:\/\/tribunademinas.audiencelabs.com.br\/por-que-empresas-de-ticket-alimentacao-nao-gostaram-da-decisao-de-lula\/#primaryimage"},"thumbnailUrl":"https:\/\/tribunademinas.audiencelabs.com.br\/wp-content\/uploads\/2025\/11\/alimentacao.webp","datePublished":"2025-11-14T09:45:00+00:00","description":"Nos \u00faltimos dias, o presidente Luiz In\u00e1cio Lula da Silva (PT) assinou decreto que altera as regras do setor de ticket refei\u00e7\u00e3o e alimenta\u00e7\u00e3o.","breadcrumb":{"@id":"https:\/\/tribunademinas.audiencelabs.com.br\/por-que-empresas-de-ticket-alimentacao-nao-gostaram-da-decisao-de-lula\/#breadcrumb"},"inLanguage":"pt-BR","potentialAction":[{"@type":"ReadAction","target":["https:\/\/tribunademinas.audiencelabs.com.br\/por-que-empresas-de-ticket-alimentacao-nao-gostaram-da-decisao-de-lula\/"]}]},{"@type":"ImageObject","inLanguage":"pt-BR","@id":"https:\/\/tribunademinas.audiencelabs.com.br\/por-que-empresas-de-ticket-alimentacao-nao-gostaram-da-decisao-de-lula\/#primaryimage","url":"https:\/\/tribunademinas.audiencelabs.com.br\/wp-content\/uploads\/2025\/11\/alimentacao.webp","contentUrl":"https:\/\/tribunademinas.audiencelabs.com.br\/wp-content\/uploads\/2025\/11\/alimentacao.webp","width":1170,"height":700,"caption":"Por que empresas de ticket alimenta\u00e7\u00e3o n\u00e3o gostaram da decis\u00e3o de Lula? - Imagem: Fernando Fraz\u00e3o\/Ag\u00eancia Brasil"},{"@type":"BreadcrumbList","@id":"https:\/\/tribunademinas.audiencelabs.com.br\/por-que-empresas-de-ticket-alimentacao-nao-gostaram-da-decisao-de-lula\/#breadcrumb","itemListElement":[{"@type":"ListItem","position":1,"name":"In\u00edcio","item":"https:\/\/tribunademinas.audiencelabs.com.br\/"},{"@type":"ListItem","position":2,"name":"Por que empresas de ticket alimenta\u00e7\u00e3o n\u00e3o gostaram da decis\u00e3o de Lula?"}]},{"@type":"WebSite","@id":"https:\/\/tribunademinas.audiencelabs.com.br\/#website","url":"https:\/\/tribunademinas.audiencelabs.com.br\/","name":"Tribuna de Minas - Dinheiro e Cidadania","description":"","publisher":{"@id":"https:\/\/tribunademinas.audiencelabs.com.br\/#organization"},"potentialAction":[{"@type":"SearchAction","target":{"@type":"EntryPoint","urlTemplate":"https:\/\/tribunademinas.audiencelabs.com.br\/?s={search_term_string}"},"query-input":{"@type":"PropertyValueSpecification","valueRequired":true,"valueName":"search_term_string"}}],"inLanguage":"pt-BR"},{"@type":"Organization","@id":"https:\/\/tribunademinas.audiencelabs.com.br\/#organization","name":"Tribuna de Minas - Dinheiro e Cidadania","url":"https:\/\/tribunademinas.audiencelabs.com.br\/","logo":{"@type":"ImageObject","inLanguage":"pt-BR","@id":"https:\/\/tribunademinas.audiencelabs.com.br\/#\/schema\/logo\/image\/","url":"https:\/\/tribunademinas.audiencelabs.com.br\/wp-content\/uploads\/2025\/08\/cropped-Tribuna_512x512-96x96-1.png","contentUrl":"https:\/\/tribunademinas.audiencelabs.com.br\/wp-content\/uploads\/2025\/08\/cropped-Tribuna_512x512-96x96-1.png","width":96,"height":96,"caption":"Tribuna de Minas - Dinheiro e Cidadania"},"image":{"@id":"https:\/\/tribunademinas.audiencelabs.com.br\/#\/schema\/logo\/image\/"},"sameAs":["https:\/\/www.facebook.com\/tribunademinas\/","https:\/\/x.com\/tribunademinas","https:\/\/www.instagram.com\/tribunademinas\/","https:\/\/www.youtube.com\/user\/TribunadeMinasJF"]},{"@type":"Person","@id":"https:\/\/tribunademinas.audiencelabs.com.br\/#\/schema\/person\/db18fc40307804bacef94213aa68fd9d","name":"Jeferson Carvalho","image":{"@type":"ImageObject","inLanguage":"pt-BR","@id":"https:\/\/tribunademinas.audiencelabs.com.br\/#\/schema\/person\/image\/","url":"https:\/\/secure.gravatar.com\/avatar\/cd7646e328d9670dad7dea8698522e522745eeffcff5b9d08be858e377ce326b?s=96&d=mm&r=g","contentUrl":"https:\/\/secure.gravatar.com\/avatar\/cd7646e328d9670dad7dea8698522e522745eeffcff5b9d08be858e377ce326b?s=96&d=mm&r=g","caption":"Jeferson Carvalho"},"description":"Jornalista apaixonado pela profiss\u00e3o!","url":"https:\/\/tribunademinas.audiencelabs.com.br\/author\/jeferson\/"}]}},"amp_enabled":true,"_links":{"self":[{"href":"https:\/\/tribunademinas.audiencelabs.com.br\/wp-json\/wp\/v2\/posts\/4021","targetHints":{"allow":["GET"]}}],"collection":[{"href":"https:\/\/tribunademinas.audiencelabs.com.br\/wp-json\/wp\/v2\/posts"}],"about":[{"href":"https:\/\/tribunademinas.audiencelabs.com.br\/wp-json\/wp\/v2\/types\/post"}],"author":[{"embeddable":true,"href":"https:\/\/tribunademinas.audiencelabs.com.br\/wp-json\/wp\/v2\/users\/5"}],"replies":[{"embeddable":true,"href":"https:\/\/tribunademinas.audiencelabs.com.br\/wp-json\/wp\/v2\/comments?post=4021"}],"version-history":[{"count":2,"href":"https:\/\/tribunademinas.audiencelabs.com.br\/wp-json\/wp\/v2\/posts\/4021\/revisions"}],"predecessor-version":[{"id":4026,"href":"https:\/\/tribunademinas.audiencelabs.com.br\/wp-json\/wp\/v2\/posts\/4021\/revisions\/4026"}],"wp:featuredmedia":[{"embeddable":true,"href":"https:\/\/tribunademinas.audiencelabs.com.br\/wp-json\/wp\/v2\/media\/4022"}],"wp:attachment":[{"href":"https:\/\/tribunademinas.audiencelabs.com.br\/wp-json\/wp\/v2\/media?parent=4021"}],"wp:term":[{"taxonomy":"category","embeddable":true,"href":"https:\/\/tribunademinas.audiencelabs.com.br\/wp-json\/wp\/v2\/categories?post=4021"},{"taxonomy":"post_tag","embeddable":true,"href":"https:\/\/tribunademinas.audiencelabs.com.br\/wp-json\/wp\/v2\/tags?post=4021"}],"curies":[{"name":"wp","href":"https:\/\/api.w.org\/{rel}","templated":true}]}}