{"id":4000,"date":"2025-11-14T14:00:00","date_gmt":"2025-11-14T17:00:00","guid":{"rendered":"https:\/\/tribunademinas.audiencelabs.com.br\/?p=4000"},"modified":"2025-11-14T11:59:04","modified_gmt":"2025-11-14T14:59:04","slug":"nova-regra-do-pis-pasep-sera-implementada-para-beneficiarios","status":"publish","type":"post","link":"https:\/\/tribunademinas.audiencelabs.com.br\/nova-regra-do-pis-pasep-sera-implementada-para-beneficiarios\/","title":{"rendered":"Nova regra do PIS\/PASEP ser\u00e1 implementada para benefici\u00e1rios"},"content":{"rendered":"\n<p>Nova regra do PIS\/PASEP? A partir do pr\u00f3ximo m\u00eas, o Minist\u00e9rio do Trabalho e Emprego (MTE) deve se reunir com o Conselho Deliberativo do Fundo de Amparo ao Trabalhador (Codefat) para definir o calend\u00e1rio de pagamentos <strong>do abono salarial de 2026<\/strong>.<\/p>\n\n\n\n<p>O valor, que \u00e9 financiado pelo&nbsp;<strong>Programa de Integra\u00e7\u00e3o Social (PIS)<\/strong>&nbsp;e&nbsp;o <strong>Patrim\u00f4nio do Servidor P\u00fablico (Pasep)<\/strong>, corresponder\u00e1 ao ano-base de 2024, considerando que ele est\u00e1 alinhado ao ritmo que se tornou padr\u00e3o desde a pandemia.<\/p>\n\n\n\n<p>E \u00e9 importante destacar que o pagamento passar\u00e1 por uma grande mudan\u00e7a, j\u00e1 que no final do ano passado, o governo Lula aprovou uma Proposta de Emenda \u00e0 Constitui\u00e7\u00e3o (PEC) que <strong>afeta o valor utilizado como crit\u00e9rio de acesso<\/strong> como parte de um pacote fiscal.<\/p>\n\n\n\n<p>Por conta do instrumento legislativo, o valor <strong>passar\u00e1 a ser anualmente corrigido pela infla\u00e7\u00e3o<\/strong>, tornando-se permanente quando corresponder a <strong>um sal\u00e1rio m\u00ednimo e meio<\/strong>, o que est\u00e1 previsto para ocorrer por volta de 2035.<\/p>\n\n\n\n<p>At\u00e9 o momento, n\u00e3o foi confirmado qual ser\u00e1 o crit\u00e9rio de renda para ter direito ao PIS\/Pasep em 2026. Contudo, de acordo com o jornal <em>O Globo<\/em>, ao considerar o valor de dois sal\u00e1rios m\u00ednimos de 2023, a infla\u00e7\u00e3o de 2024 e a previs\u00e3o de infla\u00e7\u00e3o para 2025, o teto deve ficar <strong>em torno de R$ 2.900<\/strong>.<\/p>\n\n\n\n<h2 class=\"wp-block-heading\">Valor do PIS\/Pasep em 2026: mudan\u00e7as afetaram montante?<\/h2>\n\n\n\n<p>Apesar de ter causado uma altera\u00e7\u00e3o significativa nas regras do PIS\/Pasep, a PEC <strong>n\u00e3o alterou os&nbsp;<strong>valores a serem recebidos<\/strong><\/strong> pelos trabalhadores. Logo, o valor do sal\u00e1rio m\u00ednimo continuar\u00e1 servindo de refer\u00eancia.<\/p>\n\n\n\n<p>A grande diferen\u00e7a est\u00e1 no valor a ser recebido, considerando que, a partir do pr\u00f3ximo ano, o novo piso nacional <strong>pode chegar a R$ 1.631<\/strong>, sendo este o valor m\u00e1ximo a ser pago pelo abono em 2026.<\/p>\n\n\n\n<p>\u00c9 importante lembrar que o total a ser recebido \u00e9 definido pela quantidade de meses trabalhados no ano-base. Portanto, somente quem trabalhou por pelo menos 12 meses em 2024 ter\u00e1 direito ao valor total.<\/p>\n","protected":false},"excerpt":{"rendered":"<p>Nova regra do PIS\/PASEP? A partir do pr\u00f3ximo m\u00eas, o Minist\u00e9rio do Trabalho e Emprego (MTE) deve se reunir com o Conselho Deliberativo do Fundo de Amparo ao Trabalhador (Codefat) para definir o calend\u00e1rio de pagamentos do abono salarial de 2026. O valor, que \u00e9 financiado pelo&nbsp;Programa de Integra\u00e7\u00e3o Social (PIS)&nbsp;e&nbsp;o Patrim\u00f4nio do Servidor P\u00fablico [&hellip;]<\/p>\n","protected":false},"author":3,"featured_media":4001,"comment_status":"open","ping_status":"open","sticky":false,"template":"","format":"standard","meta":{"jnews-multi-image_gallery":[],"jnews_single_post":{"format":"standard"},"jnews_primary_category":[],"jnews_social_meta":[],"jnews_post_split":[],"footnotes":""},"categories":[1],"tags":[],"class_list":["post-4000","post","type-post","status-publish","format-standard","has-post-thumbnail","hentry","category-dinheiro"],"yoast_head":"<!-- This site is optimized with the Yoast SEO plugin v25.6 - https:\/\/yoast.com\/wordpress\/plugins\/seo\/ -->\n<title>Nova regra do PIS\/PASEP ser\u00e1 implementada para benefici\u00e1rios<\/title>\n<meta name=\"description\" content=\"Nova regra do PIS\/PASEP? A partir do pr\u00f3ximo m\u00eas, o Minist\u00e9rio do Trabalho e Emprego (MTE) deve surgir com defini\u00e7\u00f5es.\" \/>\n<meta name=\"robots\" content=\"index, follow, max-snippet:-1, max-image-preview:large, max-video-preview:-1\" \/>\n<link rel=\"canonical\" href=\"https:\/\/tribunademinas.audiencelabs.com.br\/nova-regra-do-pis-pasep-sera-implementada-para-beneficiarios\/\" \/>\n<meta property=\"og:locale\" content=\"pt_BR\" \/>\n<meta property=\"og:type\" content=\"article\" \/>\n<meta property=\"og:title\" content=\"Nova regra do PIS\/PASEP ser\u00e1 implementada para benefici\u00e1rios\" \/>\n<meta property=\"og:description\" content=\"Nova regra do PIS\/PASEP? A partir do pr\u00f3ximo m\u00eas, o Minist\u00e9rio do Trabalho e Emprego (MTE) deve surgir com defini\u00e7\u00f5es.\" \/>\n<meta property=\"og:url\" content=\"https:\/\/tribunademinas.audiencelabs.com.br\/nova-regra-do-pis-pasep-sera-implementada-para-beneficiarios\/\" \/>\n<meta property=\"og:site_name\" content=\"Tribuna de Minas - Dinheiro e Cidadania\" \/>\n<meta property=\"article:publisher\" content=\"https:\/\/www.facebook.com\/tribunademinas\/\" \/>\n<meta property=\"article:published_time\" content=\"2025-11-14T17:00:00+00:00\" \/>\n<meta property=\"og:image\" content=\"https:\/\/tribunademinas.audiencelabs.com.br\/wp-content\/uploads\/2025\/11\/nova-regra-pis-pasep-implementada-beneficiarios.jpg\" \/>\n\t<meta property=\"og:image:width\" content=\"1920\" \/>\n\t<meta property=\"og:image:height\" content=\"1080\" \/>\n\t<meta property=\"og:image:type\" content=\"image\/jpeg\" \/>\n<meta name=\"author\" content=\"Jo\u00e3o Carlos Gomes\" \/>\n<meta name=\"twitter:card\" content=\"summary_large_image\" \/>\n<meta name=\"twitter:creator\" content=\"@tribunademinas\" \/>\n<meta name=\"twitter:site\" content=\"@tribunademinas\" \/>\n<meta name=\"twitter:label1\" content=\"Escrito por\" \/>\n\t<meta name=\"twitter:data1\" content=\"Jo\u00e3o Carlos Gomes\" \/>\n\t<meta name=\"twitter:label2\" content=\"Est. tempo de leitura\" \/>\n\t<meta name=\"twitter:data2\" content=\"2 minutos\" \/>\n<!-- \/ Yoast SEO plugin. -->","yoast_head_json":{"title":"Nova regra do PIS\/PASEP ser\u00e1 implementada para benefici\u00e1rios","description":"Nova regra do PIS\/PASEP? A partir do pr\u00f3ximo m\u00eas, o Minist\u00e9rio do Trabalho e Emprego (MTE) deve surgir com defini\u00e7\u00f5es.","robots":{"index":"index","follow":"follow","max-snippet":"max-snippet:-1","max-image-preview":"max-image-preview:large","max-video-preview":"max-video-preview:-1"},"canonical":"https:\/\/tribunademinas.audiencelabs.com.br\/nova-regra-do-pis-pasep-sera-implementada-para-beneficiarios\/","og_locale":"pt_BR","og_type":"article","og_title":"Nova regra do PIS\/PASEP ser\u00e1 implementada para benefici\u00e1rios","og_description":"Nova regra do PIS\/PASEP? A partir do pr\u00f3ximo m\u00eas, o Minist\u00e9rio do Trabalho e Emprego (MTE) deve surgir com defini\u00e7\u00f5es.","og_url":"https:\/\/tribunademinas.audiencelabs.com.br\/nova-regra-do-pis-pasep-sera-implementada-para-beneficiarios\/","og_site_name":"Tribuna de Minas - Dinheiro e Cidadania","article_publisher":"https:\/\/www.facebook.com\/tribunademinas\/","article_published_time":"2025-11-14T17:00:00+00:00","og_image":[{"width":1920,"height":1080,"url":"https:\/\/tribunademinas.audiencelabs.com.br\/wp-content\/uploads\/2025\/11\/nova-regra-pis-pasep-implementada-beneficiarios.jpg","type":"image\/jpeg"}],"author":"Jo\u00e3o Carlos Gomes","twitter_card":"summary_large_image","twitter_creator":"@tribunademinas","twitter_site":"@tribunademinas","twitter_misc":{"Escrito por":"Jo\u00e3o Carlos Gomes","Est. tempo de leitura":"2 minutos"},"schema":{"@context":"https:\/\/schema.org","@graph":[{"@type":"Article","@id":"https:\/\/tribunademinas.audiencelabs.com.br\/nova-regra-do-pis-pasep-sera-implementada-para-beneficiarios\/#article","isPartOf":{"@id":"https:\/\/tribunademinas.audiencelabs.com.br\/nova-regra-do-pis-pasep-sera-implementada-para-beneficiarios\/"},"author":{"name":"Jo\u00e3o Carlos Gomes","@id":"https:\/\/tribunademinas.audiencelabs.com.br\/#\/schema\/person\/37af466a64a722fadb8ef6841c52114f"},"headline":"Nova regra do PIS\/PASEP ser\u00e1 implementada para benefici\u00e1rios","datePublished":"2025-11-14T17:00:00+00:00","mainEntityOfPage":{"@id":"https:\/\/tribunademinas.audiencelabs.com.br\/nova-regra-do-pis-pasep-sera-implementada-para-beneficiarios\/"},"wordCount":355,"commentCount":0,"publisher":{"@id":"https:\/\/tribunademinas.audiencelabs.com.br\/#organization"},"image":{"@id":"https:\/\/tribunademinas.audiencelabs.com.br\/nova-regra-do-pis-pasep-sera-implementada-para-beneficiarios\/#primaryimage"},"thumbnailUrl":"https:\/\/tribunademinas.audiencelabs.com.br\/wp-content\/uploads\/2025\/11\/nova-regra-pis-pasep-implementada-beneficiarios.jpg","articleSection":["Dinheiro"],"inLanguage":"pt-BR","potentialAction":[{"@type":"CommentAction","name":"Comment","target":["https:\/\/tribunademinas.audiencelabs.com.br\/nova-regra-do-pis-pasep-sera-implementada-para-beneficiarios\/#respond"]}]},{"@type":"WebPage","@id":"https:\/\/tribunademinas.audiencelabs.com.br\/nova-regra-do-pis-pasep-sera-implementada-para-beneficiarios\/","url":"https:\/\/tribunademinas.audiencelabs.com.br\/nova-regra-do-pis-pasep-sera-implementada-para-beneficiarios\/","name":"Nova regra do PIS\/PASEP ser\u00e1 implementada para benefici\u00e1rios","isPartOf":{"@id":"https:\/\/tribunademinas.audiencelabs.com.br\/#website"},"primaryImageOfPage":{"@id":"https:\/\/tribunademinas.audiencelabs.com.br\/nova-regra-do-pis-pasep-sera-implementada-para-beneficiarios\/#primaryimage"},"image":{"@id":"https:\/\/tribunademinas.audiencelabs.com.br\/nova-regra-do-pis-pasep-sera-implementada-para-beneficiarios\/#primaryimage"},"thumbnailUrl":"https:\/\/tribunademinas.audiencelabs.com.br\/wp-content\/uploads\/2025\/11\/nova-regra-pis-pasep-implementada-beneficiarios.jpg","datePublished":"2025-11-14T17:00:00+00:00","description":"Nova regra do PIS\/PASEP? A partir do pr\u00f3ximo m\u00eas, o Minist\u00e9rio do Trabalho e Emprego (MTE) deve surgir com defini\u00e7\u00f5es.","breadcrumb":{"@id":"https:\/\/tribunademinas.audiencelabs.com.br\/nova-regra-do-pis-pasep-sera-implementada-para-beneficiarios\/#breadcrumb"},"inLanguage":"pt-BR","potentialAction":[{"@type":"ReadAction","target":["https:\/\/tribunademinas.audiencelabs.com.br\/nova-regra-do-pis-pasep-sera-implementada-para-beneficiarios\/"]}]},{"@type":"ImageObject","inLanguage":"pt-BR","@id":"https:\/\/tribunademinas.audiencelabs.com.br\/nova-regra-do-pis-pasep-sera-implementada-para-beneficiarios\/#primaryimage","url":"https:\/\/tribunademinas.audiencelabs.com.br\/wp-content\/uploads\/2025\/11\/nova-regra-pis-pasep-implementada-beneficiarios.jpg","contentUrl":"https:\/\/tribunademinas.audiencelabs.com.br\/wp-content\/uploads\/2025\/11\/nova-regra-pis-pasep-implementada-beneficiarios.jpg","width":1920,"height":1080,"caption":"Foto: Ali Mkumbwa\/Unsplash"},{"@type":"BreadcrumbList","@id":"https:\/\/tribunademinas.audiencelabs.com.br\/nova-regra-do-pis-pasep-sera-implementada-para-beneficiarios\/#breadcrumb","itemListElement":[{"@type":"ListItem","position":1,"name":"In\u00edcio","item":"https:\/\/tribunademinas.audiencelabs.com.br\/"},{"@type":"ListItem","position":2,"name":"Nova regra do PIS\/PASEP ser\u00e1 implementada para benefici\u00e1rios"}]},{"@type":"WebSite","@id":"https:\/\/tribunademinas.audiencelabs.com.br\/#website","url":"https:\/\/tribunademinas.audiencelabs.com.br\/","name":"Tribuna de Minas - Dinheiro e Cidadania","description":"","publisher":{"@id":"https:\/\/tribunademinas.audiencelabs.com.br\/#organization"},"potentialAction":[{"@type":"SearchAction","target":{"@type":"EntryPoint","urlTemplate":"https:\/\/tribunademinas.audiencelabs.com.br\/?s={search_term_string}"},"query-input":{"@type":"PropertyValueSpecification","valueRequired":true,"valueName":"search_term_string"}}],"inLanguage":"pt-BR"},{"@type":"Organization","@id":"https:\/\/tribunademinas.audiencelabs.com.br\/#organization","name":"Tribuna de Minas - Dinheiro e Cidadania","url":"https:\/\/tribunademinas.audiencelabs.com.br\/","logo":{"@type":"ImageObject","inLanguage":"pt-BR","@id":"https:\/\/tribunademinas.audiencelabs.com.br\/#\/schema\/logo\/image\/","url":"https:\/\/tribunademinas.audiencelabs.com.br\/wp-content\/uploads\/2025\/08\/cropped-Tribuna_512x512-96x96-1.png","contentUrl":"https:\/\/tribunademinas.audiencelabs.com.br\/wp-content\/uploads\/2025\/08\/cropped-Tribuna_512x512-96x96-1.png","width":96,"height":96,"caption":"Tribuna de Minas - Dinheiro e Cidadania"},"image":{"@id":"https:\/\/tribunademinas.audiencelabs.com.br\/#\/schema\/logo\/image\/"},"sameAs":["https:\/\/www.facebook.com\/tribunademinas\/","https:\/\/x.com\/tribunademinas","https:\/\/www.instagram.com\/tribunademinas\/","https:\/\/www.youtube.com\/user\/TribunadeMinasJF"]},{"@type":"Person","@id":"https:\/\/tribunademinas.audiencelabs.com.br\/#\/schema\/person\/37af466a64a722fadb8ef6841c52114f","name":"Jo\u00e3o Carlos Gomes","image":{"@type":"ImageObject","inLanguage":"pt-BR","@id":"https:\/\/tribunademinas.audiencelabs.com.br\/#\/schema\/person\/image\/","url":"https:\/\/secure.gravatar.com\/avatar\/4ce4672dbdd694b329cd6fdb51bee7d1409be1f0ff76a537e4c4a737b2c7d1a9?s=96&d=mm&r=g","contentUrl":"https:\/\/secure.gravatar.com\/avatar\/4ce4672dbdd694b329cd6fdb51bee7d1409be1f0ff76a537e4c4a737b2c7d1a9?s=96&d=mm&r=g","caption":"Jo\u00e3o Carlos Gomes"},"description":"Jornalista formado pelo Centro Universit\u00e1rio Carioca, apreciador da Bossa Nova ao Metal Extremo, criador de conte\u00fado e m\u00fasico independente nas horas vagas.","url":"https:\/\/tribunademinas.audiencelabs.com.br\/author\/joaoc-junior\/"}]}},"amp_enabled":true,"_links":{"self":[{"href":"https:\/\/tribunademinas.audiencelabs.com.br\/wp-json\/wp\/v2\/posts\/4000","targetHints":{"allow":["GET"]}}],"collection":[{"href":"https:\/\/tribunademinas.audiencelabs.com.br\/wp-json\/wp\/v2\/posts"}],"about":[{"href":"https:\/\/tribunademinas.audiencelabs.com.br\/wp-json\/wp\/v2\/types\/post"}],"author":[{"embeddable":true,"href":"https:\/\/tribunademinas.audiencelabs.com.br\/wp-json\/wp\/v2\/users\/3"}],"replies":[{"embeddable":true,"href":"https:\/\/tribunademinas.audiencelabs.com.br\/wp-json\/wp\/v2\/comments?post=4000"}],"version-history":[{"count":2,"href":"https:\/\/tribunademinas.audiencelabs.com.br\/wp-json\/wp\/v2\/posts\/4000\/revisions"}],"predecessor-version":[{"id":4064,"href":"https:\/\/tribunademinas.audiencelabs.com.br\/wp-json\/wp\/v2\/posts\/4000\/revisions\/4064"}],"wp:featuredmedia":[{"embeddable":true,"href":"https:\/\/tribunademinas.audiencelabs.com.br\/wp-json\/wp\/v2\/media\/4001"}],"wp:attachment":[{"href":"https:\/\/tribunademinas.audiencelabs.com.br\/wp-json\/wp\/v2\/media?parent=4000"}],"wp:term":[{"taxonomy":"category","embeddable":true,"href":"https:\/\/tribunademinas.audiencelabs.com.br\/wp-json\/wp\/v2\/categories?post=4000"},{"taxonomy":"post_tag","embeddable":true,"href":"https:\/\/tribunademinas.audiencelabs.com.br\/wp-json\/wp\/v2\/tags?post=4000"}],"curies":[{"name":"wp","href":"https:\/\/api.w.org\/{rel}","templated":true}]}}