{"id":3968,"date":"2025-11-15T19:45:00","date_gmt":"2025-11-15T22:45:00","guid":{"rendered":"https:\/\/tribunademinas.audiencelabs.com.br\/?p=3968"},"modified":"2025-11-12T18:44:56","modified_gmt":"2025-11-12T21:44:56","slug":"reforma-tributaria-avanca-mas-empresas-permanecem-despreparadas","status":"publish","type":"post","link":"https:\/\/tribunademinas.audiencelabs.com.br\/reforma-tributaria-avanca-mas-empresas-permanecem-despreparadas\/","title":{"rendered":"Reforma tribut\u00e1ria avan\u00e7a, mas empresas permanecem despreparadas"},"content":{"rendered":"\n<p>Um estudo divulgado recentemente acendeu o alerta no setor empresarial brasileiro: a maioria das companhias de m\u00e9dio e grande porte ainda n\u00e3o est\u00e1 pronta para enfrentar as mudan\u00e7as trazidas pela reforma tribut\u00e1ria, cujas primeiras exig\u00eancias pr\u00e1ticas entram em vigor j\u00e1 em janeiro. <\/p>\n\n\n\n<p>A poucos dias do fim do ano, a preocupa\u00e7\u00e3o \u00e9 ainda maior porque muitas dessas empresas sequer reservaram recursos em seus or\u00e7amentos de 2025 para lidar com a adapta\u00e7\u00e3o. <\/p>\n\n\n\n<p>Com o tempo se esgotando, \u00e9 prov\u00e1vel que ocorra uma corrida de \u00faltima hora em dezembro, com empresas tentando ajustar sistemas e processos para evitar transtornos operacionais.<\/p>\n\n\n\n<h2 class=\"wp-block-heading\">Reforma tribut\u00e1ria avan\u00e7a, mas empresas permanecem despreparadas<\/h2>\n\n\n\n<p>A reforma tribut\u00e1ria, aprovada no Congresso em 2023 e parcialmente regulamentada neste ano, tem como principal objetivo simplificar o sistema de impostos sobre o consumo no Brasil.<\/p>\n\n\n\n<p>Na pr\u00e1tica, ela substitui tributos como PIS, Cofins, ICMS e ISS por dois novos: a Contribui\u00e7\u00e3o sobre Bens e Servi\u00e7os (CBS), de compet\u00eancia federal, e o Imposto sobre Bens e Servi\u00e7os (IBS), gerido por estados e munic\u00edpios. <\/p>\n\n\n\n<p>O <a href=\"https:\/\/tribunademinas.com.br\/colunas\/dinheiroecidadania\/cada-imovel-tera-cpf-e-transacoes-serao-rastreadas-pela-receita\/\"><strong>novo modelo<\/strong><\/a> entrar\u00e1 em vigor de maneira gradual, come\u00e7ando em 2026 com al\u00edquotas testes, e se estender\u00e1 at\u00e9 2033. <\/p>\n\n\n\n<p>No entanto, as obriga\u00e7\u00f5es acess\u00f3rias, como mudan\u00e7as na emiss\u00e3o e no recebimento de notas fiscais, j\u00e1 come\u00e7am a valer em menos de dois meses, a partir de 1\u00ba de janeiro de 2026, exigindo prepara\u00e7\u00e3o antecipada das empresas.<\/p>\n\n\n\n<p>A transi\u00e7\u00e3o exigir\u00e1 profundas altera\u00e7\u00f5es nos processos fiscais e cont\u00e1beis. Notas fiscais, por exemplo, passar\u00e3o a conter centenas de novos campos. <\/p>\n\n\n\n<p>Isso afetar\u00e1 tanto a emiss\u00e3o quanto o recebimento e a confer\u00eancia desses documentos. Empresas que n\u00e3o estiverem prontas poder\u00e3o enfrentar bloqueios de faturamento, dificuldade para pagar fornecedores e riscos diretos ao fluxo de caixa.<\/p>\n\n\n\n<h3 class=\"wp-block-heading\">Empresas brasileiras ainda n\u00e3o se prepararam para a reforma tribut\u00e1ria<\/h3>\n\n\n\n<p>Esses desafios foram detalhados em uma pesquisa conduzida pela empresa de tecnologia V360, especializada em automa\u00e7\u00e3o de pagamentos e gest\u00e3o fiscal. O<\/p>\n\n\n\n<p> levantamento ouviu 355 empresas de diversos setores e revelou que 72% delas ainda n\u00e3o est\u00e3o preparadas para a nova realidade tribut\u00e1ria. <\/p>\n\n\n\n<p>Quase um ter\u00e7o sequer iniciou discuss\u00f5es internas sobre os impactos da reforma, enquanto outro grupo s\u00f3 come\u00e7ou levantamentos preliminares. Apenas 28,1% afirmaram j\u00e1 ter um plano estruturado de adequa\u00e7\u00e3o.<\/p>\n\n\n\n<p>Al\u00e9m disso, a automa\u00e7\u00e3o dos processos fiscais ainda \u00e9 limitada. Grande parte das empresas ainda opera com sistemas pouco integrados ou at\u00e9 controles manuais, o que amplia o risco de inconsist\u00eancias.<\/p>\n\n\n\n<p>A baixa ades\u00e3o \u00e0 automa\u00e7\u00e3o e a falta de planejamento or\u00e7ament\u00e1rio indicam um cen\u00e1rio desafiador para o setor empresarial nos pr\u00f3ximos meses.<\/p>\n\n\n\n<p><\/p>\n","protected":false},"excerpt":{"rendered":"<p>Um estudo divulgado recentemente acendeu o alerta no setor empresarial brasileiro: a maioria das companhias de m\u00e9dio e grande porte ainda n\u00e3o est\u00e1 pronta para enfrentar as mudan\u00e7as trazidas pela reforma tribut\u00e1ria, cujas primeiras exig\u00eancias pr\u00e1ticas entram em vigor j\u00e1 em janeiro. A poucos dias do fim do ano, a preocupa\u00e7\u00e3o \u00e9 ainda maior porque [&hellip;]<\/p>\n","protected":false},"author":5,"featured_media":3970,"comment_status":"open","ping_status":"open","sticky":false,"template":"","format":"standard","meta":{"jnews-multi-image_gallery":[],"jnews_single_post":{"format":"standard"},"jnews_primary_category":[],"jnews_social_meta":[],"jnews_post_split":[],"footnotes":""},"categories":[1],"tags":[],"class_list":["post-3968","post","type-post","status-publish","format-standard","has-post-thumbnail","hentry","category-dinheiro"],"yoast_head":"<!-- This site is optimized with the Yoast SEO plugin v25.6 - https:\/\/yoast.com\/wordpress\/plugins\/seo\/ -->\n<title>Reforma tribut\u00e1ria avan\u00e7a, mas empresas permanecem despreparadas<\/title>\n<meta name=\"description\" content=\"A maioria das companhias de m\u00e9dio e grande porte ainda n\u00e3o est\u00e1 pronta para enfrentar as mudan\u00e7as trazidas pela reforma tribut\u00e1ria.\" \/>\n<meta name=\"robots\" content=\"index, follow, max-snippet:-1, max-image-preview:large, max-video-preview:-1\" \/>\n<link rel=\"canonical\" href=\"https:\/\/tribunademinas.audiencelabs.com.br\/reforma-tributaria-avanca-mas-empresas-permanecem-despreparadas\/\" \/>\n<meta property=\"og:locale\" content=\"pt_BR\" \/>\n<meta property=\"og:type\" content=\"article\" \/>\n<meta property=\"og:title\" content=\"Reforma tribut\u00e1ria avan\u00e7a, mas empresas permanecem despreparadas\" \/>\n<meta property=\"og:description\" content=\"A maioria das companhias de m\u00e9dio e grande porte ainda n\u00e3o est\u00e1 pronta para enfrentar as mudan\u00e7as trazidas pela reforma tribut\u00e1ria.\" \/>\n<meta property=\"og:url\" content=\"https:\/\/tribunademinas.audiencelabs.com.br\/reforma-tributaria-avanca-mas-empresas-permanecem-despreparadas\/\" \/>\n<meta property=\"og:site_name\" content=\"Tribuna de Minas - Dinheiro e Cidadania\" \/>\n<meta property=\"article:publisher\" content=\"https:\/\/www.facebook.com\/tribunademinas\/\" \/>\n<meta property=\"article:published_time\" content=\"2025-11-15T22:45:00+00:00\" \/>\n<meta property=\"og:image\" content=\"https:\/\/tribunademinas.audiencelabs.com.br\/wp-content\/uploads\/2025\/11\/reforma-tributaria.webp\" \/>\n\t<meta property=\"og:image:width\" content=\"1170\" \/>\n\t<meta property=\"og:image:height\" content=\"700\" \/>\n\t<meta property=\"og:image:type\" content=\"image\/webp\" \/>\n<meta name=\"author\" content=\"Jeferson Carvalho\" \/>\n<meta name=\"twitter:card\" content=\"summary_large_image\" \/>\n<meta name=\"twitter:creator\" content=\"@tribunademinas\" \/>\n<meta name=\"twitter:site\" content=\"@tribunademinas\" \/>\n<meta name=\"twitter:label1\" content=\"Escrito por\" \/>\n\t<meta name=\"twitter:data1\" content=\"Jeferson Carvalho\" \/>\n\t<meta name=\"twitter:label2\" content=\"Est. tempo de leitura\" \/>\n\t<meta name=\"twitter:data2\" content=\"3 minutos\" \/>\n<!-- \/ Yoast SEO plugin. -->","yoast_head_json":{"title":"Reforma tribut\u00e1ria avan\u00e7a, mas empresas permanecem despreparadas","description":"A maioria das companhias de m\u00e9dio e grande porte ainda n\u00e3o est\u00e1 pronta para enfrentar as mudan\u00e7as trazidas pela reforma tribut\u00e1ria.","robots":{"index":"index","follow":"follow","max-snippet":"max-snippet:-1","max-image-preview":"max-image-preview:large","max-video-preview":"max-video-preview:-1"},"canonical":"https:\/\/tribunademinas.audiencelabs.com.br\/reforma-tributaria-avanca-mas-empresas-permanecem-despreparadas\/","og_locale":"pt_BR","og_type":"article","og_title":"Reforma tribut\u00e1ria avan\u00e7a, mas empresas permanecem despreparadas","og_description":"A maioria das companhias de m\u00e9dio e grande porte ainda n\u00e3o est\u00e1 pronta para enfrentar as mudan\u00e7as trazidas pela reforma tribut\u00e1ria.","og_url":"https:\/\/tribunademinas.audiencelabs.com.br\/reforma-tributaria-avanca-mas-empresas-permanecem-despreparadas\/","og_site_name":"Tribuna de Minas - Dinheiro e Cidadania","article_publisher":"https:\/\/www.facebook.com\/tribunademinas\/","article_published_time":"2025-11-15T22:45:00+00:00","og_image":[{"width":1170,"height":700,"url":"https:\/\/tribunademinas.audiencelabs.com.br\/wp-content\/uploads\/2025\/11\/reforma-tributaria.webp","type":"image\/webp"}],"author":"Jeferson Carvalho","twitter_card":"summary_large_image","twitter_creator":"@tribunademinas","twitter_site":"@tribunademinas","twitter_misc":{"Escrito por":"Jeferson Carvalho","Est. tempo de leitura":"3 minutos"},"schema":{"@context":"https:\/\/schema.org","@graph":[{"@type":"Article","@id":"https:\/\/tribunademinas.audiencelabs.com.br\/reforma-tributaria-avanca-mas-empresas-permanecem-despreparadas\/#article","isPartOf":{"@id":"https:\/\/tribunademinas.audiencelabs.com.br\/reforma-tributaria-avanca-mas-empresas-permanecem-despreparadas\/"},"author":{"name":"Jeferson Carvalho","@id":"https:\/\/tribunademinas.audiencelabs.com.br\/#\/schema\/person\/db18fc40307804bacef94213aa68fd9d"},"headline":"Reforma tribut\u00e1ria avan\u00e7a, mas empresas permanecem despreparadas","datePublished":"2025-11-15T22:45:00+00:00","mainEntityOfPage":{"@id":"https:\/\/tribunademinas.audiencelabs.com.br\/reforma-tributaria-avanca-mas-empresas-permanecem-despreparadas\/"},"wordCount":467,"commentCount":0,"publisher":{"@id":"https:\/\/tribunademinas.audiencelabs.com.br\/#organization"},"image":{"@id":"https:\/\/tribunademinas.audiencelabs.com.br\/reforma-tributaria-avanca-mas-empresas-permanecem-despreparadas\/#primaryimage"},"thumbnailUrl":"https:\/\/tribunademinas.audiencelabs.com.br\/wp-content\/uploads\/2025\/11\/reforma-tributaria.webp","articleSection":["Dinheiro"],"inLanguage":"pt-BR","potentialAction":[{"@type":"CommentAction","name":"Comment","target":["https:\/\/tribunademinas.audiencelabs.com.br\/reforma-tributaria-avanca-mas-empresas-permanecem-despreparadas\/#respond"]}]},{"@type":"WebPage","@id":"https:\/\/tribunademinas.audiencelabs.com.br\/reforma-tributaria-avanca-mas-empresas-permanecem-despreparadas\/","url":"https:\/\/tribunademinas.audiencelabs.com.br\/reforma-tributaria-avanca-mas-empresas-permanecem-despreparadas\/","name":"Reforma tribut\u00e1ria avan\u00e7a, mas empresas permanecem despreparadas","isPartOf":{"@id":"https:\/\/tribunademinas.audiencelabs.com.br\/#website"},"primaryImageOfPage":{"@id":"https:\/\/tribunademinas.audiencelabs.com.br\/reforma-tributaria-avanca-mas-empresas-permanecem-despreparadas\/#primaryimage"},"image":{"@id":"https:\/\/tribunademinas.audiencelabs.com.br\/reforma-tributaria-avanca-mas-empresas-permanecem-despreparadas\/#primaryimage"},"thumbnailUrl":"https:\/\/tribunademinas.audiencelabs.com.br\/wp-content\/uploads\/2025\/11\/reforma-tributaria.webp","datePublished":"2025-11-15T22:45:00+00:00","description":"A maioria das companhias de m\u00e9dio e grande porte ainda n\u00e3o est\u00e1 pronta para enfrentar as mudan\u00e7as trazidas pela reforma tribut\u00e1ria.","breadcrumb":{"@id":"https:\/\/tribunademinas.audiencelabs.com.br\/reforma-tributaria-avanca-mas-empresas-permanecem-despreparadas\/#breadcrumb"},"inLanguage":"pt-BR","potentialAction":[{"@type":"ReadAction","target":["https:\/\/tribunademinas.audiencelabs.com.br\/reforma-tributaria-avanca-mas-empresas-permanecem-despreparadas\/"]}]},{"@type":"ImageObject","inLanguage":"pt-BR","@id":"https:\/\/tribunademinas.audiencelabs.com.br\/reforma-tributaria-avanca-mas-empresas-permanecem-despreparadas\/#primaryimage","url":"https:\/\/tribunademinas.audiencelabs.com.br\/wp-content\/uploads\/2025\/11\/reforma-tributaria.webp","contentUrl":"https:\/\/tribunademinas.audiencelabs.com.br\/wp-content\/uploads\/2025\/11\/reforma-tributaria.webp","width":1170,"height":700,"caption":"Reforma tribut\u00e1ria avan\u00e7a, mas empresas permanecem despreparadas - Imagem: Marcello Casal Jr\/Ag\u00eancia Brasil"},{"@type":"BreadcrumbList","@id":"https:\/\/tribunademinas.audiencelabs.com.br\/reforma-tributaria-avanca-mas-empresas-permanecem-despreparadas\/#breadcrumb","itemListElement":[{"@type":"ListItem","position":1,"name":"In\u00edcio","item":"https:\/\/tribunademinas.audiencelabs.com.br\/"},{"@type":"ListItem","position":2,"name":"Reforma tribut\u00e1ria avan\u00e7a, mas empresas permanecem despreparadas"}]},{"@type":"WebSite","@id":"https:\/\/tribunademinas.audiencelabs.com.br\/#website","url":"https:\/\/tribunademinas.audiencelabs.com.br\/","name":"Tribuna de Minas - Dinheiro e Cidadania","description":"","publisher":{"@id":"https:\/\/tribunademinas.audiencelabs.com.br\/#organization"},"potentialAction":[{"@type":"SearchAction","target":{"@type":"EntryPoint","urlTemplate":"https:\/\/tribunademinas.audiencelabs.com.br\/?s={search_term_string}"},"query-input":{"@type":"PropertyValueSpecification","valueRequired":true,"valueName":"search_term_string"}}],"inLanguage":"pt-BR"},{"@type":"Organization","@id":"https:\/\/tribunademinas.audiencelabs.com.br\/#organization","name":"Tribuna de Minas - Dinheiro e Cidadania","url":"https:\/\/tribunademinas.audiencelabs.com.br\/","logo":{"@type":"ImageObject","inLanguage":"pt-BR","@id":"https:\/\/tribunademinas.audiencelabs.com.br\/#\/schema\/logo\/image\/","url":"https:\/\/tribunademinas.audiencelabs.com.br\/wp-content\/uploads\/2025\/08\/cropped-Tribuna_512x512-96x96-1.png","contentUrl":"https:\/\/tribunademinas.audiencelabs.com.br\/wp-content\/uploads\/2025\/08\/cropped-Tribuna_512x512-96x96-1.png","width":96,"height":96,"caption":"Tribuna de Minas - Dinheiro e Cidadania"},"image":{"@id":"https:\/\/tribunademinas.audiencelabs.com.br\/#\/schema\/logo\/image\/"},"sameAs":["https:\/\/www.facebook.com\/tribunademinas\/","https:\/\/x.com\/tribunademinas","https:\/\/www.instagram.com\/tribunademinas\/","https:\/\/www.youtube.com\/user\/TribunadeMinasJF"]},{"@type":"Person","@id":"https:\/\/tribunademinas.audiencelabs.com.br\/#\/schema\/person\/db18fc40307804bacef94213aa68fd9d","name":"Jeferson Carvalho","image":{"@type":"ImageObject","inLanguage":"pt-BR","@id":"https:\/\/tribunademinas.audiencelabs.com.br\/#\/schema\/person\/image\/","url":"https:\/\/secure.gravatar.com\/avatar\/cd7646e328d9670dad7dea8698522e522745eeffcff5b9d08be858e377ce326b?s=96&d=mm&r=g","contentUrl":"https:\/\/secure.gravatar.com\/avatar\/cd7646e328d9670dad7dea8698522e522745eeffcff5b9d08be858e377ce326b?s=96&d=mm&r=g","caption":"Jeferson Carvalho"},"description":"Jornalista apaixonado pela profiss\u00e3o!","url":"https:\/\/tribunademinas.audiencelabs.com.br\/author\/jeferson\/"}]}},"amp_enabled":true,"_links":{"self":[{"href":"https:\/\/tribunademinas.audiencelabs.com.br\/wp-json\/wp\/v2\/posts\/3968","targetHints":{"allow":["GET"]}}],"collection":[{"href":"https:\/\/tribunademinas.audiencelabs.com.br\/wp-json\/wp\/v2\/posts"}],"about":[{"href":"https:\/\/tribunademinas.audiencelabs.com.br\/wp-json\/wp\/v2\/types\/post"}],"author":[{"embeddable":true,"href":"https:\/\/tribunademinas.audiencelabs.com.br\/wp-json\/wp\/v2\/users\/5"}],"replies":[{"embeddable":true,"href":"https:\/\/tribunademinas.audiencelabs.com.br\/wp-json\/wp\/v2\/comments?post=3968"}],"version-history":[{"count":1,"href":"https:\/\/tribunademinas.audiencelabs.com.br\/wp-json\/wp\/v2\/posts\/3968\/revisions"}],"predecessor-version":[{"id":3971,"href":"https:\/\/tribunademinas.audiencelabs.com.br\/wp-json\/wp\/v2\/posts\/3968\/revisions\/3971"}],"wp:featuredmedia":[{"embeddable":true,"href":"https:\/\/tribunademinas.audiencelabs.com.br\/wp-json\/wp\/v2\/media\/3970"}],"wp:attachment":[{"href":"https:\/\/tribunademinas.audiencelabs.com.br\/wp-json\/wp\/v2\/media?parent=3968"}],"wp:term":[{"taxonomy":"category","embeddable":true,"href":"https:\/\/tribunademinas.audiencelabs.com.br\/wp-json\/wp\/v2\/categories?post=3968"},{"taxonomy":"post_tag","embeddable":true,"href":"https:\/\/tribunademinas.audiencelabs.com.br\/wp-json\/wp\/v2\/tags?post=3968"}],"curies":[{"name":"wp","href":"https:\/\/api.w.org\/{rel}","templated":true}]}}