{"id":3965,"date":"2025-11-13T09:45:00","date_gmt":"2025-11-13T12:45:00","guid":{"rendered":"https:\/\/tribunademinas.audiencelabs.com.br\/?p=3965"},"modified":"2025-11-12T18:15:49","modified_gmt":"2025-11-12T21:15:49","slug":"pensao-alimenticia-sofre-mudanca-importante-no-stj-e-exige-atencao","status":"publish","type":"post","link":"https:\/\/tribunademinas.audiencelabs.com.br\/pensao-alimenticia-sofre-mudanca-importante-no-stj-e-exige-atencao\/","title":{"rendered":"Pens\u00e3o aliment\u00edcia sofre mudan\u00e7a importante no STJ e exige aten\u00e7\u00e3o"},"content":{"rendered":"\n<p>A pens\u00e3o aliment\u00edcia \u00e9 um direito garantido por lei a quem necessita de apoio financeiro para garantir uma vida digna, especialmente filhos menores ou ex-c\u00f4njuges em situa\u00e7\u00e3o de vulnerabilidade. Ela representa um instrumento de equil\u00edbrio social e de responsabilidade familiar. <\/p>\n\n\n\n<p>No entanto, as regras que determinam seu valor e sua manuten\u00e7\u00e3o acabam de passar por uma redefini\u00e7\u00e3o significativa, ap\u00f3s uma decis\u00e3o recente do Superior Tribunal de Justi\u00e7a (STJ), com impactos diretos sobre milhares de acordos e disputas judiciais em andamento no pa\u00eds.<\/p>\n\n\n\n<h2 class=\"wp-block-heading\">Pens\u00e3o aliment\u00edcia sofre mudan\u00e7a importante no STJ e exige aten\u00e7\u00e3o<\/h2>\n\n\n\n<p>O novo entendimento do <a href=\"https:\/\/www.stj.jus.br\/\"><strong>STJ <\/strong><\/a>refor\u00e7a que a pens\u00e3o deve ser calculada com base na real capacidade de quem paga e nas necessidades efetivamente comprovadas de quem recebe. <\/p>\n\n\n\n<p>Embora o princ\u00edpio da proporcionalidade entre necessidade e possibilidade j\u00e1 existisse no C\u00f3digo Civil, a Corte agora orienta que essa an\u00e1lise seja feita com crit\u00e9rios mais objetivos e fundamentados, afastando decis\u00f5es baseadas em estimativas ou presun\u00e7\u00f5es gen\u00e9ricas.<\/p>\n\n\n\n<p>Na pr\u00e1tica, isso significa que ser\u00e1 cada vez mais necess\u00e1rio apresentar provas concretas da situa\u00e7\u00e3o financeira das partes envolvidas. <\/p>\n\n\n\n<p>Para quem paga a pens\u00e3o, a decis\u00e3o imp\u00f5e maior transpar\u00eancia: ser\u00e1 preciso comprovar com documentos os rendimentos e os encargos pessoais, sob risco de ter os dados investigados judicialmente. <\/p>\n\n\n\n<p>J\u00e1 para quem recebe, o desafio ser\u00e1 demonstrar com clareza os gastos e necessidades cont\u00ednuas, o que pode exigir maior organiza\u00e7\u00e3o e respaldo documental.<\/p>\n\n\n\n<p>Esse novo cen\u00e1rio tamb\u00e9m tende a aumentar a complexidade dos processos de revis\u00e3o de pens\u00e3o, que devem se tornar mais frequentes. <\/p>\n\n\n\n<p>Altera\u00e7\u00f5es na renda, mudan\u00e7as no padr\u00e3o de vida ou qualquer alega\u00e7\u00e3o de desequil\u00edbrio exigir\u00e3o uma apura\u00e7\u00e3o mais t\u00e9cnica, envolvendo muitas vezes quebra de sigilos banc\u00e1rios, fiscais ou societ\u00e1rios.<\/p>\n\n\n\n<h3 class=\"wp-block-heading\">Mudan\u00e7as nas regras da pens\u00e3o aliment\u00edcia visam tornar o processo mais justo<\/h3>\n\n\n\n<p>Especialistas alertam que a decis\u00e3o n\u00e3o visa reduzir valores pagos automaticamente, mas sim ajustar a pens\u00e3o \u00e0 realidade de cada caso. <\/p>\n\n\n\n<p>O objetivo \u00e9 evitar tanto a imposi\u00e7\u00e3o de encargos financeiros incompat\u00edveis com a renda de quem paga, quanto a concess\u00e3o de valores desproporcionais a quem recebe. <\/p>\n\n\n\n<p>Trata-se de uma tentativa de tornar o processo mais justo, por\u00e9m mais exigente para ambas as partes.<\/p>\n\n\n\n<p>Diante disso, advogados e fam\u00edlias devem estar atentos: manter registros financeiros claros e agir com transpar\u00eancia ser\u00e1 fundamental para lidar com esse novo padr\u00e3o judicial.<\/p>\n\n\n\n<p><\/p>\n","protected":false},"excerpt":{"rendered":"<p>A pens\u00e3o aliment\u00edcia \u00e9 um direito garantido por lei a quem necessita de apoio financeiro para garantir uma vida digna, especialmente filhos menores ou ex-c\u00f4njuges em situa\u00e7\u00e3o de vulnerabilidade. Ela representa um instrumento de equil\u00edbrio social e de responsabilidade familiar. No entanto, as regras que determinam seu valor e sua manuten\u00e7\u00e3o acabam de passar por [&hellip;]<\/p>\n","protected":false},"author":5,"featured_media":3966,"comment_status":"open","ping_status":"open","sticky":false,"template":"","format":"standard","meta":{"jnews-multi-image_gallery":[],"jnews_single_post":{"format":"standard"},"jnews_primary_category":[],"jnews_social_meta":[],"jnews_post_split":[],"footnotes":""},"categories":[159],"tags":[],"class_list":["post-3965","post","type-post","status-publish","format-standard","has-post-thumbnail","hentry","category-cidadania"],"yoast_head":"<!-- This site is optimized with the Yoast SEO plugin v25.6 - https:\/\/yoast.com\/wordpress\/plugins\/seo\/ -->\n<title>Pens\u00e3o aliment\u00edcia sofre mudan\u00e7a importante no STJ e exige aten\u00e7\u00e3o<\/title>\n<meta name=\"description\" content=\"A pens\u00e3o aliment\u00edcia \u00e9 um direito garantido por lei a quem necessita de apoio financeiro para garantir uma vida digna, especialmente filhos.\" \/>\n<meta name=\"robots\" content=\"index, follow, max-snippet:-1, max-image-preview:large, max-video-preview:-1\" \/>\n<link rel=\"canonical\" href=\"https:\/\/tribunademinas.audiencelabs.com.br\/pensao-alimenticia-sofre-mudanca-importante-no-stj-e-exige-atencao\/\" \/>\n<meta property=\"og:locale\" content=\"pt_BR\" \/>\n<meta property=\"og:type\" content=\"article\" \/>\n<meta property=\"og:title\" content=\"Pens\u00e3o aliment\u00edcia sofre mudan\u00e7a importante no STJ e exige aten\u00e7\u00e3o\" \/>\n<meta property=\"og:description\" content=\"A pens\u00e3o aliment\u00edcia \u00e9 um direito garantido por lei a quem necessita de apoio financeiro para garantir uma vida digna, especialmente filhos.\" \/>\n<meta property=\"og:url\" content=\"https:\/\/tribunademinas.audiencelabs.com.br\/pensao-alimenticia-sofre-mudanca-importante-no-stj-e-exige-atencao\/\" \/>\n<meta property=\"og:site_name\" content=\"Tribuna de Minas - Dinheiro e Cidadania\" \/>\n<meta property=\"article:publisher\" content=\"https:\/\/www.facebook.com\/tribunademinas\/\" \/>\n<meta property=\"article:published_time\" content=\"2025-11-13T12:45:00+00:00\" \/>\n<meta property=\"og:image\" content=\"https:\/\/tribunademinas.audiencelabs.com.br\/wp-content\/uploads\/2025\/11\/pensao-alimenticia.jpg\" \/>\n\t<meta property=\"og:image:width\" content=\"1280\" \/>\n\t<meta property=\"og:image:height\" content=\"851\" \/>\n\t<meta property=\"og:image:type\" content=\"image\/jpeg\" \/>\n<meta name=\"author\" content=\"Jeferson Carvalho\" \/>\n<meta name=\"twitter:card\" content=\"summary_large_image\" \/>\n<meta name=\"twitter:creator\" content=\"@tribunademinas\" \/>\n<meta name=\"twitter:site\" content=\"@tribunademinas\" \/>\n<meta name=\"twitter:label1\" content=\"Escrito por\" \/>\n\t<meta name=\"twitter:data1\" content=\"Jeferson Carvalho\" \/>\n\t<meta name=\"twitter:label2\" content=\"Est. tempo de leitura\" \/>\n\t<meta name=\"twitter:data2\" content=\"3 minutos\" \/>\n<!-- \/ Yoast SEO plugin. -->","yoast_head_json":{"title":"Pens\u00e3o aliment\u00edcia sofre mudan\u00e7a importante no STJ e exige aten\u00e7\u00e3o","description":"A pens\u00e3o aliment\u00edcia \u00e9 um direito garantido por lei a quem necessita de apoio financeiro para garantir uma vida digna, especialmente filhos.","robots":{"index":"index","follow":"follow","max-snippet":"max-snippet:-1","max-image-preview":"max-image-preview:large","max-video-preview":"max-video-preview:-1"},"canonical":"https:\/\/tribunademinas.audiencelabs.com.br\/pensao-alimenticia-sofre-mudanca-importante-no-stj-e-exige-atencao\/","og_locale":"pt_BR","og_type":"article","og_title":"Pens\u00e3o aliment\u00edcia sofre mudan\u00e7a importante no STJ e exige aten\u00e7\u00e3o","og_description":"A pens\u00e3o aliment\u00edcia \u00e9 um direito garantido por lei a quem necessita de apoio financeiro para garantir uma vida digna, especialmente filhos.","og_url":"https:\/\/tribunademinas.audiencelabs.com.br\/pensao-alimenticia-sofre-mudanca-importante-no-stj-e-exige-atencao\/","og_site_name":"Tribuna de Minas - Dinheiro e Cidadania","article_publisher":"https:\/\/www.facebook.com\/tribunademinas\/","article_published_time":"2025-11-13T12:45:00+00:00","og_image":[{"width":1280,"height":851,"url":"https:\/\/tribunademinas.audiencelabs.com.br\/wp-content\/uploads\/2025\/11\/pensao-alimenticia.jpg","type":"image\/jpeg"}],"author":"Jeferson Carvalho","twitter_card":"summary_large_image","twitter_creator":"@tribunademinas","twitter_site":"@tribunademinas","twitter_misc":{"Escrito por":"Jeferson Carvalho","Est. tempo de leitura":"3 minutos"},"schema":{"@context":"https:\/\/schema.org","@graph":[{"@type":"Article","@id":"https:\/\/tribunademinas.audiencelabs.com.br\/pensao-alimenticia-sofre-mudanca-importante-no-stj-e-exige-atencao\/#article","isPartOf":{"@id":"https:\/\/tribunademinas.audiencelabs.com.br\/pensao-alimenticia-sofre-mudanca-importante-no-stj-e-exige-atencao\/"},"author":{"name":"Jeferson Carvalho","@id":"https:\/\/tribunademinas.audiencelabs.com.br\/#\/schema\/person\/db18fc40307804bacef94213aa68fd9d"},"headline":"Pens\u00e3o aliment\u00edcia sofre mudan\u00e7a importante no STJ e exige aten\u00e7\u00e3o","datePublished":"2025-11-13T12:45:00+00:00","mainEntityOfPage":{"@id":"https:\/\/tribunademinas.audiencelabs.com.br\/pensao-alimenticia-sofre-mudanca-importante-no-stj-e-exige-atencao\/"},"wordCount":450,"commentCount":0,"publisher":{"@id":"https:\/\/tribunademinas.audiencelabs.com.br\/#organization"},"image":{"@id":"https:\/\/tribunademinas.audiencelabs.com.br\/pensao-alimenticia-sofre-mudanca-importante-no-stj-e-exige-atencao\/#primaryimage"},"thumbnailUrl":"https:\/\/tribunademinas.audiencelabs.com.br\/wp-content\/uploads\/2025\/11\/pensao-alimenticia.jpg","articleSection":["Cidadania"],"inLanguage":"pt-BR","potentialAction":[{"@type":"CommentAction","name":"Comment","target":["https:\/\/tribunademinas.audiencelabs.com.br\/pensao-alimenticia-sofre-mudanca-importante-no-stj-e-exige-atencao\/#respond"]}]},{"@type":"WebPage","@id":"https:\/\/tribunademinas.audiencelabs.com.br\/pensao-alimenticia-sofre-mudanca-importante-no-stj-e-exige-atencao\/","url":"https:\/\/tribunademinas.audiencelabs.com.br\/pensao-alimenticia-sofre-mudanca-importante-no-stj-e-exige-atencao\/","name":"Pens\u00e3o aliment\u00edcia sofre mudan\u00e7a importante no STJ e exige aten\u00e7\u00e3o","isPartOf":{"@id":"https:\/\/tribunademinas.audiencelabs.com.br\/#website"},"primaryImageOfPage":{"@id":"https:\/\/tribunademinas.audiencelabs.com.br\/pensao-alimenticia-sofre-mudanca-importante-no-stj-e-exige-atencao\/#primaryimage"},"image":{"@id":"https:\/\/tribunademinas.audiencelabs.com.br\/pensao-alimenticia-sofre-mudanca-importante-no-stj-e-exige-atencao\/#primaryimage"},"thumbnailUrl":"https:\/\/tribunademinas.audiencelabs.com.br\/wp-content\/uploads\/2025\/11\/pensao-alimenticia.jpg","datePublished":"2025-11-13T12:45:00+00:00","description":"A pens\u00e3o aliment\u00edcia \u00e9 um direito garantido por lei a quem necessita de apoio financeiro para garantir uma vida digna, especialmente filhos.","breadcrumb":{"@id":"https:\/\/tribunademinas.audiencelabs.com.br\/pensao-alimenticia-sofre-mudanca-importante-no-stj-e-exige-atencao\/#breadcrumb"},"inLanguage":"pt-BR","potentialAction":[{"@type":"ReadAction","target":["https:\/\/tribunademinas.audiencelabs.com.br\/pensao-alimenticia-sofre-mudanca-importante-no-stj-e-exige-atencao\/"]}]},{"@type":"ImageObject","inLanguage":"pt-BR","@id":"https:\/\/tribunademinas.audiencelabs.com.br\/pensao-alimenticia-sofre-mudanca-importante-no-stj-e-exige-atencao\/#primaryimage","url":"https:\/\/tribunademinas.audiencelabs.com.br\/wp-content\/uploads\/2025\/11\/pensao-alimenticia.jpg","contentUrl":"https:\/\/tribunademinas.audiencelabs.com.br\/wp-content\/uploads\/2025\/11\/pensao-alimenticia.jpg","width":1280,"height":851,"caption":"Pens\u00e3o aliment\u00edcia sofre mudan\u00e7a importante no STJ e exige aten\u00e7\u00e3o - Imagem: Pixabay"},{"@type":"BreadcrumbList","@id":"https:\/\/tribunademinas.audiencelabs.com.br\/pensao-alimenticia-sofre-mudanca-importante-no-stj-e-exige-atencao\/#breadcrumb","itemListElement":[{"@type":"ListItem","position":1,"name":"In\u00edcio","item":"https:\/\/tribunademinas.audiencelabs.com.br\/"},{"@type":"ListItem","position":2,"name":"Pens\u00e3o aliment\u00edcia sofre mudan\u00e7a importante no STJ e exige aten\u00e7\u00e3o"}]},{"@type":"WebSite","@id":"https:\/\/tribunademinas.audiencelabs.com.br\/#website","url":"https:\/\/tribunademinas.audiencelabs.com.br\/","name":"Tribuna de Minas - Dinheiro e Cidadania","description":"","publisher":{"@id":"https:\/\/tribunademinas.audiencelabs.com.br\/#organization"},"potentialAction":[{"@type":"SearchAction","target":{"@type":"EntryPoint","urlTemplate":"https:\/\/tribunademinas.audiencelabs.com.br\/?s={search_term_string}"},"query-input":{"@type":"PropertyValueSpecification","valueRequired":true,"valueName":"search_term_string"}}],"inLanguage":"pt-BR"},{"@type":"Organization","@id":"https:\/\/tribunademinas.audiencelabs.com.br\/#organization","name":"Tribuna de Minas - Dinheiro e Cidadania","url":"https:\/\/tribunademinas.audiencelabs.com.br\/","logo":{"@type":"ImageObject","inLanguage":"pt-BR","@id":"https:\/\/tribunademinas.audiencelabs.com.br\/#\/schema\/logo\/image\/","url":"https:\/\/tribunademinas.audiencelabs.com.br\/wp-content\/uploads\/2025\/08\/cropped-Tribuna_512x512-96x96-1.png","contentUrl":"https:\/\/tribunademinas.audiencelabs.com.br\/wp-content\/uploads\/2025\/08\/cropped-Tribuna_512x512-96x96-1.png","width":96,"height":96,"caption":"Tribuna de Minas - Dinheiro e Cidadania"},"image":{"@id":"https:\/\/tribunademinas.audiencelabs.com.br\/#\/schema\/logo\/image\/"},"sameAs":["https:\/\/www.facebook.com\/tribunademinas\/","https:\/\/x.com\/tribunademinas","https:\/\/www.instagram.com\/tribunademinas\/","https:\/\/www.youtube.com\/user\/TribunadeMinasJF"]},{"@type":"Person","@id":"https:\/\/tribunademinas.audiencelabs.com.br\/#\/schema\/person\/db18fc40307804bacef94213aa68fd9d","name":"Jeferson Carvalho","image":{"@type":"ImageObject","inLanguage":"pt-BR","@id":"https:\/\/tribunademinas.audiencelabs.com.br\/#\/schema\/person\/image\/","url":"https:\/\/secure.gravatar.com\/avatar\/cd7646e328d9670dad7dea8698522e522745eeffcff5b9d08be858e377ce326b?s=96&d=mm&r=g","contentUrl":"https:\/\/secure.gravatar.com\/avatar\/cd7646e328d9670dad7dea8698522e522745eeffcff5b9d08be858e377ce326b?s=96&d=mm&r=g","caption":"Jeferson Carvalho"},"description":"Jornalista apaixonado pela profiss\u00e3o!","url":"https:\/\/tribunademinas.audiencelabs.com.br\/author\/jeferson\/"}]}},"amp_enabled":true,"_links":{"self":[{"href":"https:\/\/tribunademinas.audiencelabs.com.br\/wp-json\/wp\/v2\/posts\/3965","targetHints":{"allow":["GET"]}}],"collection":[{"href":"https:\/\/tribunademinas.audiencelabs.com.br\/wp-json\/wp\/v2\/posts"}],"about":[{"href":"https:\/\/tribunademinas.audiencelabs.com.br\/wp-json\/wp\/v2\/types\/post"}],"author":[{"embeddable":true,"href":"https:\/\/tribunademinas.audiencelabs.com.br\/wp-json\/wp\/v2\/users\/5"}],"replies":[{"embeddable":true,"href":"https:\/\/tribunademinas.audiencelabs.com.br\/wp-json\/wp\/v2\/comments?post=3965"}],"version-history":[{"count":1,"href":"https:\/\/tribunademinas.audiencelabs.com.br\/wp-json\/wp\/v2\/posts\/3965\/revisions"}],"predecessor-version":[{"id":3967,"href":"https:\/\/tribunademinas.audiencelabs.com.br\/wp-json\/wp\/v2\/posts\/3965\/revisions\/3967"}],"wp:featuredmedia":[{"embeddable":true,"href":"https:\/\/tribunademinas.audiencelabs.com.br\/wp-json\/wp\/v2\/media\/3966"}],"wp:attachment":[{"href":"https:\/\/tribunademinas.audiencelabs.com.br\/wp-json\/wp\/v2\/media?parent=3965"}],"wp:term":[{"taxonomy":"category","embeddable":true,"href":"https:\/\/tribunademinas.audiencelabs.com.br\/wp-json\/wp\/v2\/categories?post=3965"},{"taxonomy":"post_tag","embeddable":true,"href":"https:\/\/tribunademinas.audiencelabs.com.br\/wp-json\/wp\/v2\/tags?post=3965"}],"curies":[{"name":"wp","href":"https:\/\/api.w.org\/{rel}","templated":true}]}}