{"id":396,"date":"2025-08-12T08:00:00","date_gmt":"2025-08-12T11:00:00","guid":{"rendered":"https:\/\/tribunademinas.audiencelabs.com.br\/?p=396"},"modified":"2025-08-11T13:44:24","modified_gmt":"2025-08-11T16:44:24","slug":"13o-do-bolsa-familia-foi-confirmado-governo-lula-tomou-decisao","status":"publish","type":"post","link":"https:\/\/tribunademinas.audiencelabs.com.br\/13o-do-bolsa-familia-foi-confirmado-governo-lula-tomou-decisao\/","title":{"rendered":"13\u00ba do Bolsa Fam\u00edlia foi confirmado? Governo Lula tomou decis\u00e3o"},"content":{"rendered":"\n<p>Como 2025 j\u00e1 est\u00e1 se encaminhando para seus \u00faltimos meses, muitos trabalhadores de carteira assinada j\u00e1 est\u00e3o fazendo planos para o recebimento do <strong>13\u00ba sal\u00e1rio<\/strong>, que \u00e9 pago em duas parcelas nos \u00faltimos meses do ano.<\/p>\n\n\n\n<p>No entanto, a possibilidade de receber um pagamento extra tamb\u00e9m passou a circular frequentemente nas redes sociais entre benefici\u00e1rios do <strong>Bolsa Fam\u00edlia<\/strong>, que \u00e9 um dos programas de transfer\u00eancia de renda mais populares do pa\u00eds.<\/p>\n\n\n\n<p>De acordo com o que vem sendo compartilhado, este pagamento seria uma parcela adicional paga no fim do ano para auxiliar as fam\u00edlias nas despesas dessa \u00e9poca. No entanto, \u00e9 importante destacar que sua exist\u00eancia \u00e9 apenas um mal-entendido.<\/p>\n\n\n\n<p>Em 2019, o governo federal implementou uma medida pontual que disponibilizou <strong>um refor\u00e7o tempor\u00e1rio<\/strong> nas contas das fam\u00edlias mais vulner\u00e1veis. Mas isso n\u00e3o voltou a acontecer em anos posteriores.<\/p>\n\n\n\n<p>Inclusive, de acordo com o Minist\u00e9rio do Desenvolvimento e Assist\u00eancia Social (MDS),\u00a0<strong>n\u00e3o h\u00e1 nenhuma previs\u00e3o de acr\u00e9scimo no pagamento do Bolsa Fam\u00edlia<\/strong>\u00a0em 2025, o que invalida totalmente qualquer not\u00edcia sobre o suposto pagamento de um &#8220;13\u00ba&#8221; do benef\u00edcio.<\/p>\n\n\n\n<h2 class=\"wp-block-heading\">Abono natalino tamb\u00e9m pode ter influenciado confus\u00e3o envolvendo Bolsa Fam\u00edlia<\/h2>\n\n\n\n<p>Em alguns estados brasileiros, como a Para\u00edba, benefici\u00e1rios do Bolsa Fam\u00edlia ainda tem acesso a um a um benef\u00edcio extra pago no m\u00eas de dezembro, que tem como objetivo ajudar as fam\u00edlias a enfrentarem os gastos extras t\u00edpicos do per\u00edodo.<\/p>\n\n\n\n<p>Contudo, o chamado <strong>&#8220;abono natalino&#8221;<\/strong> n\u00e3o \u00e9 um programa nacional oficial, tratando-se apenas de uma iniciativa complementar de alguns estados para benefici\u00e1rios do programa.<\/p>\n\n\n\n<h2 class=\"wp-block-heading\">\u00c9 poss\u00edvel aumentar o valor do Bolsa Fam\u00edlia?<\/h2>\n\n\n\n<p>Embora n\u00e3o exista 13\u00ba sal\u00e1rio para o Bolsa Fam\u00edlia, \u00e9 poss\u00edvel aumentar o valor mensal do benef\u00edcio por meio de recursos extras do programa, desde que sejam cumpridos alguns crit\u00e9rios de elegibilidade. S\u00e3o eles:<\/p>\n\n\n\n<ul class=\"wp-block-list\">\n<li><strong>Benef\u00edcio Primeira Inf\u00e2ncia:<\/strong>\u00a0fam\u00edlias com crian\u00e7as at\u00e9 6 anos podem receber R$ 150 a mais;<\/li>\n\n\n\n<li><strong>Benef\u00edcio Vari\u00e1vel Familiar:\u00a0<\/strong>paga R$ 50 por membro da fam\u00edlia entre 7 e 18 anos incompletos ou gestantes e nutrizes;<\/li>\n\n\n\n<li><strong>Benef\u00edcio Vari\u00e1vel Familiar Nutriz:<\/strong>\u00a0adiciona R$ 50 para fam\u00edlias com beb\u00eas de at\u00e9 6 meses de vida;<\/li>\n\n\n\n<li><strong>Aux\u00edlio G\u00e1s:<\/strong>\u00a0pago bimestralmente, o adicional varia conforme o pre\u00e7o m\u00e9dio nacional do botij\u00e3o de g\u00e1s de 13 kg, e atualmente pode chegar a R$ 110.<\/li>\n<\/ul>\n","protected":false},"excerpt":{"rendered":"<p>Como 2025 j\u00e1 est\u00e1 se encaminhando para seus \u00faltimos meses, muitos trabalhadores de carteira assinada j\u00e1 est\u00e3o fazendo planos para o recebimento do 13\u00ba sal\u00e1rio, que \u00e9 pago em duas parcelas nos \u00faltimos meses do ano. No entanto, a possibilidade de receber um pagamento extra tamb\u00e9m passou a circular frequentemente nas redes sociais entre benefici\u00e1rios [&hellip;]<\/p>\n","protected":false},"author":3,"featured_media":397,"comment_status":"open","ping_status":"open","sticky":false,"template":"","format":"standard","meta":{"jnews-multi-image_gallery":[],"jnews_single_post":{"format":"standard"},"jnews_primary_category":[],"jnews_social_meta":[],"jnews_post_split":[],"footnotes":""},"categories":[159],"tags":[],"class_list":["post-396","post","type-post","status-publish","format-standard","has-post-thumbnail","hentry","category-cidadania"],"yoast_head":"<!-- This site is optimized with the Yoast SEO plugin v25.6 - https:\/\/yoast.com\/wordpress\/plugins\/seo\/ -->\n<title>13\u00ba do Bolsa Fam\u00edlia foi confirmado? Governo Lula tomou decis\u00e3o<\/title>\n<meta name=\"robots\" content=\"index, follow, max-snippet:-1, max-image-preview:large, max-video-preview:-1\" \/>\n<link rel=\"canonical\" href=\"https:\/\/tribunademinas.audiencelabs.com.br\/13o-do-bolsa-familia-foi-confirmado-governo-lula-tomou-decisao\/\" \/>\n<meta property=\"og:locale\" content=\"pt_BR\" \/>\n<meta property=\"og:type\" content=\"article\" \/>\n<meta property=\"og:title\" content=\"13\u00ba do Bolsa Fam\u00edlia foi confirmado? Governo Lula tomou decis\u00e3o\" \/>\n<meta property=\"og:description\" content=\"Como 2025 j\u00e1 est\u00e1 se encaminhando para seus \u00faltimos meses, muitos trabalhadores de carteira assinada j\u00e1 est\u00e3o fazendo planos para o recebimento do 13\u00ba sal\u00e1rio, que \u00e9 pago em duas parcelas nos \u00faltimos meses do ano. No entanto, a possibilidade de receber um pagamento extra tamb\u00e9m passou a circular frequentemente nas redes sociais entre benefici\u00e1rios [&hellip;]\" \/>\n<meta property=\"og:url\" content=\"https:\/\/tribunademinas.audiencelabs.com.br\/13o-do-bolsa-familia-foi-confirmado-governo-lula-tomou-decisao\/\" \/>\n<meta property=\"og:site_name\" content=\"Tribuna de Minas - Dinheiro e Cidadania\" \/>\n<meta property=\"article:publisher\" content=\"https:\/\/www.facebook.com\/tribunademinas\/\" \/>\n<meta property=\"article:published_time\" content=\"2025-08-12T11:00:00+00:00\" \/>\n<meta property=\"og:image\" content=\"https:\/\/tribunademinas.audiencelabs.com.br\/wp-content\/uploads\/2025\/08\/13-bolsa-familia-governo-lula.webp\" \/>\n\t<meta property=\"og:image:width\" content=\"1279\" \/>\n\t<meta property=\"og:image:height\" content=\"719\" \/>\n\t<meta property=\"og:image:type\" content=\"image\/webp\" \/>\n<meta name=\"author\" content=\"Jo\u00e3o Carlos Gomes\" \/>\n<meta name=\"twitter:card\" content=\"summary_large_image\" \/>\n<meta name=\"twitter:creator\" content=\"@tribunademinas\" \/>\n<meta name=\"twitter:site\" content=\"@tribunademinas\" \/>\n<meta name=\"twitter:label1\" content=\"Escrito por\" \/>\n\t<meta name=\"twitter:data1\" content=\"Jo\u00e3o Carlos Gomes\" \/>\n\t<meta name=\"twitter:label2\" content=\"Est. tempo de leitura\" \/>\n\t<meta name=\"twitter:data2\" content=\"3 minutos\" \/>\n<!-- \/ Yoast SEO plugin. -->","yoast_head_json":{"title":"13\u00ba do Bolsa Fam\u00edlia foi confirmado? Governo Lula tomou decis\u00e3o","robots":{"index":"index","follow":"follow","max-snippet":"max-snippet:-1","max-image-preview":"max-image-preview:large","max-video-preview":"max-video-preview:-1"},"canonical":"https:\/\/tribunademinas.audiencelabs.com.br\/13o-do-bolsa-familia-foi-confirmado-governo-lula-tomou-decisao\/","og_locale":"pt_BR","og_type":"article","og_title":"13\u00ba do Bolsa Fam\u00edlia foi confirmado? Governo Lula tomou decis\u00e3o","og_description":"Como 2025 j\u00e1 est\u00e1 se encaminhando para seus \u00faltimos meses, muitos trabalhadores de carteira assinada j\u00e1 est\u00e3o fazendo planos para o recebimento do 13\u00ba sal\u00e1rio, que \u00e9 pago em duas parcelas nos \u00faltimos meses do ano. No entanto, a possibilidade de receber um pagamento extra tamb\u00e9m passou a circular frequentemente nas redes sociais entre benefici\u00e1rios [&hellip;]","og_url":"https:\/\/tribunademinas.audiencelabs.com.br\/13o-do-bolsa-familia-foi-confirmado-governo-lula-tomou-decisao\/","og_site_name":"Tribuna de Minas - Dinheiro e Cidadania","article_publisher":"https:\/\/www.facebook.com\/tribunademinas\/","article_published_time":"2025-08-12T11:00:00+00:00","og_image":[{"width":1279,"height":719,"url":"https:\/\/tribunademinas.audiencelabs.com.br\/wp-content\/uploads\/2025\/08\/13-bolsa-familia-governo-lula.webp","type":"image\/webp"}],"author":"Jo\u00e3o Carlos Gomes","twitter_card":"summary_large_image","twitter_creator":"@tribunademinas","twitter_site":"@tribunademinas","twitter_misc":{"Escrito por":"Jo\u00e3o Carlos Gomes","Est. tempo de leitura":"3 minutos"},"schema":{"@context":"https:\/\/schema.org","@graph":[{"@type":"Article","@id":"https:\/\/tribunademinas.audiencelabs.com.br\/13o-do-bolsa-familia-foi-confirmado-governo-lula-tomou-decisao\/#article","isPartOf":{"@id":"https:\/\/tribunademinas.audiencelabs.com.br\/13o-do-bolsa-familia-foi-confirmado-governo-lula-tomou-decisao\/"},"author":{"name":"Jo\u00e3o Carlos Gomes","@id":"https:\/\/tribunademinas.audiencelabs.com.br\/#\/schema\/person\/37af466a64a722fadb8ef6841c52114f"},"headline":"13\u00ba do Bolsa Fam\u00edlia foi confirmado? Governo Lula tomou decis\u00e3o","datePublished":"2025-08-12T11:00:00+00:00","mainEntityOfPage":{"@id":"https:\/\/tribunademinas.audiencelabs.com.br\/13o-do-bolsa-familia-foi-confirmado-governo-lula-tomou-decisao\/"},"wordCount":423,"commentCount":0,"publisher":{"@id":"https:\/\/tribunademinas.audiencelabs.com.br\/#organization"},"image":{"@id":"https:\/\/tribunademinas.audiencelabs.com.br\/13o-do-bolsa-familia-foi-confirmado-governo-lula-tomou-decisao\/#primaryimage"},"thumbnailUrl":"https:\/\/tribunademinas.audiencelabs.com.br\/wp-content\/uploads\/2025\/08\/13-bolsa-familia-governo-lula.webp","articleSection":["Cidadania"],"inLanguage":"pt-BR","potentialAction":[{"@type":"CommentAction","name":"Comment","target":["https:\/\/tribunademinas.audiencelabs.com.br\/13o-do-bolsa-familia-foi-confirmado-governo-lula-tomou-decisao\/#respond"]}]},{"@type":"WebPage","@id":"https:\/\/tribunademinas.audiencelabs.com.br\/13o-do-bolsa-familia-foi-confirmado-governo-lula-tomou-decisao\/","url":"https:\/\/tribunademinas.audiencelabs.com.br\/13o-do-bolsa-familia-foi-confirmado-governo-lula-tomou-decisao\/","name":"13\u00ba do Bolsa Fam\u00edlia foi confirmado? Governo Lula tomou decis\u00e3o","isPartOf":{"@id":"https:\/\/tribunademinas.audiencelabs.com.br\/#website"},"primaryImageOfPage":{"@id":"https:\/\/tribunademinas.audiencelabs.com.br\/13o-do-bolsa-familia-foi-confirmado-governo-lula-tomou-decisao\/#primaryimage"},"image":{"@id":"https:\/\/tribunademinas.audiencelabs.com.br\/13o-do-bolsa-familia-foi-confirmado-governo-lula-tomou-decisao\/#primaryimage"},"thumbnailUrl":"https:\/\/tribunademinas.audiencelabs.com.br\/wp-content\/uploads\/2025\/08\/13-bolsa-familia-governo-lula.webp","datePublished":"2025-08-12T11:00:00+00:00","breadcrumb":{"@id":"https:\/\/tribunademinas.audiencelabs.com.br\/13o-do-bolsa-familia-foi-confirmado-governo-lula-tomou-decisao\/#breadcrumb"},"inLanguage":"pt-BR","potentialAction":[{"@type":"ReadAction","target":["https:\/\/tribunademinas.audiencelabs.com.br\/13o-do-bolsa-familia-foi-confirmado-governo-lula-tomou-decisao\/"]}]},{"@type":"ImageObject","inLanguage":"pt-BR","@id":"https:\/\/tribunademinas.audiencelabs.com.br\/13o-do-bolsa-familia-foi-confirmado-governo-lula-tomou-decisao\/#primaryimage","url":"https:\/\/tribunademinas.audiencelabs.com.br\/wp-content\/uploads\/2025\/08\/13-bolsa-familia-governo-lula.webp","contentUrl":"https:\/\/tribunademinas.audiencelabs.com.br\/wp-content\/uploads\/2025\/08\/13-bolsa-familia-governo-lula.webp","width":1279,"height":719,"caption":"Foto: Marcelo Camargo\/Ag\u00eancia Brasil"},{"@type":"BreadcrumbList","@id":"https:\/\/tribunademinas.audiencelabs.com.br\/13o-do-bolsa-familia-foi-confirmado-governo-lula-tomou-decisao\/#breadcrumb","itemListElement":[{"@type":"ListItem","position":1,"name":"In\u00edcio","item":"https:\/\/tribunademinas.audiencelabs.com.br\/"},{"@type":"ListItem","position":2,"name":"13\u00ba do Bolsa Fam\u00edlia foi confirmado? Governo Lula tomou decis\u00e3o"}]},{"@type":"WebSite","@id":"https:\/\/tribunademinas.audiencelabs.com.br\/#website","url":"https:\/\/tribunademinas.audiencelabs.com.br\/","name":"Tribuna de Minas - Dinheiro e Cidadania","description":"","publisher":{"@id":"https:\/\/tribunademinas.audiencelabs.com.br\/#organization"},"potentialAction":[{"@type":"SearchAction","target":{"@type":"EntryPoint","urlTemplate":"https:\/\/tribunademinas.audiencelabs.com.br\/?s={search_term_string}"},"query-input":{"@type":"PropertyValueSpecification","valueRequired":true,"valueName":"search_term_string"}}],"inLanguage":"pt-BR"},{"@type":"Organization","@id":"https:\/\/tribunademinas.audiencelabs.com.br\/#organization","name":"Tribuna de Minas - Dinheiro e Cidadania","url":"https:\/\/tribunademinas.audiencelabs.com.br\/","logo":{"@type":"ImageObject","inLanguage":"pt-BR","@id":"https:\/\/tribunademinas.audiencelabs.com.br\/#\/schema\/logo\/image\/","url":"https:\/\/tribunademinas.audiencelabs.com.br\/wp-content\/uploads\/2025\/08\/cropped-Tribuna_512x512-96x96-1.png","contentUrl":"https:\/\/tribunademinas.audiencelabs.com.br\/wp-content\/uploads\/2025\/08\/cropped-Tribuna_512x512-96x96-1.png","width":96,"height":96,"caption":"Tribuna de Minas - Dinheiro e Cidadania"},"image":{"@id":"https:\/\/tribunademinas.audiencelabs.com.br\/#\/schema\/logo\/image\/"},"sameAs":["https:\/\/www.facebook.com\/tribunademinas\/","https:\/\/x.com\/tribunademinas","https:\/\/www.instagram.com\/tribunademinas\/","https:\/\/www.youtube.com\/user\/TribunadeMinasJF"]},{"@type":"Person","@id":"https:\/\/tribunademinas.audiencelabs.com.br\/#\/schema\/person\/37af466a64a722fadb8ef6841c52114f","name":"Jo\u00e3o Carlos Gomes","image":{"@type":"ImageObject","inLanguage":"pt-BR","@id":"https:\/\/tribunademinas.audiencelabs.com.br\/#\/schema\/person\/image\/","url":"https:\/\/secure.gravatar.com\/avatar\/4ce4672dbdd694b329cd6fdb51bee7d1409be1f0ff76a537e4c4a737b2c7d1a9?s=96&d=mm&r=g","contentUrl":"https:\/\/secure.gravatar.com\/avatar\/4ce4672dbdd694b329cd6fdb51bee7d1409be1f0ff76a537e4c4a737b2c7d1a9?s=96&d=mm&r=g","caption":"Jo\u00e3o Carlos Gomes"},"description":"Jornalista formado pelo Centro Universit\u00e1rio Carioca, apreciador da Bossa Nova ao Metal Extremo, criador de conte\u00fado e m\u00fasico independente nas horas vagas.","url":"https:\/\/tribunademinas.audiencelabs.com.br\/author\/joaoc-junior\/"}]}},"amp_enabled":true,"_links":{"self":[{"href":"https:\/\/tribunademinas.audiencelabs.com.br\/wp-json\/wp\/v2\/posts\/396","targetHints":{"allow":["GET"]}}],"collection":[{"href":"https:\/\/tribunademinas.audiencelabs.com.br\/wp-json\/wp\/v2\/posts"}],"about":[{"href":"https:\/\/tribunademinas.audiencelabs.com.br\/wp-json\/wp\/v2\/types\/post"}],"author":[{"embeddable":true,"href":"https:\/\/tribunademinas.audiencelabs.com.br\/wp-json\/wp\/v2\/users\/3"}],"replies":[{"embeddable":true,"href":"https:\/\/tribunademinas.audiencelabs.com.br\/wp-json\/wp\/v2\/comments?post=396"}],"version-history":[{"count":1,"href":"https:\/\/tribunademinas.audiencelabs.com.br\/wp-json\/wp\/v2\/posts\/396\/revisions"}],"predecessor-version":[{"id":398,"href":"https:\/\/tribunademinas.audiencelabs.com.br\/wp-json\/wp\/v2\/posts\/396\/revisions\/398"}],"wp:featuredmedia":[{"embeddable":true,"href":"https:\/\/tribunademinas.audiencelabs.com.br\/wp-json\/wp\/v2\/media\/397"}],"wp:attachment":[{"href":"https:\/\/tribunademinas.audiencelabs.com.br\/wp-json\/wp\/v2\/media?parent=396"}],"wp:term":[{"taxonomy":"category","embeddable":true,"href":"https:\/\/tribunademinas.audiencelabs.com.br\/wp-json\/wp\/v2\/categories?post=396"},{"taxonomy":"post_tag","embeddable":true,"href":"https:\/\/tribunademinas.audiencelabs.com.br\/wp-json\/wp\/v2\/tags?post=396"}],"curies":[{"name":"wp","href":"https:\/\/api.w.org\/{rel}","templated":true}]}}