{"id":3956,"date":"2025-11-13T07:45:00","date_gmt":"2025-11-13T10:45:00","guid":{"rendered":"https:\/\/tribunademinas.audiencelabs.com.br\/?p=3956"},"modified":"2025-11-13T12:07:21","modified_gmt":"2025-11-13T15:07:21","slug":"nao-pague-pela-segunda-via-do-rg-veja-quando-e-possivel-emitir-de-graca","status":"publish","type":"post","link":"https:\/\/tribunademinas.audiencelabs.com.br\/nao-pague-pela-segunda-via-do-rg-veja-quando-e-possivel-emitir-de-graca\/","title":{"rendered":"N\u00e3o pague pela segunda via do RG: veja quando \u00e9 poss\u00edvel emitir de gra\u00e7a"},"content":{"rendered":"\n<p>Nos \u00faltimos anos, o governo federal come\u00e7ou a substituir o tradicional Registro Geral (RG) por um novo modelo: a Carteira de Identidade Nacional (CIN). <\/p>\n\n\n\n<p>Essa nova vers\u00e3o moderniza o sistema de identifica\u00e7\u00e3o no Brasil ao unificar o n\u00famero do CPF como chave \u00fanica em todo o territ\u00f3rio nacional. Segundo determina\u00e7\u00e3o legal, todos os brasileiros devem trocar o documento at\u00e9 o ano de 2032. <\/p>\n\n\n\n<p>No entanto, apesar da primeira via da CIN ser gratuita para qualquer cidad\u00e3o, a solicita\u00e7\u00e3o da segunda via pode pesar no bolso, a depender do estado, o custo pode chegar a R$ 100. <\/p>\n\n\n\n<p>A boa not\u00edcia \u00e9 que, em determinadas situa\u00e7\u00f5es, \u00e9 poss\u00edvel conseguir o novo documento sem pagar nada.<\/p>\n\n\n\n<h2 class=\"wp-block-heading\">N\u00e3o pague pela segunda via do RG: veja quando \u00e9 poss\u00edvel emitir de gra\u00e7a<\/h2>\n\n\n\n<p>A <a href=\"https:\/\/tribunademinas.com.br\/colunas\/dinheiroecidadania\/seu-rg-vai-ser-totalmente-diferente-na-nova-carteira-de-identidade-nacional\/\"><strong>CIN<\/strong><\/a> traz uma s\u00e9rie de avan\u00e7os tecnol\u00f3gicos. O documento conta com QR Code, chip eletr\u00f4nico, maior seguran\u00e7a contra fraudes e pode ser acessado tamb\u00e9m em vers\u00e3o digital pelo aplicativo Gov.br. <\/p>\n\n\n\n<p>Al\u00e9m disso, permite a inclus\u00e3o de informa\u00e7\u00f5es adicionais como tipo sangu\u00edneo, entre outros dados. <\/p>\n\n\n\n<p>A principal mudan\u00e7a, por\u00e9m, est\u00e1 na unifica\u00e7\u00e3o do CPF como identificador nacional, o que elimina a confus\u00e3o causada por diferentes n\u00fameros de RG emitidos por diversos estados.<\/p>\n\n\n\n<p>Apesar de representar um avan\u00e7o, quem precisa solicitar uma nova via, seja por perda, roubo ou atualiza\u00e7\u00e3o cadastral, deve se atentar aos custos. <\/p>\n\n\n\n<p>A cobran\u00e7a da taxa varia conforme a unidade da federa\u00e7\u00e3o, e n\u00e3o existe um valor fixo nacional. Em alguns locais, a segunda via pode sair por R$ 30; em outros, ultrapassa os R$ 90. <\/p>\n\n\n\n<p>Ainda assim, h\u00e1 situa\u00e7\u00f5es em que a emiss\u00e3o \u00e9 gratuita.<\/p>\n\n\n\n<h3 class=\"wp-block-heading\">Novo documento de gra\u00e7a: quem tem direito e como solicitar?<\/h3>\n\n\n\n<p>Pessoas que comprovarem vulnerabilidade social, como inscritos no Cadastro \u00danico (Cad\u00danico), podem ter direito \u00e0 isen\u00e7\u00e3o. O mesmo vale para v\u00edtimas de furto ou roubo, desde que apresentem o boletim de ocorr\u00eancia dentro do prazo exigido pelo \u00f3rg\u00e3o emissor. <\/p>\n\n\n\n<p>Em alguns estados, idosos com 60 anos ou mais tamb\u00e9m s\u00e3o isentos, especialmente em casos de roubo. Pessoas com defici\u00eancia podem receber gratuidade mediante documenta\u00e7\u00e3o m\u00e9dica.<\/p>\n\n\n\n<p>Para solicitar a segunda via sem custo, \u00e9 necess\u00e1rio acessar o site oficial do \u00f3rg\u00e3o emissor de identidade no seu estado, preencher os dados, reunir a documenta\u00e7\u00e3o exigida, como certid\u00e3o de nascimento ou casamento, CPF regularizado e comprovante de resid\u00eancia, e agendar o atendimento presencial. <\/p>\n\n\n\n<p>Ap\u00f3s a coleta da biometria e fotografia, o cidad\u00e3o pode acompanhar o processo e, posteriormente, acessar a vers\u00e3o digital pelo aplicativo Gov.br.<\/p>\n\n\n\n<p><\/p>\n","protected":false},"excerpt":{"rendered":"<p>Nos \u00faltimos anos, o governo federal come\u00e7ou a substituir o tradicional Registro Geral (RG) por um novo modelo: a Carteira de Identidade Nacional (CIN). Essa nova vers\u00e3o moderniza o sistema de identifica\u00e7\u00e3o no Brasil ao unificar o n\u00famero do CPF como chave \u00fanica em todo o territ\u00f3rio nacional. Segundo determina\u00e7\u00e3o legal, todos os brasileiros devem [&hellip;]<\/p>\n","protected":false},"author":5,"featured_media":3957,"comment_status":"open","ping_status":"open","sticky":false,"template":"","format":"standard","meta":{"jnews-multi-image_gallery":[],"jnews_single_post":{"format":"standard"},"jnews_primary_category":[],"jnews_social_meta":[],"jnews_post_split":[],"footnotes":""},"categories":[159],"tags":[],"class_list":["post-3956","post","type-post","status-publish","format-standard","has-post-thumbnail","hentry","category-cidadania"],"yoast_head":"<!-- This site is optimized with the Yoast SEO plugin v25.6 - https:\/\/yoast.com\/wordpress\/plugins\/seo\/ -->\n<title>N\u00e3o pague pela segunda via do RG: veja quando \u00e9 poss\u00edvel emitir de gra\u00e7a<\/title>\n<meta name=\"description\" content=\"Nos \u00faltimos anos, o governo federal come\u00e7ou a substituir o tradicional RG por um novo modelo: a Carteira de Identidade Nacional (CIN).\" \/>\n<meta name=\"robots\" content=\"index, follow, max-snippet:-1, max-image-preview:large, max-video-preview:-1\" \/>\n<link rel=\"canonical\" href=\"https:\/\/tribunademinas.audiencelabs.com.br\/nao-pague-pela-segunda-via-do-rg-veja-quando-e-possivel-emitir-de-graca\/\" \/>\n<meta property=\"og:locale\" content=\"pt_BR\" \/>\n<meta property=\"og:type\" content=\"article\" \/>\n<meta property=\"og:title\" content=\"N\u00e3o pague pela segunda via do RG: veja quando \u00e9 poss\u00edvel emitir de gra\u00e7a\" \/>\n<meta property=\"og:description\" content=\"Nos \u00faltimos anos, o governo federal come\u00e7ou a substituir o tradicional RG por um novo modelo: a Carteira de Identidade Nacional (CIN).\" \/>\n<meta property=\"og:url\" content=\"https:\/\/tribunademinas.audiencelabs.com.br\/nao-pague-pela-segunda-via-do-rg-veja-quando-e-possivel-emitir-de-graca\/\" \/>\n<meta property=\"og:site_name\" content=\"Tribuna de Minas - Dinheiro e Cidadania\" \/>\n<meta property=\"article:publisher\" content=\"https:\/\/www.facebook.com\/tribunademinas\/\" \/>\n<meta property=\"article:published_time\" content=\"2025-11-13T10:45:00+00:00\" \/>\n<meta property=\"article:modified_time\" content=\"2025-11-13T15:07:21+00:00\" \/>\n<meta property=\"og:image\" content=\"https:\/\/tribunademinas.audiencelabs.com.br\/wp-content\/uploads\/2025\/11\/RG.webp\" \/>\n\t<meta property=\"og:image:width\" content=\"1170\" \/>\n\t<meta property=\"og:image:height\" content=\"700\" \/>\n\t<meta property=\"og:image:type\" content=\"image\/webp\" \/>\n<meta name=\"author\" content=\"Jeferson Carvalho\" \/>\n<meta name=\"twitter:card\" content=\"summary_large_image\" \/>\n<meta name=\"twitter:creator\" content=\"@tribunademinas\" \/>\n<meta name=\"twitter:site\" content=\"@tribunademinas\" \/>\n<meta name=\"twitter:label1\" content=\"Escrito por\" \/>\n\t<meta name=\"twitter:data1\" content=\"Jeferson Carvalho\" \/>\n\t<meta name=\"twitter:label2\" content=\"Est. tempo de leitura\" \/>\n\t<meta name=\"twitter:data2\" content=\"3 minutos\" \/>\n<!-- \/ Yoast SEO plugin. -->","yoast_head_json":{"title":"N\u00e3o pague pela segunda via do RG: veja quando \u00e9 poss\u00edvel emitir de gra\u00e7a","description":"Nos \u00faltimos anos, o governo federal come\u00e7ou a substituir o tradicional RG por um novo modelo: a Carteira de Identidade Nacional (CIN).","robots":{"index":"index","follow":"follow","max-snippet":"max-snippet:-1","max-image-preview":"max-image-preview:large","max-video-preview":"max-video-preview:-1"},"canonical":"https:\/\/tribunademinas.audiencelabs.com.br\/nao-pague-pela-segunda-via-do-rg-veja-quando-e-possivel-emitir-de-graca\/","og_locale":"pt_BR","og_type":"article","og_title":"N\u00e3o pague pela segunda via do RG: veja quando \u00e9 poss\u00edvel emitir de gra\u00e7a","og_description":"Nos \u00faltimos anos, o governo federal come\u00e7ou a substituir o tradicional RG por um novo modelo: a Carteira de Identidade Nacional (CIN).","og_url":"https:\/\/tribunademinas.audiencelabs.com.br\/nao-pague-pela-segunda-via-do-rg-veja-quando-e-possivel-emitir-de-graca\/","og_site_name":"Tribuna de Minas - Dinheiro e Cidadania","article_publisher":"https:\/\/www.facebook.com\/tribunademinas\/","article_published_time":"2025-11-13T10:45:00+00:00","article_modified_time":"2025-11-13T15:07:21+00:00","og_image":[{"width":1170,"height":700,"url":"https:\/\/tribunademinas.audiencelabs.com.br\/wp-content\/uploads\/2025\/11\/RG.webp","type":"image\/webp"}],"author":"Jeferson Carvalho","twitter_card":"summary_large_image","twitter_creator":"@tribunademinas","twitter_site":"@tribunademinas","twitter_misc":{"Escrito por":"Jeferson Carvalho","Est. tempo de leitura":"3 minutos"},"schema":{"@context":"https:\/\/schema.org","@graph":[{"@type":"Article","@id":"https:\/\/tribunademinas.audiencelabs.com.br\/nao-pague-pela-segunda-via-do-rg-veja-quando-e-possivel-emitir-de-graca\/#article","isPartOf":{"@id":"https:\/\/tribunademinas.audiencelabs.com.br\/nao-pague-pela-segunda-via-do-rg-veja-quando-e-possivel-emitir-de-graca\/"},"author":{"name":"Jeferson Carvalho","@id":"https:\/\/tribunademinas.audiencelabs.com.br\/#\/schema\/person\/db18fc40307804bacef94213aa68fd9d"},"headline":"N\u00e3o pague pela segunda via do RG: veja quando \u00e9 poss\u00edvel emitir de gra\u00e7a","datePublished":"2025-11-13T10:45:00+00:00","dateModified":"2025-11-13T15:07:21+00:00","mainEntityOfPage":{"@id":"https:\/\/tribunademinas.audiencelabs.com.br\/nao-pague-pela-segunda-via-do-rg-veja-quando-e-possivel-emitir-de-graca\/"},"wordCount":471,"commentCount":0,"publisher":{"@id":"https:\/\/tribunademinas.audiencelabs.com.br\/#organization"},"image":{"@id":"https:\/\/tribunademinas.audiencelabs.com.br\/nao-pague-pela-segunda-via-do-rg-veja-quando-e-possivel-emitir-de-graca\/#primaryimage"},"thumbnailUrl":"https:\/\/tribunademinas.audiencelabs.com.br\/wp-content\/uploads\/2025\/11\/RG.webp","articleSection":["Cidadania"],"inLanguage":"pt-BR","potentialAction":[{"@type":"CommentAction","name":"Comment","target":["https:\/\/tribunademinas.audiencelabs.com.br\/nao-pague-pela-segunda-via-do-rg-veja-quando-e-possivel-emitir-de-graca\/#respond"]}]},{"@type":"WebPage","@id":"https:\/\/tribunademinas.audiencelabs.com.br\/nao-pague-pela-segunda-via-do-rg-veja-quando-e-possivel-emitir-de-graca\/","url":"https:\/\/tribunademinas.audiencelabs.com.br\/nao-pague-pela-segunda-via-do-rg-veja-quando-e-possivel-emitir-de-graca\/","name":"N\u00e3o pague pela segunda via do RG: veja quando \u00e9 poss\u00edvel emitir de gra\u00e7a","isPartOf":{"@id":"https:\/\/tribunademinas.audiencelabs.com.br\/#website"},"primaryImageOfPage":{"@id":"https:\/\/tribunademinas.audiencelabs.com.br\/nao-pague-pela-segunda-via-do-rg-veja-quando-e-possivel-emitir-de-graca\/#primaryimage"},"image":{"@id":"https:\/\/tribunademinas.audiencelabs.com.br\/nao-pague-pela-segunda-via-do-rg-veja-quando-e-possivel-emitir-de-graca\/#primaryimage"},"thumbnailUrl":"https:\/\/tribunademinas.audiencelabs.com.br\/wp-content\/uploads\/2025\/11\/RG.webp","datePublished":"2025-11-13T10:45:00+00:00","dateModified":"2025-11-13T15:07:21+00:00","description":"Nos \u00faltimos anos, o governo federal come\u00e7ou a substituir o tradicional RG por um novo modelo: a Carteira de Identidade Nacional (CIN).","breadcrumb":{"@id":"https:\/\/tribunademinas.audiencelabs.com.br\/nao-pague-pela-segunda-via-do-rg-veja-quando-e-possivel-emitir-de-graca\/#breadcrumb"},"inLanguage":"pt-BR","potentialAction":[{"@type":"ReadAction","target":["https:\/\/tribunademinas.audiencelabs.com.br\/nao-pague-pela-segunda-via-do-rg-veja-quando-e-possivel-emitir-de-graca\/"]}]},{"@type":"ImageObject","inLanguage":"pt-BR","@id":"https:\/\/tribunademinas.audiencelabs.com.br\/nao-pague-pela-segunda-via-do-rg-veja-quando-e-possivel-emitir-de-graca\/#primaryimage","url":"https:\/\/tribunademinas.audiencelabs.com.br\/wp-content\/uploads\/2025\/11\/RG.webp","contentUrl":"https:\/\/tribunademinas.audiencelabs.com.br\/wp-content\/uploads\/2025\/11\/RG.webp","width":1170,"height":700,"caption":"N\u00e3o pague pela segunda via do RG: veja quando \u00e9 poss\u00edvel emitir de gra\u00e7a - Imagem: Divulga\u00e7\u00e3o\/IGP-RS"},{"@type":"BreadcrumbList","@id":"https:\/\/tribunademinas.audiencelabs.com.br\/nao-pague-pela-segunda-via-do-rg-veja-quando-e-possivel-emitir-de-graca\/#breadcrumb","itemListElement":[{"@type":"ListItem","position":1,"name":"In\u00edcio","item":"https:\/\/tribunademinas.audiencelabs.com.br\/"},{"@type":"ListItem","position":2,"name":"N\u00e3o pague pela segunda via do RG: veja quando \u00e9 poss\u00edvel emitir de gra\u00e7a"}]},{"@type":"WebSite","@id":"https:\/\/tribunademinas.audiencelabs.com.br\/#website","url":"https:\/\/tribunademinas.audiencelabs.com.br\/","name":"Tribuna de Minas - Dinheiro e Cidadania","description":"","publisher":{"@id":"https:\/\/tribunademinas.audiencelabs.com.br\/#organization"},"potentialAction":[{"@type":"SearchAction","target":{"@type":"EntryPoint","urlTemplate":"https:\/\/tribunademinas.audiencelabs.com.br\/?s={search_term_string}"},"query-input":{"@type":"PropertyValueSpecification","valueRequired":true,"valueName":"search_term_string"}}],"inLanguage":"pt-BR"},{"@type":"Organization","@id":"https:\/\/tribunademinas.audiencelabs.com.br\/#organization","name":"Tribuna de Minas - Dinheiro e Cidadania","url":"https:\/\/tribunademinas.audiencelabs.com.br\/","logo":{"@type":"ImageObject","inLanguage":"pt-BR","@id":"https:\/\/tribunademinas.audiencelabs.com.br\/#\/schema\/logo\/image\/","url":"https:\/\/tribunademinas.audiencelabs.com.br\/wp-content\/uploads\/2025\/08\/cropped-Tribuna_512x512-96x96-1.png","contentUrl":"https:\/\/tribunademinas.audiencelabs.com.br\/wp-content\/uploads\/2025\/08\/cropped-Tribuna_512x512-96x96-1.png","width":96,"height":96,"caption":"Tribuna de Minas - Dinheiro e Cidadania"},"image":{"@id":"https:\/\/tribunademinas.audiencelabs.com.br\/#\/schema\/logo\/image\/"},"sameAs":["https:\/\/www.facebook.com\/tribunademinas\/","https:\/\/x.com\/tribunademinas","https:\/\/www.instagram.com\/tribunademinas\/","https:\/\/www.youtube.com\/user\/TribunadeMinasJF"]},{"@type":"Person","@id":"https:\/\/tribunademinas.audiencelabs.com.br\/#\/schema\/person\/db18fc40307804bacef94213aa68fd9d","name":"Jeferson Carvalho","image":{"@type":"ImageObject","inLanguage":"pt-BR","@id":"https:\/\/tribunademinas.audiencelabs.com.br\/#\/schema\/person\/image\/","url":"https:\/\/secure.gravatar.com\/avatar\/cd7646e328d9670dad7dea8698522e522745eeffcff5b9d08be858e377ce326b?s=96&d=mm&r=g","contentUrl":"https:\/\/secure.gravatar.com\/avatar\/cd7646e328d9670dad7dea8698522e522745eeffcff5b9d08be858e377ce326b?s=96&d=mm&r=g","caption":"Jeferson Carvalho"},"description":"Jornalista apaixonado pela profiss\u00e3o!","url":"https:\/\/tribunademinas.audiencelabs.com.br\/author\/jeferson\/"}]}},"amp_enabled":true,"_links":{"self":[{"href":"https:\/\/tribunademinas.audiencelabs.com.br\/wp-json\/wp\/v2\/posts\/3956","targetHints":{"allow":["GET"]}}],"collection":[{"href":"https:\/\/tribunademinas.audiencelabs.com.br\/wp-json\/wp\/v2\/posts"}],"about":[{"href":"https:\/\/tribunademinas.audiencelabs.com.br\/wp-json\/wp\/v2\/types\/post"}],"author":[{"embeddable":true,"href":"https:\/\/tribunademinas.audiencelabs.com.br\/wp-json\/wp\/v2\/users\/5"}],"replies":[{"embeddable":true,"href":"https:\/\/tribunademinas.audiencelabs.com.br\/wp-json\/wp\/v2\/comments?post=3956"}],"version-history":[{"count":2,"href":"https:\/\/tribunademinas.audiencelabs.com.br\/wp-json\/wp\/v2\/posts\/3956\/revisions"}],"predecessor-version":[{"id":3991,"href":"https:\/\/tribunademinas.audiencelabs.com.br\/wp-json\/wp\/v2\/posts\/3956\/revisions\/3991"}],"wp:featuredmedia":[{"embeddable":true,"href":"https:\/\/tribunademinas.audiencelabs.com.br\/wp-json\/wp\/v2\/media\/3957"}],"wp:attachment":[{"href":"https:\/\/tribunademinas.audiencelabs.com.br\/wp-json\/wp\/v2\/media?parent=3956"}],"wp:term":[{"taxonomy":"category","embeddable":true,"href":"https:\/\/tribunademinas.audiencelabs.com.br\/wp-json\/wp\/v2\/categories?post=3956"},{"taxonomy":"post_tag","embeddable":true,"href":"https:\/\/tribunademinas.audiencelabs.com.br\/wp-json\/wp\/v2\/tags?post=3956"}],"curies":[{"name":"wp","href":"https:\/\/api.w.org\/{rel}","templated":true}]}}