{"id":3934,"date":"2025-11-12T14:50:10","date_gmt":"2025-11-12T17:50:10","guid":{"rendered":"https:\/\/tribunademinas.audiencelabs.com.br\/?p=3934"},"modified":"2025-11-13T14:34:57","modified_gmt":"2025-11-13T17:34:57","slug":"lei-amplia-licenca-maternidade-quando-mae-ou-bebe-ficam-internados","status":"publish","type":"post","link":"https:\/\/tribunademinas.audiencelabs.com.br\/lei-amplia-licenca-maternidade-quando-mae-ou-bebe-ficam-internados\/","title":{"rendered":"Lei amplia licen\u00e7a-maternidade quando m\u00e3e ou beb\u00ea ficam internados"},"content":{"rendered":"\n<p>Uma nova legisla\u00e7\u00e3o, sancionada pelo presidente Luiz In\u00e1cio Lula da Silva (PT), altera as regras da licen\u00e7a-maternidade em casos de complica\u00e7\u00f5es no parto que exijam interna\u00e7\u00e3o prolongada da m\u00e3e ou do rec\u00e9m-nascido. <\/p>\n\n\n\n<p>A partir de agora, quando a hospitaliza\u00e7\u00e3o ultrapassar 14 dias, o per\u00edodo da licen\u00e7a ser\u00e1 estendido proporcionalmente ao tempo de interna\u00e7\u00e3o. A mudan\u00e7a garante que o tempo que m\u00e3e ou beb\u00ea passarem internados n\u00e3o comprometa os dias de conviv\u00eancia entre eles ap\u00f3s a alta m\u00e9dica. <\/p>\n\n\n\n<p>Al\u00e9m disso, a <a href=\"https:\/\/www.in.gov.br\/en\/web\/dou\/-\/lei-n-15.222-de-29-de-setembro-de-2025-659318205\"><strong>nova lei<\/strong><\/a> permite que o sal\u00e1rio-maternidade seja pago por mais de 120 dias nos casos em que a interna\u00e7\u00e3o estiver relacionada a complica\u00e7\u00f5es decorrentes do parto.<\/p>\n\n\n\n<h2 class=\"wp-block-heading\">Lei amplia licen\u00e7a-maternidade quando m\u00e3e ou beb\u00ea ficam internados<\/h2>\n\n\n\n<p>A licen\u00e7a-maternidade \u00e9 um direito trabalhista assegurado \u00e0s mulheres empregadas formalmente, servidoras p\u00fablicas e seguradas da Previd\u00eancia Social. <\/p>\n\n\n<style>@media (min-width: 992px) {\n    .recomendadorV2Area1 {\n        width: 280px;\n    }\n    .recomendadorV2Area2 {\n        padding: 0px 20px;\n        width: calc(100% - 280px);\n    }\n}\n\n@media (max-width: 992px) {\n    .recomendadorV2Button {\n        margin: 0 auto;\n    }\n    .recomendadorV2Area {\n        flex-direction: column;\n        text-align: center;\n    }\n    .recomendadorV2Area2 {\n        padding: 0px 20px;\n    }\n}\n\n.recomendadorV2Area {\n    background: #eeeeee3d;\n    border-radius: 10px;\n    padding: 15px;\n    display: flex;\n    margin: 15px auto;\n    border: 1px solid #00000014;\n    max-width: 800px;\n}\n\n.recomendadorV2Area1 img {\n    width: 280px;\n    height: auto;\n    border-radius: 8px;\n}\n\n.linkrecomendadorv2 {\n    text-decoration: none !important;\n}\n\n.recomendadorV2Area2 .recomendadorV2Type {\n    text-transform: uppercase;\n    font-weight: 500;\n    font-size: 11px;\n    letter-spacing: 2px;\n    color: #666;\n    margin: 12px 0;\n    display: block;\n}\n\n.recomendadorV2Title h2 {\n    padding-top: 0px !important;\n    margin: 0px !important;\n    border-left: none !important;\n    padding-left: 0px !important;\n    line-height: 1.3;\n    color: #000 !important;\n    font-size: 24px;\n    margin-bottom: 12px !important;\n}\n\n.recomendadorV2Desc {\n    color: #333;\n    margin: 12px 0px !important;\n    font-size: 15px;\n    line-height: 1.5;\n}\n\n.recomendadorV2Button {\n    width: auto;\n    max-width: 200px;\n    margin: 0;\n    display: inline-flex;\n    align-items: center;\n    background: #1D3557;\n    border-radius: 8px;\n    color: #fff;\n    height: 36px;\n    justify-content: center;\n    text-align: center;\n    font-size: 14px;\n    padding: 0 20px;\n    transition: background-color 0.2s ease;\n}\n\n.recomendadorV2Button:hover {\n    background: #2a4d7a;\n}\n\n.recomendadorV2Button:after {\n    margin-top: -2px;\n    content: \"\u2192\";\n    padding: 0px 0px 0px 8px;\n}\n\n.recomendadorV2Alert {\n    text-align: left;\n    font-size: 11px;\n    margin-top: 8px;\n    color: #666;\n}\n\n.recomendadorFixedArea {\n    width: 100%;\n    display: flex;\n    justify-content: center;\n    align-items: center;\n}\n\n@media (min-width: 992px) {\n    #recomendadorFixed {\n        width: 32% !important;\n        left: 5%;\n    }\n    .recomendadorCloseFixed{\n        right: inherit !important;\n        left: 378px !important;\n    }\n}\n\n#recomendadorFixed {\n    width: 90%;\n    box-shadow: 0 10px 20px 0px #00000057;\n    display: none;\n    height: 90px;\n    background: #F6F6F6;\n    position: fixed;\n    flex-direction: row;\n    bottom: 10px;\n    z-index: 9999;\n    border-radius: 16px;\n    padding: 7px 10px;\n}\n\n.recomendadorLeftArea {\n    width: 160px;\n}\n\n.recomendadorRightArea h2 {\n    padding-top: 0px;\n    margin: 2px 0px 4px 0px !important;\n    font-weight: 400;\n    text-align: center;\n    padding-left: 0px !important;\n    color: #000 !important;\n    border-left: none !important;\n    line-height: 20px;\n    font-size: 12px !important;\n}\n\n.recomendadorImgFixed {\n    overflow: hidden;\n    padding: 8px 6px;\n    height: 100%;\n}\n\n.recomendadorImgFixed img {\n    height: 100% !important;\n    border-radius: 16px;\n}\n\n.recomendadorRightArea {\n    padding-top: 6px;\n    display: flex;\n    width: calc(100% - 130px);\n    justify-content: space-between;\n    align-items: center;\n    flex-direction: column;\n}\n\n.recomendadorButtonFixed {\n    margin: 0 auto;\n    background: #1D3557;\n    width: 80%;\n    text-align: center;\n    font-size: 10px;\n    color: #FFF;\n    padding: 2px 10px;\n    border-radius: 3px;\n}\n\n.recomendadorButtonFixed:after {\n    margin-top: -3px;\n    content: \"\u2192\";\n    padding: 0px 0px 0px 10px;\n}\n\n.recomendadorAlertFixed {\n    font-weight: 400;\n    text-align: center;\n    color: #484848;\n    font-size: 8px;\n}\n\n.recomendadorCloseFixed {\n    z-index: 99999;\n    display: none;\n    right: 0px;\n    left: inherit;\n    bottom: 99px;\n    position: fixed;\n    justify-content: center;\n    background: #F6F6F6;\n    width: 25px;\n    align-items: center;\n    height: 25px;\n    font-weight: 800;\n    border-radius: 50%;\n    border: 1px solid #EBEBEB;\n}\n\n.recomendadorV2Desc{\n    color: #000000;\n    margin: 20px 0px;\n}\n\n@media (max-width: 576px) {\n    .recomendadorV2Area {\n      padding: 10px;\n      max-width: 100%;\n    }\n  \n    .recomendadorV2Area1 img {\n      width: 100%;\n      border-radius: 6px;\n    }\n  \n    .recomendadorV2Area2 .recomendadorV2Type {\n      font-size: 9px;\n      letter-spacing: 1px;\n      margin: 8px 0;\n    }\n  \n    .recomendadorV2Title h2 {\n      font-size: 18px !important;\n      margin-bottom: 8px !important;\n      line-height: 1.2;\n    }\n  \n    .recomendadorV2Desc {\n      font-size: 14px;\n      margin: 8px 0 !important;\n      line-height: 1.4;\n    }\n  \n    .recomendadorV2Button {\n      font-size: 12px;\n      height: 30px;\n      padding: 0 12px;\n      max-width: 160px;\n    }\n  \n    .recomendadorV2Button:after {\n      padding-left: 6px;\n    }\n  }\n  <\/style>\n        <div class=\"lazyblock-recomendador-v2-2jDGz wp-block-lazyblock-recomendador-v2\">\n        <a class=\"linkrecomendadorv2\" href=\"https:\/\/tribunademinas.com.br\/colunas\/maistendencias\/obturacoes-no-dente-serao-canceladas-no-brasil-por-causa-de-mercurio\/?utm_source=lazy\">\n            <div class=\"recomendadorV2Area\">\n            <div class=\"recomendadorV2Area1\">\n                <div class=\"recomendadorV2Img\">\n                <img class=\"lazyloaded\" decoding=\"async\" src=\"https:\/\/tribunademinas.com.br\/colunas\/maistendencias\/wp-content\/uploads\/2025\/11\/obturacao-dente-merc\u00fario.jpg\" data-src=\"https:\/\/tribunademinas.com.br\/colunas\/maistendencias\/wp-content\/uploads\/2025\/11\/obturacao-dente-merc\u00fario.jpg\" alt=\"\">\n                <\/div>\n            <\/div>\n            <div class=\"recomendadorV2Area2\">\n                <div class=\"recomendadorV2Type\">\n                    <span>Sa\u00fade bucal<\/span>\n                <\/div>\n                <div class=\"recomendadorV2Title\">\n                <h2><span>Fim das obtura\u00e7\u00f5es com merc\u00fario \ud83d\ude2c<\/span><\/h2>\n                <\/div>\n                <div class=\"recomendadorV2Desc\">\n                <span>Brasil decide eliminar uso do material em tratamentos<\/span>\n                <\/div>\n                <div class=\"recomendadorV2Button\">Saiba os motivos<\/div>\n                <div class=\"recomendadorV2Alert\"><\/div>\n            <\/div>\n            <\/div>\n        <\/a>\n        <div>\n            <div style=\"z-index:99999;\" id=\"buttonClose\" onclick=\"closeRecomendadorFixed()\">\n            <div class=\"recomendadorCloseFixed\">X<\/div>\n            <\/div>\n            <a href=\"https:\/\/tribunademinas.com.br\/colunas\/maistendencias\/obturacoes-no-dente-serao-canceladas-no-brasil-por-causa-de-mercurio\/?utm_source=lazy\">\n            <div class=\"recomendadorFixedArea\">\n                <div id=\"recomendadorFixed\">\n                <div class=\"recomendadorLeftArea\">\n                    <div class=\"recomendadorImgFixed\">\n                    <img class=\"lazyload\" decoding=\"async\" src=\"https:\/\/tribunademinas.com.br\/colunas\/maistendencias\/wp-content\/uploads\/2025\/11\/obturacao-dente-merc\u00fario.jpg\" alt=\"\">\n                    <\/div>\n                <\/div>\n                <div class=\"recomendadorRightArea\">\n                    <div class=\"recomendadorTitleFixed\">\n                    <h2><span>Fim das obtura\u00e7\u00f5es com merc\u00fario \ud83d\ude2c<\/span><\/h2>\n                    <\/div>\n                    <div class=\"recomendadorButtonFixed\">Saiba os motivos<\/div>\n                    <div class=\"recomendadorAlertFixed\"><\/div>\n                <\/div>\n                <\/div>\n            <\/div>\n            <\/a>\n        <\/div>\n        <\/div>\n\n\n\n<p>Prevista na Consolida\u00e7\u00e3o das Leis do Trabalho (CLT), essa licen\u00e7a garante afastamento do trabalho por um per\u00edodo de 120 dias, geralmente iniciado at\u00e9 28 dias antes do parto. <\/p>\n\n\n\n<p>Durante esse tempo, a mulher tem direito \u00e0 estabilidade no emprego e \u00e0 remunera\u00e7\u00e3o, o que permite a recupera\u00e7\u00e3o do parto e o cuidado integral com o rec\u00e9m-nascido.<\/p>\n\n\n\n<p>J\u00e1 o sal\u00e1rio-maternidade \u00e9 um benef\u00edcio pago pela Previd\u00eancia Social, que cobre financeiramente as trabalhadoras durante o per\u00edodo em que estiverem afastadas por licen\u00e7a-maternidade. <\/p>\n\n\n\n<p>O pagamento \u00e9 feito tanto para mulheres com carteira assinada quanto para contribuintes individuais, facultativas e desempregadas que se enquadrem nas exig\u00eancias legais. <\/p>\n\n\n\n<p>At\u00e9 ent\u00e3o, o benef\u00edcio era limitado aos 120 dias da licen\u00e7a padr\u00e3o, independentemente de qualquer intercorr\u00eancia no parto.<\/p>\n\n\n\n<h3 class=\"wp-block-heading\">O que muda na licen\u00e7a-maternidade e sal\u00e1rio-maternidade com a nova lei?<\/h3>\n\n\n\n<p>Com a nova lei, o tempo de hospitaliza\u00e7\u00e3o da m\u00e3e ou do beb\u00ea, quando superior a duas semanas e comprovadamente relacionado ao parto, ser\u00e1 acrescido ao per\u00edodo da licen\u00e7a e do benef\u00edcio previdenci\u00e1rio. <\/p>\n\n\n\n<p>Essa extens\u00e3o ser\u00e1 concedida mediante atestado m\u00e9dico, garantindo que a contagem dos 120 dias comece somente ap\u00f3s a alta hospitalar. A medida incorpora ao texto legal um entendimento que j\u00e1 havia sido reconhecido pelo Supremo Tribunal Federal (STF) em 2022.<\/p>\n\n\n\n<p>O mesmo vale para o sal\u00e1rio-maternidade, que deve ser pago ao longo da interna\u00e7\u00e3o e por mais 120 dias ap\u00f3s a alta. As <a href=\"https:\/\/tribunademinas.com.br\/colunas\/dinheiroecidadania\/licenca-maternidade-tem-mudanca-enorme-apos-leis-de-lula\/\"><strong>mudan\u00e7as<\/strong><\/a> trazidas pela nova legisla\u00e7\u00e3o representam um avan\u00e7o significativo para a prote\u00e7\u00e3o \u00e0 maternidade. <\/p>\n\n\n\n<p>Elas asseguram que m\u00e3es e beb\u00eas n\u00e3o percam tempo precioso de conviv\u00eancia por motivos de sa\u00fade e refor\u00e7am o compromisso com os direitos das mulheres, a preserva\u00e7\u00e3o do v\u00ednculo afetivo e a recupera\u00e7\u00e3o adequada no p\u00f3s-parto.<\/p>\n\n\n\n<p><\/p>\n","protected":false},"excerpt":{"rendered":"<p>Uma nova legisla\u00e7\u00e3o, sancionada pelo presidente Luiz In\u00e1cio Lula da Silva (PT), altera as regras da licen\u00e7a-maternidade em casos de complica\u00e7\u00f5es no parto que exijam interna\u00e7\u00e3o prolongada da m\u00e3e ou do rec\u00e9m-nascido. A partir de agora, quando a hospitaliza\u00e7\u00e3o ultrapassar 14 dias, o per\u00edodo da licen\u00e7a ser\u00e1 estendido proporcionalmente ao tempo de interna\u00e7\u00e3o. A mudan\u00e7a [&hellip;]<\/p>\n","protected":false},"author":5,"featured_media":3935,"comment_status":"open","ping_status":"open","sticky":false,"template":"","format":"standard","meta":{"jnews-multi-image_gallery":[],"jnews_single_post":{"format":"standard"},"jnews_primary_category":[],"jnews_social_meta":[],"jnews_post_split":[],"footnotes":""},"categories":[159],"tags":[],"class_list":["post-3934","post","type-post","status-publish","format-standard","has-post-thumbnail","hentry","category-cidadania"],"yoast_head":"<!-- This site is optimized with the Yoast SEO plugin v25.6 - https:\/\/yoast.com\/wordpress\/plugins\/seo\/ -->\n<title>Lei amplia licen\u00e7a-maternidade quando m\u00e3e ou beb\u00ea ficam internados<\/title>\n<meta name=\"description\" content=\"Uma nova legisla\u00e7\u00e3o, sancionada pelo presidente Lula (PT), altera as regras da licen\u00e7a-maternidade em casos de complica\u00e7\u00f5es no parto.\" \/>\n<meta name=\"robots\" content=\"index, follow, max-snippet:-1, max-image-preview:large, max-video-preview:-1\" \/>\n<link rel=\"canonical\" href=\"https:\/\/tribunademinas.audiencelabs.com.br\/lei-amplia-licenca-maternidade-quando-mae-ou-bebe-ficam-internados\/\" \/>\n<meta property=\"og:locale\" content=\"pt_BR\" \/>\n<meta property=\"og:type\" content=\"article\" \/>\n<meta property=\"og:title\" content=\"Lei amplia licen\u00e7a-maternidade quando m\u00e3e ou beb\u00ea ficam internados\" \/>\n<meta property=\"og:description\" content=\"Uma nova legisla\u00e7\u00e3o, sancionada pelo presidente Lula (PT), altera as regras da licen\u00e7a-maternidade em casos de complica\u00e7\u00f5es no parto.\" \/>\n<meta property=\"og:url\" content=\"https:\/\/tribunademinas.audiencelabs.com.br\/lei-amplia-licenca-maternidade-quando-mae-ou-bebe-ficam-internados\/\" \/>\n<meta property=\"og:site_name\" content=\"Tribuna de Minas - Dinheiro e Cidadania\" \/>\n<meta property=\"article:publisher\" content=\"https:\/\/www.facebook.com\/tribunademinas\/\" \/>\n<meta property=\"article:published_time\" content=\"2025-11-12T17:50:10+00:00\" \/>\n<meta property=\"article:modified_time\" content=\"2025-11-13T17:34:57+00:00\" \/>\n<meta property=\"og:image\" content=\"https:\/\/tribunademinas.audiencelabs.com.br\/wp-content\/uploads\/2025\/11\/licenca-maternidade.webp\" \/>\n\t<meta property=\"og:image:width\" content=\"1170\" \/>\n\t<meta property=\"og:image:height\" content=\"700\" \/>\n\t<meta property=\"og:image:type\" content=\"image\/webp\" \/>\n<meta name=\"author\" content=\"Jeferson Carvalho\" \/>\n<meta name=\"twitter:card\" content=\"summary_large_image\" \/>\n<meta name=\"twitter:creator\" content=\"@tribunademinas\" \/>\n<meta name=\"twitter:site\" content=\"@tribunademinas\" \/>\n<meta name=\"twitter:label1\" content=\"Escrito por\" \/>\n\t<meta name=\"twitter:data1\" content=\"Jeferson Carvalho\" \/>\n\t<meta name=\"twitter:label2\" content=\"Est. tempo de leitura\" \/>\n\t<meta name=\"twitter:data2\" content=\"3 minutos\" \/>\n<!-- \/ Yoast SEO plugin. -->","yoast_head_json":{"title":"Lei amplia licen\u00e7a-maternidade quando m\u00e3e ou beb\u00ea ficam internados","description":"Uma nova legisla\u00e7\u00e3o, sancionada pelo presidente Lula (PT), altera as regras da licen\u00e7a-maternidade em casos de complica\u00e7\u00f5es no parto.","robots":{"index":"index","follow":"follow","max-snippet":"max-snippet:-1","max-image-preview":"max-image-preview:large","max-video-preview":"max-video-preview:-1"},"canonical":"https:\/\/tribunademinas.audiencelabs.com.br\/lei-amplia-licenca-maternidade-quando-mae-ou-bebe-ficam-internados\/","og_locale":"pt_BR","og_type":"article","og_title":"Lei amplia licen\u00e7a-maternidade quando m\u00e3e ou beb\u00ea ficam internados","og_description":"Uma nova legisla\u00e7\u00e3o, sancionada pelo presidente Lula (PT), altera as regras da licen\u00e7a-maternidade em casos de complica\u00e7\u00f5es no parto.","og_url":"https:\/\/tribunademinas.audiencelabs.com.br\/lei-amplia-licenca-maternidade-quando-mae-ou-bebe-ficam-internados\/","og_site_name":"Tribuna de Minas - Dinheiro e Cidadania","article_publisher":"https:\/\/www.facebook.com\/tribunademinas\/","article_published_time":"2025-11-12T17:50:10+00:00","article_modified_time":"2025-11-13T17:34:57+00:00","og_image":[{"width":1170,"height":700,"url":"https:\/\/tribunademinas.audiencelabs.com.br\/wp-content\/uploads\/2025\/11\/licenca-maternidade.webp","type":"image\/webp"}],"author":"Jeferson Carvalho","twitter_card":"summary_large_image","twitter_creator":"@tribunademinas","twitter_site":"@tribunademinas","twitter_misc":{"Escrito por":"Jeferson Carvalho","Est. tempo de leitura":"3 minutos"},"schema":{"@context":"https:\/\/schema.org","@graph":[{"@type":"Article","@id":"https:\/\/tribunademinas.audiencelabs.com.br\/lei-amplia-licenca-maternidade-quando-mae-ou-bebe-ficam-internados\/#article","isPartOf":{"@id":"https:\/\/tribunademinas.audiencelabs.com.br\/lei-amplia-licenca-maternidade-quando-mae-ou-bebe-ficam-internados\/"},"author":{"name":"Jeferson Carvalho","@id":"https:\/\/tribunademinas.audiencelabs.com.br\/#\/schema\/person\/db18fc40307804bacef94213aa68fd9d"},"headline":"Lei amplia licen\u00e7a-maternidade quando m\u00e3e ou beb\u00ea ficam internados","datePublished":"2025-11-12T17:50:10+00:00","dateModified":"2025-11-13T17:34:57+00:00","mainEntityOfPage":{"@id":"https:\/\/tribunademinas.audiencelabs.com.br\/lei-amplia-licenca-maternidade-quando-mae-ou-bebe-ficam-internados\/"},"wordCount":539,"commentCount":0,"publisher":{"@id":"https:\/\/tribunademinas.audiencelabs.com.br\/#organization"},"image":{"@id":"https:\/\/tribunademinas.audiencelabs.com.br\/lei-amplia-licenca-maternidade-quando-mae-ou-bebe-ficam-internados\/#primaryimage"},"thumbnailUrl":"https:\/\/tribunademinas.audiencelabs.com.br\/wp-content\/uploads\/2025\/11\/licenca-maternidade.webp","articleSection":["Cidadania"],"inLanguage":"pt-BR","potentialAction":[{"@type":"CommentAction","name":"Comment","target":["https:\/\/tribunademinas.audiencelabs.com.br\/lei-amplia-licenca-maternidade-quando-mae-ou-bebe-ficam-internados\/#respond"]}]},{"@type":"WebPage","@id":"https:\/\/tribunademinas.audiencelabs.com.br\/lei-amplia-licenca-maternidade-quando-mae-ou-bebe-ficam-internados\/","url":"https:\/\/tribunademinas.audiencelabs.com.br\/lei-amplia-licenca-maternidade-quando-mae-ou-bebe-ficam-internados\/","name":"Lei amplia licen\u00e7a-maternidade quando m\u00e3e ou beb\u00ea ficam internados","isPartOf":{"@id":"https:\/\/tribunademinas.audiencelabs.com.br\/#website"},"primaryImageOfPage":{"@id":"https:\/\/tribunademinas.audiencelabs.com.br\/lei-amplia-licenca-maternidade-quando-mae-ou-bebe-ficam-internados\/#primaryimage"},"image":{"@id":"https:\/\/tribunademinas.audiencelabs.com.br\/lei-amplia-licenca-maternidade-quando-mae-ou-bebe-ficam-internados\/#primaryimage"},"thumbnailUrl":"https:\/\/tribunademinas.audiencelabs.com.br\/wp-content\/uploads\/2025\/11\/licenca-maternidade.webp","datePublished":"2025-11-12T17:50:10+00:00","dateModified":"2025-11-13T17:34:57+00:00","description":"Uma nova legisla\u00e7\u00e3o, sancionada pelo presidente Lula (PT), altera as regras da licen\u00e7a-maternidade em casos de complica\u00e7\u00f5es no parto.","breadcrumb":{"@id":"https:\/\/tribunademinas.audiencelabs.com.br\/lei-amplia-licenca-maternidade-quando-mae-ou-bebe-ficam-internados\/#breadcrumb"},"inLanguage":"pt-BR","potentialAction":[{"@type":"ReadAction","target":["https:\/\/tribunademinas.audiencelabs.com.br\/lei-amplia-licenca-maternidade-quando-mae-ou-bebe-ficam-internados\/"]}]},{"@type":"ImageObject","inLanguage":"pt-BR","@id":"https:\/\/tribunademinas.audiencelabs.com.br\/lei-amplia-licenca-maternidade-quando-mae-ou-bebe-ficam-internados\/#primaryimage","url":"https:\/\/tribunademinas.audiencelabs.com.br\/wp-content\/uploads\/2025\/11\/licenca-maternidade.webp","contentUrl":"https:\/\/tribunademinas.audiencelabs.com.br\/wp-content\/uploads\/2025\/11\/licenca-maternidade.webp","width":1170,"height":700,"caption":"Lei amplia licen\u00e7a-maternidade quando m\u00e3e ou beb\u00ea ficam internados - Imagem: Andre Borges\/Ag\u00eancia Bras\u00edlia"},{"@type":"BreadcrumbList","@id":"https:\/\/tribunademinas.audiencelabs.com.br\/lei-amplia-licenca-maternidade-quando-mae-ou-bebe-ficam-internados\/#breadcrumb","itemListElement":[{"@type":"ListItem","position":1,"name":"In\u00edcio","item":"https:\/\/tribunademinas.audiencelabs.com.br\/"},{"@type":"ListItem","position":2,"name":"Lei amplia licen\u00e7a-maternidade quando m\u00e3e ou beb\u00ea ficam internados"}]},{"@type":"WebSite","@id":"https:\/\/tribunademinas.audiencelabs.com.br\/#website","url":"https:\/\/tribunademinas.audiencelabs.com.br\/","name":"Tribuna de Minas - Dinheiro e Cidadania","description":"","publisher":{"@id":"https:\/\/tribunademinas.audiencelabs.com.br\/#organization"},"potentialAction":[{"@type":"SearchAction","target":{"@type":"EntryPoint","urlTemplate":"https:\/\/tribunademinas.audiencelabs.com.br\/?s={search_term_string}"},"query-input":{"@type":"PropertyValueSpecification","valueRequired":true,"valueName":"search_term_string"}}],"inLanguage":"pt-BR"},{"@type":"Organization","@id":"https:\/\/tribunademinas.audiencelabs.com.br\/#organization","name":"Tribuna de Minas - Dinheiro e Cidadania","url":"https:\/\/tribunademinas.audiencelabs.com.br\/","logo":{"@type":"ImageObject","inLanguage":"pt-BR","@id":"https:\/\/tribunademinas.audiencelabs.com.br\/#\/schema\/logo\/image\/","url":"https:\/\/tribunademinas.audiencelabs.com.br\/wp-content\/uploads\/2025\/08\/cropped-Tribuna_512x512-96x96-1.png","contentUrl":"https:\/\/tribunademinas.audiencelabs.com.br\/wp-content\/uploads\/2025\/08\/cropped-Tribuna_512x512-96x96-1.png","width":96,"height":96,"caption":"Tribuna de Minas - Dinheiro e Cidadania"},"image":{"@id":"https:\/\/tribunademinas.audiencelabs.com.br\/#\/schema\/logo\/image\/"},"sameAs":["https:\/\/www.facebook.com\/tribunademinas\/","https:\/\/x.com\/tribunademinas","https:\/\/www.instagram.com\/tribunademinas\/","https:\/\/www.youtube.com\/user\/TribunadeMinasJF"]},{"@type":"Person","@id":"https:\/\/tribunademinas.audiencelabs.com.br\/#\/schema\/person\/db18fc40307804bacef94213aa68fd9d","name":"Jeferson Carvalho","image":{"@type":"ImageObject","inLanguage":"pt-BR","@id":"https:\/\/tribunademinas.audiencelabs.com.br\/#\/schema\/person\/image\/","url":"https:\/\/secure.gravatar.com\/avatar\/cd7646e328d9670dad7dea8698522e522745eeffcff5b9d08be858e377ce326b?s=96&d=mm&r=g","contentUrl":"https:\/\/secure.gravatar.com\/avatar\/cd7646e328d9670dad7dea8698522e522745eeffcff5b9d08be858e377ce326b?s=96&d=mm&r=g","caption":"Jeferson Carvalho"},"description":"Jornalista apaixonado pela profiss\u00e3o!","url":"https:\/\/tribunademinas.audiencelabs.com.br\/author\/jeferson\/"}]}},"amp_enabled":true,"_links":{"self":[{"href":"https:\/\/tribunademinas.audiencelabs.com.br\/wp-json\/wp\/v2\/posts\/3934","targetHints":{"allow":["GET"]}}],"collection":[{"href":"https:\/\/tribunademinas.audiencelabs.com.br\/wp-json\/wp\/v2\/posts"}],"about":[{"href":"https:\/\/tribunademinas.audiencelabs.com.br\/wp-json\/wp\/v2\/types\/post"}],"author":[{"embeddable":true,"href":"https:\/\/tribunademinas.audiencelabs.com.br\/wp-json\/wp\/v2\/users\/5"}],"replies":[{"embeddable":true,"href":"https:\/\/tribunademinas.audiencelabs.com.br\/wp-json\/wp\/v2\/comments?post=3934"}],"version-history":[{"count":2,"href":"https:\/\/tribunademinas.audiencelabs.com.br\/wp-json\/wp\/v2\/posts\/3934\/revisions"}],"predecessor-version":[{"id":4006,"href":"https:\/\/tribunademinas.audiencelabs.com.br\/wp-json\/wp\/v2\/posts\/3934\/revisions\/4006"}],"wp:featuredmedia":[{"embeddable":true,"href":"https:\/\/tribunademinas.audiencelabs.com.br\/wp-json\/wp\/v2\/media\/3935"}],"wp:attachment":[{"href":"https:\/\/tribunademinas.audiencelabs.com.br\/wp-json\/wp\/v2\/media?parent=3934"}],"wp:term":[{"taxonomy":"category","embeddable":true,"href":"https:\/\/tribunademinas.audiencelabs.com.br\/wp-json\/wp\/v2\/categories?post=3934"},{"taxonomy":"post_tag","embeddable":true,"href":"https:\/\/tribunademinas.audiencelabs.com.br\/wp-json\/wp\/v2\/tags?post=3934"}],"curies":[{"name":"wp","href":"https:\/\/api.w.org\/{rel}","templated":true}]}}