{"id":3932,"date":"2025-11-13T14:00:00","date_gmt":"2025-11-13T17:00:00","guid":{"rendered":"https:\/\/tribunademinas.audiencelabs.com.br\/?p=3932"},"modified":"2025-11-12T14:41:35","modified_gmt":"2025-11-12T17:41:35","slug":"bonus-de-r-200-pode-cair-na-sua-conta-se-fizer-o-2o-dia-de-enem","status":"publish","type":"post","link":"https:\/\/tribunademinas.audiencelabs.com.br\/bonus-de-r-200-pode-cair-na-sua-conta-se-fizer-o-2o-dia-de-enem\/","title":{"rendered":"B\u00f4nus de R$ 200 pode cair na sua conta se fizer o 2\u00ba dia de Enem"},"content":{"rendered":"\n<p>Neste domingo (16), ser\u00e1 aplicada a segunda etapa da edi\u00e7\u00e3o de 2025 do <strong>Exame Nacional do Ensino M\u00e9dio (Enem)<\/strong>. Com isso, os candidatos devem retornar \u00e0s salas para resolver quest\u00f5es de Matem\u00e1tica e Ci\u00eancias da Natureza para assim consolidar suas notas.<\/p>\n\n\n\n<p>Vale destacar que, al\u00e9m de servir como a principal porta de entrada para o ensino superior, o certame ainda pode trazer uma recompensa extra para alguns estudantes, considerando que h\u00e1<strong> um pr\u00eamio de R$ 200<\/strong> pela participa\u00e7\u00e3o.<\/p>\n\n\n\n<p>Trata-se de um dos benef\u00edcios adicionais do programa <strong>P\u00e9-de-Meia<\/strong>, que foi criado pelo governo federal para promover a perman\u00eancia e a conclus\u00e3o escolar do ensino m\u00e9dio p\u00fablico, mas que tamb\u00e9m incentiva o investimento em uma gradua\u00e7\u00e3o.<\/p>\n\n\n\n<p>Sendo assim, todos os benefici\u00e1rios que estiverem concluindo o ensino m\u00e9dio em 2025 e participarem dos dois dias de aplica\u00e7\u00e3o do Enem receber\u00e3o o valor, que <strong>ser\u00e1 depositado ap\u00f3s a confirma\u00e7\u00e3o da aprova\u00e7\u00e3o e da conclus\u00e3o do curso<\/strong>, na mesma conta banc\u00e1ria utilizada para o recebimento das parcelas do programa.<\/p>\n\n\n\n<p>O montante poder\u00e1 ser movimentado por meio do aplicativo <strong>Caixa Tem<\/strong>, da Caixa Econ\u00f4mica Federal, pelos estudantes maiores de 18 anos. J\u00e1 o acompanhamento do status do benef\u00edcio pode ser realizado pelo app <strong>Jornada do Estudante<\/strong>, do Minist\u00e9rio da Educa\u00e7\u00e3o (MEC).<\/p>\n\n\n\n<h2 class=\"wp-block-heading\">Al\u00e9m do pagamento do Enem: estudantes podem receber mais R$ 3 mil<\/h2>\n\n\n\n<p>Considerando que grande parte dos participantes da atual edi\u00e7\u00e3o do Enem est\u00e1 concluindo o ensino m\u00e9dio, os R$ 200 podem n\u00e3o ser o \u00fanico valor extra recebido. Isso porque o programa <strong>P\u00e9-de-Meia<\/strong> ainda prev\u00ea um b\u00f4nus adicional para quem finalizar o ciclo escolar.<\/p>\n\n\n\n<p>Trata-se do<strong> Incentivo Conclus\u00e3o<\/strong>, que \u00e9 dividido em tr\u00eas parcelas de R$ 1 mil depositadas anualmente. Entretanto, estas parcelas ficam retidas e s\u00f3 podem ser sacadas ap\u00f3s a conclus\u00e3o dos tr\u00eas anos do ensino m\u00e9dio.<\/p>\n\n\n\n<p>Desta forma, o cr\u00e9dito total destinado aos benefici\u00e1rios do P\u00e9-de-Meia pode chegar a <strong>R$ 3.200<\/strong>, permitindo que os estudantes contem com um significativo apoio financeiro para iniciar sua jornada no ensino superior.<\/p>\n","protected":false},"excerpt":{"rendered":"<p>Neste domingo (16), ser\u00e1 aplicada a segunda etapa da edi\u00e7\u00e3o de 2025 do Exame Nacional do Ensino M\u00e9dio (Enem). Com isso, os candidatos devem retornar \u00e0s salas para resolver quest\u00f5es de Matem\u00e1tica e Ci\u00eancias da Natureza para assim consolidar suas notas. Vale destacar que, al\u00e9m de servir como a principal porta de entrada para o [&hellip;]<\/p>\n","protected":false},"author":3,"featured_media":3933,"comment_status":"open","ping_status":"open","sticky":false,"template":"","format":"standard","meta":{"jnews-multi-image_gallery":[],"jnews_single_post":{"format":"standard"},"jnews_primary_category":[],"jnews_social_meta":[],"jnews_post_split":[],"footnotes":""},"categories":[159],"tags":[],"class_list":["post-3932","post","type-post","status-publish","format-standard","has-post-thumbnail","hentry","category-cidadania"],"yoast_head":"<!-- This site is optimized with the Yoast SEO plugin v25.6 - https:\/\/yoast.com\/wordpress\/plugins\/seo\/ -->\n<title>B\u00f4nus de R$ 200 pode cair na sua conta se fizer o 2\u00ba dia de Enem<\/title>\n<meta name=\"robots\" content=\"index, follow, max-snippet:-1, max-image-preview:large, max-video-preview:-1\" \/>\n<link rel=\"canonical\" href=\"https:\/\/tribunademinas.audiencelabs.com.br\/bonus-de-r-200-pode-cair-na-sua-conta-se-fizer-o-2o-dia-de-enem\/\" \/>\n<meta property=\"og:locale\" content=\"pt_BR\" \/>\n<meta property=\"og:type\" content=\"article\" \/>\n<meta property=\"og:title\" content=\"B\u00f4nus de R$ 200 pode cair na sua conta se fizer o 2\u00ba dia de Enem\" \/>\n<meta property=\"og:description\" content=\"Neste domingo (16), ser\u00e1 aplicada a segunda etapa da edi\u00e7\u00e3o de 2025 do Exame Nacional do Ensino M\u00e9dio (Enem). Com isso, os candidatos devem retornar \u00e0s salas para resolver quest\u00f5es de Matem\u00e1tica e Ci\u00eancias da Natureza para assim consolidar suas notas. Vale destacar que, al\u00e9m de servir como a principal porta de entrada para o [&hellip;]\" \/>\n<meta property=\"og:url\" content=\"https:\/\/tribunademinas.audiencelabs.com.br\/bonus-de-r-200-pode-cair-na-sua-conta-se-fizer-o-2o-dia-de-enem\/\" \/>\n<meta property=\"og:site_name\" content=\"Tribuna de Minas - Dinheiro e Cidadania\" \/>\n<meta property=\"article:publisher\" content=\"https:\/\/www.facebook.com\/tribunademinas\/\" \/>\n<meta property=\"article:published_time\" content=\"2025-11-13T17:00:00+00:00\" \/>\n<meta property=\"og:image\" content=\"https:\/\/tribunademinas.audiencelabs.com.br\/wp-content\/uploads\/2025\/11\/bonus-200-cair-conta-fizer-2-dia-enem.webp\" \/>\n\t<meta property=\"og:image:width\" content=\"1280\" \/>\n\t<meta property=\"og:image:height\" content=\"720\" \/>\n\t<meta property=\"og:image:type\" content=\"image\/webp\" \/>\n<meta name=\"author\" content=\"Jo\u00e3o Carlos Gomes\" \/>\n<meta name=\"twitter:card\" content=\"summary_large_image\" \/>\n<meta name=\"twitter:creator\" content=\"@tribunademinas\" \/>\n<meta name=\"twitter:site\" content=\"@tribunademinas\" \/>\n<meta name=\"twitter:label1\" content=\"Escrito por\" \/>\n\t<meta name=\"twitter:data1\" content=\"Jo\u00e3o Carlos Gomes\" \/>\n\t<meta name=\"twitter:label2\" content=\"Est. tempo de leitura\" \/>\n\t<meta name=\"twitter:data2\" content=\"3 minutos\" \/>\n<!-- \/ Yoast SEO plugin. -->","yoast_head_json":{"title":"B\u00f4nus de R$ 200 pode cair na sua conta se fizer o 2\u00ba dia de Enem","robots":{"index":"index","follow":"follow","max-snippet":"max-snippet:-1","max-image-preview":"max-image-preview:large","max-video-preview":"max-video-preview:-1"},"canonical":"https:\/\/tribunademinas.audiencelabs.com.br\/bonus-de-r-200-pode-cair-na-sua-conta-se-fizer-o-2o-dia-de-enem\/","og_locale":"pt_BR","og_type":"article","og_title":"B\u00f4nus de R$ 200 pode cair na sua conta se fizer o 2\u00ba dia de Enem","og_description":"Neste domingo (16), ser\u00e1 aplicada a segunda etapa da edi\u00e7\u00e3o de 2025 do Exame Nacional do Ensino M\u00e9dio (Enem). Com isso, os candidatos devem retornar \u00e0s salas para resolver quest\u00f5es de Matem\u00e1tica e Ci\u00eancias da Natureza para assim consolidar suas notas. Vale destacar que, al\u00e9m de servir como a principal porta de entrada para o [&hellip;]","og_url":"https:\/\/tribunademinas.audiencelabs.com.br\/bonus-de-r-200-pode-cair-na-sua-conta-se-fizer-o-2o-dia-de-enem\/","og_site_name":"Tribuna de Minas - Dinheiro e Cidadania","article_publisher":"https:\/\/www.facebook.com\/tribunademinas\/","article_published_time":"2025-11-13T17:00:00+00:00","og_image":[{"width":1280,"height":720,"url":"https:\/\/tribunademinas.audiencelabs.com.br\/wp-content\/uploads\/2025\/11\/bonus-200-cair-conta-fizer-2-dia-enem.webp","type":"image\/webp"}],"author":"Jo\u00e3o Carlos Gomes","twitter_card":"summary_large_image","twitter_creator":"@tribunademinas","twitter_site":"@tribunademinas","twitter_misc":{"Escrito por":"Jo\u00e3o Carlos Gomes","Est. tempo de leitura":"3 minutos"},"schema":{"@context":"https:\/\/schema.org","@graph":[{"@type":"Article","@id":"https:\/\/tribunademinas.audiencelabs.com.br\/bonus-de-r-200-pode-cair-na-sua-conta-se-fizer-o-2o-dia-de-enem\/#article","isPartOf":{"@id":"https:\/\/tribunademinas.audiencelabs.com.br\/bonus-de-r-200-pode-cair-na-sua-conta-se-fizer-o-2o-dia-de-enem\/"},"author":{"name":"Jo\u00e3o Carlos Gomes","@id":"https:\/\/tribunademinas.audiencelabs.com.br\/#\/schema\/person\/37af466a64a722fadb8ef6841c52114f"},"headline":"B\u00f4nus de R$ 200 pode cair na sua conta se fizer o 2\u00ba dia de Enem","datePublished":"2025-11-13T17:00:00+00:00","mainEntityOfPage":{"@id":"https:\/\/tribunademinas.audiencelabs.com.br\/bonus-de-r-200-pode-cair-na-sua-conta-se-fizer-o-2o-dia-de-enem\/"},"wordCount":376,"commentCount":0,"publisher":{"@id":"https:\/\/tribunademinas.audiencelabs.com.br\/#organization"},"image":{"@id":"https:\/\/tribunademinas.audiencelabs.com.br\/bonus-de-r-200-pode-cair-na-sua-conta-se-fizer-o-2o-dia-de-enem\/#primaryimage"},"thumbnailUrl":"https:\/\/tribunademinas.audiencelabs.com.br\/wp-content\/uploads\/2025\/11\/bonus-200-cair-conta-fizer-2-dia-enem.webp","articleSection":["Cidadania"],"inLanguage":"pt-BR","potentialAction":[{"@type":"CommentAction","name":"Comment","target":["https:\/\/tribunademinas.audiencelabs.com.br\/bonus-de-r-200-pode-cair-na-sua-conta-se-fizer-o-2o-dia-de-enem\/#respond"]}]},{"@type":"WebPage","@id":"https:\/\/tribunademinas.audiencelabs.com.br\/bonus-de-r-200-pode-cair-na-sua-conta-se-fizer-o-2o-dia-de-enem\/","url":"https:\/\/tribunademinas.audiencelabs.com.br\/bonus-de-r-200-pode-cair-na-sua-conta-se-fizer-o-2o-dia-de-enem\/","name":"B\u00f4nus de R$ 200 pode cair na sua conta se fizer o 2\u00ba dia de Enem","isPartOf":{"@id":"https:\/\/tribunademinas.audiencelabs.com.br\/#website"},"primaryImageOfPage":{"@id":"https:\/\/tribunademinas.audiencelabs.com.br\/bonus-de-r-200-pode-cair-na-sua-conta-se-fizer-o-2o-dia-de-enem\/#primaryimage"},"image":{"@id":"https:\/\/tribunademinas.audiencelabs.com.br\/bonus-de-r-200-pode-cair-na-sua-conta-se-fizer-o-2o-dia-de-enem\/#primaryimage"},"thumbnailUrl":"https:\/\/tribunademinas.audiencelabs.com.br\/wp-content\/uploads\/2025\/11\/bonus-200-cair-conta-fizer-2-dia-enem.webp","datePublished":"2025-11-13T17:00:00+00:00","breadcrumb":{"@id":"https:\/\/tribunademinas.audiencelabs.com.br\/bonus-de-r-200-pode-cair-na-sua-conta-se-fizer-o-2o-dia-de-enem\/#breadcrumb"},"inLanguage":"pt-BR","potentialAction":[{"@type":"ReadAction","target":["https:\/\/tribunademinas.audiencelabs.com.br\/bonus-de-r-200-pode-cair-na-sua-conta-se-fizer-o-2o-dia-de-enem\/"]}]},{"@type":"ImageObject","inLanguage":"pt-BR","@id":"https:\/\/tribunademinas.audiencelabs.com.br\/bonus-de-r-200-pode-cair-na-sua-conta-se-fizer-o-2o-dia-de-enem\/#primaryimage","url":"https:\/\/tribunademinas.audiencelabs.com.br\/wp-content\/uploads\/2025\/11\/bonus-200-cair-conta-fizer-2-dia-enem.webp","contentUrl":"https:\/\/tribunademinas.audiencelabs.com.br\/wp-content\/uploads\/2025\/11\/bonus-200-cair-conta-fizer-2-dia-enem.webp","width":1280,"height":720,"caption":"Foto: Gabriel Jabur\/Ag\u00eancia Bras\u00edlia"},{"@type":"BreadcrumbList","@id":"https:\/\/tribunademinas.audiencelabs.com.br\/bonus-de-r-200-pode-cair-na-sua-conta-se-fizer-o-2o-dia-de-enem\/#breadcrumb","itemListElement":[{"@type":"ListItem","position":1,"name":"In\u00edcio","item":"https:\/\/tribunademinas.audiencelabs.com.br\/"},{"@type":"ListItem","position":2,"name":"B\u00f4nus de R$ 200 pode cair na sua conta se fizer o 2\u00ba dia de Enem"}]},{"@type":"WebSite","@id":"https:\/\/tribunademinas.audiencelabs.com.br\/#website","url":"https:\/\/tribunademinas.audiencelabs.com.br\/","name":"Tribuna de Minas - Dinheiro e Cidadania","description":"","publisher":{"@id":"https:\/\/tribunademinas.audiencelabs.com.br\/#organization"},"potentialAction":[{"@type":"SearchAction","target":{"@type":"EntryPoint","urlTemplate":"https:\/\/tribunademinas.audiencelabs.com.br\/?s={search_term_string}"},"query-input":{"@type":"PropertyValueSpecification","valueRequired":true,"valueName":"search_term_string"}}],"inLanguage":"pt-BR"},{"@type":"Organization","@id":"https:\/\/tribunademinas.audiencelabs.com.br\/#organization","name":"Tribuna de Minas - Dinheiro e Cidadania","url":"https:\/\/tribunademinas.audiencelabs.com.br\/","logo":{"@type":"ImageObject","inLanguage":"pt-BR","@id":"https:\/\/tribunademinas.audiencelabs.com.br\/#\/schema\/logo\/image\/","url":"https:\/\/tribunademinas.audiencelabs.com.br\/wp-content\/uploads\/2025\/08\/cropped-Tribuna_512x512-96x96-1.png","contentUrl":"https:\/\/tribunademinas.audiencelabs.com.br\/wp-content\/uploads\/2025\/08\/cropped-Tribuna_512x512-96x96-1.png","width":96,"height":96,"caption":"Tribuna de Minas - Dinheiro e Cidadania"},"image":{"@id":"https:\/\/tribunademinas.audiencelabs.com.br\/#\/schema\/logo\/image\/"},"sameAs":["https:\/\/www.facebook.com\/tribunademinas\/","https:\/\/x.com\/tribunademinas","https:\/\/www.instagram.com\/tribunademinas\/","https:\/\/www.youtube.com\/user\/TribunadeMinasJF"]},{"@type":"Person","@id":"https:\/\/tribunademinas.audiencelabs.com.br\/#\/schema\/person\/37af466a64a722fadb8ef6841c52114f","name":"Jo\u00e3o Carlos Gomes","image":{"@type":"ImageObject","inLanguage":"pt-BR","@id":"https:\/\/tribunademinas.audiencelabs.com.br\/#\/schema\/person\/image\/","url":"https:\/\/secure.gravatar.com\/avatar\/4ce4672dbdd694b329cd6fdb51bee7d1409be1f0ff76a537e4c4a737b2c7d1a9?s=96&d=mm&r=g","contentUrl":"https:\/\/secure.gravatar.com\/avatar\/4ce4672dbdd694b329cd6fdb51bee7d1409be1f0ff76a537e4c4a737b2c7d1a9?s=96&d=mm&r=g","caption":"Jo\u00e3o Carlos Gomes"},"description":"Jornalista formado pelo Centro Universit\u00e1rio Carioca, apreciador da Bossa Nova ao Metal Extremo, criador de conte\u00fado e m\u00fasico independente nas horas vagas.","url":"https:\/\/tribunademinas.audiencelabs.com.br\/author\/joaoc-junior\/"}]}},"amp_enabled":true,"_links":{"self":[{"href":"https:\/\/tribunademinas.audiencelabs.com.br\/wp-json\/wp\/v2\/posts\/3932","targetHints":{"allow":["GET"]}}],"collection":[{"href":"https:\/\/tribunademinas.audiencelabs.com.br\/wp-json\/wp\/v2\/posts"}],"about":[{"href":"https:\/\/tribunademinas.audiencelabs.com.br\/wp-json\/wp\/v2\/types\/post"}],"author":[{"embeddable":true,"href":"https:\/\/tribunademinas.audiencelabs.com.br\/wp-json\/wp\/v2\/users\/3"}],"replies":[{"embeddable":true,"href":"https:\/\/tribunademinas.audiencelabs.com.br\/wp-json\/wp\/v2\/comments?post=3932"}],"version-history":[{"count":1,"href":"https:\/\/tribunademinas.audiencelabs.com.br\/wp-json\/wp\/v2\/posts\/3932\/revisions"}],"predecessor-version":[{"id":3936,"href":"https:\/\/tribunademinas.audiencelabs.com.br\/wp-json\/wp\/v2\/posts\/3932\/revisions\/3936"}],"wp:featuredmedia":[{"embeddable":true,"href":"https:\/\/tribunademinas.audiencelabs.com.br\/wp-json\/wp\/v2\/media\/3933"}],"wp:attachment":[{"href":"https:\/\/tribunademinas.audiencelabs.com.br\/wp-json\/wp\/v2\/media?parent=3932"}],"wp:term":[{"taxonomy":"category","embeddable":true,"href":"https:\/\/tribunademinas.audiencelabs.com.br\/wp-json\/wp\/v2\/categories?post=3932"},{"taxonomy":"post_tag","embeddable":true,"href":"https:\/\/tribunademinas.audiencelabs.com.br\/wp-json\/wp\/v2\/tags?post=3932"}],"curies":[{"name":"wp","href":"https:\/\/api.w.org\/{rel}","templated":true}]}}