{"id":3926,"date":"2025-11-13T10:00:00","date_gmt":"2025-11-13T13:00:00","guid":{"rendered":"https:\/\/tribunademinas.audiencelabs.com.br\/?p=3926"},"modified":"2025-11-13T12:10:30","modified_gmt":"2025-11-13T15:10:30","slug":"clientes-da-oi-precisam-saber-de-comunicado-apos-falencia","status":"publish","type":"post","link":"https:\/\/tribunademinas.audiencelabs.com.br\/clientes-da-oi-precisam-saber-de-comunicado-apos-falencia\/","title":{"rendered":"Clientes da Oi precisam saber desse comunicado ap\u00f3s fal\u00eancia"},"content":{"rendered":"\n<p>Nesta segunda-feira (10), a 7\u00aa Vara Empresarial do Tribunal de Justi\u00e7a do Rio de Janeiro (TJ-RJ) decretou oficialmente<strong> a fal\u00eancia da Oi<\/strong>, a gigante das telecomunica\u00e7\u00f5es que, nos \u00faltimos anos, veio vivenciando uma terr\u00edvel crise financeira.<\/p>\n\n\n\n<p>Vale lembrar que a empresa entrou com seu primeiro pedido de recupera\u00e7\u00e3o judicial em 2016, e mesmo ap\u00f3s quase 10 anos, n\u00e3o conseguiu restabelecer a continuidade de sua opera\u00e7\u00e3o, principalmente por conta de d\u00edvidas que superavam seu patrim\u00f4nio.<\/p>\n\n\n\n<p>Apesar da decreta\u00e7\u00e3o de fal\u00eancia, a Oi ainda manter\u00e1 suas atividades de forma provis\u00f3ria por determina\u00e7\u00e3o da Justi\u00e7a. Entretanto, especialistas em direito do consumidor revelaram que <strong>os consumidores certamente ser\u00e3o impactados<\/strong>.<\/p>\n\n\n\n<p>Consultados pelo portal <em>NSC Total<\/em>, representantes da firma Mathaus Agacci Advogados recomendaram que clientes da Oi iniciem o quanto antes <strong>o processo de portabilidade para uma nova companhia<\/strong>, pois desta forma \u00e9 poss\u00edvel reduzir os riscos de ficar sem servi\u00e7o.<\/p>\n\n\n\n<p>Entretanto, os profissionais tamb\u00e9m destacaram que a <strong>Ag\u00eancia Nacional de Telecomunica\u00e7\u00f5es (Anatel)<\/strong> pode intervir no processo para evitar preju\u00edzos aos consumidores, determinando transfer\u00eancias compuls\u00f3rias ou acordos com as operadoras que assumirem a presta\u00e7\u00e3o de servi\u00e7o das regi\u00f5es atendidas pela Oi.<\/p>\n\n\n\n<h2 class=\"wp-block-heading\">Fal\u00eancia da Oi pode ser prejudicial para clientes com cr\u00e9dito a receber<\/h2>\n\n\n\n<p>Apesar de ainda ser poss\u00edvel <strong>habilitar cr\u00e9ditos a receber da Oi<\/strong>, os consumidores que possuem essa pend\u00eancia podem ser os mais prejudicados, j\u00e1 que, de acordo com os representantes da Mathaus Agacci Advogados, a ordem de pagamento n\u00e3o lhes \u00e9 favor\u00e1vel.<\/p>\n\n\n\n<p>Isso porque esses consumidores s\u00e3o considerados credores quirograf\u00e1rios, e por conta disso, acabam posicionados <strong>ao final da fila de pagamento<\/strong>. Como, na maioria dos processos de fal\u00eancia, os recursos se esgotam antes de chegar a essa classe, a possibilidade de receber os valores \u00e9 bastante baixa.<\/p>\n\n\n\n<p>Sendo assim, al\u00e9m de precisarem arcar com a migra\u00e7\u00e3o para um novo servi\u00e7o, os clientes que aguardavam valores da Oi ainda podem ser obrigados a lidar com perdas financeiras, j\u00e1 que a recupera\u00e7\u00e3o dos cr\u00e9ditos se mostra pouco prov\u00e1vel.<\/p>\n","protected":false},"excerpt":{"rendered":"<p>Nesta segunda-feira (10), a 7\u00aa Vara Empresarial do Tribunal de Justi\u00e7a do Rio de Janeiro (TJ-RJ) decretou oficialmente a fal\u00eancia da Oi, a gigante das telecomunica\u00e7\u00f5es que, nos \u00faltimos anos, veio vivenciando uma terr\u00edvel crise financeira. Vale lembrar que a empresa entrou com seu primeiro pedido de recupera\u00e7\u00e3o judicial em 2016, e mesmo ap\u00f3s quase [&hellip;]<\/p>\n","protected":false},"author":3,"featured_media":3927,"comment_status":"open","ping_status":"open","sticky":false,"template":"","format":"standard","meta":{"jnews-multi-image_gallery":[],"jnews_single_post":{"format":"standard"},"jnews_primary_category":[],"jnews_social_meta":[],"jnews_post_split":[],"footnotes":""},"categories":[1],"tags":[],"class_list":["post-3926","post","type-post","status-publish","format-standard","has-post-thumbnail","hentry","category-dinheiro"],"yoast_head":"<!-- This site is optimized with the Yoast SEO plugin v25.6 - https:\/\/yoast.com\/wordpress\/plugins\/seo\/ -->\n<title>Clientes da Oi precisam saber desse comunicado ap\u00f3s fal\u00eancia<\/title>\n<meta name=\"description\" content=\"A Justi\u00e7a decretou oficialmente a fal\u00eancia da Oi, a gigante das telecomunica\u00e7\u00f5es que, nos \u00faltimos anos, veio vivenciando uma terr\u00edvel crise.\" \/>\n<meta name=\"robots\" content=\"index, follow, max-snippet:-1, max-image-preview:large, max-video-preview:-1\" \/>\n<link rel=\"canonical\" href=\"https:\/\/tribunademinas.audiencelabs.com.br\/clientes-da-oi-precisam-saber-de-comunicado-apos-falencia\/\" \/>\n<meta property=\"og:locale\" content=\"pt_BR\" \/>\n<meta property=\"og:type\" content=\"article\" \/>\n<meta property=\"og:title\" content=\"Clientes da Oi precisam saber desse comunicado ap\u00f3s fal\u00eancia\" \/>\n<meta property=\"og:description\" content=\"A Justi\u00e7a decretou oficialmente a fal\u00eancia da Oi, a gigante das telecomunica\u00e7\u00f5es que, nos \u00faltimos anos, veio vivenciando uma terr\u00edvel crise.\" \/>\n<meta property=\"og:url\" content=\"https:\/\/tribunademinas.audiencelabs.com.br\/clientes-da-oi-precisam-saber-de-comunicado-apos-falencia\/\" \/>\n<meta property=\"og:site_name\" content=\"Tribuna de Minas - Dinheiro e Cidadania\" \/>\n<meta property=\"article:publisher\" content=\"https:\/\/www.facebook.com\/tribunademinas\/\" \/>\n<meta property=\"article:published_time\" content=\"2025-11-13T13:00:00+00:00\" \/>\n<meta property=\"article:modified_time\" content=\"2025-11-13T15:10:30+00:00\" \/>\n<meta property=\"og:image\" content=\"https:\/\/tribunademinas.audiencelabs.com.br\/wp-content\/uploads\/2025\/11\/clientes-oi-saber-comunicado-apos-falencia.webp\" \/>\n\t<meta property=\"og:image:width\" content=\"1280\" \/>\n\t<meta property=\"og:image:height\" content=\"720\" \/>\n\t<meta property=\"og:image:type\" content=\"image\/webp\" \/>\n<meta name=\"author\" content=\"Jo\u00e3o Carlos Gomes\" \/>\n<meta name=\"twitter:card\" content=\"summary_large_image\" \/>\n<meta name=\"twitter:creator\" content=\"@tribunademinas\" \/>\n<meta name=\"twitter:site\" content=\"@tribunademinas\" \/>\n<meta name=\"twitter:label1\" content=\"Escrito por\" \/>\n\t<meta name=\"twitter:data1\" content=\"Jo\u00e3o Carlos Gomes\" \/>\n\t<meta name=\"twitter:label2\" content=\"Est. tempo de leitura\" \/>\n\t<meta name=\"twitter:data2\" content=\"2 minutos\" \/>\n<!-- \/ Yoast SEO plugin. -->","yoast_head_json":{"title":"Clientes da Oi precisam saber desse comunicado ap\u00f3s fal\u00eancia","description":"A Justi\u00e7a decretou oficialmente a fal\u00eancia da Oi, a gigante das telecomunica\u00e7\u00f5es que, nos \u00faltimos anos, veio vivenciando uma terr\u00edvel crise.","robots":{"index":"index","follow":"follow","max-snippet":"max-snippet:-1","max-image-preview":"max-image-preview:large","max-video-preview":"max-video-preview:-1"},"canonical":"https:\/\/tribunademinas.audiencelabs.com.br\/clientes-da-oi-precisam-saber-de-comunicado-apos-falencia\/","og_locale":"pt_BR","og_type":"article","og_title":"Clientes da Oi precisam saber desse comunicado ap\u00f3s fal\u00eancia","og_description":"A Justi\u00e7a decretou oficialmente a fal\u00eancia da Oi, a gigante das telecomunica\u00e7\u00f5es que, nos \u00faltimos anos, veio vivenciando uma terr\u00edvel crise.","og_url":"https:\/\/tribunademinas.audiencelabs.com.br\/clientes-da-oi-precisam-saber-de-comunicado-apos-falencia\/","og_site_name":"Tribuna de Minas - Dinheiro e Cidadania","article_publisher":"https:\/\/www.facebook.com\/tribunademinas\/","article_published_time":"2025-11-13T13:00:00+00:00","article_modified_time":"2025-11-13T15:10:30+00:00","og_image":[{"width":1280,"height":720,"url":"https:\/\/tribunademinas.audiencelabs.com.br\/wp-content\/uploads\/2025\/11\/clientes-oi-saber-comunicado-apos-falencia.webp","type":"image\/webp"}],"author":"Jo\u00e3o Carlos Gomes","twitter_card":"summary_large_image","twitter_creator":"@tribunademinas","twitter_site":"@tribunademinas","twitter_misc":{"Escrito por":"Jo\u00e3o Carlos Gomes","Est. tempo de leitura":"2 minutos"},"schema":{"@context":"https:\/\/schema.org","@graph":[{"@type":"Article","@id":"https:\/\/tribunademinas.audiencelabs.com.br\/clientes-da-oi-precisam-saber-de-comunicado-apos-falencia\/#article","isPartOf":{"@id":"https:\/\/tribunademinas.audiencelabs.com.br\/clientes-da-oi-precisam-saber-de-comunicado-apos-falencia\/"},"author":{"name":"Jo\u00e3o Carlos Gomes","@id":"https:\/\/tribunademinas.audiencelabs.com.br\/#\/schema\/person\/37af466a64a722fadb8ef6841c52114f"},"headline":"Clientes da Oi precisam saber desse comunicado ap\u00f3s fal\u00eancia","datePublished":"2025-11-13T13:00:00+00:00","dateModified":"2025-11-13T15:10:30+00:00","mainEntityOfPage":{"@id":"https:\/\/tribunademinas.audiencelabs.com.br\/clientes-da-oi-precisam-saber-de-comunicado-apos-falencia\/"},"wordCount":370,"commentCount":0,"publisher":{"@id":"https:\/\/tribunademinas.audiencelabs.com.br\/#organization"},"image":{"@id":"https:\/\/tribunademinas.audiencelabs.com.br\/clientes-da-oi-precisam-saber-de-comunicado-apos-falencia\/#primaryimage"},"thumbnailUrl":"https:\/\/tribunademinas.audiencelabs.com.br\/wp-content\/uploads\/2025\/11\/clientes-oi-saber-comunicado-apos-falencia.webp","articleSection":["Dinheiro"],"inLanguage":"pt-BR","potentialAction":[{"@type":"CommentAction","name":"Comment","target":["https:\/\/tribunademinas.audiencelabs.com.br\/clientes-da-oi-precisam-saber-de-comunicado-apos-falencia\/#respond"]}]},{"@type":"WebPage","@id":"https:\/\/tribunademinas.audiencelabs.com.br\/clientes-da-oi-precisam-saber-de-comunicado-apos-falencia\/","url":"https:\/\/tribunademinas.audiencelabs.com.br\/clientes-da-oi-precisam-saber-de-comunicado-apos-falencia\/","name":"Clientes da Oi precisam saber desse comunicado ap\u00f3s fal\u00eancia","isPartOf":{"@id":"https:\/\/tribunademinas.audiencelabs.com.br\/#website"},"primaryImageOfPage":{"@id":"https:\/\/tribunademinas.audiencelabs.com.br\/clientes-da-oi-precisam-saber-de-comunicado-apos-falencia\/#primaryimage"},"image":{"@id":"https:\/\/tribunademinas.audiencelabs.com.br\/clientes-da-oi-precisam-saber-de-comunicado-apos-falencia\/#primaryimage"},"thumbnailUrl":"https:\/\/tribunademinas.audiencelabs.com.br\/wp-content\/uploads\/2025\/11\/clientes-oi-saber-comunicado-apos-falencia.webp","datePublished":"2025-11-13T13:00:00+00:00","dateModified":"2025-11-13T15:10:30+00:00","description":"A Justi\u00e7a decretou oficialmente a fal\u00eancia da Oi, a gigante das telecomunica\u00e7\u00f5es que, nos \u00faltimos anos, veio vivenciando uma terr\u00edvel crise.","breadcrumb":{"@id":"https:\/\/tribunademinas.audiencelabs.com.br\/clientes-da-oi-precisam-saber-de-comunicado-apos-falencia\/#breadcrumb"},"inLanguage":"pt-BR","potentialAction":[{"@type":"ReadAction","target":["https:\/\/tribunademinas.audiencelabs.com.br\/clientes-da-oi-precisam-saber-de-comunicado-apos-falencia\/"]}]},{"@type":"ImageObject","inLanguage":"pt-BR","@id":"https:\/\/tribunademinas.audiencelabs.com.br\/clientes-da-oi-precisam-saber-de-comunicado-apos-falencia\/#primaryimage","url":"https:\/\/tribunademinas.audiencelabs.com.br\/wp-content\/uploads\/2025\/11\/clientes-oi-saber-comunicado-apos-falencia.webp","contentUrl":"https:\/\/tribunademinas.audiencelabs.com.br\/wp-content\/uploads\/2025\/11\/clientes-oi-saber-comunicado-apos-falencia.webp","width":1280,"height":720,"caption":"Foto: Jos\u00e9 Cruz\/Ag\u00eancia Brasil"},{"@type":"BreadcrumbList","@id":"https:\/\/tribunademinas.audiencelabs.com.br\/clientes-da-oi-precisam-saber-de-comunicado-apos-falencia\/#breadcrumb","itemListElement":[{"@type":"ListItem","position":1,"name":"In\u00edcio","item":"https:\/\/tribunademinas.audiencelabs.com.br\/"},{"@type":"ListItem","position":2,"name":"Clientes da Oi precisam saber desse comunicado ap\u00f3s fal\u00eancia"}]},{"@type":"WebSite","@id":"https:\/\/tribunademinas.audiencelabs.com.br\/#website","url":"https:\/\/tribunademinas.audiencelabs.com.br\/","name":"Tribuna de Minas - Dinheiro e Cidadania","description":"","publisher":{"@id":"https:\/\/tribunademinas.audiencelabs.com.br\/#organization"},"potentialAction":[{"@type":"SearchAction","target":{"@type":"EntryPoint","urlTemplate":"https:\/\/tribunademinas.audiencelabs.com.br\/?s={search_term_string}"},"query-input":{"@type":"PropertyValueSpecification","valueRequired":true,"valueName":"search_term_string"}}],"inLanguage":"pt-BR"},{"@type":"Organization","@id":"https:\/\/tribunademinas.audiencelabs.com.br\/#organization","name":"Tribuna de Minas - Dinheiro e Cidadania","url":"https:\/\/tribunademinas.audiencelabs.com.br\/","logo":{"@type":"ImageObject","inLanguage":"pt-BR","@id":"https:\/\/tribunademinas.audiencelabs.com.br\/#\/schema\/logo\/image\/","url":"https:\/\/tribunademinas.audiencelabs.com.br\/wp-content\/uploads\/2025\/08\/cropped-Tribuna_512x512-96x96-1.png","contentUrl":"https:\/\/tribunademinas.audiencelabs.com.br\/wp-content\/uploads\/2025\/08\/cropped-Tribuna_512x512-96x96-1.png","width":96,"height":96,"caption":"Tribuna de Minas - Dinheiro e Cidadania"},"image":{"@id":"https:\/\/tribunademinas.audiencelabs.com.br\/#\/schema\/logo\/image\/"},"sameAs":["https:\/\/www.facebook.com\/tribunademinas\/","https:\/\/x.com\/tribunademinas","https:\/\/www.instagram.com\/tribunademinas\/","https:\/\/www.youtube.com\/user\/TribunadeMinasJF"]},{"@type":"Person","@id":"https:\/\/tribunademinas.audiencelabs.com.br\/#\/schema\/person\/37af466a64a722fadb8ef6841c52114f","name":"Jo\u00e3o Carlos Gomes","image":{"@type":"ImageObject","inLanguage":"pt-BR","@id":"https:\/\/tribunademinas.audiencelabs.com.br\/#\/schema\/person\/image\/","url":"https:\/\/secure.gravatar.com\/avatar\/4ce4672dbdd694b329cd6fdb51bee7d1409be1f0ff76a537e4c4a737b2c7d1a9?s=96&d=mm&r=g","contentUrl":"https:\/\/secure.gravatar.com\/avatar\/4ce4672dbdd694b329cd6fdb51bee7d1409be1f0ff76a537e4c4a737b2c7d1a9?s=96&d=mm&r=g","caption":"Jo\u00e3o Carlos Gomes"},"description":"Jornalista formado pelo Centro Universit\u00e1rio Carioca, apreciador da Bossa Nova ao Metal Extremo, criador de conte\u00fado e m\u00fasico independente nas horas vagas.","url":"https:\/\/tribunademinas.audiencelabs.com.br\/author\/joaoc-junior\/"}]}},"amp_enabled":true,"_links":{"self":[{"href":"https:\/\/tribunademinas.audiencelabs.com.br\/wp-json\/wp\/v2\/posts\/3926","targetHints":{"allow":["GET"]}}],"collection":[{"href":"https:\/\/tribunademinas.audiencelabs.com.br\/wp-json\/wp\/v2\/posts"}],"about":[{"href":"https:\/\/tribunademinas.audiencelabs.com.br\/wp-json\/wp\/v2\/types\/post"}],"author":[{"embeddable":true,"href":"https:\/\/tribunademinas.audiencelabs.com.br\/wp-json\/wp\/v2\/users\/3"}],"replies":[{"embeddable":true,"href":"https:\/\/tribunademinas.audiencelabs.com.br\/wp-json\/wp\/v2\/comments?post=3926"}],"version-history":[{"count":2,"href":"https:\/\/tribunademinas.audiencelabs.com.br\/wp-json\/wp\/v2\/posts\/3926\/revisions"}],"predecessor-version":[{"id":3947,"href":"https:\/\/tribunademinas.audiencelabs.com.br\/wp-json\/wp\/v2\/posts\/3926\/revisions\/3947"}],"wp:featuredmedia":[{"embeddable":true,"href":"https:\/\/tribunademinas.audiencelabs.com.br\/wp-json\/wp\/v2\/media\/3927"}],"wp:attachment":[{"href":"https:\/\/tribunademinas.audiencelabs.com.br\/wp-json\/wp\/v2\/media?parent=3926"}],"wp:term":[{"taxonomy":"category","embeddable":true,"href":"https:\/\/tribunademinas.audiencelabs.com.br\/wp-json\/wp\/v2\/categories?post=3926"},{"taxonomy":"post_tag","embeddable":true,"href":"https:\/\/tribunademinas.audiencelabs.com.br\/wp-json\/wp\/v2\/tags?post=3926"}],"curies":[{"name":"wp","href":"https:\/\/api.w.org\/{rel}","templated":true}]}}