{"id":3896,"date":"2025-11-15T14:45:00","date_gmt":"2025-11-15T17:45:00","guid":{"rendered":"https:\/\/tribunademinas.audiencelabs.com.br\/?p=3896"},"modified":"2025-11-14T11:58:25","modified_gmt":"2025-11-14T14:58:25","slug":"voce-precisa-receber-13o-antes-de-dezembro-se-tiver-carteira-de-trabalho-assinada","status":"publish","type":"post","link":"https:\/\/tribunademinas.audiencelabs.com.br\/voce-precisa-receber-13o-antes-de-dezembro-se-tiver-carteira-de-trabalho-assinada\/","title":{"rendered":"Voc\u00ea precisa receber 13\u00ba antes de dezembro se tiver carteira de trabalho assinada"},"content":{"rendered":"\n<p>Quem trabalha com carteira assinada, sob as regras da Consolida\u00e7\u00e3o das Leis do Trabalho (<a href=\"https:\/\/www.planalto.gov.br\/ccivil_03\/decreto-lei\/del5452.htm\"><strong>CLT<\/strong><\/a>), tem direito garantido ao 13\u00ba sal\u00e1rio e, por lei, a primeira parte desse benef\u00edcio deve ser depositada antes de dezembro. <\/p>\n\n\n\n<p>O prazo limite para o pagamento da primeira parcela \u00e9 30 de novembro, independentemente do porte da empresa ou do setor em que o trabalhador atue. A segunda parte deve ser quitada at\u00e9 20 de dezembro. <\/p>\n\n\n\n<p>O n\u00e3o cumprimento dessas datas pode acarretar multas e penalidades para o empregador.<\/p>\n\n\n\n<h2 class=\"wp-block-heading\">Voc\u00ea precisa receber 13\u00ba antes de dezembro se tiver carteira de trabalho assinada<\/h2>\n\n\n<style>@media (min-width: 992px) {\n    .recomendadorV2Area1 {\n        width: 280px;\n    }\n    .recomendadorV2Area2 {\n        padding: 0px 20px;\n        width: calc(100% - 280px);\n    }\n}\n\n@media (max-width: 992px) {\n    .recomendadorV2Button {\n        margin: 0 auto;\n    }\n    .recomendadorV2Area {\n        flex-direction: column;\n        text-align: center;\n    }\n    .recomendadorV2Area2 {\n        padding: 0px 20px;\n    }\n}\n\n.recomendadorV2Area {\n    background: #eeeeee3d;\n    border-radius: 10px;\n    padding: 15px;\n    display: flex;\n    margin: 15px auto;\n    border: 1px solid #00000014;\n    max-width: 800px;\n}\n\n.recomendadorV2Area1 img {\n    width: 280px;\n    height: auto;\n    border-radius: 8px;\n}\n\n.linkrecomendadorv2 {\n    text-decoration: none !important;\n}\n\n.recomendadorV2Area2 .recomendadorV2Type {\n    text-transform: uppercase;\n    font-weight: 500;\n    font-size: 11px;\n    letter-spacing: 2px;\n    color: #666;\n    margin: 12px 0;\n    display: block;\n}\n\n.recomendadorV2Title h2 {\n    padding-top: 0px !important;\n    margin: 0px !important;\n    border-left: none !important;\n    padding-left: 0px !important;\n    line-height: 1.3;\n    color: #000 !important;\n    font-size: 24px;\n    margin-bottom: 12px !important;\n}\n\n.recomendadorV2Desc {\n    color: #333;\n    margin: 12px 0px !important;\n    font-size: 15px;\n    line-height: 1.5;\n}\n\n.recomendadorV2Button {\n    width: auto;\n    max-width: 200px;\n    margin: 0;\n    display: inline-flex;\n    align-items: center;\n    background: #1D3557;\n    border-radius: 8px;\n    color: #fff;\n    height: 36px;\n    justify-content: center;\n    text-align: center;\n    font-size: 14px;\n    padding: 0 20px;\n    transition: background-color 0.2s ease;\n}\n\n.recomendadorV2Button:hover {\n    background: #2a4d7a;\n}\n\n.recomendadorV2Button:after {\n    margin-top: -2px;\n    content: \"\u2192\";\n    padding: 0px 0px 0px 8px;\n}\n\n.recomendadorV2Alert {\n    text-align: left;\n    font-size: 11px;\n    margin-top: 8px;\n    color: #666;\n}\n\n.recomendadorFixedArea {\n    width: 100%;\n    display: flex;\n    justify-content: center;\n    align-items: center;\n}\n\n@media (min-width: 992px) {\n    #recomendadorFixed {\n        width: 32% !important;\n        left: 5%;\n    }\n    .recomendadorCloseFixed{\n        right: inherit !important;\n        left: 378px !important;\n    }\n}\n\n#recomendadorFixed {\n    width: 90%;\n    box-shadow: 0 10px 20px 0px #00000057;\n    display: none;\n    height: 90px;\n    background: #F6F6F6;\n    position: fixed;\n    flex-direction: row;\n    bottom: 10px;\n    z-index: 9999;\n    border-radius: 16px;\n    padding: 7px 10px;\n}\n\n.recomendadorLeftArea {\n    width: 160px;\n}\n\n.recomendadorRightArea h2 {\n    padding-top: 0px;\n    margin: 2px 0px 4px 0px !important;\n    font-weight: 400;\n    text-align: center;\n    padding-left: 0px !important;\n    color: #000 !important;\n    border-left: none !important;\n    line-height: 20px;\n    font-size: 12px !important;\n}\n\n.recomendadorImgFixed {\n    overflow: hidden;\n    padding: 8px 6px;\n    height: 100%;\n}\n\n.recomendadorImgFixed img {\n    height: 100% !important;\n    border-radius: 16px;\n}\n\n.recomendadorRightArea {\n    padding-top: 6px;\n    display: flex;\n    width: calc(100% - 130px);\n    justify-content: space-between;\n    align-items: center;\n    flex-direction: column;\n}\n\n.recomendadorButtonFixed {\n    margin: 0 auto;\n    background: #1D3557;\n    width: 80%;\n    text-align: center;\n    font-size: 10px;\n    color: #FFF;\n    padding: 2px 10px;\n    border-radius: 3px;\n}\n\n.recomendadorButtonFixed:after {\n    margin-top: -3px;\n    content: \"\u2192\";\n    padding: 0px 0px 0px 10px;\n}\n\n.recomendadorAlertFixed {\n    font-weight: 400;\n    text-align: center;\n    color: #484848;\n    font-size: 8px;\n}\n\n.recomendadorCloseFixed {\n    z-index: 99999;\n    display: none;\n    right: 0px;\n    left: inherit;\n    bottom: 99px;\n    position: fixed;\n    justify-content: center;\n    background: #F6F6F6;\n    width: 25px;\n    align-items: center;\n    height: 25px;\n    font-weight: 800;\n    border-radius: 50%;\n    border: 1px solid #EBEBEB;\n}\n\n.recomendadorV2Desc{\n    color: #000000;\n    margin: 20px 0px;\n}\n\n@media (max-width: 576px) {\n    .recomendadorV2Area {\n      padding: 10px;\n      max-width: 100%;\n    }\n  \n    .recomendadorV2Area1 img {\n      width: 100%;\n      border-radius: 6px;\n    }\n  \n    .recomendadorV2Area2 .recomendadorV2Type {\n      font-size: 9px;\n      letter-spacing: 1px;\n      margin: 8px 0;\n    }\n  \n    .recomendadorV2Title h2 {\n      font-size: 18px !important;\n      margin-bottom: 8px !important;\n      line-height: 1.2;\n    }\n  \n    .recomendadorV2Desc {\n      font-size: 14px;\n      margin: 8px 0 !important;\n      line-height: 1.4;\n    }\n  \n    .recomendadorV2Button {\n      font-size: 12px;\n      height: 30px;\n      padding: 0 12px;\n      max-width: 160px;\n    }\n  \n    .recomendadorV2Button:after {\n      padding-left: 6px;\n    }\n  }\n  <\/style>\n        <div class=\"lazyblock-recomendador-v2-2jDGz wp-block-lazyblock-recomendador-v2\">\n        <a class=\"linkrecomendadorv2\" href=\"https:\/\/tribunademinas.com.br\/colunas\/dinheiroecidadania\/nova-regra-do-pis-pasep-sera-implementada-para-beneficiarios\/?utm_source=lazy\">\n            <div class=\"recomendadorV2Area\">\n            <div class=\"recomendadorV2Area1\">\n                <div class=\"recomendadorV2Img\">\n                <img class=\"lazyloaded\" decoding=\"async\" src=\"https:\/\/tribunademinas.com.br\/colunas\/dinheiroecidadania\/wp-content\/uploads\/2025\/11\/nova-regra-pis-pasep-implementada-beneficiarios.jpg\" data-src=\"https:\/\/tribunademinas.com.br\/colunas\/dinheiroecidadania\/wp-content\/uploads\/2025\/11\/nova-regra-pis-pasep-implementada-beneficiarios.jpg\" alt=\"\">\n                <\/div>\n            <\/div>\n            <div class=\"recomendadorV2Area2\">\n                <div class=\"recomendadorV2Type\">\n                    <span>Nova regra<\/span>\n                <\/div>\n                <div class=\"recomendadorV2Title\">\n                <h2><span>PIS\/PASEP \ud83d\udd0d<\/span><\/h2>\n                <\/div>\n                <div class=\"recomendadorV2Desc\">\n                <span>Veja como a nova norma afeta voc\u00ea<\/span>\n                <\/div>\n                <div class=\"recomendadorV2Button\">Saiba mais<\/div>\n                <div class=\"recomendadorV2Alert\"><\/div>\n            <\/div>\n            <\/div>\n        <\/a>\n        <div>\n            <div style=\"z-index:99999;\" id=\"buttonClose\" onclick=\"closeRecomendadorFixed()\">\n            <div class=\"recomendadorCloseFixed\">X<\/div>\n            <\/div>\n            <a href=\"https:\/\/tribunademinas.com.br\/colunas\/dinheiroecidadania\/nova-regra-do-pis-pasep-sera-implementada-para-beneficiarios\/?utm_source=lazy\">\n            <div class=\"recomendadorFixedArea\">\n                <div id=\"recomendadorFixed\">\n                <div class=\"recomendadorLeftArea\">\n                    <div class=\"recomendadorImgFixed\">\n                    <img class=\"lazyload\" decoding=\"async\" src=\"https:\/\/tribunademinas.com.br\/colunas\/dinheiroecidadania\/wp-content\/uploads\/2025\/11\/nova-regra-pis-pasep-implementada-beneficiarios.jpg\" alt=\"\">\n                    <\/div>\n                <\/div>\n                <div class=\"recomendadorRightArea\">\n                    <div class=\"recomendadorTitleFixed\">\n                    <h2><span>PIS\/PASEP \ud83d\udd0d<\/span><\/h2>\n                    <\/div>\n                    <div class=\"recomendadorButtonFixed\">Saiba mais<\/div>\n                    <div class=\"recomendadorAlertFixed\"><\/div>\n                <\/div>\n                <\/div>\n            <\/div>\n            <\/a>\n        <\/div>\n        <\/div>\n\n\n\n<p>O 13\u00ba sal\u00e1rio funciona como um b\u00f4nus anual, criado para garantir ao trabalhador um refor\u00e7o financeiro no fim do ano. <\/p>\n\n\n\n<p>Ele \u00e9 calculado com base na remunera\u00e7\u00e3o mensal e corresponde a 1\/12 do sal\u00e1rio por m\u00eas trabalhado no ano. Isso significa que, para receber o valor total, o trabalhador precisa ter completado 12 meses de trabalho no mesmo v\u00ednculo empregat\u00edcio. <\/p>\n\n\n\n<p>Quem entrou na empresa no meio do ano, por exemplo, recebe o valor proporcional ao tempo de servi\u00e7o.<\/p>\n\n\n\n<p>Esse pagamento \u00e9 dividido em duas partes: a primeira metade deve ser feita at\u00e9 o fim de novembro, sem nenhum tipo de desconto. <\/p>\n\n\n\n<p>J\u00e1 a segunda metade, paga em dezembro, sofre os descontos previstos por lei, como contribui\u00e7\u00e3o previdenci\u00e1ria (INSS) e Imposto de Renda, quando aplic\u00e1vel. <\/p>\n\n\n\n<p>Para quem recebe comiss\u00f5es ou remunera\u00e7\u00e3o vari\u00e1vel, o valor do 13\u00ba \u00e9 calculado com base na m\u00e9dia dos pagamentos feitos ao longo do ano.<\/p>\n\n\n\n<p>A raz\u00e3o de o pagamento ser antecipado \u00e9 justamente permitir que o trabalhador se planeje financeiramente. <\/p>\n\n\n\n<p>Com a primeira parcela liberada ainda em novembro, \u00e9 poss\u00edvel organizar as finan\u00e7as com mais folga, seja para pagar contas, quitar d\u00edvidas ou se preparar para as despesas t\u00edpicas do in\u00edcio do ano, como IPVA, IPTU e material escolar.<\/p>\n\n\n\n<h3 class=\"wp-block-heading\">Como utilizar o 13\u00ba sal\u00e1rio da melhor forma?<\/h3>\n\n\n\n<p>Para quem est\u00e1 endividado, especialistas recomendam priorizar a quita\u00e7\u00e3o de d\u00e9bitos, especialmente os que t\u00eam juros altos, como o cart\u00e3o de cr\u00e9dito. Essa \u00e9 uma forma eficiente de evitar o ac\u00famulo de encargos e recuperar o controle financeiro. <\/p>\n\n\n\n<p>J\u00e1 quem n\u00e3o tem d\u00edvidas pode usar o dinheiro para formar uma reserva de emerg\u00eancia, investir ou aproveitar descontos em compras \u00e0 vista no fim do ano.<\/p>\n\n\n\n<p>O importante \u00e9 usar o 13\u00ba com consci\u00eancia, j\u00e1 que ele representa uma oportunidade valiosa de aliviar o or\u00e7amento ou planejar o futuro com mais seguran\u00e7a.<\/p>\n\n\n\n<p><\/p>\n","protected":false},"excerpt":{"rendered":"<p>Quem trabalha com carteira assinada, sob as regras da Consolida\u00e7\u00e3o das Leis do Trabalho (CLT), tem direito garantido ao 13\u00ba sal\u00e1rio e, por lei, a primeira parte desse benef\u00edcio deve ser depositada antes de dezembro. O prazo limite para o pagamento da primeira parcela \u00e9 30 de novembro, independentemente do porte da empresa ou do [&hellip;]<\/p>\n","protected":false},"author":5,"featured_media":3897,"comment_status":"open","ping_status":"open","sticky":false,"template":"","format":"standard","meta":{"jnews-multi-image_gallery":[],"jnews_single_post":{"format":"standard"},"jnews_primary_category":[],"jnews_social_meta":[],"jnews_post_split":[],"footnotes":""},"categories":[1],"tags":[],"class_list":["post-3896","post","type-post","status-publish","format-standard","has-post-thumbnail","hentry","category-dinheiro"],"yoast_head":"<!-- This site is optimized with the Yoast SEO plugin v25.6 - https:\/\/yoast.com\/wordpress\/plugins\/seo\/ -->\n<title>Voc\u00ea precisa receber 13\u00ba antes de dezembro se tiver carteira de trabalho assinada<\/title>\n<meta name=\"description\" content=\"Quem trabalha com carteira assinada, sob as regras da Consolida\u00e7\u00e3o das Leis do Trabalho (CLT), tem direito garantido ao 13\u00ba sal\u00e1rio.\" \/>\n<meta name=\"robots\" content=\"index, follow, max-snippet:-1, max-image-preview:large, max-video-preview:-1\" \/>\n<link rel=\"canonical\" href=\"https:\/\/tribunademinas.audiencelabs.com.br\/voce-precisa-receber-13o-antes-de-dezembro-se-tiver-carteira-de-trabalho-assinada\/\" \/>\n<meta property=\"og:locale\" content=\"pt_BR\" \/>\n<meta property=\"og:type\" content=\"article\" \/>\n<meta property=\"og:title\" content=\"Voc\u00ea precisa receber 13\u00ba antes de dezembro se tiver carteira de trabalho assinada\" \/>\n<meta property=\"og:description\" content=\"Quem trabalha com carteira assinada, sob as regras da Consolida\u00e7\u00e3o das Leis do Trabalho (CLT), tem direito garantido ao 13\u00ba sal\u00e1rio.\" \/>\n<meta property=\"og:url\" content=\"https:\/\/tribunademinas.audiencelabs.com.br\/voce-precisa-receber-13o-antes-de-dezembro-se-tiver-carteira-de-trabalho-assinada\/\" \/>\n<meta property=\"og:site_name\" content=\"Tribuna de Minas - Dinheiro e Cidadania\" \/>\n<meta property=\"article:publisher\" content=\"https:\/\/www.facebook.com\/tribunademinas\/\" \/>\n<meta property=\"article:published_time\" content=\"2025-11-15T17:45:00+00:00\" \/>\n<meta property=\"og:image\" content=\"https:\/\/tribunademinas.audiencelabs.com.br\/wp-content\/uploads\/2025\/11\/13o.webp\" \/>\n\t<meta property=\"og:image:width\" content=\"1170\" \/>\n\t<meta property=\"og:image:height\" content=\"700\" \/>\n\t<meta property=\"og:image:type\" content=\"image\/webp\" \/>\n<meta name=\"author\" content=\"Jeferson Carvalho\" \/>\n<meta name=\"twitter:card\" content=\"summary_large_image\" \/>\n<meta name=\"twitter:creator\" content=\"@tribunademinas\" \/>\n<meta name=\"twitter:site\" content=\"@tribunademinas\" \/>\n<meta name=\"twitter:label1\" content=\"Escrito por\" \/>\n\t<meta name=\"twitter:data1\" content=\"Jeferson Carvalho\" \/>\n\t<meta name=\"twitter:label2\" content=\"Est. tempo de leitura\" \/>\n\t<meta name=\"twitter:data2\" content=\"3 minutos\" \/>\n<!-- \/ Yoast SEO plugin. -->","yoast_head_json":{"title":"Voc\u00ea precisa receber 13\u00ba antes de dezembro se tiver carteira de trabalho assinada","description":"Quem trabalha com carteira assinada, sob as regras da Consolida\u00e7\u00e3o das Leis do Trabalho (CLT), tem direito garantido ao 13\u00ba sal\u00e1rio.","robots":{"index":"index","follow":"follow","max-snippet":"max-snippet:-1","max-image-preview":"max-image-preview:large","max-video-preview":"max-video-preview:-1"},"canonical":"https:\/\/tribunademinas.audiencelabs.com.br\/voce-precisa-receber-13o-antes-de-dezembro-se-tiver-carteira-de-trabalho-assinada\/","og_locale":"pt_BR","og_type":"article","og_title":"Voc\u00ea precisa receber 13\u00ba antes de dezembro se tiver carteira de trabalho assinada","og_description":"Quem trabalha com carteira assinada, sob as regras da Consolida\u00e7\u00e3o das Leis do Trabalho (CLT), tem direito garantido ao 13\u00ba sal\u00e1rio.","og_url":"https:\/\/tribunademinas.audiencelabs.com.br\/voce-precisa-receber-13o-antes-de-dezembro-se-tiver-carteira-de-trabalho-assinada\/","og_site_name":"Tribuna de Minas - Dinheiro e Cidadania","article_publisher":"https:\/\/www.facebook.com\/tribunademinas\/","article_published_time":"2025-11-15T17:45:00+00:00","og_image":[{"width":1170,"height":700,"url":"https:\/\/tribunademinas.audiencelabs.com.br\/wp-content\/uploads\/2025\/11\/13o.webp","type":"image\/webp"}],"author":"Jeferson Carvalho","twitter_card":"summary_large_image","twitter_creator":"@tribunademinas","twitter_site":"@tribunademinas","twitter_misc":{"Escrito por":"Jeferson Carvalho","Est. tempo de leitura":"3 minutos"},"schema":{"@context":"https:\/\/schema.org","@graph":[{"@type":"Article","@id":"https:\/\/tribunademinas.audiencelabs.com.br\/voce-precisa-receber-13o-antes-de-dezembro-se-tiver-carteira-de-trabalho-assinada\/#article","isPartOf":{"@id":"https:\/\/tribunademinas.audiencelabs.com.br\/voce-precisa-receber-13o-antes-de-dezembro-se-tiver-carteira-de-trabalho-assinada\/"},"author":{"name":"Jeferson Carvalho","@id":"https:\/\/tribunademinas.audiencelabs.com.br\/#\/schema\/person\/db18fc40307804bacef94213aa68fd9d"},"headline":"Voc\u00ea precisa receber 13\u00ba antes de dezembro se tiver carteira de trabalho assinada","datePublished":"2025-11-15T17:45:00+00:00","mainEntityOfPage":{"@id":"https:\/\/tribunademinas.audiencelabs.com.br\/voce-precisa-receber-13o-antes-de-dezembro-se-tiver-carteira-de-trabalho-assinada\/"},"wordCount":482,"commentCount":0,"publisher":{"@id":"https:\/\/tribunademinas.audiencelabs.com.br\/#organization"},"image":{"@id":"https:\/\/tribunademinas.audiencelabs.com.br\/voce-precisa-receber-13o-antes-de-dezembro-se-tiver-carteira-de-trabalho-assinada\/#primaryimage"},"thumbnailUrl":"https:\/\/tribunademinas.audiencelabs.com.br\/wp-content\/uploads\/2025\/11\/13o.webp","articleSection":["Dinheiro"],"inLanguage":"pt-BR","potentialAction":[{"@type":"CommentAction","name":"Comment","target":["https:\/\/tribunademinas.audiencelabs.com.br\/voce-precisa-receber-13o-antes-de-dezembro-se-tiver-carteira-de-trabalho-assinada\/#respond"]}]},{"@type":"WebPage","@id":"https:\/\/tribunademinas.audiencelabs.com.br\/voce-precisa-receber-13o-antes-de-dezembro-se-tiver-carteira-de-trabalho-assinada\/","url":"https:\/\/tribunademinas.audiencelabs.com.br\/voce-precisa-receber-13o-antes-de-dezembro-se-tiver-carteira-de-trabalho-assinada\/","name":"Voc\u00ea precisa receber 13\u00ba antes de dezembro se tiver carteira de trabalho assinada","isPartOf":{"@id":"https:\/\/tribunademinas.audiencelabs.com.br\/#website"},"primaryImageOfPage":{"@id":"https:\/\/tribunademinas.audiencelabs.com.br\/voce-precisa-receber-13o-antes-de-dezembro-se-tiver-carteira-de-trabalho-assinada\/#primaryimage"},"image":{"@id":"https:\/\/tribunademinas.audiencelabs.com.br\/voce-precisa-receber-13o-antes-de-dezembro-se-tiver-carteira-de-trabalho-assinada\/#primaryimage"},"thumbnailUrl":"https:\/\/tribunademinas.audiencelabs.com.br\/wp-content\/uploads\/2025\/11\/13o.webp","datePublished":"2025-11-15T17:45:00+00:00","description":"Quem trabalha com carteira assinada, sob as regras da Consolida\u00e7\u00e3o das Leis do Trabalho (CLT), tem direito garantido ao 13\u00ba sal\u00e1rio.","breadcrumb":{"@id":"https:\/\/tribunademinas.audiencelabs.com.br\/voce-precisa-receber-13o-antes-de-dezembro-se-tiver-carteira-de-trabalho-assinada\/#breadcrumb"},"inLanguage":"pt-BR","potentialAction":[{"@type":"ReadAction","target":["https:\/\/tribunademinas.audiencelabs.com.br\/voce-precisa-receber-13o-antes-de-dezembro-se-tiver-carteira-de-trabalho-assinada\/"]}]},{"@type":"ImageObject","inLanguage":"pt-BR","@id":"https:\/\/tribunademinas.audiencelabs.com.br\/voce-precisa-receber-13o-antes-de-dezembro-se-tiver-carteira-de-trabalho-assinada\/#primaryimage","url":"https:\/\/tribunademinas.audiencelabs.com.br\/wp-content\/uploads\/2025\/11\/13o.webp","contentUrl":"https:\/\/tribunademinas.audiencelabs.com.br\/wp-content\/uploads\/2025\/11\/13o.webp","width":1170,"height":700,"caption":"Voc\u00ea precisa receber 13\u00ba antes de dezembro se tiver carteira de trabalho assinada - Imagem: Jos\u00e9 Cruz\/Ag\u00eancia Brasil"},{"@type":"BreadcrumbList","@id":"https:\/\/tribunademinas.audiencelabs.com.br\/voce-precisa-receber-13o-antes-de-dezembro-se-tiver-carteira-de-trabalho-assinada\/#breadcrumb","itemListElement":[{"@type":"ListItem","position":1,"name":"In\u00edcio","item":"https:\/\/tribunademinas.audiencelabs.com.br\/"},{"@type":"ListItem","position":2,"name":"Voc\u00ea precisa receber 13\u00ba antes de dezembro se tiver carteira de trabalho assinada"}]},{"@type":"WebSite","@id":"https:\/\/tribunademinas.audiencelabs.com.br\/#website","url":"https:\/\/tribunademinas.audiencelabs.com.br\/","name":"Tribuna de Minas - Dinheiro e Cidadania","description":"","publisher":{"@id":"https:\/\/tribunademinas.audiencelabs.com.br\/#organization"},"potentialAction":[{"@type":"SearchAction","target":{"@type":"EntryPoint","urlTemplate":"https:\/\/tribunademinas.audiencelabs.com.br\/?s={search_term_string}"},"query-input":{"@type":"PropertyValueSpecification","valueRequired":true,"valueName":"search_term_string"}}],"inLanguage":"pt-BR"},{"@type":"Organization","@id":"https:\/\/tribunademinas.audiencelabs.com.br\/#organization","name":"Tribuna de Minas - Dinheiro e Cidadania","url":"https:\/\/tribunademinas.audiencelabs.com.br\/","logo":{"@type":"ImageObject","inLanguage":"pt-BR","@id":"https:\/\/tribunademinas.audiencelabs.com.br\/#\/schema\/logo\/image\/","url":"https:\/\/tribunademinas.audiencelabs.com.br\/wp-content\/uploads\/2025\/08\/cropped-Tribuna_512x512-96x96-1.png","contentUrl":"https:\/\/tribunademinas.audiencelabs.com.br\/wp-content\/uploads\/2025\/08\/cropped-Tribuna_512x512-96x96-1.png","width":96,"height":96,"caption":"Tribuna de Minas - Dinheiro e Cidadania"},"image":{"@id":"https:\/\/tribunademinas.audiencelabs.com.br\/#\/schema\/logo\/image\/"},"sameAs":["https:\/\/www.facebook.com\/tribunademinas\/","https:\/\/x.com\/tribunademinas","https:\/\/www.instagram.com\/tribunademinas\/","https:\/\/www.youtube.com\/user\/TribunadeMinasJF"]},{"@type":"Person","@id":"https:\/\/tribunademinas.audiencelabs.com.br\/#\/schema\/person\/db18fc40307804bacef94213aa68fd9d","name":"Jeferson Carvalho","image":{"@type":"ImageObject","inLanguage":"pt-BR","@id":"https:\/\/tribunademinas.audiencelabs.com.br\/#\/schema\/person\/image\/","url":"https:\/\/secure.gravatar.com\/avatar\/cd7646e328d9670dad7dea8698522e522745eeffcff5b9d08be858e377ce326b?s=96&d=mm&r=g","contentUrl":"https:\/\/secure.gravatar.com\/avatar\/cd7646e328d9670dad7dea8698522e522745eeffcff5b9d08be858e377ce326b?s=96&d=mm&r=g","caption":"Jeferson Carvalho"},"description":"Jornalista apaixonado pela profiss\u00e3o!","url":"https:\/\/tribunademinas.audiencelabs.com.br\/author\/jeferson\/"}]}},"amp_enabled":true,"_links":{"self":[{"href":"https:\/\/tribunademinas.audiencelabs.com.br\/wp-json\/wp\/v2\/posts\/3896","targetHints":{"allow":["GET"]}}],"collection":[{"href":"https:\/\/tribunademinas.audiencelabs.com.br\/wp-json\/wp\/v2\/posts"}],"about":[{"href":"https:\/\/tribunademinas.audiencelabs.com.br\/wp-json\/wp\/v2\/types\/post"}],"author":[{"embeddable":true,"href":"https:\/\/tribunademinas.audiencelabs.com.br\/wp-json\/wp\/v2\/users\/5"}],"replies":[{"embeddable":true,"href":"https:\/\/tribunademinas.audiencelabs.com.br\/wp-json\/wp\/v2\/comments?post=3896"}],"version-history":[{"count":3,"href":"https:\/\/tribunademinas.audiencelabs.com.br\/wp-json\/wp\/v2\/posts\/3896\/revisions"}],"predecessor-version":[{"id":4068,"href":"https:\/\/tribunademinas.audiencelabs.com.br\/wp-json\/wp\/v2\/posts\/3896\/revisions\/4068"}],"wp:featuredmedia":[{"embeddable":true,"href":"https:\/\/tribunademinas.audiencelabs.com.br\/wp-json\/wp\/v2\/media\/3897"}],"wp:attachment":[{"href":"https:\/\/tribunademinas.audiencelabs.com.br\/wp-json\/wp\/v2\/media?parent=3896"}],"wp:term":[{"taxonomy":"category","embeddable":true,"href":"https:\/\/tribunademinas.audiencelabs.com.br\/wp-json\/wp\/v2\/categories?post=3896"},{"taxonomy":"post_tag","embeddable":true,"href":"https:\/\/tribunademinas.audiencelabs.com.br\/wp-json\/wp\/v2\/tags?post=3896"}],"curies":[{"name":"wp","href":"https:\/\/api.w.org\/{rel}","templated":true}]}}