{"id":3870,"date":"2025-11-11T16:49:14","date_gmt":"2025-11-11T19:49:14","guid":{"rendered":"https:\/\/tribunademinas.audiencelabs.com.br\/?p=3870"},"modified":"2025-11-12T11:49:20","modified_gmt":"2025-11-12T14:49:20","slug":"aposentadoria-vai-aumentar-no-inss-e-milhares-estao-comemorando","status":"publish","type":"post","link":"https:\/\/tribunademinas.audiencelabs.com.br\/aposentadoria-vai-aumentar-no-inss-e-milhares-estao-comemorando\/","title":{"rendered":"Aposentadoria vai aumentar no INSS e milhares est\u00e3o comemorando"},"content":{"rendered":"\n<p>Aposentados e pensionistas do INSS t\u00eam motivos para comemorar. O governo federal confirmou que os benef\u00edcios previdenci\u00e1rios devem passar por um reajuste em 2026, acompanhando o prov\u00e1vel aumento do sal\u00e1rio m\u00ednimo, previsto para os primeiros dias do ano. <\/p>\n\n\n\n<p>De acordo com estimativas oficiais, o novo piso nacional deve chegar a R$ 1.631, o que significa que os benefici\u00e1rios que recebem o valor m\u00ednimo ter\u00e3o seus pagamentos atualizados para esse novo montante. <\/p>\n\n\n\n<p>J\u00e1 os segurados que recebem acima do piso devem ter um reajuste de 4,66% em m\u00e9dia, conforme previs\u00e3o do Minist\u00e9rio do Planejamento e Or\u00e7amento.<\/p>\n\n\n\n<h2 class=\"wp-block-heading\">Aposentadoria vai aumentar no INSS e milhares est\u00e3o comemorando<\/h2>\n\n\n\n<p>Esse movimento de corre\u00e7\u00e3o n\u00e3o acontece por acaso. O sal\u00e1rio m\u00ednimo serve como base para diversos pagamentos da Previd\u00eancia Social, e qualquer mudan\u00e7a nesse valor impacta diretamente milh\u00f5es de benefici\u00e1rios. <\/p>\n\n\n<style>@media (min-width: 992px) {\n    .recomendadorV2Area1 {\n        width: 280px;\n    }\n    .recomendadorV2Area2 {\n        padding: 0px 20px;\n        width: calc(100% - 280px);\n    }\n}\n\n@media (max-width: 992px) {\n    .recomendadorV2Button {\n        margin: 0 auto;\n    }\n    .recomendadorV2Area {\n        flex-direction: column;\n        text-align: center;\n    }\n    .recomendadorV2Area2 {\n        padding: 0px 20px;\n    }\n}\n\n.recomendadorV2Area {\n    background: #eeeeee3d;\n    border-radius: 10px;\n    padding: 15px;\n    display: flex;\n    margin: 15px auto;\n    border: 1px solid #00000014;\n    max-width: 800px;\n}\n\n.recomendadorV2Area1 img {\n    width: 280px;\n    height: auto;\n    border-radius: 8px;\n}\n\n.linkrecomendadorv2 {\n    text-decoration: none !important;\n}\n\n.recomendadorV2Area2 .recomendadorV2Type {\n    text-transform: uppercase;\n    font-weight: 500;\n    font-size: 11px;\n    letter-spacing: 2px;\n    color: #666;\n    margin: 12px 0;\n    display: block;\n}\n\n.recomendadorV2Title h2 {\n    padding-top: 0px !important;\n    margin: 0px !important;\n    border-left: none !important;\n    padding-left: 0px !important;\n    line-height: 1.3;\n    color: #000 !important;\n    font-size: 24px;\n    margin-bottom: 12px !important;\n}\n\n.recomendadorV2Desc {\n    color: #333;\n    margin: 12px 0px !important;\n    font-size: 15px;\n    line-height: 1.5;\n}\n\n.recomendadorV2Button {\n    width: auto;\n    max-width: 200px;\n    margin: 0;\n    display: inline-flex;\n    align-items: center;\n    background: #1D3557;\n    border-radius: 8px;\n    color: #fff;\n    height: 36px;\n    justify-content: center;\n    text-align: center;\n    font-size: 14px;\n    padding: 0 20px;\n    transition: background-color 0.2s ease;\n}\n\n.recomendadorV2Button:hover {\n    background: #2a4d7a;\n}\n\n.recomendadorV2Button:after {\n    margin-top: -2px;\n    content: \"\u2192\";\n    padding: 0px 0px 0px 8px;\n}\n\n.recomendadorV2Alert {\n    text-align: left;\n    font-size: 11px;\n    margin-top: 8px;\n    color: #666;\n}\n\n.recomendadorFixedArea {\n    width: 100%;\n    display: flex;\n    justify-content: center;\n    align-items: center;\n}\n\n@media (min-width: 992px) {\n    #recomendadorFixed {\n        width: 32% !important;\n        left: 5%;\n    }\n    .recomendadorCloseFixed{\n        right: inherit !important;\n        left: 378px !important;\n    }\n}\n\n#recomendadorFixed {\n    width: 90%;\n    box-shadow: 0 10px 20px 0px #00000057;\n    display: none;\n    height: 90px;\n    background: #F6F6F6;\n    position: fixed;\n    flex-direction: row;\n    bottom: 10px;\n    z-index: 9999;\n    border-radius: 16px;\n    padding: 7px 10px;\n}\n\n.recomendadorLeftArea {\n    width: 160px;\n}\n\n.recomendadorRightArea h2 {\n    padding-top: 0px;\n    margin: 2px 0px 4px 0px !important;\n    font-weight: 400;\n    text-align: center;\n    padding-left: 0px !important;\n    color: #000 !important;\n    border-left: none !important;\n    line-height: 20px;\n    font-size: 12px !important;\n}\n\n.recomendadorImgFixed {\n    overflow: hidden;\n    padding: 8px 6px;\n    height: 100%;\n}\n\n.recomendadorImgFixed img {\n    height: 100% !important;\n    border-radius: 16px;\n}\n\n.recomendadorRightArea {\n    padding-top: 6px;\n    display: flex;\n    width: calc(100% - 130px);\n    justify-content: space-between;\n    align-items: center;\n    flex-direction: column;\n}\n\n.recomendadorButtonFixed {\n    margin: 0 auto;\n    background: #1D3557;\n    width: 80%;\n    text-align: center;\n    font-size: 10px;\n    color: #FFF;\n    padding: 2px 10px;\n    border-radius: 3px;\n}\n\n.recomendadorButtonFixed:after {\n    margin-top: -3px;\n    content: \"\u2192\";\n    padding: 0px 0px 0px 10px;\n}\n\n.recomendadorAlertFixed {\n    font-weight: 400;\n    text-align: center;\n    color: #484848;\n    font-size: 8px;\n}\n\n.recomendadorCloseFixed {\n    z-index: 99999;\n    display: none;\n    right: 0px;\n    left: inherit;\n    bottom: 99px;\n    position: fixed;\n    justify-content: center;\n    background: #F6F6F6;\n    width: 25px;\n    align-items: center;\n    height: 25px;\n    font-weight: 800;\n    border-radius: 50%;\n    border: 1px solid #EBEBEB;\n}\n\n.recomendadorV2Desc{\n    color: #000000;\n    margin: 20px 0px;\n}\n\n@media (max-width: 576px) {\n    .recomendadorV2Area {\n      padding: 10px;\n      max-width: 100%;\n    }\n  \n    .recomendadorV2Area1 img {\n      width: 100%;\n      border-radius: 6px;\n    }\n  \n    .recomendadorV2Area2 .recomendadorV2Type {\n      font-size: 9px;\n      letter-spacing: 1px;\n      margin: 8px 0;\n    }\n  \n    .recomendadorV2Title h2 {\n      font-size: 18px !important;\n      margin-bottom: 8px !important;\n      line-height: 1.2;\n    }\n  \n    .recomendadorV2Desc {\n      font-size: 14px;\n      margin: 8px 0 !important;\n      line-height: 1.4;\n    }\n  \n    .recomendadorV2Button {\n      font-size: 12px;\n      height: 30px;\n      padding: 0 12px;\n      max-width: 160px;\n    }\n  \n    .recomendadorV2Button:after {\n      padding-left: 6px;\n    }\n  }\n  <\/style>\n        <div class=\"lazyblock-recomendador-v2-2jDGz wp-block-lazyblock-recomendador-v2\">\n        <a class=\"linkrecomendadorv2\" href=\"https:\/\/tribunademinas.com.br\/colunas\/dinheiroecidadania\/saque-acima-de-r-8-000-pode-ter-sido-liberado-na-sua-conta-pelo-inss\/?utm_source=lazy\">\n            <div class=\"recomendadorV2Area\">\n            <div class=\"recomendadorV2Area1\">\n                <div class=\"recomendadorV2Img\">\n                <img class=\"lazyloaded\" decoding=\"async\" src=\"https:\/\/tribunademinas.audiencelabs.com.br\/wp-content\/uploads\/2025\/11\/INSS-1.jpg\" data-src=\"https:\/\/tribunademinas.audiencelabs.com.br\/wp-content\/uploads\/2025\/11\/INSS-1.jpg\" alt=\"\">\n                <\/div>\n            <\/div>\n            <div class=\"recomendadorV2Area2\">\n                <div class=\"recomendadorV2Type\">\n                    <span>benef\u00edcio inss<\/span>\n                <\/div>\n                <div class=\"recomendadorV2Title\">\n                <h2><span>Saque de R$ 8 mil liberado \ud83d\udcb8<\/span><\/h2>\n                <\/div>\n                <div class=\"recomendadorV2Desc\">\n                <span>Confira se voc\u00ea tem direito ao valor!<\/span>\n                <\/div>\n                <div class=\"recomendadorV2Button\">Verifique agora<\/div>\n                <div class=\"recomendadorV2Alert\"><\/div>\n            <\/div>\n            <\/div>\n        <\/a>\n        <div>\n            <div style=\"z-index:99999;\" id=\"buttonClose\" onclick=\"closeRecomendadorFixed()\">\n            <div class=\"recomendadorCloseFixed\">X<\/div>\n            <\/div>\n            <a href=\"https:\/\/tribunademinas.com.br\/colunas\/dinheiroecidadania\/saque-acima-de-r-8-000-pode-ter-sido-liberado-na-sua-conta-pelo-inss\/?utm_source=lazy\">\n            <div class=\"recomendadorFixedArea\">\n                <div id=\"recomendadorFixed\">\n                <div class=\"recomendadorLeftArea\">\n                    <div class=\"recomendadorImgFixed\">\n                    <img class=\"lazyload\" decoding=\"async\" src=\"https:\/\/tribunademinas.audiencelabs.com.br\/wp-content\/uploads\/2025\/11\/INSS-1.jpg\" alt=\"\">\n                    <\/div>\n                <\/div>\n                <div class=\"recomendadorRightArea\">\n                    <div class=\"recomendadorTitleFixed\">\n                    <h2><span>Saque de R$ 8 mil liberado \ud83d\udcb8<\/span><\/h2>\n                    <\/div>\n                    <div class=\"recomendadorButtonFixed\">Verifique agora<\/div>\n                    <div class=\"recomendadorAlertFixed\"><\/div>\n                <\/div>\n                <\/div>\n            <\/div>\n            <\/a>\n        <\/div>\n        <\/div>\n\n\n\n<p>O aumento projetado est\u00e1 ligado \u00e0 pol\u00edtica de valoriza\u00e7\u00e3o do sal\u00e1rio m\u00ednimo, que considera dois fatores: a infla\u00e7\u00e3o do ano anterior, medida pelo INPC (\u00cdndice Nacional de Pre\u00e7os ao Consumidor), e o crescimento do PIB de dois anos antes. <\/p>\n\n\n\n<p>Para 2026, a estimativa de infla\u00e7\u00e3o usada \u00e9 de 4,78%, somada a uma alta de at\u00e9 2,5% do PIB de 2024, seguindo o modelo de corre\u00e7\u00e3o proposto pela equipe econ\u00f4mica.<\/p>\n\n\n\n<p>No caso dos benefici\u00e1rios que recebem valores superiores ao sal\u00e1rio m\u00ednimo, o reajuste segue a varia\u00e7\u00e3o anual do INPC. A proje\u00e7\u00e3o atual, baseada em dados da Secretaria de Pol\u00edtica Econ\u00f4mica, \u00e9 de que esse \u00edndice feche 2025 em 4,66%. <\/p>\n\n\n\n<p>Esse percentual ser\u00e1 aplicado diretamente aos pagamentos de aposentadorias, pens\u00f5es, aux\u00edlios e ao teto do INSS, que pode passar de R$ 8.157,41 para R$ 8.537,55.<\/p>\n\n\n\n<h3 class=\"wp-block-heading\">Mais de 40 milh\u00f5es de benefici\u00e1rios do INSS devem receber reajustes em 2026<\/h3>\n\n\n\n<p>O impacto financeiro dessa atualiza\u00e7\u00e3o \u00e9 significativo. Estima-se que mais de 12 milh\u00f5es de benefici\u00e1rios recebem acima do piso, enquanto outros 28 milh\u00f5es recebem at\u00e9 um sal\u00e1rio m\u00ednimo, atualmente em R$ 1.518. <\/p>\n\n\n\n<p>O reajuste, portanto, n\u00e3o apenas melhora o poder de compra de milh\u00f5es de brasileiros, como tamb\u00e9m eleva o custo total da <a href=\"https:\/\/tribunademinas.com.br\/colunas\/dinheiroecidadania\/aposentados-vao-receber-do-inss-mais-cedo-do-que-imaginam-em-novembro\/\"><strong>Previd\u00eancia<\/strong><\/a>, um dos principais itens do or\u00e7amento federal.<\/p>\n\n\n\n<p>Apesar das estimativas j\u00e1 constarem no Projeto de Lei Or\u00e7ament\u00e1ria Anual (PLOA), enviado ao Congresso Nacional, os valores ainda dependem de aprova\u00e7\u00e3o de deputados e senadores. <\/p>\n\n\n\n<p>A expectativa, no entanto, \u00e9 de que as proje\u00e7\u00f5es sejam mantidas, garantindo mais f\u00f4lego no bolso de quem depende da aposentadoria para viver.<\/p>\n\n\n\n<p><\/p>\n","protected":false},"excerpt":{"rendered":"<p>Aposentados e pensionistas do INSS t\u00eam motivos para comemorar. O governo federal confirmou que os benef\u00edcios previdenci\u00e1rios devem passar por um reajuste em 2026, acompanhando o prov\u00e1vel aumento do sal\u00e1rio m\u00ednimo, previsto para os primeiros dias do ano. De acordo com estimativas oficiais, o novo piso nacional deve chegar a R$ 1.631, o que significa [&hellip;]<\/p>\n","protected":false},"author":5,"featured_media":3871,"comment_status":"open","ping_status":"open","sticky":false,"template":"","format":"standard","meta":{"jnews-multi-image_gallery":[],"jnews_single_post":{"format":"standard"},"jnews_primary_category":[],"jnews_social_meta":[],"jnews_post_split":[],"footnotes":""},"categories":[1],"tags":[],"class_list":["post-3870","post","type-post","status-publish","format-standard","has-post-thumbnail","hentry","category-dinheiro"],"yoast_head":"<!-- This site is optimized with the Yoast SEO plugin v25.6 - https:\/\/yoast.com\/wordpress\/plugins\/seo\/ -->\n<title>Aposentadoria vai aumentar no INSS e milhares est\u00e3o comemorando<\/title>\n<meta name=\"description\" content=\"Aposentados e pensionistas do INSS t\u00eam motivos para comemorar, pois os benef\u00edcios previdenci\u00e1rios devem passar por um reajuste em 2026.\" \/>\n<meta name=\"robots\" content=\"index, follow, max-snippet:-1, max-image-preview:large, max-video-preview:-1\" \/>\n<link rel=\"canonical\" href=\"https:\/\/tribunademinas.audiencelabs.com.br\/aposentadoria-vai-aumentar-no-inss-e-milhares-estao-comemorando\/\" \/>\n<meta property=\"og:locale\" content=\"pt_BR\" \/>\n<meta property=\"og:type\" content=\"article\" \/>\n<meta property=\"og:title\" content=\"Aposentadoria vai aumentar no INSS e milhares est\u00e3o comemorando\" \/>\n<meta property=\"og:description\" content=\"Aposentados e pensionistas do INSS t\u00eam motivos para comemorar, pois os benef\u00edcios previdenci\u00e1rios devem passar por um reajuste em 2026.\" \/>\n<meta property=\"og:url\" content=\"https:\/\/tribunademinas.audiencelabs.com.br\/aposentadoria-vai-aumentar-no-inss-e-milhares-estao-comemorando\/\" \/>\n<meta property=\"og:site_name\" content=\"Tribuna de Minas - Dinheiro e Cidadania\" \/>\n<meta property=\"article:publisher\" content=\"https:\/\/www.facebook.com\/tribunademinas\/\" \/>\n<meta property=\"article:published_time\" content=\"2025-11-11T19:49:14+00:00\" \/>\n<meta property=\"article:modified_time\" content=\"2025-11-12T14:49:20+00:00\" \/>\n<meta property=\"og:image\" content=\"https:\/\/tribunademinas.audiencelabs.com.br\/wp-content\/uploads\/2025\/11\/INSS.jpg\" \/>\n\t<meta property=\"og:image:width\" content=\"1600\" \/>\n\t<meta property=\"og:image:height\" content=\"800\" \/>\n\t<meta property=\"og:image:type\" content=\"image\/jpeg\" \/>\n<meta name=\"author\" content=\"Jeferson Carvalho\" \/>\n<meta name=\"twitter:card\" content=\"summary_large_image\" \/>\n<meta name=\"twitter:creator\" content=\"@tribunademinas\" \/>\n<meta name=\"twitter:site\" content=\"@tribunademinas\" \/>\n<meta name=\"twitter:label1\" content=\"Escrito por\" \/>\n\t<meta name=\"twitter:data1\" content=\"Jeferson Carvalho\" \/>\n\t<meta name=\"twitter:label2\" content=\"Est. tempo de leitura\" \/>\n\t<meta name=\"twitter:data2\" content=\"3 minutos\" \/>\n<!-- \/ Yoast SEO plugin. -->","yoast_head_json":{"title":"Aposentadoria vai aumentar no INSS e milhares est\u00e3o comemorando","description":"Aposentados e pensionistas do INSS t\u00eam motivos para comemorar, pois os benef\u00edcios previdenci\u00e1rios devem passar por um reajuste em 2026.","robots":{"index":"index","follow":"follow","max-snippet":"max-snippet:-1","max-image-preview":"max-image-preview:large","max-video-preview":"max-video-preview:-1"},"canonical":"https:\/\/tribunademinas.audiencelabs.com.br\/aposentadoria-vai-aumentar-no-inss-e-milhares-estao-comemorando\/","og_locale":"pt_BR","og_type":"article","og_title":"Aposentadoria vai aumentar no INSS e milhares est\u00e3o comemorando","og_description":"Aposentados e pensionistas do INSS t\u00eam motivos para comemorar, pois os benef\u00edcios previdenci\u00e1rios devem passar por um reajuste em 2026.","og_url":"https:\/\/tribunademinas.audiencelabs.com.br\/aposentadoria-vai-aumentar-no-inss-e-milhares-estao-comemorando\/","og_site_name":"Tribuna de Minas - Dinheiro e Cidadania","article_publisher":"https:\/\/www.facebook.com\/tribunademinas\/","article_published_time":"2025-11-11T19:49:14+00:00","article_modified_time":"2025-11-12T14:49:20+00:00","og_image":[{"width":1600,"height":800,"url":"https:\/\/tribunademinas.audiencelabs.com.br\/wp-content\/uploads\/2025\/11\/INSS.jpg","type":"image\/jpeg"}],"author":"Jeferson Carvalho","twitter_card":"summary_large_image","twitter_creator":"@tribunademinas","twitter_site":"@tribunademinas","twitter_misc":{"Escrito por":"Jeferson Carvalho","Est. tempo de leitura":"3 minutos"},"schema":{"@context":"https:\/\/schema.org","@graph":[{"@type":"Article","@id":"https:\/\/tribunademinas.audiencelabs.com.br\/aposentadoria-vai-aumentar-no-inss-e-milhares-estao-comemorando\/#article","isPartOf":{"@id":"https:\/\/tribunademinas.audiencelabs.com.br\/aposentadoria-vai-aumentar-no-inss-e-milhares-estao-comemorando\/"},"author":{"name":"Jeferson Carvalho","@id":"https:\/\/tribunademinas.audiencelabs.com.br\/#\/schema\/person\/db18fc40307804bacef94213aa68fd9d"},"headline":"Aposentadoria vai aumentar no INSS e milhares est\u00e3o comemorando","datePublished":"2025-11-11T19:49:14+00:00","dateModified":"2025-11-12T14:49:20+00:00","mainEntityOfPage":{"@id":"https:\/\/tribunademinas.audiencelabs.com.br\/aposentadoria-vai-aumentar-no-inss-e-milhares-estao-comemorando\/"},"wordCount":493,"commentCount":0,"publisher":{"@id":"https:\/\/tribunademinas.audiencelabs.com.br\/#organization"},"image":{"@id":"https:\/\/tribunademinas.audiencelabs.com.br\/aposentadoria-vai-aumentar-no-inss-e-milhares-estao-comemorando\/#primaryimage"},"thumbnailUrl":"https:\/\/tribunademinas.audiencelabs.com.br\/wp-content\/uploads\/2025\/11\/INSS.jpg","articleSection":["Dinheiro"],"inLanguage":"pt-BR","potentialAction":[{"@type":"CommentAction","name":"Comment","target":["https:\/\/tribunademinas.audiencelabs.com.br\/aposentadoria-vai-aumentar-no-inss-e-milhares-estao-comemorando\/#respond"]}]},{"@type":"WebPage","@id":"https:\/\/tribunademinas.audiencelabs.com.br\/aposentadoria-vai-aumentar-no-inss-e-milhares-estao-comemorando\/","url":"https:\/\/tribunademinas.audiencelabs.com.br\/aposentadoria-vai-aumentar-no-inss-e-milhares-estao-comemorando\/","name":"Aposentadoria vai aumentar no INSS e milhares est\u00e3o comemorando","isPartOf":{"@id":"https:\/\/tribunademinas.audiencelabs.com.br\/#website"},"primaryImageOfPage":{"@id":"https:\/\/tribunademinas.audiencelabs.com.br\/aposentadoria-vai-aumentar-no-inss-e-milhares-estao-comemorando\/#primaryimage"},"image":{"@id":"https:\/\/tribunademinas.audiencelabs.com.br\/aposentadoria-vai-aumentar-no-inss-e-milhares-estao-comemorando\/#primaryimage"},"thumbnailUrl":"https:\/\/tribunademinas.audiencelabs.com.br\/wp-content\/uploads\/2025\/11\/INSS.jpg","datePublished":"2025-11-11T19:49:14+00:00","dateModified":"2025-11-12T14:49:20+00:00","description":"Aposentados e pensionistas do INSS t\u00eam motivos para comemorar, pois os benef\u00edcios previdenci\u00e1rios devem passar por um reajuste em 2026.","breadcrumb":{"@id":"https:\/\/tribunademinas.audiencelabs.com.br\/aposentadoria-vai-aumentar-no-inss-e-milhares-estao-comemorando\/#breadcrumb"},"inLanguage":"pt-BR","potentialAction":[{"@type":"ReadAction","target":["https:\/\/tribunademinas.audiencelabs.com.br\/aposentadoria-vai-aumentar-no-inss-e-milhares-estao-comemorando\/"]}]},{"@type":"ImageObject","inLanguage":"pt-BR","@id":"https:\/\/tribunademinas.audiencelabs.com.br\/aposentadoria-vai-aumentar-no-inss-e-milhares-estao-comemorando\/#primaryimage","url":"https:\/\/tribunademinas.audiencelabs.com.br\/wp-content\/uploads\/2025\/11\/INSS.jpg","contentUrl":"https:\/\/tribunademinas.audiencelabs.com.br\/wp-content\/uploads\/2025\/11\/INSS.jpg","width":1600,"height":800,"caption":"Aposentadoria vai aumentar no INSS e milhares est\u00e3o comemorando - Imagem: Divulga\u00e7\u00e3o\/INSS"},{"@type":"BreadcrumbList","@id":"https:\/\/tribunademinas.audiencelabs.com.br\/aposentadoria-vai-aumentar-no-inss-e-milhares-estao-comemorando\/#breadcrumb","itemListElement":[{"@type":"ListItem","position":1,"name":"In\u00edcio","item":"https:\/\/tribunademinas.audiencelabs.com.br\/"},{"@type":"ListItem","position":2,"name":"Aposentadoria vai aumentar no INSS e milhares est\u00e3o comemorando"}]},{"@type":"WebSite","@id":"https:\/\/tribunademinas.audiencelabs.com.br\/#website","url":"https:\/\/tribunademinas.audiencelabs.com.br\/","name":"Tribuna de Minas - Dinheiro e Cidadania","description":"","publisher":{"@id":"https:\/\/tribunademinas.audiencelabs.com.br\/#organization"},"potentialAction":[{"@type":"SearchAction","target":{"@type":"EntryPoint","urlTemplate":"https:\/\/tribunademinas.audiencelabs.com.br\/?s={search_term_string}"},"query-input":{"@type":"PropertyValueSpecification","valueRequired":true,"valueName":"search_term_string"}}],"inLanguage":"pt-BR"},{"@type":"Organization","@id":"https:\/\/tribunademinas.audiencelabs.com.br\/#organization","name":"Tribuna de Minas - Dinheiro e Cidadania","url":"https:\/\/tribunademinas.audiencelabs.com.br\/","logo":{"@type":"ImageObject","inLanguage":"pt-BR","@id":"https:\/\/tribunademinas.audiencelabs.com.br\/#\/schema\/logo\/image\/","url":"https:\/\/tribunademinas.audiencelabs.com.br\/wp-content\/uploads\/2025\/08\/cropped-Tribuna_512x512-96x96-1.png","contentUrl":"https:\/\/tribunademinas.audiencelabs.com.br\/wp-content\/uploads\/2025\/08\/cropped-Tribuna_512x512-96x96-1.png","width":96,"height":96,"caption":"Tribuna de Minas - Dinheiro e Cidadania"},"image":{"@id":"https:\/\/tribunademinas.audiencelabs.com.br\/#\/schema\/logo\/image\/"},"sameAs":["https:\/\/www.facebook.com\/tribunademinas\/","https:\/\/x.com\/tribunademinas","https:\/\/www.instagram.com\/tribunademinas\/","https:\/\/www.youtube.com\/user\/TribunadeMinasJF"]},{"@type":"Person","@id":"https:\/\/tribunademinas.audiencelabs.com.br\/#\/schema\/person\/db18fc40307804bacef94213aa68fd9d","name":"Jeferson Carvalho","image":{"@type":"ImageObject","inLanguage":"pt-BR","@id":"https:\/\/tribunademinas.audiencelabs.com.br\/#\/schema\/person\/image\/","url":"https:\/\/secure.gravatar.com\/avatar\/cd7646e328d9670dad7dea8698522e522745eeffcff5b9d08be858e377ce326b?s=96&d=mm&r=g","contentUrl":"https:\/\/secure.gravatar.com\/avatar\/cd7646e328d9670dad7dea8698522e522745eeffcff5b9d08be858e377ce326b?s=96&d=mm&r=g","caption":"Jeferson Carvalho"},"description":"Jornalista apaixonado pela profiss\u00e3o!","url":"https:\/\/tribunademinas.audiencelabs.com.br\/author\/jeferson\/"}]}},"amp_enabled":true,"_links":{"self":[{"href":"https:\/\/tribunademinas.audiencelabs.com.br\/wp-json\/wp\/v2\/posts\/3870","targetHints":{"allow":["GET"]}}],"collection":[{"href":"https:\/\/tribunademinas.audiencelabs.com.br\/wp-json\/wp\/v2\/posts"}],"about":[{"href":"https:\/\/tribunademinas.audiencelabs.com.br\/wp-json\/wp\/v2\/types\/post"}],"author":[{"embeddable":true,"href":"https:\/\/tribunademinas.audiencelabs.com.br\/wp-json\/wp\/v2\/users\/5"}],"replies":[{"embeddable":true,"href":"https:\/\/tribunademinas.audiencelabs.com.br\/wp-json\/wp\/v2\/comments?post=3870"}],"version-history":[{"count":2,"href":"https:\/\/tribunademinas.audiencelabs.com.br\/wp-json\/wp\/v2\/posts\/3870\/revisions"}],"predecessor-version":[{"id":3915,"href":"https:\/\/tribunademinas.audiencelabs.com.br\/wp-json\/wp\/v2\/posts\/3870\/revisions\/3915"}],"wp:featuredmedia":[{"embeddable":true,"href":"https:\/\/tribunademinas.audiencelabs.com.br\/wp-json\/wp\/v2\/media\/3871"}],"wp:attachment":[{"href":"https:\/\/tribunademinas.audiencelabs.com.br\/wp-json\/wp\/v2\/media?parent=3870"}],"wp:term":[{"taxonomy":"category","embeddable":true,"href":"https:\/\/tribunademinas.audiencelabs.com.br\/wp-json\/wp\/v2\/categories?post=3870"},{"taxonomy":"post_tag","embeddable":true,"href":"https:\/\/tribunademinas.audiencelabs.com.br\/wp-json\/wp\/v2\/tags?post=3870"}],"curies":[{"name":"wp","href":"https:\/\/api.w.org\/{rel}","templated":true}]}}