{"id":3855,"date":"2025-11-12T14:00:00","date_gmt":"2025-11-12T17:00:00","guid":{"rendered":"https:\/\/tribunademinas.audiencelabs.com.br\/?p=3855"},"modified":"2025-11-12T11:55:09","modified_gmt":"2025-11-12T14:55:09","slug":"contribuiu-por-30-anos-voce-pode-ter-direito-que-muitos-ignoram","status":"publish","type":"post","link":"https:\/\/tribunademinas.audiencelabs.com.br\/contribuiu-por-30-anos-voce-pode-ter-direito-que-muitos-ignoram\/","title":{"rendered":"Contribuiu por 30 anos? Voc\u00ea pode ter direito que muitos ignoram"},"content":{"rendered":"\n<p>Um direito chamou a aten\u00e7\u00e3o de algumas pessoas. Promulgada em novembro de 2019, a Emenda Constitucional n\u00ba 103\/2019 instituiu a mais recente <strong>Reforma da Previd\u00eancia<\/strong>, que promoveu altera\u00e7\u00f5es substanciais nas regras para aposentadoria no Brasil, modificando condi\u00e7\u00f5es e crit\u00e9rios.<\/p>\n\n\n\n<p>Apesar de ter ganhado ampla repercuss\u00e3o, muitos brasileiros n\u00e3o se informaram adequadamente sobre as mudan\u00e7as e, por conta disso, deixaram de exercer direitos previdenci\u00e1rios que <strong>j\u00e1 poderiam assegurar sua aposentadoria<\/strong>.<\/p>\n\n\n\n<p>Dentre os principais, destaca-se o <strong>direito adquirido<\/strong> que \u00e9 v\u00e1lido para cidad\u00e3os que j\u00e1 haviam cumprido todos os requisitos exigidos para aposentadoria antes da Reforma, que entrou em vigor somente no dia 13 de novembro de 2019.<\/p>\n\n\n\n<p>Isso significa que todos os que j\u00e1 haviam cumprido os crit\u00e9rios de elegibilidade durante a vig\u00eancia da legisla\u00e7\u00e3o anterior<strong> n\u00e3o precisam se adequar \u00e0s regras da Reforma<\/strong>, e j\u00e1 podem requerer a aposentadoria. Os principais requisitos incluem (via<em> Blog do Prev<\/em>):<\/p>\n\n\n\n<ul class=\"wp-block-list\">\n<li><strong>Tempo m\u00ednimo de contribui\u00e7\u00e3o de 30 anos para mulheres e 35 para homens;<\/strong><\/li>\n\n\n\n<li><strong>Cumprimento da car\u00eancia de 180 contribui\u00e7\u00f5es mensais.<\/strong><\/li>\n<\/ul>\n\n\n\n<p>Al\u00e9m disso, nestes casos, a <strong>data de filia\u00e7\u00e3o ao Instituto Nacional do Seguro Social (INSS)<\/strong> tamb\u00e9m conta, o que restringe o direito adquirido aos segurados que j\u00e1 contribu\u00edam com a autarquia antes de novembro de 2019.<\/p>\n\n\n\n<h2 class=\"wp-block-heading\">Aposentadoria p\u00f3s-Reforma: casos em que o direito adquirido \u00e9 inv\u00e1lido<\/h2>\n\n\n\n<p>Conforme mencionado anteriormente, o direito adquirido s\u00f3 se aplica a segurados que atingiram 30 anos de contribui\u00e7\u00e3o e j\u00e1 era filiado do INSS antes da Reforma. Contudo, cidad\u00e3os que s\u00f3 conclu\u00edram o ciclo ap\u00f3s novembro de 2019 ainda podem contar com as seguintes regras de transi\u00e7\u00e3o a seu favor:<\/p>\n\n\n\n<ul class=\"wp-block-list\">\n<li><strong>Idade m\u00ednima progressiva:<\/strong> homens e mulheres com 30 anos de contribui\u00e7\u00e3o podem se aposentar com 63 e 58 anos, respectivamente;<\/li>\n\n\n\n<li><strong>Regra de pontos:<\/strong> se ao somar a idade ao tempo de contribui\u00e7\u00e3o, e totalizar 91 pontos para mulheres e 101 para homens, tamb\u00e9m \u00e9 poss\u00edvel garantir a aposentadoria;<\/li>\n\n\n\n<li><strong>Ped\u00e1gio de 50% ou 100%: <\/strong>exige um tempo de contribui\u00e7\u00e3o adicional sobre o per\u00edodo pendente na data da reforma e garante condi\u00e7\u00f5es espec\u00edficas de c\u00e1lculo.<\/li>\n<\/ul>\n","protected":false},"excerpt":{"rendered":"<p>Um direito chamou a aten\u00e7\u00e3o de algumas pessoas. Promulgada em novembro de 2019, a Emenda Constitucional n\u00ba 103\/2019 instituiu a mais recente Reforma da Previd\u00eancia, que promoveu altera\u00e7\u00f5es substanciais nas regras para aposentadoria no Brasil, modificando condi\u00e7\u00f5es e crit\u00e9rios. Apesar de ter ganhado ampla repercuss\u00e3o, muitos brasileiros n\u00e3o se informaram adequadamente sobre as mudan\u00e7as e, [&hellip;]<\/p>\n","protected":false},"author":3,"featured_media":3856,"comment_status":"open","ping_status":"open","sticky":false,"template":"","format":"standard","meta":{"jnews-multi-image_gallery":[],"jnews_single_post":{"format":"standard"},"jnews_primary_category":[],"jnews_social_meta":[],"jnews_post_split":[],"footnotes":""},"categories":[159],"tags":[],"class_list":["post-3855","post","type-post","status-publish","format-standard","has-post-thumbnail","hentry","category-cidadania"],"yoast_head":"<!-- This site is optimized with the Yoast SEO plugin v25.6 - https:\/\/yoast.com\/wordpress\/plugins\/seo\/ -->\n<title>Contribuiu por 30 anos? Voc\u00ea pode ter direito que muitos ignoram<\/title>\n<meta name=\"description\" content=\"Um direito chamou a aten\u00e7\u00e3o de algumas pessoas. Entenda a Emenda Constitucional n\u00ba 103\/2019 instituiu a mais recente Reforma da Previd\u00eancia,\" \/>\n<meta name=\"robots\" content=\"index, follow, max-snippet:-1, max-image-preview:large, max-video-preview:-1\" \/>\n<link rel=\"canonical\" href=\"https:\/\/tribunademinas.audiencelabs.com.br\/contribuiu-por-30-anos-voce-pode-ter-direito-que-muitos-ignoram\/\" \/>\n<meta property=\"og:locale\" content=\"pt_BR\" \/>\n<meta property=\"og:type\" content=\"article\" \/>\n<meta property=\"og:title\" content=\"Contribuiu por 30 anos? Voc\u00ea pode ter direito que muitos ignoram\" \/>\n<meta property=\"og:description\" content=\"Um direito chamou a aten\u00e7\u00e3o de algumas pessoas. Entenda a Emenda Constitucional n\u00ba 103\/2019 instituiu a mais recente Reforma da Previd\u00eancia,\" \/>\n<meta property=\"og:url\" content=\"https:\/\/tribunademinas.audiencelabs.com.br\/contribuiu-por-30-anos-voce-pode-ter-direito-que-muitos-ignoram\/\" \/>\n<meta property=\"og:site_name\" content=\"Tribuna de Minas - Dinheiro e Cidadania\" \/>\n<meta property=\"article:publisher\" content=\"https:\/\/www.facebook.com\/tribunademinas\/\" \/>\n<meta property=\"article:published_time\" content=\"2025-11-12T17:00:00+00:00\" \/>\n<meta property=\"og:image\" content=\"https:\/\/tribunademinas.audiencelabs.com.br\/wp-content\/uploads\/2025\/11\/contribuiu-30-anos-pode-ter-direito-que-muitos-ignoram.jpg\" \/>\n\t<meta property=\"og:image:width\" content=\"2000\" \/>\n\t<meta property=\"og:image:height\" content=\"1125\" \/>\n\t<meta property=\"og:image:type\" content=\"image\/jpeg\" \/>\n<meta name=\"author\" content=\"Jo\u00e3o Carlos Gomes\" \/>\n<meta name=\"twitter:card\" content=\"summary_large_image\" \/>\n<meta name=\"twitter:creator\" content=\"@tribunademinas\" \/>\n<meta name=\"twitter:site\" content=\"@tribunademinas\" \/>\n<meta name=\"twitter:label1\" content=\"Escrito por\" \/>\n\t<meta name=\"twitter:data1\" content=\"Jo\u00e3o Carlos Gomes\" \/>\n\t<meta name=\"twitter:label2\" content=\"Est. tempo de leitura\" \/>\n\t<meta name=\"twitter:data2\" content=\"3 minutos\" \/>\n<!-- \/ Yoast SEO plugin. -->","yoast_head_json":{"title":"Contribuiu por 30 anos? Voc\u00ea pode ter direito que muitos ignoram","description":"Um direito chamou a aten\u00e7\u00e3o de algumas pessoas. Entenda a Emenda Constitucional n\u00ba 103\/2019 instituiu a mais recente Reforma da Previd\u00eancia,","robots":{"index":"index","follow":"follow","max-snippet":"max-snippet:-1","max-image-preview":"max-image-preview:large","max-video-preview":"max-video-preview:-1"},"canonical":"https:\/\/tribunademinas.audiencelabs.com.br\/contribuiu-por-30-anos-voce-pode-ter-direito-que-muitos-ignoram\/","og_locale":"pt_BR","og_type":"article","og_title":"Contribuiu por 30 anos? Voc\u00ea pode ter direito que muitos ignoram","og_description":"Um direito chamou a aten\u00e7\u00e3o de algumas pessoas. Entenda a Emenda Constitucional n\u00ba 103\/2019 instituiu a mais recente Reforma da Previd\u00eancia,","og_url":"https:\/\/tribunademinas.audiencelabs.com.br\/contribuiu-por-30-anos-voce-pode-ter-direito-que-muitos-ignoram\/","og_site_name":"Tribuna de Minas - Dinheiro e Cidadania","article_publisher":"https:\/\/www.facebook.com\/tribunademinas\/","article_published_time":"2025-11-12T17:00:00+00:00","og_image":[{"width":2000,"height":1125,"url":"https:\/\/tribunademinas.audiencelabs.com.br\/wp-content\/uploads\/2025\/11\/contribuiu-30-anos-pode-ter-direito-que-muitos-ignoram.jpg","type":"image\/jpeg"}],"author":"Jo\u00e3o Carlos Gomes","twitter_card":"summary_large_image","twitter_creator":"@tribunademinas","twitter_site":"@tribunademinas","twitter_misc":{"Escrito por":"Jo\u00e3o Carlos Gomes","Est. tempo de leitura":"3 minutos"},"schema":{"@context":"https:\/\/schema.org","@graph":[{"@type":"Article","@id":"https:\/\/tribunademinas.audiencelabs.com.br\/contribuiu-por-30-anos-voce-pode-ter-direito-que-muitos-ignoram\/#article","isPartOf":{"@id":"https:\/\/tribunademinas.audiencelabs.com.br\/contribuiu-por-30-anos-voce-pode-ter-direito-que-muitos-ignoram\/"},"author":{"name":"Jo\u00e3o Carlos Gomes","@id":"https:\/\/tribunademinas.audiencelabs.com.br\/#\/schema\/person\/37af466a64a722fadb8ef6841c52114f"},"headline":"Contribuiu por 30 anos? Voc\u00ea pode ter direito que muitos ignoram","datePublished":"2025-11-12T17:00:00+00:00","mainEntityOfPage":{"@id":"https:\/\/tribunademinas.audiencelabs.com.br\/contribuiu-por-30-anos-voce-pode-ter-direito-que-muitos-ignoram\/"},"wordCount":366,"commentCount":0,"publisher":{"@id":"https:\/\/tribunademinas.audiencelabs.com.br\/#organization"},"image":{"@id":"https:\/\/tribunademinas.audiencelabs.com.br\/contribuiu-por-30-anos-voce-pode-ter-direito-que-muitos-ignoram\/#primaryimage"},"thumbnailUrl":"https:\/\/tribunademinas.audiencelabs.com.br\/wp-content\/uploads\/2025\/11\/contribuiu-30-anos-pode-ter-direito-que-muitos-ignoram.jpg","articleSection":["Cidadania"],"inLanguage":"pt-BR","potentialAction":[{"@type":"CommentAction","name":"Comment","target":["https:\/\/tribunademinas.audiencelabs.com.br\/contribuiu-por-30-anos-voce-pode-ter-direito-que-muitos-ignoram\/#respond"]}]},{"@type":"WebPage","@id":"https:\/\/tribunademinas.audiencelabs.com.br\/contribuiu-por-30-anos-voce-pode-ter-direito-que-muitos-ignoram\/","url":"https:\/\/tribunademinas.audiencelabs.com.br\/contribuiu-por-30-anos-voce-pode-ter-direito-que-muitos-ignoram\/","name":"Contribuiu por 30 anos? Voc\u00ea pode ter direito que muitos ignoram","isPartOf":{"@id":"https:\/\/tribunademinas.audiencelabs.com.br\/#website"},"primaryImageOfPage":{"@id":"https:\/\/tribunademinas.audiencelabs.com.br\/contribuiu-por-30-anos-voce-pode-ter-direito-que-muitos-ignoram\/#primaryimage"},"image":{"@id":"https:\/\/tribunademinas.audiencelabs.com.br\/contribuiu-por-30-anos-voce-pode-ter-direito-que-muitos-ignoram\/#primaryimage"},"thumbnailUrl":"https:\/\/tribunademinas.audiencelabs.com.br\/wp-content\/uploads\/2025\/11\/contribuiu-30-anos-pode-ter-direito-que-muitos-ignoram.jpg","datePublished":"2025-11-12T17:00:00+00:00","description":"Um direito chamou a aten\u00e7\u00e3o de algumas pessoas. Entenda a Emenda Constitucional n\u00ba 103\/2019 instituiu a mais recente Reforma da Previd\u00eancia,","breadcrumb":{"@id":"https:\/\/tribunademinas.audiencelabs.com.br\/contribuiu-por-30-anos-voce-pode-ter-direito-que-muitos-ignoram\/#breadcrumb"},"inLanguage":"pt-BR","potentialAction":[{"@type":"ReadAction","target":["https:\/\/tribunademinas.audiencelabs.com.br\/contribuiu-por-30-anos-voce-pode-ter-direito-que-muitos-ignoram\/"]}]},{"@type":"ImageObject","inLanguage":"pt-BR","@id":"https:\/\/tribunademinas.audiencelabs.com.br\/contribuiu-por-30-anos-voce-pode-ter-direito-que-muitos-ignoram\/#primaryimage","url":"https:\/\/tribunademinas.audiencelabs.com.br\/wp-content\/uploads\/2025\/11\/contribuiu-30-anos-pode-ter-direito-que-muitos-ignoram.jpg","contentUrl":"https:\/\/tribunademinas.audiencelabs.com.br\/wp-content\/uploads\/2025\/11\/contribuiu-30-anos-pode-ter-direito-que-muitos-ignoram.jpg","width":2000,"height":1125,"caption":"Foto: Freepik"},{"@type":"BreadcrumbList","@id":"https:\/\/tribunademinas.audiencelabs.com.br\/contribuiu-por-30-anos-voce-pode-ter-direito-que-muitos-ignoram\/#breadcrumb","itemListElement":[{"@type":"ListItem","position":1,"name":"In\u00edcio","item":"https:\/\/tribunademinas.audiencelabs.com.br\/"},{"@type":"ListItem","position":2,"name":"Contribuiu por 30 anos? Voc\u00ea pode ter direito que muitos ignoram"}]},{"@type":"WebSite","@id":"https:\/\/tribunademinas.audiencelabs.com.br\/#website","url":"https:\/\/tribunademinas.audiencelabs.com.br\/","name":"Tribuna de Minas - Dinheiro e Cidadania","description":"","publisher":{"@id":"https:\/\/tribunademinas.audiencelabs.com.br\/#organization"},"potentialAction":[{"@type":"SearchAction","target":{"@type":"EntryPoint","urlTemplate":"https:\/\/tribunademinas.audiencelabs.com.br\/?s={search_term_string}"},"query-input":{"@type":"PropertyValueSpecification","valueRequired":true,"valueName":"search_term_string"}}],"inLanguage":"pt-BR"},{"@type":"Organization","@id":"https:\/\/tribunademinas.audiencelabs.com.br\/#organization","name":"Tribuna de Minas - Dinheiro e Cidadania","url":"https:\/\/tribunademinas.audiencelabs.com.br\/","logo":{"@type":"ImageObject","inLanguage":"pt-BR","@id":"https:\/\/tribunademinas.audiencelabs.com.br\/#\/schema\/logo\/image\/","url":"https:\/\/tribunademinas.audiencelabs.com.br\/wp-content\/uploads\/2025\/08\/cropped-Tribuna_512x512-96x96-1.png","contentUrl":"https:\/\/tribunademinas.audiencelabs.com.br\/wp-content\/uploads\/2025\/08\/cropped-Tribuna_512x512-96x96-1.png","width":96,"height":96,"caption":"Tribuna de Minas - Dinheiro e Cidadania"},"image":{"@id":"https:\/\/tribunademinas.audiencelabs.com.br\/#\/schema\/logo\/image\/"},"sameAs":["https:\/\/www.facebook.com\/tribunademinas\/","https:\/\/x.com\/tribunademinas","https:\/\/www.instagram.com\/tribunademinas\/","https:\/\/www.youtube.com\/user\/TribunadeMinasJF"]},{"@type":"Person","@id":"https:\/\/tribunademinas.audiencelabs.com.br\/#\/schema\/person\/37af466a64a722fadb8ef6841c52114f","name":"Jo\u00e3o Carlos Gomes","image":{"@type":"ImageObject","inLanguage":"pt-BR","@id":"https:\/\/tribunademinas.audiencelabs.com.br\/#\/schema\/person\/image\/","url":"https:\/\/secure.gravatar.com\/avatar\/4ce4672dbdd694b329cd6fdb51bee7d1409be1f0ff76a537e4c4a737b2c7d1a9?s=96&d=mm&r=g","contentUrl":"https:\/\/secure.gravatar.com\/avatar\/4ce4672dbdd694b329cd6fdb51bee7d1409be1f0ff76a537e4c4a737b2c7d1a9?s=96&d=mm&r=g","caption":"Jo\u00e3o Carlos Gomes"},"description":"Jornalista formado pelo Centro Universit\u00e1rio Carioca, apreciador da Bossa Nova ao Metal Extremo, criador de conte\u00fado e m\u00fasico independente nas horas vagas.","url":"https:\/\/tribunademinas.audiencelabs.com.br\/author\/joaoc-junior\/"}]}},"amp_enabled":true,"_links":{"self":[{"href":"https:\/\/tribunademinas.audiencelabs.com.br\/wp-json\/wp\/v2\/posts\/3855","targetHints":{"allow":["GET"]}}],"collection":[{"href":"https:\/\/tribunademinas.audiencelabs.com.br\/wp-json\/wp\/v2\/posts"}],"about":[{"href":"https:\/\/tribunademinas.audiencelabs.com.br\/wp-json\/wp\/v2\/types\/post"}],"author":[{"embeddable":true,"href":"https:\/\/tribunademinas.audiencelabs.com.br\/wp-json\/wp\/v2\/users\/3"}],"replies":[{"embeddable":true,"href":"https:\/\/tribunademinas.audiencelabs.com.br\/wp-json\/wp\/v2\/comments?post=3855"}],"version-history":[{"count":2,"href":"https:\/\/tribunademinas.audiencelabs.com.br\/wp-json\/wp\/v2\/posts\/3855\/revisions"}],"predecessor-version":[{"id":3920,"href":"https:\/\/tribunademinas.audiencelabs.com.br\/wp-json\/wp\/v2\/posts\/3855\/revisions\/3920"}],"wp:featuredmedia":[{"embeddable":true,"href":"https:\/\/tribunademinas.audiencelabs.com.br\/wp-json\/wp\/v2\/media\/3856"}],"wp:attachment":[{"href":"https:\/\/tribunademinas.audiencelabs.com.br\/wp-json\/wp\/v2\/media?parent=3855"}],"wp:term":[{"taxonomy":"category","embeddable":true,"href":"https:\/\/tribunademinas.audiencelabs.com.br\/wp-json\/wp\/v2\/categories?post=3855"},{"taxonomy":"post_tag","embeddable":true,"href":"https:\/\/tribunademinas.audiencelabs.com.br\/wp-json\/wp\/v2\/tags?post=3855"}],"curies":[{"name":"wp","href":"https:\/\/api.w.org\/{rel}","templated":true}]}}