{"id":3828,"date":"2025-11-15T12:45:00","date_gmt":"2025-11-15T15:45:00","guid":{"rendered":"https:\/\/tribunademinas.audiencelabs.com.br\/?p=3828"},"modified":"2025-11-14T12:12:22","modified_gmt":"2025-11-14T15:12:22","slug":"programa-anunciado-pelo-governo-pode-transformar-o-brasil","status":"publish","type":"post","link":"https:\/\/tribunademinas.audiencelabs.com.br\/programa-anunciado-pelo-governo-pode-transformar-o-brasil\/","title":{"rendered":"Programa anunciado pelo governo pode transformar o Brasil"},"content":{"rendered":"\n<p>No \u00faltimo s\u00e1bado, 8 de novembro, o governo federal deu in\u00edcio a um novo programa que promete mudar a forma como as pol\u00edticas p\u00fablicas s\u00e3o pensadas e implementadas no pa\u00eds. <\/p>\n\n\n\n<p>Lan\u00e7ado na periferia da zona sul de S\u00e3o Paulo, o programa <em>Governo na Rua<\/em> pretende aproximar o poder p\u00fablico das reais necessidades da popula\u00e7\u00e3o, a partir de um processo direto de escuta e participa\u00e7\u00e3o social.<\/p>\n\n\n\n<h2 class=\"wp-block-heading\">Programa anunciado pelo governo pode transformar o Brasil<\/h2>\n\n\n\n<p>A proposta parte do princ\u00edpio de que o governo precisa ouvir, presencialmente e online, as vozes que muitas vezes ficam \u00e0 margem dos debates institucionais. <\/p>\n\n\n\n<p>O programa ser\u00e1 conduzido pela Secretaria-Geral da Presid\u00eancia da Rep\u00fablica, sob lideran\u00e7a do ministro Guilherme Boulos (PSOL), e funcionar\u00e1 como um canal ativo entre as comunidades e o Pal\u00e1cio do Planalto. <\/p>\n\n\n\n<p>A meta \u00e9 clara: dar protagonismo \u00e0 popula\u00e7\u00e3o na constru\u00e7\u00e3o das pol\u00edticas p\u00fablicas federais, especialmente nas periferias urbanas e nas regi\u00f5es historicamente menos ouvidas pelo Estado.<\/p>\n\n\n\n<p>Para o ministro Boulos, a import\u00e2ncia do programa est\u00e1 na possibilidade de corrigir distor\u00e7\u00f5es hist\u00f3ricas e construir um governo mais pr\u00f3ximo das necessidades populares. <\/p>\n\n\n\n<blockquote class=\"wp-block-quote is-layout-flow wp-block-quote-is-layout-flow\">\n<p>\u201c<em>A miss\u00e3o que o presidente Lula me deu \u00e9 aproximar o Estado das periferias, onde est\u00e1 a maioria do povo brasileiro. O Governo na Rua \u00e9 um passo concreto nesse sentido<\/em>\u201d, afirmou.<\/p>\n<\/blockquote>\n\n\n\n<h3 class=\"wp-block-heading\">Como o novo programa vai funcionar?<\/h3>\n\n\n<style>@media (min-width: 992px) {\n    .recomendadorV2Area1 {\n        width: 280px;\n    }\n    .recomendadorV2Area2 {\n        padding: 0px 20px;\n        width: calc(100% - 280px);\n    }\n}\n\n@media (max-width: 992px) {\n    .recomendadorV2Button {\n        margin: 0 auto;\n    }\n    .recomendadorV2Area {\n        flex-direction: column;\n        text-align: center;\n    }\n    .recomendadorV2Area2 {\n        padding: 0px 20px;\n    }\n}\n\n.recomendadorV2Area {\n    background: #eeeeee3d;\n    border-radius: 10px;\n    padding: 15px;\n    display: flex;\n    margin: 15px auto;\n    border: 1px solid #00000014;\n    max-width: 800px;\n}\n\n.recomendadorV2Area1 img {\n    width: 280px;\n    height: auto;\n    border-radius: 8px;\n}\n\n.linkrecomendadorv2 {\n    text-decoration: none !important;\n}\n\n.recomendadorV2Area2 .recomendadorV2Type {\n    text-transform: uppercase;\n    font-weight: 500;\n    font-size: 11px;\n    letter-spacing: 2px;\n    color: #666;\n    margin: 12px 0;\n    display: block;\n}\n\n.recomendadorV2Title h2 {\n    padding-top: 0px !important;\n    margin: 0px !important;\n    border-left: none !important;\n    padding-left: 0px !important;\n    line-height: 1.3;\n    color: #000 !important;\n    font-size: 24px;\n    margin-bottom: 12px !important;\n}\n\n.recomendadorV2Desc {\n    color: #333;\n    margin: 12px 0px !important;\n    font-size: 15px;\n    line-height: 1.5;\n}\n\n.recomendadorV2Button {\n    width: auto;\n    max-width: 200px;\n    margin: 0;\n    display: inline-flex;\n    align-items: center;\n    background: #1D3557;\n    border-radius: 8px;\n    color: #fff;\n    height: 36px;\n    justify-content: center;\n    text-align: center;\n    font-size: 14px;\n    padding: 0 20px;\n    transition: background-color 0.2s ease;\n}\n\n.recomendadorV2Button:hover {\n    background: #2a4d7a;\n}\n\n.recomendadorV2Button:after {\n    margin-top: -2px;\n    content: \"\u2192\";\n    padding: 0px 0px 0px 8px;\n}\n\n.recomendadorV2Alert {\n    text-align: left;\n    font-size: 11px;\n    margin-top: 8px;\n    color: #666;\n}\n\n.recomendadorFixedArea {\n    width: 100%;\n    display: flex;\n    justify-content: center;\n    align-items: center;\n}\n\n@media (min-width: 992px) {\n    #recomendadorFixed {\n        width: 32% !important;\n        left: 5%;\n    }\n    .recomendadorCloseFixed{\n        right: inherit !important;\n        left: 378px !important;\n    }\n}\n\n#recomendadorFixed {\n    width: 90%;\n    box-shadow: 0 10px 20px 0px #00000057;\n    display: none;\n    height: 90px;\n    background: #F6F6F6;\n    position: fixed;\n    flex-direction: row;\n    bottom: 10px;\n    z-index: 9999;\n    border-radius: 16px;\n    padding: 7px 10px;\n}\n\n.recomendadorLeftArea {\n    width: 160px;\n}\n\n.recomendadorRightArea h2 {\n    padding-top: 0px;\n    margin: 2px 0px 4px 0px !important;\n    font-weight: 400;\n    text-align: center;\n    padding-left: 0px !important;\n    color: #000 !important;\n    border-left: none !important;\n    line-height: 20px;\n    font-size: 12px !important;\n}\n\n.recomendadorImgFixed {\n    overflow: hidden;\n    padding: 8px 6px;\n    height: 100%;\n}\n\n.recomendadorImgFixed img {\n    height: 100% !important;\n    border-radius: 16px;\n}\n\n.recomendadorRightArea {\n    padding-top: 6px;\n    display: flex;\n    width: calc(100% - 130px);\n    justify-content: space-between;\n    align-items: center;\n    flex-direction: column;\n}\n\n.recomendadorButtonFixed {\n    margin: 0 auto;\n    background: #1D3557;\n    width: 80%;\n    text-align: center;\n    font-size: 10px;\n    color: #FFF;\n    padding: 2px 10px;\n    border-radius: 3px;\n}\n\n.recomendadorButtonFixed:after {\n    margin-top: -3px;\n    content: \"\u2192\";\n    padding: 0px 0px 0px 10px;\n}\n\n.recomendadorAlertFixed {\n    font-weight: 400;\n    text-align: center;\n    color: #484848;\n    font-size: 8px;\n}\n\n.recomendadorCloseFixed {\n    z-index: 99999;\n    display: none;\n    right: 0px;\n    left: inherit;\n    bottom: 99px;\n    position: fixed;\n    justify-content: center;\n    background: #F6F6F6;\n    width: 25px;\n    align-items: center;\n    height: 25px;\n    font-weight: 800;\n    border-radius: 50%;\n    border: 1px solid #EBEBEB;\n}\n\n.recomendadorV2Desc{\n    color: #000000;\n    margin: 20px 0px;\n}\n\n@media (max-width: 576px) {\n    .recomendadorV2Area {\n      padding: 10px;\n      max-width: 100%;\n    }\n  \n    .recomendadorV2Area1 img {\n      width: 100%;\n      border-radius: 6px;\n    }\n  \n    .recomendadorV2Area2 .recomendadorV2Type {\n      font-size: 9px;\n      letter-spacing: 1px;\n      margin: 8px 0;\n    }\n  \n    .recomendadorV2Title h2 {\n      font-size: 18px !important;\n      margin-bottom: 8px !important;\n      line-height: 1.2;\n    }\n  \n    .recomendadorV2Desc {\n      font-size: 14px;\n      margin: 8px 0 !important;\n      line-height: 1.4;\n    }\n  \n    .recomendadorV2Button {\n      font-size: 12px;\n      height: 30px;\n      padding: 0 12px;\n      max-width: 160px;\n    }\n  \n    .recomendadorV2Button:after {\n      padding-left: 6px;\n    }\n  }\n  <\/style>\n        <div class=\"lazyblock-recomendador-v2-2jDGz wp-block-lazyblock-recomendador-v2\">\n        <a class=\"linkrecomendadorv2\" href=\"https:\/\/tribunademinas.com.br\/colunas\/dinheiroecidadania\/pagamentos-de-novembro-e-dezembro-prometem-presentao-de-natal\/?utm_source=lazy\">\n            <div class=\"recomendadorV2Area\">\n            <div class=\"recomendadorV2Area1\">\n                <div class=\"recomendadorV2Img\">\n                <img class=\"lazyloaded\" decoding=\"async\" src=\"https:\/\/tribunademinas.com.br\/colunas\/dinheiroecidadania\/wp-content\/uploads\/2025\/11\/pagamentos-novembros-dezembro-presentao-natal.jpg\" data-src=\"https:\/\/tribunademinas.com.br\/colunas\/dinheiroecidadania\/wp-content\/uploads\/2025\/11\/pagamentos-novembros-dezembro-presentao-natal.jpg\" alt=\"\">\n                <\/div>\n            <\/div>\n            <div class=\"recomendadorV2Area2\">\n                <div class=\"recomendadorV2Type\">\n                    <span>Pagamentos fim ano<\/span>\n                <\/div>\n                <div class=\"recomendadorV2Title\">\n                <h2><span>Presente de Natal \ud83c\udf81<\/span><\/h2>\n                <\/div>\n                <div class=\"recomendadorV2Desc\">\n                <span>Saiba quem receber\u00e1 valores em nov-dez<\/span>\n                <\/div>\n                <div class=\"recomendadorV2Button\">Confira<\/div>\n                <div class=\"recomendadorV2Alert\"><\/div>\n            <\/div>\n            <\/div>\n        <\/a>\n        <div>\n            <div style=\"z-index:99999;\" id=\"buttonClose\" onclick=\"closeRecomendadorFixed()\">\n            <div class=\"recomendadorCloseFixed\">X<\/div>\n            <\/div>\n            <a href=\"https:\/\/tribunademinas.com.br\/colunas\/dinheiroecidadania\/pagamentos-de-novembro-e-dezembro-prometem-presentao-de-natal\/?utm_source=lazy\">\n            <div class=\"recomendadorFixedArea\">\n                <div id=\"recomendadorFixed\">\n                <div class=\"recomendadorLeftArea\">\n                    <div class=\"recomendadorImgFixed\">\n                    <img class=\"lazyload\" decoding=\"async\" src=\"https:\/\/tribunademinas.com.br\/colunas\/dinheiroecidadania\/wp-content\/uploads\/2025\/11\/pagamentos-novembros-dezembro-presentao-natal.jpg\" alt=\"\">\n                    <\/div>\n                <\/div>\n                <div class=\"recomendadorRightArea\">\n                    <div class=\"recomendadorTitleFixed\">\n                    <h2><span>Presente de Natal \ud83c\udf81<\/span><\/h2>\n                    <\/div>\n                    <div class=\"recomendadorButtonFixed\">Confira<\/div>\n                    <div class=\"recomendadorAlertFixed\"><\/div>\n                <\/div>\n                <\/div>\n            <\/div>\n            <\/a>\n        <\/div>\n        <\/div>\n\n\n\n<p>Na pr\u00e1tica, o <em>Governo na Rua<\/em> vai percorrer todas as regi\u00f5es do pa\u00eds, promovendo encontros presenciais em diferentes territ\u00f3rios e disponibilizando uma plataforma digital, que se chama <em><a href=\"https:\/\/www.gov.br\/pt-br\/participacao-social\"><strong>Brasil Participativo<\/strong><\/a><\/em>, para que qualquer cidad\u00e3o possa indicar prioridades de investimento p\u00fablico. <\/p>\n\n\n\n<p>Essa ferramenta permitir\u00e1 que moradores de qualquer localidade apontem quais obras, programas ou servi\u00e7os s\u00e3o mais urgentes em seus bairros, ajudando a definir o destino de recursos do or\u00e7amento federal.<\/p>\n\n\n\n<p>Al\u00e9m disso, um Grupo de Trabalho T\u00e9cnico foi criado para estudar os obst\u00e1culos enfrentados na aplica\u00e7\u00e3o das pol\u00edticas p\u00fablicas e sugerir formas de tornar o sistema mais eficiente, transparente e inclusivo. <\/p>\n\n\n\n<p>O grupo, formado por representantes do governo e da sociedade civil, ter\u00e1 a miss\u00e3o de avaliar se os atuais instrumentos de participa\u00e7\u00e3o e gest\u00e3o est\u00e3o alinhados com os objetivos democr\u00e1ticos da atual gest\u00e3o federal.<\/p>\n\n\n\n<p>A iniciativa marca uma tentativa ousada de romper com a l\u00f3gica de decis\u00f5es centralizadas e tecnocr\u00e1ticas, criando uma ponte entre Bras\u00edlia e as ruas do pa\u00eds. <\/p>\n\n\n\n<p>Se bem executado, o programa tem potencial para redefinir o papel da participa\u00e7\u00e3o cidad\u00e3 na formula\u00e7\u00e3o das pol\u00edticas p\u00fablicas nacionais.<\/p>\n\n\n\n<p><\/p>\n","protected":false},"excerpt":{"rendered":"<p>No \u00faltimo s\u00e1bado, 8 de novembro, o governo federal deu in\u00edcio a um novo programa que promete mudar a forma como as pol\u00edticas p\u00fablicas s\u00e3o pensadas e implementadas no pa\u00eds. Lan\u00e7ado na periferia da zona sul de S\u00e3o Paulo, o programa Governo na Rua pretende aproximar o poder p\u00fablico das reais necessidades da popula\u00e7\u00e3o, a [&hellip;]<\/p>\n","protected":false},"author":5,"featured_media":3829,"comment_status":"open","ping_status":"open","sticky":false,"template":"","format":"standard","meta":{"jnews-multi-image_gallery":[],"jnews_single_post":{"format":"standard"},"jnews_primary_category":[],"jnews_social_meta":[],"jnews_post_split":[],"footnotes":""},"categories":[159],"tags":[],"class_list":["post-3828","post","type-post","status-publish","format-standard","has-post-thumbnail","hentry","category-cidadania"],"yoast_head":"<!-- This site is optimized with the Yoast SEO plugin v25.6 - https:\/\/yoast.com\/wordpress\/plugins\/seo\/ -->\n<title>Programa anunciado pelo governo pode transformar o Brasil<\/title>\n<meta name=\"description\" content=\"O governo federal deu in\u00edcio a um novo programa que promete mudar a forma como as pol\u00edticas p\u00fablicas s\u00e3o pensadas e implementadas no pa\u00eds.\" \/>\n<meta name=\"robots\" content=\"index, follow, max-snippet:-1, max-image-preview:large, max-video-preview:-1\" \/>\n<link rel=\"canonical\" href=\"https:\/\/tribunademinas.audiencelabs.com.br\/programa-anunciado-pelo-governo-pode-transformar-o-brasil\/\" \/>\n<meta property=\"og:locale\" content=\"pt_BR\" \/>\n<meta property=\"og:type\" content=\"article\" \/>\n<meta property=\"og:title\" content=\"Programa anunciado pelo governo pode transformar o Brasil\" \/>\n<meta property=\"og:description\" content=\"O governo federal deu in\u00edcio a um novo programa que promete mudar a forma como as pol\u00edticas p\u00fablicas s\u00e3o pensadas e implementadas no pa\u00eds.\" \/>\n<meta property=\"og:url\" content=\"https:\/\/tribunademinas.audiencelabs.com.br\/programa-anunciado-pelo-governo-pode-transformar-o-brasil\/\" \/>\n<meta property=\"og:site_name\" content=\"Tribuna de Minas - Dinheiro e Cidadania\" \/>\n<meta property=\"article:publisher\" content=\"https:\/\/www.facebook.com\/tribunademinas\/\" \/>\n<meta property=\"article:published_time\" content=\"2025-11-15T15:45:00+00:00\" \/>\n<meta property=\"og:image\" content=\"https:\/\/tribunademinas.audiencelabs.com.br\/wp-content\/uploads\/2025\/11\/programa.webp\" \/>\n\t<meta property=\"og:image:width\" content=\"770\" \/>\n\t<meta property=\"og:image:height\" content=\"513\" \/>\n\t<meta property=\"og:image:type\" content=\"image\/webp\" \/>\n<meta name=\"author\" content=\"Jeferson Carvalho\" \/>\n<meta name=\"twitter:card\" content=\"summary_large_image\" \/>\n<meta name=\"twitter:creator\" content=\"@tribunademinas\" \/>\n<meta name=\"twitter:site\" content=\"@tribunademinas\" \/>\n<meta name=\"twitter:label1\" content=\"Escrito por\" \/>\n\t<meta name=\"twitter:data1\" content=\"Jeferson Carvalho\" \/>\n\t<meta name=\"twitter:label2\" content=\"Est. tempo de leitura\" \/>\n\t<meta name=\"twitter:data2\" content=\"3 minutos\" \/>\n<!-- \/ Yoast SEO plugin. -->","yoast_head_json":{"title":"Programa anunciado pelo governo pode transformar o Brasil","description":"O governo federal deu in\u00edcio a um novo programa que promete mudar a forma como as pol\u00edticas p\u00fablicas s\u00e3o pensadas e implementadas no pa\u00eds.","robots":{"index":"index","follow":"follow","max-snippet":"max-snippet:-1","max-image-preview":"max-image-preview:large","max-video-preview":"max-video-preview:-1"},"canonical":"https:\/\/tribunademinas.audiencelabs.com.br\/programa-anunciado-pelo-governo-pode-transformar-o-brasil\/","og_locale":"pt_BR","og_type":"article","og_title":"Programa anunciado pelo governo pode transformar o Brasil","og_description":"O governo federal deu in\u00edcio a um novo programa que promete mudar a forma como as pol\u00edticas p\u00fablicas s\u00e3o pensadas e implementadas no pa\u00eds.","og_url":"https:\/\/tribunademinas.audiencelabs.com.br\/programa-anunciado-pelo-governo-pode-transformar-o-brasil\/","og_site_name":"Tribuna de Minas - Dinheiro e Cidadania","article_publisher":"https:\/\/www.facebook.com\/tribunademinas\/","article_published_time":"2025-11-15T15:45:00+00:00","og_image":[{"width":770,"height":513,"url":"https:\/\/tribunademinas.audiencelabs.com.br\/wp-content\/uploads\/2025\/11\/programa.webp","type":"image\/webp"}],"author":"Jeferson Carvalho","twitter_card":"summary_large_image","twitter_creator":"@tribunademinas","twitter_site":"@tribunademinas","twitter_misc":{"Escrito por":"Jeferson Carvalho","Est. tempo de leitura":"3 minutos"},"schema":{"@context":"https:\/\/schema.org","@graph":[{"@type":"Article","@id":"https:\/\/tribunademinas.audiencelabs.com.br\/programa-anunciado-pelo-governo-pode-transformar-o-brasil\/#article","isPartOf":{"@id":"https:\/\/tribunademinas.audiencelabs.com.br\/programa-anunciado-pelo-governo-pode-transformar-o-brasil\/"},"author":{"name":"Jeferson Carvalho","@id":"https:\/\/tribunademinas.audiencelabs.com.br\/#\/schema\/person\/db18fc40307804bacef94213aa68fd9d"},"headline":"Programa anunciado pelo governo pode transformar o Brasil","datePublished":"2025-11-15T15:45:00+00:00","mainEntityOfPage":{"@id":"https:\/\/tribunademinas.audiencelabs.com.br\/programa-anunciado-pelo-governo-pode-transformar-o-brasil\/"},"wordCount":506,"commentCount":0,"publisher":{"@id":"https:\/\/tribunademinas.audiencelabs.com.br\/#organization"},"image":{"@id":"https:\/\/tribunademinas.audiencelabs.com.br\/programa-anunciado-pelo-governo-pode-transformar-o-brasil\/#primaryimage"},"thumbnailUrl":"https:\/\/tribunademinas.audiencelabs.com.br\/wp-content\/uploads\/2025\/11\/programa.webp","articleSection":["Cidadania"],"inLanguage":"pt-BR","potentialAction":[{"@type":"CommentAction","name":"Comment","target":["https:\/\/tribunademinas.audiencelabs.com.br\/programa-anunciado-pelo-governo-pode-transformar-o-brasil\/#respond"]}]},{"@type":"WebPage","@id":"https:\/\/tribunademinas.audiencelabs.com.br\/programa-anunciado-pelo-governo-pode-transformar-o-brasil\/","url":"https:\/\/tribunademinas.audiencelabs.com.br\/programa-anunciado-pelo-governo-pode-transformar-o-brasil\/","name":"Programa anunciado pelo governo pode transformar o Brasil","isPartOf":{"@id":"https:\/\/tribunademinas.audiencelabs.com.br\/#website"},"primaryImageOfPage":{"@id":"https:\/\/tribunademinas.audiencelabs.com.br\/programa-anunciado-pelo-governo-pode-transformar-o-brasil\/#primaryimage"},"image":{"@id":"https:\/\/tribunademinas.audiencelabs.com.br\/programa-anunciado-pelo-governo-pode-transformar-o-brasil\/#primaryimage"},"thumbnailUrl":"https:\/\/tribunademinas.audiencelabs.com.br\/wp-content\/uploads\/2025\/11\/programa.webp","datePublished":"2025-11-15T15:45:00+00:00","description":"O governo federal deu in\u00edcio a um novo programa que promete mudar a forma como as pol\u00edticas p\u00fablicas s\u00e3o pensadas e implementadas no pa\u00eds.","breadcrumb":{"@id":"https:\/\/tribunademinas.audiencelabs.com.br\/programa-anunciado-pelo-governo-pode-transformar-o-brasil\/#breadcrumb"},"inLanguage":"pt-BR","potentialAction":[{"@type":"ReadAction","target":["https:\/\/tribunademinas.audiencelabs.com.br\/programa-anunciado-pelo-governo-pode-transformar-o-brasil\/"]}]},{"@type":"ImageObject","inLanguage":"pt-BR","@id":"https:\/\/tribunademinas.audiencelabs.com.br\/programa-anunciado-pelo-governo-pode-transformar-o-brasil\/#primaryimage","url":"https:\/\/tribunademinas.audiencelabs.com.br\/wp-content\/uploads\/2025\/11\/programa.webp","contentUrl":"https:\/\/tribunademinas.audiencelabs.com.br\/wp-content\/uploads\/2025\/11\/programa.webp","width":770,"height":513,"caption":"Programa anunciado pelo governo pode transformar o Brasil - Imagem: Valter Campanato\/Ag\u00eancia Brasil"},{"@type":"BreadcrumbList","@id":"https:\/\/tribunademinas.audiencelabs.com.br\/programa-anunciado-pelo-governo-pode-transformar-o-brasil\/#breadcrumb","itemListElement":[{"@type":"ListItem","position":1,"name":"In\u00edcio","item":"https:\/\/tribunademinas.audiencelabs.com.br\/"},{"@type":"ListItem","position":2,"name":"Programa anunciado pelo governo pode transformar o Brasil"}]},{"@type":"WebSite","@id":"https:\/\/tribunademinas.audiencelabs.com.br\/#website","url":"https:\/\/tribunademinas.audiencelabs.com.br\/","name":"Tribuna de Minas - Dinheiro e Cidadania","description":"","publisher":{"@id":"https:\/\/tribunademinas.audiencelabs.com.br\/#organization"},"potentialAction":[{"@type":"SearchAction","target":{"@type":"EntryPoint","urlTemplate":"https:\/\/tribunademinas.audiencelabs.com.br\/?s={search_term_string}"},"query-input":{"@type":"PropertyValueSpecification","valueRequired":true,"valueName":"search_term_string"}}],"inLanguage":"pt-BR"},{"@type":"Organization","@id":"https:\/\/tribunademinas.audiencelabs.com.br\/#organization","name":"Tribuna de Minas - Dinheiro e Cidadania","url":"https:\/\/tribunademinas.audiencelabs.com.br\/","logo":{"@type":"ImageObject","inLanguage":"pt-BR","@id":"https:\/\/tribunademinas.audiencelabs.com.br\/#\/schema\/logo\/image\/","url":"https:\/\/tribunademinas.audiencelabs.com.br\/wp-content\/uploads\/2025\/08\/cropped-Tribuna_512x512-96x96-1.png","contentUrl":"https:\/\/tribunademinas.audiencelabs.com.br\/wp-content\/uploads\/2025\/08\/cropped-Tribuna_512x512-96x96-1.png","width":96,"height":96,"caption":"Tribuna de Minas - Dinheiro e Cidadania"},"image":{"@id":"https:\/\/tribunademinas.audiencelabs.com.br\/#\/schema\/logo\/image\/"},"sameAs":["https:\/\/www.facebook.com\/tribunademinas\/","https:\/\/x.com\/tribunademinas","https:\/\/www.instagram.com\/tribunademinas\/","https:\/\/www.youtube.com\/user\/TribunadeMinasJF"]},{"@type":"Person","@id":"https:\/\/tribunademinas.audiencelabs.com.br\/#\/schema\/person\/db18fc40307804bacef94213aa68fd9d","name":"Jeferson Carvalho","image":{"@type":"ImageObject","inLanguage":"pt-BR","@id":"https:\/\/tribunademinas.audiencelabs.com.br\/#\/schema\/person\/image\/","url":"https:\/\/secure.gravatar.com\/avatar\/cd7646e328d9670dad7dea8698522e522745eeffcff5b9d08be858e377ce326b?s=96&d=mm&r=g","contentUrl":"https:\/\/secure.gravatar.com\/avatar\/cd7646e328d9670dad7dea8698522e522745eeffcff5b9d08be858e377ce326b?s=96&d=mm&r=g","caption":"Jeferson Carvalho"},"description":"Jornalista apaixonado pela profiss\u00e3o!","url":"https:\/\/tribunademinas.audiencelabs.com.br\/author\/jeferson\/"}]}},"amp_enabled":true,"_links":{"self":[{"href":"https:\/\/tribunademinas.audiencelabs.com.br\/wp-json\/wp\/v2\/posts\/3828","targetHints":{"allow":["GET"]}}],"collection":[{"href":"https:\/\/tribunademinas.audiencelabs.com.br\/wp-json\/wp\/v2\/posts"}],"about":[{"href":"https:\/\/tribunademinas.audiencelabs.com.br\/wp-json\/wp\/v2\/types\/post"}],"author":[{"embeddable":true,"href":"https:\/\/tribunademinas.audiencelabs.com.br\/wp-json\/wp\/v2\/users\/5"}],"replies":[{"embeddable":true,"href":"https:\/\/tribunademinas.audiencelabs.com.br\/wp-json\/wp\/v2\/comments?post=3828"}],"version-history":[{"count":3,"href":"https:\/\/tribunademinas.audiencelabs.com.br\/wp-json\/wp\/v2\/posts\/3828\/revisions"}],"predecessor-version":[{"id":4075,"href":"https:\/\/tribunademinas.audiencelabs.com.br\/wp-json\/wp\/v2\/posts\/3828\/revisions\/4075"}],"wp:featuredmedia":[{"embeddable":true,"href":"https:\/\/tribunademinas.audiencelabs.com.br\/wp-json\/wp\/v2\/media\/3829"}],"wp:attachment":[{"href":"https:\/\/tribunademinas.audiencelabs.com.br\/wp-json\/wp\/v2\/media?parent=3828"}],"wp:term":[{"taxonomy":"category","embeddable":true,"href":"https:\/\/tribunademinas.audiencelabs.com.br\/wp-json\/wp\/v2\/categories?post=3828"},{"taxonomy":"post_tag","embeddable":true,"href":"https:\/\/tribunademinas.audiencelabs.com.br\/wp-json\/wp\/v2\/tags?post=3828"}],"curies":[{"name":"wp","href":"https:\/\/api.w.org\/{rel}","templated":true}]}}