{"id":3823,"date":"2025-11-15T11:45:00","date_gmt":"2025-11-15T14:45:00","guid":{"rendered":"https:\/\/tribunademinas.audiencelabs.com.br\/?p=3823"},"modified":"2025-11-14T11:58:14","modified_gmt":"2025-11-14T14:58:14","slug":"esse-calculo-vai-te-ajudar-a-saber-se-recebeu-o-valor-de-rescisao-correto","status":"publish","type":"post","link":"https:\/\/tribunademinas.audiencelabs.com.br\/esse-calculo-vai-te-ajudar-a-saber-se-recebeu-o-valor-de-rescisao-correto\/","title":{"rendered":"Esse c\u00e1lculo vai te ajudar a saber se recebeu o valor de rescis\u00e3o correto"},"content":{"rendered":"\n<p>Quando um contrato de <a href=\"https:\/\/tribunademinas.com.br\/colunas\/dinheiroecidadania\/trabalhadores-com-pausa-de-15-minutos-deixa-muitos-assustados\/\"><strong>trabalho <\/strong><\/a>chega ao fim, o processo \u00e9 formalizado por meio da rescis\u00e3o contratual. Esse encerramento, que pode ocorrer por decis\u00e3o do empregador ou do empregado, d\u00e1 origem a uma s\u00e9rie de obriga\u00e7\u00f5es legais, entre elas, o pagamento de verbas rescis\u00f3rias. <\/p>\n\n\n\n<p>Para quem \u00e9 demitido sem justa causa, saber exatamente o que deve ser pago e como calcular cada item \u00e9 essencial para evitar perdas financeiras.<\/p>\n\n\n\n<h2 class=\"wp-block-heading\">Esse c\u00e1lculo vai te ajudar a saber se recebeu o valor de rescis\u00e3o correto<\/h2>\n\n\n\n<p>A rescis\u00e3o, nesse cen\u00e1rio, costuma envolver diferentes parcelas. O ponto de partida \u00e9 o saldo de sal\u00e1rio, ou seja, os dias efetivamente trabalhados no m\u00eas da demiss\u00e3o. Esse valor \u00e9 proporcional e depende do n\u00famero de dias trabalhados. <\/p>\n\n\n\n<p>Por exemplo, se o sal\u00e1rio mensal \u00e9 R$ 3.000 e o desligamento ocorreu no meio de um m\u00eas com 30 dias, o valor devido \u00e9 R$ 1.500.<\/p>\n\n\n<style>@media (min-width: 992px) {\n    .recomendadorV2Area1 {\n        width: 280px;\n    }\n    .recomendadorV2Area2 {\n        padding: 0px 20px;\n        width: calc(100% - 280px);\n    }\n}\n\n@media (max-width: 992px) {\n    .recomendadorV2Button {\n        margin: 0 auto;\n    }\n    .recomendadorV2Area {\n        flex-direction: column;\n        text-align: center;\n    }\n    .recomendadorV2Area2 {\n        padding: 0px 20px;\n    }\n}\n\n.recomendadorV2Area {\n    background: #eeeeee3d;\n    border-radius: 10px;\n    padding: 15px;\n    display: flex;\n    margin: 15px auto;\n    border: 1px solid #00000014;\n    max-width: 800px;\n}\n\n.recomendadorV2Area1 img {\n    width: 280px;\n    height: auto;\n    border-radius: 8px;\n}\n\n.linkrecomendadorv2 {\n    text-decoration: none !important;\n}\n\n.recomendadorV2Area2 .recomendadorV2Type {\n    text-transform: uppercase;\n    font-weight: 500;\n    font-size: 11px;\n    letter-spacing: 2px;\n    color: #666;\n    margin: 12px 0;\n    display: block;\n}\n\n.recomendadorV2Title h2 {\n    padding-top: 0px !important;\n    margin: 0px !important;\n    border-left: none !important;\n    padding-left: 0px !important;\n    line-height: 1.3;\n    color: #000 !important;\n    font-size: 24px;\n    margin-bottom: 12px !important;\n}\n\n.recomendadorV2Desc {\n    color: #333;\n    margin: 12px 0px !important;\n    font-size: 15px;\n    line-height: 1.5;\n}\n\n.recomendadorV2Button {\n    width: auto;\n    max-width: 200px;\n    margin: 0;\n    display: inline-flex;\n    align-items: center;\n    background: #1D3557;\n    border-radius: 8px;\n    color: #fff;\n    height: 36px;\n    justify-content: center;\n    text-align: center;\n    font-size: 14px;\n    padding: 0 20px;\n    transition: background-color 0.2s ease;\n}\n\n.recomendadorV2Button:hover {\n    background: #2a4d7a;\n}\n\n.recomendadorV2Button:after {\n    margin-top: -2px;\n    content: \"\u2192\";\n    padding: 0px 0px 0px 8px;\n}\n\n.recomendadorV2Alert {\n    text-align: left;\n    font-size: 11px;\n    margin-top: 8px;\n    color: #666;\n}\n\n.recomendadorFixedArea {\n    width: 100%;\n    display: flex;\n    justify-content: center;\n    align-items: center;\n}\n\n@media (min-width: 992px) {\n    #recomendadorFixed {\n        width: 32% !important;\n        left: 5%;\n    }\n    .recomendadorCloseFixed{\n        right: inherit !important;\n        left: 378px !important;\n    }\n}\n\n#recomendadorFixed {\n    width: 90%;\n    box-shadow: 0 10px 20px 0px #00000057;\n    display: none;\n    height: 90px;\n    background: #F6F6F6;\n    position: fixed;\n    flex-direction: row;\n    bottom: 10px;\n    z-index: 9999;\n    border-radius: 16px;\n    padding: 7px 10px;\n}\n\n.recomendadorLeftArea {\n    width: 160px;\n}\n\n.recomendadorRightArea h2 {\n    padding-top: 0px;\n    margin: 2px 0px 4px 0px !important;\n    font-weight: 400;\n    text-align: center;\n    padding-left: 0px !important;\n    color: #000 !important;\n    border-left: none !important;\n    line-height: 20px;\n    font-size: 12px !important;\n}\n\n.recomendadorImgFixed {\n    overflow: hidden;\n    padding: 8px 6px;\n    height: 100%;\n}\n\n.recomendadorImgFixed img {\n    height: 100% !important;\n    border-radius: 16px;\n}\n\n.recomendadorRightArea {\n    padding-top: 6px;\n    display: flex;\n    width: calc(100% - 130px);\n    justify-content: space-between;\n    align-items: center;\n    flex-direction: column;\n}\n\n.recomendadorButtonFixed {\n    margin: 0 auto;\n    background: #1D3557;\n    width: 80%;\n    text-align: center;\n    font-size: 10px;\n    color: #FFF;\n    padding: 2px 10px;\n    border-radius: 3px;\n}\n\n.recomendadorButtonFixed:after {\n    margin-top: -3px;\n    content: \"\u2192\";\n    padding: 0px 0px 0px 10px;\n}\n\n.recomendadorAlertFixed {\n    font-weight: 400;\n    text-align: center;\n    color: #484848;\n    font-size: 8px;\n}\n\n.recomendadorCloseFixed {\n    z-index: 99999;\n    display: none;\n    right: 0px;\n    left: inherit;\n    bottom: 99px;\n    position: fixed;\n    justify-content: center;\n    background: #F6F6F6;\n    width: 25px;\n    align-items: center;\n    height: 25px;\n    font-weight: 800;\n    border-radius: 50%;\n    border: 1px solid #EBEBEB;\n}\n\n.recomendadorV2Desc{\n    color: #000000;\n    margin: 20px 0px;\n}\n\n@media (max-width: 576px) {\n    .recomendadorV2Area {\n      padding: 10px;\n      max-width: 100%;\n    }\n  \n    .recomendadorV2Area1 img {\n      width: 100%;\n      border-radius: 6px;\n    }\n  \n    .recomendadorV2Area2 .recomendadorV2Type {\n      font-size: 9px;\n      letter-spacing: 1px;\n      margin: 8px 0;\n    }\n  \n    .recomendadorV2Title h2 {\n      font-size: 18px !important;\n      margin-bottom: 8px !important;\n      line-height: 1.2;\n    }\n  \n    .recomendadorV2Desc {\n      font-size: 14px;\n      margin: 8px 0 !important;\n      line-height: 1.4;\n    }\n  \n    .recomendadorV2Button {\n      font-size: 12px;\n      height: 30px;\n      padding: 0 12px;\n      max-width: 160px;\n    }\n  \n    .recomendadorV2Button:after {\n      padding-left: 6px;\n    }\n  }\n  <\/style>\n        <div class=\"lazyblock-recomendador-v2-2jDGz wp-block-lazyblock-recomendador-v2\">\n        <a class=\"linkrecomendadorv2\" href=\"https:\/\/tribunademinas.com.br\/colunas\/dinheiroecidadania\/nova-regra-do-pis-pasep-sera-implementada-para-beneficiarios\/?utm_source=lazy\">\n            <div class=\"recomendadorV2Area\">\n            <div class=\"recomendadorV2Area1\">\n                <div class=\"recomendadorV2Img\">\n                <img class=\"lazyloaded\" decoding=\"async\" src=\"https:\/\/tribunademinas.com.br\/colunas\/dinheiroecidadania\/wp-content\/uploads\/2025\/11\/nova-regra-pis-pasep-implementada-beneficiarios.jpg\" data-src=\"https:\/\/tribunademinas.com.br\/colunas\/dinheiroecidadania\/wp-content\/uploads\/2025\/11\/nova-regra-pis-pasep-implementada-beneficiarios.jpg\" alt=\"\">\n                <\/div>\n            <\/div>\n            <div class=\"recomendadorV2Area2\">\n                <div class=\"recomendadorV2Type\">\n                    <span>Nova regra<\/span>\n                <\/div>\n                <div class=\"recomendadorV2Title\">\n                <h2><span>PIS\/PASEP \ud83d\udd0d<\/span><\/h2>\n                <\/div>\n                <div class=\"recomendadorV2Desc\">\n                <span>Veja como a nova norma afeta voc\u00ea<\/span>\n                <\/div>\n                <div class=\"recomendadorV2Button\">Saiba mais<\/div>\n                <div class=\"recomendadorV2Alert\"><\/div>\n            <\/div>\n            <\/div>\n        <\/a>\n        <div>\n            <div style=\"z-index:99999;\" id=\"buttonClose\" onclick=\"closeRecomendadorFixed()\">\n            <div class=\"recomendadorCloseFixed\">X<\/div>\n            <\/div>\n            <a href=\"https:\/\/tribunademinas.com.br\/colunas\/dinheiroecidadania\/nova-regra-do-pis-pasep-sera-implementada-para-beneficiarios\/?utm_source=lazy\">\n            <div class=\"recomendadorFixedArea\">\n                <div id=\"recomendadorFixed\">\n                <div class=\"recomendadorLeftArea\">\n                    <div class=\"recomendadorImgFixed\">\n                    <img class=\"lazyload\" decoding=\"async\" src=\"https:\/\/tribunademinas.com.br\/colunas\/dinheiroecidadania\/wp-content\/uploads\/2025\/11\/nova-regra-pis-pasep-implementada-beneficiarios.jpg\" alt=\"\">\n                    <\/div>\n                <\/div>\n                <div class=\"recomendadorRightArea\">\n                    <div class=\"recomendadorTitleFixed\">\n                    <h2><span>PIS\/PASEP \ud83d\udd0d<\/span><\/h2>\n                    <\/div>\n                    <div class=\"recomendadorButtonFixed\">Saiba mais<\/div>\n                    <div class=\"recomendadorAlertFixed\"><\/div>\n                <\/div>\n                <\/div>\n            <\/div>\n            <\/a>\n        <\/div>\n        <\/div>\n\n\n\n<p>Outro valor significativo \u00e9 o aviso pr\u00e9vio. Se o empregador opta por n\u00e3o exigir o cumprimento, ele deve pagar esse per\u00edodo como indeniza\u00e7\u00e3o. A regra b\u00e1sica prev\u00ea 30 dias, mas h\u00e1 um acr\u00e9scimo de tr\u00eas dias para cada ano completo de trabalho, podendo chegar at\u00e9 90 dias.<\/p>\n\n\n\n<p>Tamb\u00e9m entra na conta o 13\u00ba sal\u00e1rio proporcional, calculado com base nos meses trabalhados no ano. Se o empregado trabalhou ao menos 15 dias no m\u00eas, esse m\u00eas conta como um doze avos. <\/p>\n\n\n\n<p>Um trabalhador com 10 meses trabalhados e sal\u00e1rio de R$ 3.000, por exemplo, teria direito a R$ 2.500.<\/p>\n\n\n\n<h3 class=\"wp-block-heading\">F\u00e9rias e FGTS tamb\u00e9m entram na conta da rescis\u00e3o<\/h3>\n\n\n\n<p>As f\u00e9rias proporcionais, acrescidas do adicional de um ter\u00e7o, s\u00e3o outro ponto importante. <\/p>\n\n\n\n<p>Se o trabalhador ainda n\u00e3o completou o per\u00edodo para tirar f\u00e9rias, ele recebe um valor proporcional ao tempo trabalhado desde o \u00faltimo per\u00edodo aquisitivo, com o adicional previsto na Constitui\u00e7\u00e3o.<\/p>\n\n\n\n<p>O Fundo de Garantia do Tempo de Servi\u00e7o (FGTS) tamb\u00e9m entra na conta, com 8% depositados mensalmente pelo empregador. <\/p>\n\n\n\n<p>Em caso de demiss\u00e3o sem justa causa, o trabalhador ainda tem direito a uma multa de 40% sobre o total depositado no FGTS durante o contrato.<\/p>\n\n\n\n<p>Entender todos esses c\u00e1lculos n\u00e3o \u00e9 apenas uma quest\u00e3o de curiosidade, mas uma forma concreta de proteger seus direitos. Muitos trabalhadores recebem valores inferiores ao que deveriam por falta de informa\u00e7\u00e3o ou erro da empresa. <\/p>\n\n\n\n<p>Caso existam d\u00favidas ou se os valores pagos parecerem inconsistentes, o ideal \u00e9 procurar um advogado trabalhista. Um c\u00e1lculo bem-feito pode fazer a diferen\u00e7a entre aceitar um preju\u00edzo ou garantir tudo aquilo que a lei assegura.<\/p>\n","protected":false},"excerpt":{"rendered":"<p>Quando um contrato de trabalho chega ao fim, o processo \u00e9 formalizado por meio da rescis\u00e3o contratual. Esse encerramento, que pode ocorrer por decis\u00e3o do empregador ou do empregado, d\u00e1 origem a uma s\u00e9rie de obriga\u00e7\u00f5es legais, entre elas, o pagamento de verbas rescis\u00f3rias. Para quem \u00e9 demitido sem justa causa, saber exatamente o que [&hellip;]<\/p>\n","protected":false},"author":5,"featured_media":3826,"comment_status":"open","ping_status":"open","sticky":false,"template":"","format":"standard","meta":{"jnews-multi-image_gallery":[],"jnews_single_post":{"format":"standard"},"jnews_primary_category":[],"jnews_social_meta":[],"jnews_post_split":[],"footnotes":""},"categories":[1],"tags":[],"class_list":["post-3823","post","type-post","status-publish","format-standard","has-post-thumbnail","hentry","category-dinheiro"],"yoast_head":"<!-- This site is optimized with the Yoast SEO plugin v25.6 - https:\/\/yoast.com\/wordpress\/plugins\/seo\/ -->\n<title>Esse c\u00e1lculo vai te ajudar a saber se recebeu o valor de rescis\u00e3o correto<\/title>\n<meta name=\"description\" content=\"Quando um contrato de trabalho chega ao fim, o processo \u00e9 formalizado por meio da rescis\u00e3o, e h\u00e1 valores que o trabalhador deve receber.\" \/>\n<meta name=\"robots\" content=\"index, follow, max-snippet:-1, max-image-preview:large, max-video-preview:-1\" \/>\n<link rel=\"canonical\" href=\"https:\/\/tribunademinas.audiencelabs.com.br\/esse-calculo-vai-te-ajudar-a-saber-se-recebeu-o-valor-de-rescisao-correto\/\" \/>\n<meta property=\"og:locale\" content=\"pt_BR\" \/>\n<meta property=\"og:type\" content=\"article\" \/>\n<meta property=\"og:title\" content=\"Esse c\u00e1lculo vai te ajudar a saber se recebeu o valor de rescis\u00e3o correto\" \/>\n<meta property=\"og:description\" content=\"Quando um contrato de trabalho chega ao fim, o processo \u00e9 formalizado por meio da rescis\u00e3o, e h\u00e1 valores que o trabalhador deve receber.\" \/>\n<meta property=\"og:url\" content=\"https:\/\/tribunademinas.audiencelabs.com.br\/esse-calculo-vai-te-ajudar-a-saber-se-recebeu-o-valor-de-rescisao-correto\/\" \/>\n<meta property=\"og:site_name\" content=\"Tribuna de Minas - Dinheiro e Cidadania\" \/>\n<meta property=\"article:publisher\" content=\"https:\/\/www.facebook.com\/tribunademinas\/\" \/>\n<meta property=\"article:published_time\" content=\"2025-11-15T14:45:00+00:00\" \/>\n<meta property=\"og:image\" content=\"https:\/\/tribunademinas.audiencelabs.com.br\/wp-content\/uploads\/2025\/11\/rescisao.webp\" \/>\n\t<meta property=\"og:image:width\" content=\"1170\" \/>\n\t<meta property=\"og:image:height\" content=\"700\" \/>\n\t<meta property=\"og:image:type\" content=\"image\/webp\" \/>\n<meta name=\"author\" content=\"Jeferson Carvalho\" \/>\n<meta name=\"twitter:card\" content=\"summary_large_image\" \/>\n<meta name=\"twitter:creator\" content=\"@tribunademinas\" \/>\n<meta name=\"twitter:site\" content=\"@tribunademinas\" \/>\n<meta name=\"twitter:label1\" content=\"Escrito por\" \/>\n\t<meta name=\"twitter:data1\" content=\"Jeferson Carvalho\" \/>\n\t<meta name=\"twitter:label2\" content=\"Est. tempo de leitura\" \/>\n\t<meta name=\"twitter:data2\" content=\"3 minutos\" \/>\n<!-- \/ Yoast SEO plugin. -->","yoast_head_json":{"title":"Esse c\u00e1lculo vai te ajudar a saber se recebeu o valor de rescis\u00e3o correto","description":"Quando um contrato de trabalho chega ao fim, o processo \u00e9 formalizado por meio da rescis\u00e3o, e h\u00e1 valores que o trabalhador deve receber.","robots":{"index":"index","follow":"follow","max-snippet":"max-snippet:-1","max-image-preview":"max-image-preview:large","max-video-preview":"max-video-preview:-1"},"canonical":"https:\/\/tribunademinas.audiencelabs.com.br\/esse-calculo-vai-te-ajudar-a-saber-se-recebeu-o-valor-de-rescisao-correto\/","og_locale":"pt_BR","og_type":"article","og_title":"Esse c\u00e1lculo vai te ajudar a saber se recebeu o valor de rescis\u00e3o correto","og_description":"Quando um contrato de trabalho chega ao fim, o processo \u00e9 formalizado por meio da rescis\u00e3o, e h\u00e1 valores que o trabalhador deve receber.","og_url":"https:\/\/tribunademinas.audiencelabs.com.br\/esse-calculo-vai-te-ajudar-a-saber-se-recebeu-o-valor-de-rescisao-correto\/","og_site_name":"Tribuna de Minas - Dinheiro e Cidadania","article_publisher":"https:\/\/www.facebook.com\/tribunademinas\/","article_published_time":"2025-11-15T14:45:00+00:00","og_image":[{"width":1170,"height":700,"url":"https:\/\/tribunademinas.audiencelabs.com.br\/wp-content\/uploads\/2025\/11\/rescisao.webp","type":"image\/webp"}],"author":"Jeferson Carvalho","twitter_card":"summary_large_image","twitter_creator":"@tribunademinas","twitter_site":"@tribunademinas","twitter_misc":{"Escrito por":"Jeferson Carvalho","Est. tempo de leitura":"3 minutos"},"schema":{"@context":"https:\/\/schema.org","@graph":[{"@type":"Article","@id":"https:\/\/tribunademinas.audiencelabs.com.br\/esse-calculo-vai-te-ajudar-a-saber-se-recebeu-o-valor-de-rescisao-correto\/#article","isPartOf":{"@id":"https:\/\/tribunademinas.audiencelabs.com.br\/esse-calculo-vai-te-ajudar-a-saber-se-recebeu-o-valor-de-rescisao-correto\/"},"author":{"name":"Jeferson Carvalho","@id":"https:\/\/tribunademinas.audiencelabs.com.br\/#\/schema\/person\/db18fc40307804bacef94213aa68fd9d"},"headline":"Esse c\u00e1lculo vai te ajudar a saber se recebeu o valor de rescis\u00e3o correto","datePublished":"2025-11-15T14:45:00+00:00","mainEntityOfPage":{"@id":"https:\/\/tribunademinas.audiencelabs.com.br\/esse-calculo-vai-te-ajudar-a-saber-se-recebeu-o-valor-de-rescisao-correto\/"},"wordCount":508,"commentCount":0,"publisher":{"@id":"https:\/\/tribunademinas.audiencelabs.com.br\/#organization"},"image":{"@id":"https:\/\/tribunademinas.audiencelabs.com.br\/esse-calculo-vai-te-ajudar-a-saber-se-recebeu-o-valor-de-rescisao-correto\/#primaryimage"},"thumbnailUrl":"https:\/\/tribunademinas.audiencelabs.com.br\/wp-content\/uploads\/2025\/11\/rescisao.webp","articleSection":["Dinheiro"],"inLanguage":"pt-BR","potentialAction":[{"@type":"CommentAction","name":"Comment","target":["https:\/\/tribunademinas.audiencelabs.com.br\/esse-calculo-vai-te-ajudar-a-saber-se-recebeu-o-valor-de-rescisao-correto\/#respond"]}]},{"@type":"WebPage","@id":"https:\/\/tribunademinas.audiencelabs.com.br\/esse-calculo-vai-te-ajudar-a-saber-se-recebeu-o-valor-de-rescisao-correto\/","url":"https:\/\/tribunademinas.audiencelabs.com.br\/esse-calculo-vai-te-ajudar-a-saber-se-recebeu-o-valor-de-rescisao-correto\/","name":"Esse c\u00e1lculo vai te ajudar a saber se recebeu o valor de rescis\u00e3o correto","isPartOf":{"@id":"https:\/\/tribunademinas.audiencelabs.com.br\/#website"},"primaryImageOfPage":{"@id":"https:\/\/tribunademinas.audiencelabs.com.br\/esse-calculo-vai-te-ajudar-a-saber-se-recebeu-o-valor-de-rescisao-correto\/#primaryimage"},"image":{"@id":"https:\/\/tribunademinas.audiencelabs.com.br\/esse-calculo-vai-te-ajudar-a-saber-se-recebeu-o-valor-de-rescisao-correto\/#primaryimage"},"thumbnailUrl":"https:\/\/tribunademinas.audiencelabs.com.br\/wp-content\/uploads\/2025\/11\/rescisao.webp","datePublished":"2025-11-15T14:45:00+00:00","description":"Quando um contrato de trabalho chega ao fim, o processo \u00e9 formalizado por meio da rescis\u00e3o, e h\u00e1 valores que o trabalhador deve receber.","breadcrumb":{"@id":"https:\/\/tribunademinas.audiencelabs.com.br\/esse-calculo-vai-te-ajudar-a-saber-se-recebeu-o-valor-de-rescisao-correto\/#breadcrumb"},"inLanguage":"pt-BR","potentialAction":[{"@type":"ReadAction","target":["https:\/\/tribunademinas.audiencelabs.com.br\/esse-calculo-vai-te-ajudar-a-saber-se-recebeu-o-valor-de-rescisao-correto\/"]}]},{"@type":"ImageObject","inLanguage":"pt-BR","@id":"https:\/\/tribunademinas.audiencelabs.com.br\/esse-calculo-vai-te-ajudar-a-saber-se-recebeu-o-valor-de-rescisao-correto\/#primaryimage","url":"https:\/\/tribunademinas.audiencelabs.com.br\/wp-content\/uploads\/2025\/11\/rescisao.webp","contentUrl":"https:\/\/tribunademinas.audiencelabs.com.br\/wp-content\/uploads\/2025\/11\/rescisao.webp","width":1170,"height":700,"caption":"Esse c\u00e1lculo vai te ajudar a saber se recebeu o valor de rescis\u00e3o correto - Imagem: Marcelo Camargo\/Ag\u00eancia Brasil"},{"@type":"BreadcrumbList","@id":"https:\/\/tribunademinas.audiencelabs.com.br\/esse-calculo-vai-te-ajudar-a-saber-se-recebeu-o-valor-de-rescisao-correto\/#breadcrumb","itemListElement":[{"@type":"ListItem","position":1,"name":"In\u00edcio","item":"https:\/\/tribunademinas.audiencelabs.com.br\/"},{"@type":"ListItem","position":2,"name":"Esse c\u00e1lculo vai te ajudar a saber se recebeu o valor de rescis\u00e3o correto"}]},{"@type":"WebSite","@id":"https:\/\/tribunademinas.audiencelabs.com.br\/#website","url":"https:\/\/tribunademinas.audiencelabs.com.br\/","name":"Tribuna de Minas - Dinheiro e Cidadania","description":"","publisher":{"@id":"https:\/\/tribunademinas.audiencelabs.com.br\/#organization"},"potentialAction":[{"@type":"SearchAction","target":{"@type":"EntryPoint","urlTemplate":"https:\/\/tribunademinas.audiencelabs.com.br\/?s={search_term_string}"},"query-input":{"@type":"PropertyValueSpecification","valueRequired":true,"valueName":"search_term_string"}}],"inLanguage":"pt-BR"},{"@type":"Organization","@id":"https:\/\/tribunademinas.audiencelabs.com.br\/#organization","name":"Tribuna de Minas - Dinheiro e Cidadania","url":"https:\/\/tribunademinas.audiencelabs.com.br\/","logo":{"@type":"ImageObject","inLanguage":"pt-BR","@id":"https:\/\/tribunademinas.audiencelabs.com.br\/#\/schema\/logo\/image\/","url":"https:\/\/tribunademinas.audiencelabs.com.br\/wp-content\/uploads\/2025\/08\/cropped-Tribuna_512x512-96x96-1.png","contentUrl":"https:\/\/tribunademinas.audiencelabs.com.br\/wp-content\/uploads\/2025\/08\/cropped-Tribuna_512x512-96x96-1.png","width":96,"height":96,"caption":"Tribuna de Minas - Dinheiro e Cidadania"},"image":{"@id":"https:\/\/tribunademinas.audiencelabs.com.br\/#\/schema\/logo\/image\/"},"sameAs":["https:\/\/www.facebook.com\/tribunademinas\/","https:\/\/x.com\/tribunademinas","https:\/\/www.instagram.com\/tribunademinas\/","https:\/\/www.youtube.com\/user\/TribunadeMinasJF"]},{"@type":"Person","@id":"https:\/\/tribunademinas.audiencelabs.com.br\/#\/schema\/person\/db18fc40307804bacef94213aa68fd9d","name":"Jeferson Carvalho","image":{"@type":"ImageObject","inLanguage":"pt-BR","@id":"https:\/\/tribunademinas.audiencelabs.com.br\/#\/schema\/person\/image\/","url":"https:\/\/secure.gravatar.com\/avatar\/cd7646e328d9670dad7dea8698522e522745eeffcff5b9d08be858e377ce326b?s=96&d=mm&r=g","contentUrl":"https:\/\/secure.gravatar.com\/avatar\/cd7646e328d9670dad7dea8698522e522745eeffcff5b9d08be858e377ce326b?s=96&d=mm&r=g","caption":"Jeferson Carvalho"},"description":"Jornalista apaixonado pela profiss\u00e3o!","url":"https:\/\/tribunademinas.audiencelabs.com.br\/author\/jeferson\/"}]}},"amp_enabled":true,"_links":{"self":[{"href":"https:\/\/tribunademinas.audiencelabs.com.br\/wp-json\/wp\/v2\/posts\/3823","targetHints":{"allow":["GET"]}}],"collection":[{"href":"https:\/\/tribunademinas.audiencelabs.com.br\/wp-json\/wp\/v2\/posts"}],"about":[{"href":"https:\/\/tribunademinas.audiencelabs.com.br\/wp-json\/wp\/v2\/types\/post"}],"author":[{"embeddable":true,"href":"https:\/\/tribunademinas.audiencelabs.com.br\/wp-json\/wp\/v2\/users\/5"}],"replies":[{"embeddable":true,"href":"https:\/\/tribunademinas.audiencelabs.com.br\/wp-json\/wp\/v2\/comments?post=3823"}],"version-history":[{"count":3,"href":"https:\/\/tribunademinas.audiencelabs.com.br\/wp-json\/wp\/v2\/posts\/3823\/revisions"}],"predecessor-version":[{"id":4066,"href":"https:\/\/tribunademinas.audiencelabs.com.br\/wp-json\/wp\/v2\/posts\/3823\/revisions\/4066"}],"wp:featuredmedia":[{"embeddable":true,"href":"https:\/\/tribunademinas.audiencelabs.com.br\/wp-json\/wp\/v2\/media\/3826"}],"wp:attachment":[{"href":"https:\/\/tribunademinas.audiencelabs.com.br\/wp-json\/wp\/v2\/media?parent=3823"}],"wp:term":[{"taxonomy":"category","embeddable":true,"href":"https:\/\/tribunademinas.audiencelabs.com.br\/wp-json\/wp\/v2\/categories?post=3823"},{"taxonomy":"post_tag","embeddable":true,"href":"https:\/\/tribunademinas.audiencelabs.com.br\/wp-json\/wp\/v2\/tags?post=3823"}],"curies":[{"name":"wp","href":"https:\/\/api.w.org\/{rel}","templated":true}]}}