{"id":3810,"date":"2025-11-11T08:45:00","date_gmt":"2025-11-11T11:45:00","guid":{"rendered":"https:\/\/tribunademinas.audiencelabs.com.br\/?p=3810"},"modified":"2025-11-12T11:52:28","modified_gmt":"2025-11-12T14:52:28","slug":"lei-revela-se-beneficiarios-do-bolsa-familia-podem-ter-reforma-casa-brasil","status":"publish","type":"post","link":"https:\/\/tribunademinas.audiencelabs.com.br\/lei-revela-se-beneficiarios-do-bolsa-familia-podem-ter-reforma-casa-brasil\/","title":{"rendered":"Lei revela se benefici\u00e1rios do Bolsa Fam\u00edlia podem ter Reforma Casa Brasil"},"content":{"rendered":"\n<p>O Brasil contabiliza atualmente mais de 19 milh\u00f5es de fam\u00edlias em situa\u00e7\u00e3o de vulnerabilidade social que, diante da baixa renda mensal, contam com o suporte do Bolsa Fam\u00edlia, programa de transfer\u00eancia de renda criado para garantir o m\u00ednimo de dignidade a quem enfrenta dificuldades econ\u00f4micas severas.<\/p>\n\n\n\n<p>No entanto, o Bolsa Fam\u00edlia n\u00e3o \u00e9 a \u00fanica frente de apoio. O governo federal tamb\u00e9m mant\u00e9m outros mecanismos de assist\u00eancia, entre eles, uma nova iniciativa anunciada neste m\u00eas de novembro: o Reforma Casa Brasil. <\/p>\n\n\n\n<p>O programa tem como objetivo facilitar o acesso a cr\u00e9dito para que fam\u00edlias possam reformar seus lares, atendendo a uma demanda comum entre os brasileiros de baixa renda.<\/p>\n\n\n\n<h2 class=\"wp-block-heading\">Lei revela se benefici\u00e1rios do Bolsa Fam\u00edlia podem ter Reforma Casa Brasil<\/h2>\n\n\n\n<p>O <a href=\"https:\/\/www.gov.br\/secom\/pt-br\/assuntos\/noticias\/2025\/10\/tire-duvidas-sobre-o-reforma-casa-brasil\"><strong>Reforma Casa Brasil <\/strong><\/a>funciona como uma linha de cr\u00e9dito habitacional operada pela Caixa Econ\u00f4mica Federal. <\/p>\n\n\n<style>@media (min-width: 992px) {\n    .recomendadorV2Area1 {\n        width: 280px;\n    }\n    .recomendadorV2Area2 {\n        padding: 0px 20px;\n        width: calc(100% - 280px);\n    }\n}\n\n@media (max-width: 992px) {\n    .recomendadorV2Button {\n        margin: 0 auto;\n    }\n    .recomendadorV2Area {\n        flex-direction: column;\n        text-align: center;\n    }\n    .recomendadorV2Area2 {\n        padding: 0px 20px;\n    }\n}\n\n.recomendadorV2Area {\n    background: #eeeeee3d;\n    border-radius: 10px;\n    padding: 15px;\n    display: flex;\n    margin: 15px auto;\n    border: 1px solid #00000014;\n    max-width: 800px;\n}\n\n.recomendadorV2Area1 img {\n    width: 280px;\n    height: auto;\n    border-radius: 8px;\n}\n\n.linkrecomendadorv2 {\n    text-decoration: none !important;\n}\n\n.recomendadorV2Area2 .recomendadorV2Type {\n    text-transform: uppercase;\n    font-weight: 500;\n    font-size: 11px;\n    letter-spacing: 2px;\n    color: #666;\n    margin: 12px 0;\n    display: block;\n}\n\n.recomendadorV2Title h2 {\n    padding-top: 0px !important;\n    margin: 0px !important;\n    border-left: none !important;\n    padding-left: 0px !important;\n    line-height: 1.3;\n    color: #000 !important;\n    font-size: 24px;\n    margin-bottom: 12px !important;\n}\n\n.recomendadorV2Desc {\n    color: #333;\n    margin: 12px 0px !important;\n    font-size: 15px;\n    line-height: 1.5;\n}\n\n.recomendadorV2Button {\n    width: auto;\n    max-width: 200px;\n    margin: 0;\n    display: inline-flex;\n    align-items: center;\n    background: #1D3557;\n    border-radius: 8px;\n    color: #fff;\n    height: 36px;\n    justify-content: center;\n    text-align: center;\n    font-size: 14px;\n    padding: 0 20px;\n    transition: background-color 0.2s ease;\n}\n\n.recomendadorV2Button:hover {\n    background: #2a4d7a;\n}\n\n.recomendadorV2Button:after {\n    margin-top: -2px;\n    content: \"\u2192\";\n    padding: 0px 0px 0px 8px;\n}\n\n.recomendadorV2Alert {\n    text-align: left;\n    font-size: 11px;\n    margin-top: 8px;\n    color: #666;\n}\n\n.recomendadorFixedArea {\n    width: 100%;\n    display: flex;\n    justify-content: center;\n    align-items: center;\n}\n\n@media (min-width: 992px) {\n    #recomendadorFixed {\n        width: 32% !important;\n        left: 5%;\n    }\n    .recomendadorCloseFixed{\n        right: inherit !important;\n        left: 378px !important;\n    }\n}\n\n#recomendadorFixed {\n    width: 90%;\n    box-shadow: 0 10px 20px 0px #00000057;\n    display: none;\n    height: 90px;\n    background: #F6F6F6;\n    position: fixed;\n    flex-direction: row;\n    bottom: 10px;\n    z-index: 9999;\n    border-radius: 16px;\n    padding: 7px 10px;\n}\n\n.recomendadorLeftArea {\n    width: 160px;\n}\n\n.recomendadorRightArea h2 {\n    padding-top: 0px;\n    margin: 2px 0px 4px 0px !important;\n    font-weight: 400;\n    text-align: center;\n    padding-left: 0px !important;\n    color: #000 !important;\n    border-left: none !important;\n    line-height: 20px;\n    font-size: 12px !important;\n}\n\n.recomendadorImgFixed {\n    overflow: hidden;\n    padding: 8px 6px;\n    height: 100%;\n}\n\n.recomendadorImgFixed img {\n    height: 100% !important;\n    border-radius: 16px;\n}\n\n.recomendadorRightArea {\n    padding-top: 6px;\n    display: flex;\n    width: calc(100% - 130px);\n    justify-content: space-between;\n    align-items: center;\n    flex-direction: column;\n}\n\n.recomendadorButtonFixed {\n    margin: 0 auto;\n    background: #1D3557;\n    width: 80%;\n    text-align: center;\n    font-size: 10px;\n    color: #FFF;\n    padding: 2px 10px;\n    border-radius: 3px;\n}\n\n.recomendadorButtonFixed:after {\n    margin-top: -3px;\n    content: \"\u2192\";\n    padding: 0px 0px 0px 10px;\n}\n\n.recomendadorAlertFixed {\n    font-weight: 400;\n    text-align: center;\n    color: #484848;\n    font-size: 8px;\n}\n\n.recomendadorCloseFixed {\n    z-index: 99999;\n    display: none;\n    right: 0px;\n    left: inherit;\n    bottom: 99px;\n    position: fixed;\n    justify-content: center;\n    background: #F6F6F6;\n    width: 25px;\n    align-items: center;\n    height: 25px;\n    font-weight: 800;\n    border-radius: 50%;\n    border: 1px solid #EBEBEB;\n}\n\n.recomendadorV2Desc{\n    color: #000000;\n    margin: 20px 0px;\n}\n\n@media (max-width: 576px) {\n    .recomendadorV2Area {\n      padding: 10px;\n      max-width: 100%;\n    }\n  \n    .recomendadorV2Area1 img {\n      width: 100%;\n      border-radius: 6px;\n    }\n  \n    .recomendadorV2Area2 .recomendadorV2Type {\n      font-size: 9px;\n      letter-spacing: 1px;\n      margin: 8px 0;\n    }\n  \n    .recomendadorV2Title h2 {\n      font-size: 18px !important;\n      margin-bottom: 8px !important;\n      line-height: 1.2;\n    }\n  \n    .recomendadorV2Desc {\n      font-size: 14px;\n      margin: 8px 0 !important;\n      line-height: 1.4;\n    }\n  \n    .recomendadorV2Button {\n      font-size: 12px;\n      height: 30px;\n      padding: 0 12px;\n      max-width: 160px;\n    }\n  \n    .recomendadorV2Button:after {\n      padding-left: 6px;\n    }\n  }\n  <\/style>\n        <div class=\"lazyblock-recomendador-v2-2jDGz wp-block-lazyblock-recomendador-v2\">\n        <a class=\"linkrecomendadorv2\" href=\"https:\/\/tribunademinas.com.br\/colunas\/dinheiroecidadania\/bolsa-familia-convoca-beneficiarios-com-nis-1-2-3-4-5-6-7-8-9-e-0\/?utm_source=lazy\">\n            <div class=\"recomendadorV2Area\">\n            <div class=\"recomendadorV2Area1\">\n                <div class=\"recomendadorV2Img\">\n                <img class=\"lazyloaded\" decoding=\"async\" src=\"https:\/\/tribunademinas.audiencelabs.com.br\/wp-content\/uploads\/2025\/11\/Bolsa-Familia-5.jpg\" data-src=\"https:\/\/tribunademinas.audiencelabs.com.br\/wp-content\/uploads\/2025\/11\/Bolsa-Familia-5.jpg\" alt=\"\">\n                <\/div>\n            <\/div>\n            <div class=\"recomendadorV2Area2\">\n                <div class=\"recomendadorV2Type\">\n                    <span>bolsa fam\u00edlia<\/span>\n                <\/div>\n                <div class=\"recomendadorV2Title\">\n                <h2><span>Convoca\u00e7\u00e3o geral do NIS \ud83d\udce2<\/span><\/h2>\n                <\/div>\n                <div class=\"recomendadorV2Desc\">\n                <span>Veja o aviso para todos os benefici\u00e1rios!<\/span>\n                <\/div>\n                <div class=\"recomendadorV2Button\">Saiba mais<\/div>\n                <div class=\"recomendadorV2Alert\"><\/div>\n            <\/div>\n            <\/div>\n        <\/a>\n        <div>\n            <div style=\"z-index:99999;\" id=\"buttonClose\" onclick=\"closeRecomendadorFixed()\">\n            <div class=\"recomendadorCloseFixed\">X<\/div>\n            <\/div>\n            <a href=\"https:\/\/tribunademinas.com.br\/colunas\/dinheiroecidadania\/bolsa-familia-convoca-beneficiarios-com-nis-1-2-3-4-5-6-7-8-9-e-0\/?utm_source=lazy\">\n            <div class=\"recomendadorFixedArea\">\n                <div id=\"recomendadorFixed\">\n                <div class=\"recomendadorLeftArea\">\n                    <div class=\"recomendadorImgFixed\">\n                    <img class=\"lazyload\" decoding=\"async\" src=\"https:\/\/tribunademinas.audiencelabs.com.br\/wp-content\/uploads\/2025\/11\/Bolsa-Familia-5.jpg\" alt=\"\">\n                    <\/div>\n                <\/div>\n                <div class=\"recomendadorRightArea\">\n                    <div class=\"recomendadorTitleFixed\">\n                    <h2><span>Convoca\u00e7\u00e3o geral do NIS \ud83d\udce2<\/span><\/h2>\n                    <\/div>\n                    <div class=\"recomendadorButtonFixed\">Saiba mais<\/div>\n                    <div class=\"recomendadorAlertFixed\"><\/div>\n                <\/div>\n                <\/div>\n            <\/div>\n            <\/a>\n        <\/div>\n        <\/div>\n\n\n\n<p>O foco est\u00e1 em oferecer financiamento com juros reduzidos para melhorias residenciais, como pintura, constru\u00e7\u00e3o de novos c\u00f4modos, substitui\u00e7\u00e3o de telhado e at\u00e9 a instala\u00e7\u00e3o de sistemas de energia solar. <\/p>\n\n\n\n<p>A proposta \u00e9 permitir que fam\u00edlias com renda mensal de at\u00e9 R$ 9.600 consigam realizar obras sem comprometer drasticamente seu or\u00e7amento.<\/p>\n\n\n\n<p>Nesse cen\u00e1rio, surge a principal d\u00favida: quem recebe o Bolsa Fam\u00edlia pode participar? A resposta \u00e9 sim. <\/p>\n\n\n\n<p>Como os benefici\u00e1rios do programa social geralmente possuem uma renda por pessoa inferior a R$ 218, eles se enquadram nos crit\u00e9rios econ\u00f4micos exigidos pelo Reforma Casa Brasil. <\/p>\n\n\n\n<p>Ou seja, desde que cumpram os demais requisitos t\u00e9cnicos, como n\u00e3o morar em \u00e1reas de risco e passar pela an\u00e1lise de cr\u00e9dito da Caixa, essas fam\u00edlias podem sim contratar o financiamento.<\/p>\n\n\n\n<h3 class=\"wp-block-heading\">Como benefici\u00e1rios do Bolsa Fam\u00edlia podem participar do Reforma Casa Brasil?<\/h3>\n\n\n\n<p>Para ter acesso ao cr\u00e9dito, o primeiro passo \u00e9 acessar o site da Caixa e realizar uma simula\u00e7\u00e3o, indicando o tipo de obra desejada. Tamb\u00e9m \u00e9 necess\u00e1rio enviar imagens do im\u00f3vel que passar\u00e1 pela reforma. <\/p>\n\n\n\n<p>Ap\u00f3s a aprova\u00e7\u00e3o, o valor \u00e9 liberado em duas etapas: a primeira no in\u00edcio das obras e a segunda ap\u00f3s a comprova\u00e7\u00e3o da conclus\u00e3o, feita com novas fotos.<\/p>\n\n\n\n<p>Os valores variam conforme a faixa de renda da fam\u00edlia. Quem tem renda de at\u00e9 R$ 3.200 pode financiar entre R$ 5 mil e R$ 30 mil, com juros a partir de 1,17% ao m\u00eas e prazo de at\u00e9 cinco anos. <\/p>\n\n\n\n<p>Fam\u00edlias com renda entre R$ 3.200 e R$ 9.600 t\u00eam condi\u00e7\u00f5es similares, com juros um pouco mais altos, mas ainda abaixo das taxas de mercado.<\/p>\n\n\n\n<p>O programa se apresenta como uma alternativa vi\u00e1vel para milh\u00f5es de brasileiros que desejam melhorar suas condi\u00e7\u00f5es de moradia, inclusive os que dependem do Bolsa Fam\u00edlia.<\/p>\n\n\n\n<p><\/p>\n","protected":false},"excerpt":{"rendered":"<p>O Brasil contabiliza atualmente mais de 19 milh\u00f5es de fam\u00edlias em situa\u00e7\u00e3o de vulnerabilidade social que, diante da baixa renda mensal, contam com o suporte do Bolsa Fam\u00edlia, programa de transfer\u00eancia de renda criado para garantir o m\u00ednimo de dignidade a quem enfrenta dificuldades econ\u00f4micas severas. No entanto, o Bolsa Fam\u00edlia n\u00e3o \u00e9 a \u00fanica [&hellip;]<\/p>\n","protected":false},"author":5,"featured_media":3811,"comment_status":"open","ping_status":"open","sticky":false,"template":"","format":"standard","meta":{"jnews-multi-image_gallery":[],"jnews_single_post":{"format":"standard"},"jnews_primary_category":[],"jnews_social_meta":[],"jnews_post_split":[],"footnotes":""},"categories":[159],"tags":[],"class_list":["post-3810","post","type-post","status-publish","format-standard","has-post-thumbnail","hentry","category-cidadania"],"yoast_head":"<!-- This site is optimized with the Yoast SEO plugin v25.6 - https:\/\/yoast.com\/wordpress\/plugins\/seo\/ -->\n<title>Lei revela se benefici\u00e1rios do Bolsa Fam\u00edlia podem ter Reforma Casa Brasil<\/title>\n<meta name=\"description\" content=\"O Brasil contabiliza atualmente mais de 19 milh\u00f5es de fam\u00edlias em situa\u00e7\u00e3o de vulnerabilidade social que recebem o Bolsa Fam\u00edlia.\" \/>\n<meta name=\"robots\" content=\"index, follow, max-snippet:-1, max-image-preview:large, max-video-preview:-1\" \/>\n<link rel=\"canonical\" href=\"https:\/\/tribunademinas.audiencelabs.com.br\/lei-revela-se-beneficiarios-do-bolsa-familia-podem-ter-reforma-casa-brasil\/\" \/>\n<meta property=\"og:locale\" content=\"pt_BR\" \/>\n<meta property=\"og:type\" content=\"article\" \/>\n<meta property=\"og:title\" content=\"Lei revela se benefici\u00e1rios do Bolsa Fam\u00edlia podem ter Reforma Casa Brasil\" \/>\n<meta property=\"og:description\" content=\"O Brasil contabiliza atualmente mais de 19 milh\u00f5es de fam\u00edlias em situa\u00e7\u00e3o de vulnerabilidade social que recebem o Bolsa Fam\u00edlia.\" \/>\n<meta property=\"og:url\" content=\"https:\/\/tribunademinas.audiencelabs.com.br\/lei-revela-se-beneficiarios-do-bolsa-familia-podem-ter-reforma-casa-brasil\/\" \/>\n<meta property=\"og:site_name\" content=\"Tribuna de Minas - Dinheiro e Cidadania\" \/>\n<meta property=\"article:publisher\" content=\"https:\/\/www.facebook.com\/tribunademinas\/\" \/>\n<meta property=\"article:published_time\" content=\"2025-11-11T11:45:00+00:00\" \/>\n<meta property=\"article:modified_time\" content=\"2025-11-12T14:52:28+00:00\" \/>\n<meta property=\"og:image\" content=\"https:\/\/tribunademinas.audiencelabs.com.br\/wp-content\/uploads\/2025\/11\/Bolsa-Familia.jpeg\" \/>\n\t<meta property=\"og:image:width\" content=\"1170\" \/>\n\t<meta property=\"og:image:height\" content=\"700\" \/>\n\t<meta property=\"og:image:type\" content=\"image\/jpeg\" \/>\n<meta name=\"author\" content=\"Jeferson Carvalho\" \/>\n<meta name=\"twitter:card\" content=\"summary_large_image\" \/>\n<meta name=\"twitter:creator\" content=\"@tribunademinas\" \/>\n<meta name=\"twitter:site\" content=\"@tribunademinas\" \/>\n<meta name=\"twitter:label1\" content=\"Escrito por\" \/>\n\t<meta name=\"twitter:data1\" content=\"Jeferson Carvalho\" \/>\n\t<meta name=\"twitter:label2\" content=\"Est. tempo de leitura\" \/>\n\t<meta name=\"twitter:data2\" content=\"3 minutos\" \/>\n<!-- \/ Yoast SEO plugin. -->","yoast_head_json":{"title":"Lei revela se benefici\u00e1rios do Bolsa Fam\u00edlia podem ter Reforma Casa Brasil","description":"O Brasil contabiliza atualmente mais de 19 milh\u00f5es de fam\u00edlias em situa\u00e7\u00e3o de vulnerabilidade social que recebem o Bolsa Fam\u00edlia.","robots":{"index":"index","follow":"follow","max-snippet":"max-snippet:-1","max-image-preview":"max-image-preview:large","max-video-preview":"max-video-preview:-1"},"canonical":"https:\/\/tribunademinas.audiencelabs.com.br\/lei-revela-se-beneficiarios-do-bolsa-familia-podem-ter-reforma-casa-brasil\/","og_locale":"pt_BR","og_type":"article","og_title":"Lei revela se benefici\u00e1rios do Bolsa Fam\u00edlia podem ter Reforma Casa Brasil","og_description":"O Brasil contabiliza atualmente mais de 19 milh\u00f5es de fam\u00edlias em situa\u00e7\u00e3o de vulnerabilidade social que recebem o Bolsa Fam\u00edlia.","og_url":"https:\/\/tribunademinas.audiencelabs.com.br\/lei-revela-se-beneficiarios-do-bolsa-familia-podem-ter-reforma-casa-brasil\/","og_site_name":"Tribuna de Minas - Dinheiro e Cidadania","article_publisher":"https:\/\/www.facebook.com\/tribunademinas\/","article_published_time":"2025-11-11T11:45:00+00:00","article_modified_time":"2025-11-12T14:52:28+00:00","og_image":[{"width":1170,"height":700,"url":"https:\/\/tribunademinas.audiencelabs.com.br\/wp-content\/uploads\/2025\/11\/Bolsa-Familia.jpeg","type":"image\/jpeg"}],"author":"Jeferson Carvalho","twitter_card":"summary_large_image","twitter_creator":"@tribunademinas","twitter_site":"@tribunademinas","twitter_misc":{"Escrito por":"Jeferson Carvalho","Est. tempo de leitura":"3 minutos"},"schema":{"@context":"https:\/\/schema.org","@graph":[{"@type":"Article","@id":"https:\/\/tribunademinas.audiencelabs.com.br\/lei-revela-se-beneficiarios-do-bolsa-familia-podem-ter-reforma-casa-brasil\/#article","isPartOf":{"@id":"https:\/\/tribunademinas.audiencelabs.com.br\/lei-revela-se-beneficiarios-do-bolsa-familia-podem-ter-reforma-casa-brasil\/"},"author":{"name":"Jeferson Carvalho","@id":"https:\/\/tribunademinas.audiencelabs.com.br\/#\/schema\/person\/db18fc40307804bacef94213aa68fd9d"},"headline":"Lei revela se benefici\u00e1rios do Bolsa Fam\u00edlia podem ter Reforma Casa Brasil","datePublished":"2025-11-11T11:45:00+00:00","dateModified":"2025-11-12T14:52:28+00:00","mainEntityOfPage":{"@id":"https:\/\/tribunademinas.audiencelabs.com.br\/lei-revela-se-beneficiarios-do-bolsa-familia-podem-ter-reforma-casa-brasil\/"},"wordCount":550,"commentCount":0,"publisher":{"@id":"https:\/\/tribunademinas.audiencelabs.com.br\/#organization"},"image":{"@id":"https:\/\/tribunademinas.audiencelabs.com.br\/lei-revela-se-beneficiarios-do-bolsa-familia-podem-ter-reforma-casa-brasil\/#primaryimage"},"thumbnailUrl":"https:\/\/tribunademinas.audiencelabs.com.br\/wp-content\/uploads\/2025\/11\/Bolsa-Familia.jpeg","articleSection":["Cidadania"],"inLanguage":"pt-BR","potentialAction":[{"@type":"CommentAction","name":"Comment","target":["https:\/\/tribunademinas.audiencelabs.com.br\/lei-revela-se-beneficiarios-do-bolsa-familia-podem-ter-reforma-casa-brasil\/#respond"]}]},{"@type":"WebPage","@id":"https:\/\/tribunademinas.audiencelabs.com.br\/lei-revela-se-beneficiarios-do-bolsa-familia-podem-ter-reforma-casa-brasil\/","url":"https:\/\/tribunademinas.audiencelabs.com.br\/lei-revela-se-beneficiarios-do-bolsa-familia-podem-ter-reforma-casa-brasil\/","name":"Lei revela se benefici\u00e1rios do Bolsa Fam\u00edlia podem ter Reforma Casa Brasil","isPartOf":{"@id":"https:\/\/tribunademinas.audiencelabs.com.br\/#website"},"primaryImageOfPage":{"@id":"https:\/\/tribunademinas.audiencelabs.com.br\/lei-revela-se-beneficiarios-do-bolsa-familia-podem-ter-reforma-casa-brasil\/#primaryimage"},"image":{"@id":"https:\/\/tribunademinas.audiencelabs.com.br\/lei-revela-se-beneficiarios-do-bolsa-familia-podem-ter-reforma-casa-brasil\/#primaryimage"},"thumbnailUrl":"https:\/\/tribunademinas.audiencelabs.com.br\/wp-content\/uploads\/2025\/11\/Bolsa-Familia.jpeg","datePublished":"2025-11-11T11:45:00+00:00","dateModified":"2025-11-12T14:52:28+00:00","description":"O Brasil contabiliza atualmente mais de 19 milh\u00f5es de fam\u00edlias em situa\u00e7\u00e3o de vulnerabilidade social que recebem o Bolsa Fam\u00edlia.","breadcrumb":{"@id":"https:\/\/tribunademinas.audiencelabs.com.br\/lei-revela-se-beneficiarios-do-bolsa-familia-podem-ter-reforma-casa-brasil\/#breadcrumb"},"inLanguage":"pt-BR","potentialAction":[{"@type":"ReadAction","target":["https:\/\/tribunademinas.audiencelabs.com.br\/lei-revela-se-beneficiarios-do-bolsa-familia-podem-ter-reforma-casa-brasil\/"]}]},{"@type":"ImageObject","inLanguage":"pt-BR","@id":"https:\/\/tribunademinas.audiencelabs.com.br\/lei-revela-se-beneficiarios-do-bolsa-familia-podem-ter-reforma-casa-brasil\/#primaryimage","url":"https:\/\/tribunademinas.audiencelabs.com.br\/wp-content\/uploads\/2025\/11\/Bolsa-Familia.jpeg","contentUrl":"https:\/\/tribunademinas.audiencelabs.com.br\/wp-content\/uploads\/2025\/11\/Bolsa-Familia.jpeg","width":1170,"height":700,"caption":"Lei revela se benefici\u00e1rios do Bolsa Fam\u00edlia podem ter Reforma Casa Brasil - Imagem: Roberta Aline \/ MDS"},{"@type":"BreadcrumbList","@id":"https:\/\/tribunademinas.audiencelabs.com.br\/lei-revela-se-beneficiarios-do-bolsa-familia-podem-ter-reforma-casa-brasil\/#breadcrumb","itemListElement":[{"@type":"ListItem","position":1,"name":"In\u00edcio","item":"https:\/\/tribunademinas.audiencelabs.com.br\/"},{"@type":"ListItem","position":2,"name":"Lei revela se benefici\u00e1rios do Bolsa Fam\u00edlia podem ter Reforma Casa Brasil"}]},{"@type":"WebSite","@id":"https:\/\/tribunademinas.audiencelabs.com.br\/#website","url":"https:\/\/tribunademinas.audiencelabs.com.br\/","name":"Tribuna de Minas - Dinheiro e Cidadania","description":"","publisher":{"@id":"https:\/\/tribunademinas.audiencelabs.com.br\/#organization"},"potentialAction":[{"@type":"SearchAction","target":{"@type":"EntryPoint","urlTemplate":"https:\/\/tribunademinas.audiencelabs.com.br\/?s={search_term_string}"},"query-input":{"@type":"PropertyValueSpecification","valueRequired":true,"valueName":"search_term_string"}}],"inLanguage":"pt-BR"},{"@type":"Organization","@id":"https:\/\/tribunademinas.audiencelabs.com.br\/#organization","name":"Tribuna de Minas - Dinheiro e Cidadania","url":"https:\/\/tribunademinas.audiencelabs.com.br\/","logo":{"@type":"ImageObject","inLanguage":"pt-BR","@id":"https:\/\/tribunademinas.audiencelabs.com.br\/#\/schema\/logo\/image\/","url":"https:\/\/tribunademinas.audiencelabs.com.br\/wp-content\/uploads\/2025\/08\/cropped-Tribuna_512x512-96x96-1.png","contentUrl":"https:\/\/tribunademinas.audiencelabs.com.br\/wp-content\/uploads\/2025\/08\/cropped-Tribuna_512x512-96x96-1.png","width":96,"height":96,"caption":"Tribuna de Minas - Dinheiro e Cidadania"},"image":{"@id":"https:\/\/tribunademinas.audiencelabs.com.br\/#\/schema\/logo\/image\/"},"sameAs":["https:\/\/www.facebook.com\/tribunademinas\/","https:\/\/x.com\/tribunademinas","https:\/\/www.instagram.com\/tribunademinas\/","https:\/\/www.youtube.com\/user\/TribunadeMinasJF"]},{"@type":"Person","@id":"https:\/\/tribunademinas.audiencelabs.com.br\/#\/schema\/person\/db18fc40307804bacef94213aa68fd9d","name":"Jeferson Carvalho","image":{"@type":"ImageObject","inLanguage":"pt-BR","@id":"https:\/\/tribunademinas.audiencelabs.com.br\/#\/schema\/person\/image\/","url":"https:\/\/secure.gravatar.com\/avatar\/cd7646e328d9670dad7dea8698522e522745eeffcff5b9d08be858e377ce326b?s=96&d=mm&r=g","contentUrl":"https:\/\/secure.gravatar.com\/avatar\/cd7646e328d9670dad7dea8698522e522745eeffcff5b9d08be858e377ce326b?s=96&d=mm&r=g","caption":"Jeferson Carvalho"},"description":"Jornalista apaixonado pela profiss\u00e3o!","url":"https:\/\/tribunademinas.audiencelabs.com.br\/author\/jeferson\/"}]}},"amp_enabled":true,"_links":{"self":[{"href":"https:\/\/tribunademinas.audiencelabs.com.br\/wp-json\/wp\/v2\/posts\/3810","targetHints":{"allow":["GET"]}}],"collection":[{"href":"https:\/\/tribunademinas.audiencelabs.com.br\/wp-json\/wp\/v2\/posts"}],"about":[{"href":"https:\/\/tribunademinas.audiencelabs.com.br\/wp-json\/wp\/v2\/types\/post"}],"author":[{"embeddable":true,"href":"https:\/\/tribunademinas.audiencelabs.com.br\/wp-json\/wp\/v2\/users\/5"}],"replies":[{"embeddable":true,"href":"https:\/\/tribunademinas.audiencelabs.com.br\/wp-json\/wp\/v2\/comments?post=3810"}],"version-history":[{"count":2,"href":"https:\/\/tribunademinas.audiencelabs.com.br\/wp-json\/wp\/v2\/posts\/3810\/revisions"}],"predecessor-version":[{"id":3918,"href":"https:\/\/tribunademinas.audiencelabs.com.br\/wp-json\/wp\/v2\/posts\/3810\/revisions\/3918"}],"wp:featuredmedia":[{"embeddable":true,"href":"https:\/\/tribunademinas.audiencelabs.com.br\/wp-json\/wp\/v2\/media\/3811"}],"wp:attachment":[{"href":"https:\/\/tribunademinas.audiencelabs.com.br\/wp-json\/wp\/v2\/media?parent=3810"}],"wp:term":[{"taxonomy":"category","embeddable":true,"href":"https:\/\/tribunademinas.audiencelabs.com.br\/wp-json\/wp\/v2\/categories?post=3810"},{"taxonomy":"post_tag","embeddable":true,"href":"https:\/\/tribunademinas.audiencelabs.com.br\/wp-json\/wp\/v2\/tags?post=3810"}],"curies":[{"name":"wp","href":"https:\/\/api.w.org\/{rel}","templated":true}]}}