{"id":3796,"date":"2025-11-11T06:45:00","date_gmt":"2025-11-11T09:45:00","guid":{"rendered":"https:\/\/tribunademinas.audiencelabs.com.br\/?p=3796"},"modified":"2025-11-11T15:26:44","modified_gmt":"2025-11-11T18:26:44","slug":"quem-sao-os-estudantes-que-vao-receber-r-1-000-do-pe-de-meia","status":"publish","type":"post","link":"https:\/\/tribunademinas.audiencelabs.com.br\/quem-sao-os-estudantes-que-vao-receber-r-1-000-do-pe-de-meia\/","title":{"rendered":"Quem s\u00e3o os estudantes que v\u00e3o receber R$ 1.000 do P\u00e9-de-Meia"},"content":{"rendered":"\n<p>O P\u00e9-de-Meia, programa federal criado para estimular a perman\u00eancia de jovens na escola p\u00fablica, est\u00e1 prestes a depositar R$ 1.000 na conta de milhares de estudantes do ensino m\u00e9dio. <\/p>\n\n\n\n<p>A iniciativa, coordenada pelo Minist\u00e9rio da Educa\u00e7\u00e3o (<a href=\"https:\/\/www.gov.br\/mec\/pt-br\/pe-de-meia\"><strong>MEC)<\/strong><\/a>, oferece incentivos financeiros aos alunos que mant\u00eam frequ\u00eancia regular, concluem etapas do ensino e participam de avalia\u00e7\u00f5es como o Enem.<\/p>\n\n\n\n<p> Com a aproxima\u00e7\u00e3o do fim do ano letivo, a d\u00favida de muitos benefici\u00e1rios gira em torno de quem, de fato, receber\u00e1 o valor mais alto do programa.<\/p>\n\n\n\n<h2 class=\"wp-block-heading\">Quem s\u00e3o os estudantes que v\u00e3o receber R$ 1.000 do P\u00e9-de-Meia<\/h2>\n\n\n\n<p>A parcela de R$ 1.000 \u00e9 parte do chamado Incentivo-Conclus\u00e3o. Esse pagamento \u00e9 destinado aos estudantes que terminam o Ensino M\u00e9dio com aprova\u00e7\u00e3o. <\/p>\n\n\n\n<p>Para garantir o benef\u00edcio, \u00e9 preciso estar matriculado no ensino m\u00e9dio p\u00fablico, ter entre 14 e 24 anos (ou at\u00e9 24 anos no caso da EJA), manter pelo menos 80% de presen\u00e7a nas aulas e fazer parte de uma fam\u00edlia cadastrada no Cad\u00danico. Al\u00e9m disso, \u00e9 necess\u00e1rio ter CPF regularizado.<\/p>\n\n\n\n<p>Os pagamentos ocorrem automaticamente. As escolas repassam as informa\u00e7\u00f5es de matr\u00edcula e frequ\u00eancia ao MEC, que cruza os dados com o Cad\u00danico. Quando o estudante \u00e9 considerado apto, o valor \u00e9 depositado em uma conta digital criada pela Caixa Econ\u00f4mica Federal.<\/p>\n\n\n\n<p><strong>Mas aten\u00e7\u00e3o<\/strong>: o Incentivo-Conclus\u00e3o de R$ 1.000 do P\u00e9-de-Meia \u00e9 liberado ap\u00f3s o encerramento de cada um dos tr\u00eas anos letivos do Ensino M\u00e9dio (1\u00ba, 2\u00ba e 3\u00ba ano), mas os valores s\u00f3 podem ser sacados ap\u00f3s a conclus\u00e3o total dos estudos.<\/p>\n\n\n\n<p>Quem conclui o primeiro ou segundo ano do Ensino M\u00e9dio recebe o valor de R$ 1.000 no aplicativo da Caixa mas a quantia fica bloqueada, e s\u00f3 pode ser sacada ap\u00f3s a finaliza\u00e7\u00e3o do terceiro ano.<\/p>\n\n\n\n<p>J\u00e1 para quem conclui o ensino m\u00e9dio em 2025, os dep\u00f3sitos est\u00e3o previstos para ocorrer entre 26 de fevereiro e 5 de mar\u00e7o de 2026. O pagamento ser\u00e1 escalonado, conforme o m\u00eas de nascimento do estudante.<\/p>\n\n\n\n<p>Al\u00e9m disso, os pagamentos mensais de frequ\u00eancia, no valor de R$ 200, podem ser sacados imediatamente. Todos os valores citados podem ser acompanhados pelo aplicativo Jornada do Estudante, onde \u00e9 poss\u00edvel verificar se o pagamento foi autorizado.<\/p>\n\n\n\n<h3 class=\"wp-block-heading\">Datas dos pagamentos de R$ 200 em novembro de 2025<\/h3>\n\n\n\n<p>Veja abaixo o calend\u00e1rio das parcelas de novembro de 2025, referente ao incentivo de frequ\u00eancia:<\/p>\n\n\n\n<figure class=\"wp-block-table is-style-stripes\"><table class=\"has-fixed-layout\"><thead><tr><th>M\u00eas de nascimento<\/th><th>Data de pagamento<\/th><\/tr><\/thead><tbody><tr><td>Janeiro e Fevereiro<\/td><td>24 de novembro de 2025<\/td><\/tr><tr><td>Mar\u00e7o e Abril<\/td><td>25 de novembro de 2025<\/td><\/tr><tr><td>Maio e Junho<\/td><td>26 de novembro de 2025<\/td><\/tr><tr><td>Julho e Agosto<\/td><td>27 de novembro de 2025<\/td><\/tr><tr><td>Setembro e Outubro<\/td><td>28 de novembro de 2025<\/td><\/tr><tr><td>Novembro e Dezembro<\/td><td>2 de dezembro de 2025<\/td><\/tr><\/tbody><\/table><\/figure>\n\n\n\n<p>Para mais informa\u00e7\u00f5es, estudantes devem manter seus dados atualizados na escola e no Cad\u00danico e acompanhar regularmente o app do <a href=\"https:\/\/tribunademinas.com.br\/colunas\/dinheiroecidadania\/alunos-da-rede-publica-podem-aplicar-bolsa-do-pe-de-meia-em-titulos-publicos\/\"><strong>programa<\/strong><\/a>.<\/p>\n\n\n\n<p><\/p>\n","protected":false},"excerpt":{"rendered":"<p>O P\u00e9-de-Meia, programa federal criado para estimular a perman\u00eancia de jovens na escola p\u00fablica, est\u00e1 prestes a depositar R$ 1.000 na conta de milhares de estudantes do ensino m\u00e9dio. A iniciativa, coordenada pelo Minist\u00e9rio da Educa\u00e7\u00e3o (MEC), oferece incentivos financeiros aos alunos que mant\u00eam frequ\u00eancia regular, concluem etapas do ensino e participam de avalia\u00e7\u00f5es como [&hellip;]<\/p>\n","protected":false},"author":5,"featured_media":3797,"comment_status":"open","ping_status":"open","sticky":false,"template":"","format":"standard","meta":{"jnews-multi-image_gallery":[],"jnews_single_post":{"format":"standard"},"jnews_primary_category":[],"jnews_social_meta":[],"jnews_post_split":[],"footnotes":""},"categories":[1],"tags":[],"class_list":["post-3796","post","type-post","status-publish","format-standard","has-post-thumbnail","hentry","category-dinheiro"],"yoast_head":"<!-- This site is optimized with the Yoast SEO plugin v25.6 - https:\/\/yoast.com\/wordpress\/plugins\/seo\/ -->\n<title>Quem s\u00e3o os estudantes que v\u00e3o receber R$ 1.000 do P\u00e9-de-Meia<\/title>\n<meta name=\"description\" content=\"P\u00e9-de-Meia, programa federal criado para estimular a perman\u00eancia de jovens na escola p\u00fablica, est\u00e1 prestes a depositar R$ 1.000 na conta.\" \/>\n<meta name=\"robots\" content=\"index, follow, max-snippet:-1, max-image-preview:large, max-video-preview:-1\" \/>\n<link rel=\"canonical\" href=\"https:\/\/tribunademinas.audiencelabs.com.br\/quem-sao-os-estudantes-que-vao-receber-r-1-000-do-pe-de-meia\/\" \/>\n<meta property=\"og:locale\" content=\"pt_BR\" \/>\n<meta property=\"og:type\" content=\"article\" \/>\n<meta property=\"og:title\" content=\"Quem s\u00e3o os estudantes que v\u00e3o receber R$ 1.000 do P\u00e9-de-Meia\" \/>\n<meta property=\"og:description\" content=\"P\u00e9-de-Meia, programa federal criado para estimular a perman\u00eancia de jovens na escola p\u00fablica, est\u00e1 prestes a depositar R$ 1.000 na conta.\" \/>\n<meta property=\"og:url\" content=\"https:\/\/tribunademinas.audiencelabs.com.br\/quem-sao-os-estudantes-que-vao-receber-r-1-000-do-pe-de-meia\/\" \/>\n<meta property=\"og:site_name\" content=\"Tribuna de Minas - Dinheiro e Cidadania\" \/>\n<meta property=\"article:publisher\" content=\"https:\/\/www.facebook.com\/tribunademinas\/\" \/>\n<meta property=\"article:published_time\" content=\"2025-11-11T09:45:00+00:00\" \/>\n<meta property=\"article:modified_time\" content=\"2025-11-11T18:26:44+00:00\" \/>\n<meta property=\"og:image\" content=\"https:\/\/tribunademinas.audiencelabs.com.br\/wp-content\/uploads\/2025\/11\/Pe-de-Meia.webp\" \/>\n\t<meta property=\"og:image:width\" content=\"1170\" \/>\n\t<meta property=\"og:image:height\" content=\"700\" \/>\n\t<meta property=\"og:image:type\" content=\"image\/webp\" \/>\n<meta name=\"author\" content=\"Jeferson Carvalho\" \/>\n<meta name=\"twitter:card\" content=\"summary_large_image\" \/>\n<meta name=\"twitter:creator\" content=\"@tribunademinas\" \/>\n<meta name=\"twitter:site\" content=\"@tribunademinas\" \/>\n<meta name=\"twitter:label1\" content=\"Escrito por\" \/>\n\t<meta name=\"twitter:data1\" content=\"Jeferson Carvalho\" \/>\n\t<meta name=\"twitter:label2\" content=\"Est. tempo de leitura\" \/>\n\t<meta name=\"twitter:data2\" content=\"3 minutos\" \/>\n<!-- \/ Yoast SEO plugin. -->","yoast_head_json":{"title":"Quem s\u00e3o os estudantes que v\u00e3o receber R$ 1.000 do P\u00e9-de-Meia","description":"P\u00e9-de-Meia, programa federal criado para estimular a perman\u00eancia de jovens na escola p\u00fablica, est\u00e1 prestes a depositar R$ 1.000 na conta.","robots":{"index":"index","follow":"follow","max-snippet":"max-snippet:-1","max-image-preview":"max-image-preview:large","max-video-preview":"max-video-preview:-1"},"canonical":"https:\/\/tribunademinas.audiencelabs.com.br\/quem-sao-os-estudantes-que-vao-receber-r-1-000-do-pe-de-meia\/","og_locale":"pt_BR","og_type":"article","og_title":"Quem s\u00e3o os estudantes que v\u00e3o receber R$ 1.000 do P\u00e9-de-Meia","og_description":"P\u00e9-de-Meia, programa federal criado para estimular a perman\u00eancia de jovens na escola p\u00fablica, est\u00e1 prestes a depositar R$ 1.000 na conta.","og_url":"https:\/\/tribunademinas.audiencelabs.com.br\/quem-sao-os-estudantes-que-vao-receber-r-1-000-do-pe-de-meia\/","og_site_name":"Tribuna de Minas - Dinheiro e Cidadania","article_publisher":"https:\/\/www.facebook.com\/tribunademinas\/","article_published_time":"2025-11-11T09:45:00+00:00","article_modified_time":"2025-11-11T18:26:44+00:00","og_image":[{"width":1170,"height":700,"url":"https:\/\/tribunademinas.audiencelabs.com.br\/wp-content\/uploads\/2025\/11\/Pe-de-Meia.webp","type":"image\/webp"}],"author":"Jeferson Carvalho","twitter_card":"summary_large_image","twitter_creator":"@tribunademinas","twitter_site":"@tribunademinas","twitter_misc":{"Escrito por":"Jeferson Carvalho","Est. tempo de leitura":"3 minutos"},"schema":{"@context":"https:\/\/schema.org","@graph":[{"@type":"Article","@id":"https:\/\/tribunademinas.audiencelabs.com.br\/quem-sao-os-estudantes-que-vao-receber-r-1-000-do-pe-de-meia\/#article","isPartOf":{"@id":"https:\/\/tribunademinas.audiencelabs.com.br\/quem-sao-os-estudantes-que-vao-receber-r-1-000-do-pe-de-meia\/"},"author":{"name":"Jeferson Carvalho","@id":"https:\/\/tribunademinas.audiencelabs.com.br\/#\/schema\/person\/db18fc40307804bacef94213aa68fd9d"},"headline":"Quem s\u00e3o os estudantes que v\u00e3o receber R$ 1.000 do P\u00e9-de-Meia","datePublished":"2025-11-11T09:45:00+00:00","dateModified":"2025-11-11T18:26:44+00:00","mainEntityOfPage":{"@id":"https:\/\/tribunademinas.audiencelabs.com.br\/quem-sao-os-estudantes-que-vao-receber-r-1-000-do-pe-de-meia\/"},"wordCount":489,"commentCount":0,"publisher":{"@id":"https:\/\/tribunademinas.audiencelabs.com.br\/#organization"},"image":{"@id":"https:\/\/tribunademinas.audiencelabs.com.br\/quem-sao-os-estudantes-que-vao-receber-r-1-000-do-pe-de-meia\/#primaryimage"},"thumbnailUrl":"https:\/\/tribunademinas.audiencelabs.com.br\/wp-content\/uploads\/2025\/11\/Pe-de-Meia.webp","articleSection":["Dinheiro"],"inLanguage":"pt-BR","potentialAction":[{"@type":"CommentAction","name":"Comment","target":["https:\/\/tribunademinas.audiencelabs.com.br\/quem-sao-os-estudantes-que-vao-receber-r-1-000-do-pe-de-meia\/#respond"]}]},{"@type":"WebPage","@id":"https:\/\/tribunademinas.audiencelabs.com.br\/quem-sao-os-estudantes-que-vao-receber-r-1-000-do-pe-de-meia\/","url":"https:\/\/tribunademinas.audiencelabs.com.br\/quem-sao-os-estudantes-que-vao-receber-r-1-000-do-pe-de-meia\/","name":"Quem s\u00e3o os estudantes que v\u00e3o receber R$ 1.000 do P\u00e9-de-Meia","isPartOf":{"@id":"https:\/\/tribunademinas.audiencelabs.com.br\/#website"},"primaryImageOfPage":{"@id":"https:\/\/tribunademinas.audiencelabs.com.br\/quem-sao-os-estudantes-que-vao-receber-r-1-000-do-pe-de-meia\/#primaryimage"},"image":{"@id":"https:\/\/tribunademinas.audiencelabs.com.br\/quem-sao-os-estudantes-que-vao-receber-r-1-000-do-pe-de-meia\/#primaryimage"},"thumbnailUrl":"https:\/\/tribunademinas.audiencelabs.com.br\/wp-content\/uploads\/2025\/11\/Pe-de-Meia.webp","datePublished":"2025-11-11T09:45:00+00:00","dateModified":"2025-11-11T18:26:44+00:00","description":"P\u00e9-de-Meia, programa federal criado para estimular a perman\u00eancia de jovens na escola p\u00fablica, est\u00e1 prestes a depositar R$ 1.000 na conta.","breadcrumb":{"@id":"https:\/\/tribunademinas.audiencelabs.com.br\/quem-sao-os-estudantes-que-vao-receber-r-1-000-do-pe-de-meia\/#breadcrumb"},"inLanguage":"pt-BR","potentialAction":[{"@type":"ReadAction","target":["https:\/\/tribunademinas.audiencelabs.com.br\/quem-sao-os-estudantes-que-vao-receber-r-1-000-do-pe-de-meia\/"]}]},{"@type":"ImageObject","inLanguage":"pt-BR","@id":"https:\/\/tribunademinas.audiencelabs.com.br\/quem-sao-os-estudantes-que-vao-receber-r-1-000-do-pe-de-meia\/#primaryimage","url":"https:\/\/tribunademinas.audiencelabs.com.br\/wp-content\/uploads\/2025\/11\/Pe-de-Meia.webp","contentUrl":"https:\/\/tribunademinas.audiencelabs.com.br\/wp-content\/uploads\/2025\/11\/Pe-de-Meia.webp","width":1170,"height":700,"caption":"Quem s\u00e3o os estudantes que v\u00e3o receber R$ 1.000 do P\u00e9-de-Meia - Imagem: Divulga\u00e7\u00e3o\/MEC"},{"@type":"BreadcrumbList","@id":"https:\/\/tribunademinas.audiencelabs.com.br\/quem-sao-os-estudantes-que-vao-receber-r-1-000-do-pe-de-meia\/#breadcrumb","itemListElement":[{"@type":"ListItem","position":1,"name":"In\u00edcio","item":"https:\/\/tribunademinas.audiencelabs.com.br\/"},{"@type":"ListItem","position":2,"name":"Quem s\u00e3o os estudantes que v\u00e3o receber R$ 1.000 do P\u00e9-de-Meia"}]},{"@type":"WebSite","@id":"https:\/\/tribunademinas.audiencelabs.com.br\/#website","url":"https:\/\/tribunademinas.audiencelabs.com.br\/","name":"Tribuna de Minas - Dinheiro e Cidadania","description":"","publisher":{"@id":"https:\/\/tribunademinas.audiencelabs.com.br\/#organization"},"potentialAction":[{"@type":"SearchAction","target":{"@type":"EntryPoint","urlTemplate":"https:\/\/tribunademinas.audiencelabs.com.br\/?s={search_term_string}"},"query-input":{"@type":"PropertyValueSpecification","valueRequired":true,"valueName":"search_term_string"}}],"inLanguage":"pt-BR"},{"@type":"Organization","@id":"https:\/\/tribunademinas.audiencelabs.com.br\/#organization","name":"Tribuna de Minas - Dinheiro e Cidadania","url":"https:\/\/tribunademinas.audiencelabs.com.br\/","logo":{"@type":"ImageObject","inLanguage":"pt-BR","@id":"https:\/\/tribunademinas.audiencelabs.com.br\/#\/schema\/logo\/image\/","url":"https:\/\/tribunademinas.audiencelabs.com.br\/wp-content\/uploads\/2025\/08\/cropped-Tribuna_512x512-96x96-1.png","contentUrl":"https:\/\/tribunademinas.audiencelabs.com.br\/wp-content\/uploads\/2025\/08\/cropped-Tribuna_512x512-96x96-1.png","width":96,"height":96,"caption":"Tribuna de Minas - Dinheiro e Cidadania"},"image":{"@id":"https:\/\/tribunademinas.audiencelabs.com.br\/#\/schema\/logo\/image\/"},"sameAs":["https:\/\/www.facebook.com\/tribunademinas\/","https:\/\/x.com\/tribunademinas","https:\/\/www.instagram.com\/tribunademinas\/","https:\/\/www.youtube.com\/user\/TribunadeMinasJF"]},{"@type":"Person","@id":"https:\/\/tribunademinas.audiencelabs.com.br\/#\/schema\/person\/db18fc40307804bacef94213aa68fd9d","name":"Jeferson Carvalho","image":{"@type":"ImageObject","inLanguage":"pt-BR","@id":"https:\/\/tribunademinas.audiencelabs.com.br\/#\/schema\/person\/image\/","url":"https:\/\/secure.gravatar.com\/avatar\/cd7646e328d9670dad7dea8698522e522745eeffcff5b9d08be858e377ce326b?s=96&d=mm&r=g","contentUrl":"https:\/\/secure.gravatar.com\/avatar\/cd7646e328d9670dad7dea8698522e522745eeffcff5b9d08be858e377ce326b?s=96&d=mm&r=g","caption":"Jeferson Carvalho"},"description":"Jornalista apaixonado pela profiss\u00e3o!","url":"https:\/\/tribunademinas.audiencelabs.com.br\/author\/jeferson\/"}]}},"amp_enabled":true,"_links":{"self":[{"href":"https:\/\/tribunademinas.audiencelabs.com.br\/wp-json\/wp\/v2\/posts\/3796","targetHints":{"allow":["GET"]}}],"collection":[{"href":"https:\/\/tribunademinas.audiencelabs.com.br\/wp-json\/wp\/v2\/posts"}],"about":[{"href":"https:\/\/tribunademinas.audiencelabs.com.br\/wp-json\/wp\/v2\/types\/post"}],"author":[{"embeddable":true,"href":"https:\/\/tribunademinas.audiencelabs.com.br\/wp-json\/wp\/v2\/users\/5"}],"replies":[{"embeddable":true,"href":"https:\/\/tribunademinas.audiencelabs.com.br\/wp-json\/wp\/v2\/comments?post=3796"}],"version-history":[{"count":4,"href":"https:\/\/tribunademinas.audiencelabs.com.br\/wp-json\/wp\/v2\/posts\/3796\/revisions"}],"predecessor-version":[{"id":3862,"href":"https:\/\/tribunademinas.audiencelabs.com.br\/wp-json\/wp\/v2\/posts\/3796\/revisions\/3862"}],"wp:featuredmedia":[{"embeddable":true,"href":"https:\/\/tribunademinas.audiencelabs.com.br\/wp-json\/wp\/v2\/media\/3797"}],"wp:attachment":[{"href":"https:\/\/tribunademinas.audiencelabs.com.br\/wp-json\/wp\/v2\/media?parent=3796"}],"wp:term":[{"taxonomy":"category","embeddable":true,"href":"https:\/\/tribunademinas.audiencelabs.com.br\/wp-json\/wp\/v2\/categories?post=3796"},{"taxonomy":"post_tag","embeddable":true,"href":"https:\/\/tribunademinas.audiencelabs.com.br\/wp-json\/wp\/v2\/tags?post=3796"}],"curies":[{"name":"wp","href":"https:\/\/api.w.org\/{rel}","templated":true}]}}