{"id":3792,"date":"2025-11-10T14:21:51","date_gmt":"2025-11-10T17:21:51","guid":{"rendered":"https:\/\/tribunademinas.audiencelabs.com.br\/?p=3792"},"modified":"2025-11-10T14:21:56","modified_gmt":"2025-11-10T17:21:56","slug":"aposentados-vao-receber-do-inss-mais-cedo-do-que-imaginam-em-novembro","status":"publish","type":"post","link":"https:\/\/tribunademinas.audiencelabs.com.br\/aposentados-vao-receber-do-inss-mais-cedo-do-que-imaginam-em-novembro\/","title":{"rendered":"Aposentados v\u00e3o receber do INSS mais cedo do que imaginam em novembro"},"content":{"rendered":"\n<p>Aposentados, pensionistas e segurados do INSS foram surpreendidos com uma not\u00edcia positiva neste in\u00edcio de m\u00eas. A Previd\u00eancia Social decidiu antecipar os pagamentos de novembro, fazendo com que milh\u00f5es de brasileiros recebam seus benef\u00edcios antes do que previam. <\/p>\n\n\n\n<p>Embora o cronograma continue seguindo a ordem do n\u00famero final do benef\u00edcio e seja dividido entre dois calend\u00e1rios, sendo um para quem recebe at\u00e9 um sal\u00e1rio m\u00ednimo e outro <a href=\"https:\/\/tribunademinas.com.br\/colunas\/dinheiroecidadania\/recebe-mais-de-r-1-518-do-inss-informe-urgente-hoje\/\"><strong>para quem ganha acima disso<\/strong><\/a>, os dep\u00f3sitos come\u00e7ar\u00e3o um pouco mais cedo do que no m\u00eas passado.<\/p>\n\n\n\n<h2 class=\"wp-block-heading\">Aposentados v\u00e3o receber do INSS mais cedo do que imaginam em novembro<\/h2>\n\n\n\n<p>A antecipa\u00e7\u00e3o se deve a um ajuste no calend\u00e1rio interno do INSS. Em outubro, os primeiros cr\u00e9ditos s\u00f3 foram liberados no dia 27. J\u00e1 em novembro, os pagamentos ter\u00e3o in\u00edcio no dia 24, ou seja, tr\u00eas dias antes. <\/p>\n\n\n\n<p>Essa diferen\u00e7a de tr\u00eas dias entre um m\u00eas e outro pode parecer pequena, mas representa um al\u00edvio financeiro significativo para fam\u00edlias que contam com esse valor para honrar compromissos no fim do m\u00eas.<\/p>\n\n\n\n<p>Para saber a data exata em que o dinheiro estar\u00e1 dispon\u00edvel, o benefici\u00e1rio deve <a href=\"https:\/\/meu.inss.gov.br\/\"><strong>acessar o sistema <\/strong><\/a><em>Meu INSS<\/em>, dispon\u00edvel tanto no site quanto no aplicativo oficial. <\/p>\n\n\n\n<p>Ap\u00f3s fazer login com a conta Gov.br, basta procurar a op\u00e7\u00e3o \u201cExtrato de Pagamento\u201d. Nessa \u00e1rea, \u00e9 poss\u00edvel visualizar o valor do benef\u00edcio, a data do cr\u00e9dito e outras informa\u00e7\u00f5es importantes. <\/p>\n\n\n\n<p>Em caso de dificuldades, o atendimento telef\u00f4nico pelo n\u00famero 135 tamb\u00e9m est\u00e1 dispon\u00edvel, com suporte humano de segunda a s\u00e1bado, das 7h \u00e0s 22h, al\u00e9m de atendimento automatizado 24 horas por dia.<\/p>\n\n\n\n<h3 class=\"wp-block-heading\">Datas dos pagamentos do INSS em novembro de 2025<\/h3>\n\n\n\n<p>Os pagamentos seguem a l\u00f3gica tradicional: o pen\u00faltimo d\u00edgito do N\u00famero do Benef\u00edcio (NB) define a ordem dos repasses. O escalonamento foi mantido para evitar sobrecarga nos sistemas banc\u00e1rios e garantir a fluidez na libera\u00e7\u00e3o dos valores.<\/p>\n\n\n\n<p>Confira a seguir as datas completas de pagamento para o m\u00eas de novembro:<\/p>\n\n\n\n<p><strong>Benefici\u00e1rios que recebem at\u00e9 um sal\u00e1rio m\u00ednimo (R$ 1.518):<\/strong><\/p>\n\n\n\n<figure class=\"wp-block-table is-style-stripes\"><table class=\"has-fixed-layout\"><thead><tr><th>Final do benef\u00edcio<\/th><th>Data de pagamento<\/th><\/tr><\/thead><tbody><tr><td>1<\/td><td>24 de novembro<\/td><\/tr><tr><td>2<\/td><td>25 de novembro<\/td><\/tr><tr><td>3<\/td><td>26 de novembro<\/td><\/tr><tr><td>4<\/td><td>27 de novembro<\/td><\/tr><tr><td>5<\/td><td>28 de novembro<\/td><\/tr><tr><td>6<\/td><td>1\u00ba de dezembro<\/td><\/tr><tr><td>7<\/td><td>2 de dezembro<\/td><\/tr><tr><td>8<\/td><td>3 de dezembro<\/td><\/tr><tr><td>9<\/td><td>4 de dezembro<\/td><\/tr><tr><td>0<\/td><td>5 de dezembro<\/td><\/tr><\/tbody><\/table><\/figure>\n\n\n\n<p><strong>Benefici\u00e1rios que recebem acima de um sal\u00e1rio m\u00ednimo:<\/strong><\/p>\n\n\n\n<figure class=\"wp-block-table is-style-stripes\"><table class=\"has-fixed-layout\"><thead><tr><th>Finais do benef\u00edcio<\/th><th>Data de pagamento<\/th><\/tr><\/thead><tbody><tr><td>1 e 6<\/td><td>2 de dezembro<\/td><\/tr><tr><td>2 e 7<\/td><td>3 de dezembro<\/td><\/tr><tr><td>3 e 8<\/td><td>4 de dezembro<\/td><\/tr><tr><td>4 e 9<\/td><td>5 de dezembro<\/td><\/tr><tr><td>5 e 0<\/td><td>8 de dezembro<\/td><\/tr><\/tbody><\/table><\/figure>\n","protected":false},"excerpt":{"rendered":"<p>Aposentados, pensionistas e segurados do INSS foram surpreendidos com uma not\u00edcia positiva neste in\u00edcio de m\u00eas. A Previd\u00eancia Social decidiu antecipar os pagamentos de novembro, fazendo com que milh\u00f5es de brasileiros recebam seus benef\u00edcios antes do que previam. Embora o cronograma continue seguindo a ordem do n\u00famero final do benef\u00edcio e seja dividido entre dois [&hellip;]<\/p>\n","protected":false},"author":5,"featured_media":3793,"comment_status":"open","ping_status":"open","sticky":false,"template":"","format":"standard","meta":{"jnews-multi-image_gallery":[],"jnews_single_post":{"format":"standard"},"jnews_primary_category":[],"jnews_social_meta":[],"jnews_post_split":[],"footnotes":""},"categories":[1],"tags":[],"class_list":["post-3792","post","type-post","status-publish","format-standard","has-post-thumbnail","hentry","category-dinheiro"],"yoast_head":"<!-- This site is optimized with the Yoast SEO plugin v25.6 - https:\/\/yoast.com\/wordpress\/plugins\/seo\/ -->\n<title>Aposentados v\u00e3o receber do INSS mais cedo do que imaginam em novembro<\/title>\n<meta name=\"description\" content=\"Aposentados e pensionistas do INSS foram surpreendidos com uma not\u00edcia positiva neste in\u00edcio de m\u00eas, e devem receber antes do esperado.\" \/>\n<meta name=\"robots\" content=\"index, follow, max-snippet:-1, max-image-preview:large, max-video-preview:-1\" \/>\n<link rel=\"canonical\" href=\"https:\/\/tribunademinas.audiencelabs.com.br\/aposentados-vao-receber-do-inss-mais-cedo-do-que-imaginam-em-novembro\/\" \/>\n<meta property=\"og:locale\" content=\"pt_BR\" \/>\n<meta property=\"og:type\" content=\"article\" \/>\n<meta property=\"og:title\" content=\"Aposentados v\u00e3o receber do INSS mais cedo do que imaginam em novembro\" \/>\n<meta property=\"og:description\" content=\"Aposentados e pensionistas do INSS foram surpreendidos com uma not\u00edcia positiva neste in\u00edcio de m\u00eas, e devem receber antes do esperado.\" \/>\n<meta property=\"og:url\" content=\"https:\/\/tribunademinas.audiencelabs.com.br\/aposentados-vao-receber-do-inss-mais-cedo-do-que-imaginam-em-novembro\/\" \/>\n<meta property=\"og:site_name\" content=\"Tribuna de Minas - Dinheiro e Cidadania\" \/>\n<meta property=\"article:publisher\" content=\"https:\/\/www.facebook.com\/tribunademinas\/\" \/>\n<meta property=\"article:published_time\" content=\"2025-11-10T17:21:51+00:00\" \/>\n<meta property=\"article:modified_time\" content=\"2025-11-10T17:21:56+00:00\" \/>\n<meta property=\"og:image\" content=\"https:\/\/tribunademinas.audiencelabs.com.br\/wp-content\/uploads\/2025\/11\/INSS-4.webp\" \/>\n\t<meta property=\"og:image:width\" content=\"1170\" \/>\n\t<meta property=\"og:image:height\" content=\"700\" \/>\n\t<meta property=\"og:image:type\" content=\"image\/webp\" \/>\n<meta name=\"author\" content=\"Jeferson Carvalho\" \/>\n<meta name=\"twitter:card\" content=\"summary_large_image\" \/>\n<meta name=\"twitter:creator\" content=\"@tribunademinas\" \/>\n<meta name=\"twitter:site\" content=\"@tribunademinas\" \/>\n<meta name=\"twitter:label1\" content=\"Escrito por\" \/>\n\t<meta name=\"twitter:data1\" content=\"Jeferson Carvalho\" \/>\n\t<meta name=\"twitter:label2\" content=\"Est. tempo de leitura\" \/>\n\t<meta name=\"twitter:data2\" content=\"3 minutos\" \/>\n<!-- \/ Yoast SEO plugin. -->","yoast_head_json":{"title":"Aposentados v\u00e3o receber do INSS mais cedo do que imaginam em novembro","description":"Aposentados e pensionistas do INSS foram surpreendidos com uma not\u00edcia positiva neste in\u00edcio de m\u00eas, e devem receber antes do esperado.","robots":{"index":"index","follow":"follow","max-snippet":"max-snippet:-1","max-image-preview":"max-image-preview:large","max-video-preview":"max-video-preview:-1"},"canonical":"https:\/\/tribunademinas.audiencelabs.com.br\/aposentados-vao-receber-do-inss-mais-cedo-do-que-imaginam-em-novembro\/","og_locale":"pt_BR","og_type":"article","og_title":"Aposentados v\u00e3o receber do INSS mais cedo do que imaginam em novembro","og_description":"Aposentados e pensionistas do INSS foram surpreendidos com uma not\u00edcia positiva neste in\u00edcio de m\u00eas, e devem receber antes do esperado.","og_url":"https:\/\/tribunademinas.audiencelabs.com.br\/aposentados-vao-receber-do-inss-mais-cedo-do-que-imaginam-em-novembro\/","og_site_name":"Tribuna de Minas - Dinheiro e Cidadania","article_publisher":"https:\/\/www.facebook.com\/tribunademinas\/","article_published_time":"2025-11-10T17:21:51+00:00","article_modified_time":"2025-11-10T17:21:56+00:00","og_image":[{"width":1170,"height":700,"url":"https:\/\/tribunademinas.audiencelabs.com.br\/wp-content\/uploads\/2025\/11\/INSS-4.webp","type":"image\/webp"}],"author":"Jeferson Carvalho","twitter_card":"summary_large_image","twitter_creator":"@tribunademinas","twitter_site":"@tribunademinas","twitter_misc":{"Escrito por":"Jeferson Carvalho","Est. tempo de leitura":"3 minutos"},"schema":{"@context":"https:\/\/schema.org","@graph":[{"@type":"Article","@id":"https:\/\/tribunademinas.audiencelabs.com.br\/aposentados-vao-receber-do-inss-mais-cedo-do-que-imaginam-em-novembro\/#article","isPartOf":{"@id":"https:\/\/tribunademinas.audiencelabs.com.br\/aposentados-vao-receber-do-inss-mais-cedo-do-que-imaginam-em-novembro\/"},"author":{"name":"Jeferson Carvalho","@id":"https:\/\/tribunademinas.audiencelabs.com.br\/#\/schema\/person\/db18fc40307804bacef94213aa68fd9d"},"headline":"Aposentados v\u00e3o receber do INSS mais cedo do que imaginam em novembro","datePublished":"2025-11-10T17:21:51+00:00","dateModified":"2025-11-10T17:21:56+00:00","mainEntityOfPage":{"@id":"https:\/\/tribunademinas.audiencelabs.com.br\/aposentados-vao-receber-do-inss-mais-cedo-do-que-imaginam-em-novembro\/"},"wordCount":446,"commentCount":0,"publisher":{"@id":"https:\/\/tribunademinas.audiencelabs.com.br\/#organization"},"image":{"@id":"https:\/\/tribunademinas.audiencelabs.com.br\/aposentados-vao-receber-do-inss-mais-cedo-do-que-imaginam-em-novembro\/#primaryimage"},"thumbnailUrl":"https:\/\/tribunademinas.audiencelabs.com.br\/wp-content\/uploads\/2025\/11\/INSS-4.webp","articleSection":["Dinheiro"],"inLanguage":"pt-BR","potentialAction":[{"@type":"CommentAction","name":"Comment","target":["https:\/\/tribunademinas.audiencelabs.com.br\/aposentados-vao-receber-do-inss-mais-cedo-do-que-imaginam-em-novembro\/#respond"]}]},{"@type":"WebPage","@id":"https:\/\/tribunademinas.audiencelabs.com.br\/aposentados-vao-receber-do-inss-mais-cedo-do-que-imaginam-em-novembro\/","url":"https:\/\/tribunademinas.audiencelabs.com.br\/aposentados-vao-receber-do-inss-mais-cedo-do-que-imaginam-em-novembro\/","name":"Aposentados v\u00e3o receber do INSS mais cedo do que imaginam em novembro","isPartOf":{"@id":"https:\/\/tribunademinas.audiencelabs.com.br\/#website"},"primaryImageOfPage":{"@id":"https:\/\/tribunademinas.audiencelabs.com.br\/aposentados-vao-receber-do-inss-mais-cedo-do-que-imaginam-em-novembro\/#primaryimage"},"image":{"@id":"https:\/\/tribunademinas.audiencelabs.com.br\/aposentados-vao-receber-do-inss-mais-cedo-do-que-imaginam-em-novembro\/#primaryimage"},"thumbnailUrl":"https:\/\/tribunademinas.audiencelabs.com.br\/wp-content\/uploads\/2025\/11\/INSS-4.webp","datePublished":"2025-11-10T17:21:51+00:00","dateModified":"2025-11-10T17:21:56+00:00","description":"Aposentados e pensionistas do INSS foram surpreendidos com uma not\u00edcia positiva neste in\u00edcio de m\u00eas, e devem receber antes do esperado.","breadcrumb":{"@id":"https:\/\/tribunademinas.audiencelabs.com.br\/aposentados-vao-receber-do-inss-mais-cedo-do-que-imaginam-em-novembro\/#breadcrumb"},"inLanguage":"pt-BR","potentialAction":[{"@type":"ReadAction","target":["https:\/\/tribunademinas.audiencelabs.com.br\/aposentados-vao-receber-do-inss-mais-cedo-do-que-imaginam-em-novembro\/"]}]},{"@type":"ImageObject","inLanguage":"pt-BR","@id":"https:\/\/tribunademinas.audiencelabs.com.br\/aposentados-vao-receber-do-inss-mais-cedo-do-que-imaginam-em-novembro\/#primaryimage","url":"https:\/\/tribunademinas.audiencelabs.com.br\/wp-content\/uploads\/2025\/11\/INSS-4.webp","contentUrl":"https:\/\/tribunademinas.audiencelabs.com.br\/wp-content\/uploads\/2025\/11\/INSS-4.webp","width":1170,"height":700,"caption":"Aposentados v\u00e3o receber do INSS mais cedo do que imaginam em novembro - Imagem: Marcello Casal Jr\/Ag\u00eancia Brasil"},{"@type":"BreadcrumbList","@id":"https:\/\/tribunademinas.audiencelabs.com.br\/aposentados-vao-receber-do-inss-mais-cedo-do-que-imaginam-em-novembro\/#breadcrumb","itemListElement":[{"@type":"ListItem","position":1,"name":"In\u00edcio","item":"https:\/\/tribunademinas.audiencelabs.com.br\/"},{"@type":"ListItem","position":2,"name":"Aposentados v\u00e3o receber do INSS mais cedo do que imaginam em novembro"}]},{"@type":"WebSite","@id":"https:\/\/tribunademinas.audiencelabs.com.br\/#website","url":"https:\/\/tribunademinas.audiencelabs.com.br\/","name":"Tribuna de Minas - Dinheiro e Cidadania","description":"","publisher":{"@id":"https:\/\/tribunademinas.audiencelabs.com.br\/#organization"},"potentialAction":[{"@type":"SearchAction","target":{"@type":"EntryPoint","urlTemplate":"https:\/\/tribunademinas.audiencelabs.com.br\/?s={search_term_string}"},"query-input":{"@type":"PropertyValueSpecification","valueRequired":true,"valueName":"search_term_string"}}],"inLanguage":"pt-BR"},{"@type":"Organization","@id":"https:\/\/tribunademinas.audiencelabs.com.br\/#organization","name":"Tribuna de Minas - Dinheiro e Cidadania","url":"https:\/\/tribunademinas.audiencelabs.com.br\/","logo":{"@type":"ImageObject","inLanguage":"pt-BR","@id":"https:\/\/tribunademinas.audiencelabs.com.br\/#\/schema\/logo\/image\/","url":"https:\/\/tribunademinas.audiencelabs.com.br\/wp-content\/uploads\/2025\/08\/cropped-Tribuna_512x512-96x96-1.png","contentUrl":"https:\/\/tribunademinas.audiencelabs.com.br\/wp-content\/uploads\/2025\/08\/cropped-Tribuna_512x512-96x96-1.png","width":96,"height":96,"caption":"Tribuna de Minas - Dinheiro e Cidadania"},"image":{"@id":"https:\/\/tribunademinas.audiencelabs.com.br\/#\/schema\/logo\/image\/"},"sameAs":["https:\/\/www.facebook.com\/tribunademinas\/","https:\/\/x.com\/tribunademinas","https:\/\/www.instagram.com\/tribunademinas\/","https:\/\/www.youtube.com\/user\/TribunadeMinasJF"]},{"@type":"Person","@id":"https:\/\/tribunademinas.audiencelabs.com.br\/#\/schema\/person\/db18fc40307804bacef94213aa68fd9d","name":"Jeferson Carvalho","image":{"@type":"ImageObject","inLanguage":"pt-BR","@id":"https:\/\/tribunademinas.audiencelabs.com.br\/#\/schema\/person\/image\/","url":"https:\/\/secure.gravatar.com\/avatar\/cd7646e328d9670dad7dea8698522e522745eeffcff5b9d08be858e377ce326b?s=96&d=mm&r=g","contentUrl":"https:\/\/secure.gravatar.com\/avatar\/cd7646e328d9670dad7dea8698522e522745eeffcff5b9d08be858e377ce326b?s=96&d=mm&r=g","caption":"Jeferson Carvalho"},"description":"Jornalista apaixonado pela profiss\u00e3o!","url":"https:\/\/tribunademinas.audiencelabs.com.br\/author\/jeferson\/"}]}},"amp_enabled":true,"_links":{"self":[{"href":"https:\/\/tribunademinas.audiencelabs.com.br\/wp-json\/wp\/v2\/posts\/3792","targetHints":{"allow":["GET"]}}],"collection":[{"href":"https:\/\/tribunademinas.audiencelabs.com.br\/wp-json\/wp\/v2\/posts"}],"about":[{"href":"https:\/\/tribunademinas.audiencelabs.com.br\/wp-json\/wp\/v2\/types\/post"}],"author":[{"embeddable":true,"href":"https:\/\/tribunademinas.audiencelabs.com.br\/wp-json\/wp\/v2\/users\/5"}],"replies":[{"embeddable":true,"href":"https:\/\/tribunademinas.audiencelabs.com.br\/wp-json\/wp\/v2\/comments?post=3792"}],"version-history":[{"count":1,"href":"https:\/\/tribunademinas.audiencelabs.com.br\/wp-json\/wp\/v2\/posts\/3792\/revisions"}],"predecessor-version":[{"id":3795,"href":"https:\/\/tribunademinas.audiencelabs.com.br\/wp-json\/wp\/v2\/posts\/3792\/revisions\/3795"}],"wp:featuredmedia":[{"embeddable":true,"href":"https:\/\/tribunademinas.audiencelabs.com.br\/wp-json\/wp\/v2\/media\/3793"}],"wp:attachment":[{"href":"https:\/\/tribunademinas.audiencelabs.com.br\/wp-json\/wp\/v2\/media?parent=3792"}],"wp:term":[{"taxonomy":"category","embeddable":true,"href":"https:\/\/tribunademinas.audiencelabs.com.br\/wp-json\/wp\/v2\/categories?post=3792"},{"taxonomy":"post_tag","embeddable":true,"href":"https:\/\/tribunademinas.audiencelabs.com.br\/wp-json\/wp\/v2\/tags?post=3792"}],"curies":[{"name":"wp","href":"https:\/\/api.w.org\/{rel}","templated":true}]}}