{"id":3779,"date":"2025-11-11T10:00:00","date_gmt":"2025-11-11T13:00:00","guid":{"rendered":"https:\/\/tribunademinas.audiencelabs.com.br\/?p=3779"},"modified":"2025-11-10T12:38:31","modified_gmt":"2025-11-10T15:38:31","slug":"motoristas-do-uber-precisam-saber-de-mudanca-confirmado-pelo-app","status":"publish","type":"post","link":"https:\/\/tribunademinas.audiencelabs.com.br\/motoristas-do-uber-precisam-saber-de-mudanca-confirmado-pelo-app\/","title":{"rendered":"Motoristas do Uber precisam saber de mudan\u00e7a confirmado pelo app"},"content":{"rendered":"\n<p>Por conta de uma recente parceria firmada com o cart\u00e3o Elo Grafite, que \u00e9 um dos carros-chefes da operadora nacional, a <strong>Uber<\/strong> anunciou uma grande mudan\u00e7a que deve beneficiar o grupo espec\u00edfico de clientes que utilizam produtos da bandeira.<\/p>\n\n\n\n<p>Trata-se do <strong>Deslocamento para Viagens<\/strong>, um benef\u00edcio que garante duas corridas anuais gratuitas para usu\u00e1rios do Elo Grafite, desde que seja utilizado para ir a um aeroporto ou rodovi\u00e1ria, ou para retornar para casa a partir deles.<\/p>\n\n\n\n<p>Para ser eleg\u00edvel, o portador do cart\u00e3o deve utiliz\u00e1-lo para comprar uma passagem a\u00e9rea ou rodovi\u00e1ria de,<strong> no m\u00ednimo, R$ 150<\/strong>. Al\u00e9m disso, \u00e9 importante lembrar de solicitar o benef\u00edcio diretamente no site da Elo.<\/p>\n\n\n\n<p>Ap\u00f3s preencher os dados necess\u00e1rios, o portal disponibilizar\u00e1 um voucher exclusivo para ser utilizado no servi\u00e7o da Uber. De acordo com o que foi divulgado, o Deslocamento para Viagens poder\u00e1 ser utilizado at\u00e9 <strong>31 de mar\u00e7o de 2026<\/strong> e tem limite de R$ 80 por corrida.<\/p>\n\n\n\n<p>Contudo, vale destacar que, apesar da gratuidade, a Uber confirmou que<strong> n\u00e3o haver\u00e3o impactos diretos para os motoristas<\/strong>. Desta forma, o pagamento da viagem ser\u00e1 processado normalmente e encaminhado sem nenhum desconto adicional.<\/p>\n\n\n\n<h2 class=\"wp-block-heading\">Outras mudan\u00e7as relevantes da Uber para 2026<\/h2>\n\n\n\n<p>Al\u00e9m do benef\u00edcio proveniente da parceria com a Elo, a Uber tamb\u00e9m confirmou mais algumas mudan\u00e7as que, por sua vez, podem facilitar a vida dos motoristas por assegurar mais vantagens e transpar\u00eancia.<\/p>\n\n\n\n<p>Entre as novidades, destaca-se a op\u00e7\u00e3o de <strong>verificar o valor da corrida em tempo real <\/strong>antes de aceit\u00e1-la, o que evita surpresas decorrentes de varia\u00e7\u00f5es repentinas. Com isso, os motoristas poder\u00e3o atuar com maior seguran\u00e7a e tranquilidade em rela\u00e7\u00e3o aos seus rendimentos.<\/p>\n\n\n\n<p>Al\u00e9m disso, a Uber ainda pretende expandir os programas de vantagens para condutores, passando a incluir benef\u00edcios como descontos em combust\u00edvel, manuten\u00e7\u00e3o veicular e em planos de sa\u00fade para tornar a experi\u00eancia mais sustent\u00e1vel e justa.<\/p>\n","protected":false},"excerpt":{"rendered":"<p>Por conta de uma recente parceria firmada com o cart\u00e3o Elo Grafite, que \u00e9 um dos carros-chefes da operadora nacional, a Uber anunciou uma grande mudan\u00e7a que deve beneficiar o grupo espec\u00edfico de clientes que utilizam produtos da bandeira. Trata-se do Deslocamento para Viagens, um benef\u00edcio que garante duas corridas anuais gratuitas para usu\u00e1rios do [&hellip;]<\/p>\n","protected":false},"author":3,"featured_media":3780,"comment_status":"open","ping_status":"open","sticky":false,"template":"","format":"standard","meta":{"jnews-multi-image_gallery":[],"jnews_single_post":{"format":"standard"},"jnews_primary_category":[],"jnews_social_meta":[],"jnews_post_split":[],"footnotes":""},"categories":[1],"tags":[],"class_list":["post-3779","post","type-post","status-publish","format-standard","has-post-thumbnail","hentry","category-dinheiro"],"yoast_head":"<!-- This site is optimized with the Yoast SEO plugin v25.6 - https:\/\/yoast.com\/wordpress\/plugins\/seo\/ -->\n<title>Motoristas do Uber precisam saber de mudan\u00e7a confirmado pelo app<\/title>\n<meta name=\"robots\" content=\"index, follow, max-snippet:-1, max-image-preview:large, max-video-preview:-1\" \/>\n<link rel=\"canonical\" href=\"https:\/\/tribunademinas.audiencelabs.com.br\/motoristas-do-uber-precisam-saber-de-mudanca-confirmado-pelo-app\/\" \/>\n<meta property=\"og:locale\" content=\"pt_BR\" \/>\n<meta property=\"og:type\" content=\"article\" \/>\n<meta property=\"og:title\" content=\"Motoristas do Uber precisam saber de mudan\u00e7a confirmado pelo app\" \/>\n<meta property=\"og:description\" content=\"Por conta de uma recente parceria firmada com o cart\u00e3o Elo Grafite, que \u00e9 um dos carros-chefes da operadora nacional, a Uber anunciou uma grande mudan\u00e7a que deve beneficiar o grupo espec\u00edfico de clientes que utilizam produtos da bandeira. Trata-se do Deslocamento para Viagens, um benef\u00edcio que garante duas corridas anuais gratuitas para usu\u00e1rios do [&hellip;]\" \/>\n<meta property=\"og:url\" content=\"https:\/\/tribunademinas.audiencelabs.com.br\/motoristas-do-uber-precisam-saber-de-mudanca-confirmado-pelo-app\/\" \/>\n<meta property=\"og:site_name\" content=\"Tribuna de Minas - Dinheiro e Cidadania\" \/>\n<meta property=\"article:publisher\" content=\"https:\/\/www.facebook.com\/tribunademinas\/\" \/>\n<meta property=\"article:published_time\" content=\"2025-11-11T13:00:00+00:00\" \/>\n<meta property=\"og:image\" content=\"https:\/\/tribunademinas.audiencelabs.com.br\/wp-content\/uploads\/2025\/11\/motoristas-uber-precisam-saber-mudanca-confirmada-app.jpg\" \/>\n\t<meta property=\"og:image:width\" content=\"2000\" \/>\n\t<meta property=\"og:image:height\" content=\"1125\" \/>\n\t<meta property=\"og:image:type\" content=\"image\/jpeg\" \/>\n<meta name=\"author\" content=\"Jo\u00e3o Carlos Gomes\" \/>\n<meta name=\"twitter:card\" content=\"summary_large_image\" \/>\n<meta name=\"twitter:creator\" content=\"@tribunademinas\" \/>\n<meta name=\"twitter:site\" content=\"@tribunademinas\" \/>\n<meta name=\"twitter:label1\" content=\"Escrito por\" \/>\n\t<meta name=\"twitter:data1\" content=\"Jo\u00e3o Carlos Gomes\" \/>\n\t<meta name=\"twitter:label2\" content=\"Est. tempo de leitura\" \/>\n\t<meta name=\"twitter:data2\" content=\"2 minutos\" \/>\n<!-- \/ Yoast SEO plugin. -->","yoast_head_json":{"title":"Motoristas do Uber precisam saber de mudan\u00e7a confirmado pelo app","robots":{"index":"index","follow":"follow","max-snippet":"max-snippet:-1","max-image-preview":"max-image-preview:large","max-video-preview":"max-video-preview:-1"},"canonical":"https:\/\/tribunademinas.audiencelabs.com.br\/motoristas-do-uber-precisam-saber-de-mudanca-confirmado-pelo-app\/","og_locale":"pt_BR","og_type":"article","og_title":"Motoristas do Uber precisam saber de mudan\u00e7a confirmado pelo app","og_description":"Por conta de uma recente parceria firmada com o cart\u00e3o Elo Grafite, que \u00e9 um dos carros-chefes da operadora nacional, a Uber anunciou uma grande mudan\u00e7a que deve beneficiar o grupo espec\u00edfico de clientes que utilizam produtos da bandeira. Trata-se do Deslocamento para Viagens, um benef\u00edcio que garante duas corridas anuais gratuitas para usu\u00e1rios do [&hellip;]","og_url":"https:\/\/tribunademinas.audiencelabs.com.br\/motoristas-do-uber-precisam-saber-de-mudanca-confirmado-pelo-app\/","og_site_name":"Tribuna de Minas - Dinheiro e Cidadania","article_publisher":"https:\/\/www.facebook.com\/tribunademinas\/","article_published_time":"2025-11-11T13:00:00+00:00","og_image":[{"width":2000,"height":1125,"url":"https:\/\/tribunademinas.audiencelabs.com.br\/wp-content\/uploads\/2025\/11\/motoristas-uber-precisam-saber-mudanca-confirmada-app.jpg","type":"image\/jpeg"}],"author":"Jo\u00e3o Carlos Gomes","twitter_card":"summary_large_image","twitter_creator":"@tribunademinas","twitter_site":"@tribunademinas","twitter_misc":{"Escrito por":"Jo\u00e3o Carlos Gomes","Est. tempo de leitura":"2 minutos"},"schema":{"@context":"https:\/\/schema.org","@graph":[{"@type":"Article","@id":"https:\/\/tribunademinas.audiencelabs.com.br\/motoristas-do-uber-precisam-saber-de-mudanca-confirmado-pelo-app\/#article","isPartOf":{"@id":"https:\/\/tribunademinas.audiencelabs.com.br\/motoristas-do-uber-precisam-saber-de-mudanca-confirmado-pelo-app\/"},"author":{"name":"Jo\u00e3o Carlos Gomes","@id":"https:\/\/tribunademinas.audiencelabs.com.br\/#\/schema\/person\/37af466a64a722fadb8ef6841c52114f"},"headline":"Motoristas do Uber precisam saber de mudan\u00e7a confirmado pelo app","datePublished":"2025-11-11T13:00:00+00:00","mainEntityOfPage":{"@id":"https:\/\/tribunademinas.audiencelabs.com.br\/motoristas-do-uber-precisam-saber-de-mudanca-confirmado-pelo-app\/"},"wordCount":350,"commentCount":0,"publisher":{"@id":"https:\/\/tribunademinas.audiencelabs.com.br\/#organization"},"image":{"@id":"https:\/\/tribunademinas.audiencelabs.com.br\/motoristas-do-uber-precisam-saber-de-mudanca-confirmado-pelo-app\/#primaryimage"},"thumbnailUrl":"https:\/\/tribunademinas.audiencelabs.com.br\/wp-content\/uploads\/2025\/11\/motoristas-uber-precisam-saber-mudanca-confirmada-app.jpg","articleSection":["Dinheiro"],"inLanguage":"pt-BR","potentialAction":[{"@type":"CommentAction","name":"Comment","target":["https:\/\/tribunademinas.audiencelabs.com.br\/motoristas-do-uber-precisam-saber-de-mudanca-confirmado-pelo-app\/#respond"]}]},{"@type":"WebPage","@id":"https:\/\/tribunademinas.audiencelabs.com.br\/motoristas-do-uber-precisam-saber-de-mudanca-confirmado-pelo-app\/","url":"https:\/\/tribunademinas.audiencelabs.com.br\/motoristas-do-uber-precisam-saber-de-mudanca-confirmado-pelo-app\/","name":"Motoristas do Uber precisam saber de mudan\u00e7a confirmado pelo app","isPartOf":{"@id":"https:\/\/tribunademinas.audiencelabs.com.br\/#website"},"primaryImageOfPage":{"@id":"https:\/\/tribunademinas.audiencelabs.com.br\/motoristas-do-uber-precisam-saber-de-mudanca-confirmado-pelo-app\/#primaryimage"},"image":{"@id":"https:\/\/tribunademinas.audiencelabs.com.br\/motoristas-do-uber-precisam-saber-de-mudanca-confirmado-pelo-app\/#primaryimage"},"thumbnailUrl":"https:\/\/tribunademinas.audiencelabs.com.br\/wp-content\/uploads\/2025\/11\/motoristas-uber-precisam-saber-mudanca-confirmada-app.jpg","datePublished":"2025-11-11T13:00:00+00:00","breadcrumb":{"@id":"https:\/\/tribunademinas.audiencelabs.com.br\/motoristas-do-uber-precisam-saber-de-mudanca-confirmado-pelo-app\/#breadcrumb"},"inLanguage":"pt-BR","potentialAction":[{"@type":"ReadAction","target":["https:\/\/tribunademinas.audiencelabs.com.br\/motoristas-do-uber-precisam-saber-de-mudanca-confirmado-pelo-app\/"]}]},{"@type":"ImageObject","inLanguage":"pt-BR","@id":"https:\/\/tribunademinas.audiencelabs.com.br\/motoristas-do-uber-precisam-saber-de-mudanca-confirmado-pelo-app\/#primaryimage","url":"https:\/\/tribunademinas.audiencelabs.com.br\/wp-content\/uploads\/2025\/11\/motoristas-uber-precisam-saber-mudanca-confirmada-app.jpg","contentUrl":"https:\/\/tribunademinas.audiencelabs.com.br\/wp-content\/uploads\/2025\/11\/motoristas-uber-precisam-saber-mudanca-confirmada-app.jpg","width":2000,"height":1125,"caption":"Foto: Freepik"},{"@type":"BreadcrumbList","@id":"https:\/\/tribunademinas.audiencelabs.com.br\/motoristas-do-uber-precisam-saber-de-mudanca-confirmado-pelo-app\/#breadcrumb","itemListElement":[{"@type":"ListItem","position":1,"name":"In\u00edcio","item":"https:\/\/tribunademinas.audiencelabs.com.br\/"},{"@type":"ListItem","position":2,"name":"Motoristas do Uber precisam saber de mudan\u00e7a confirmado pelo app"}]},{"@type":"WebSite","@id":"https:\/\/tribunademinas.audiencelabs.com.br\/#website","url":"https:\/\/tribunademinas.audiencelabs.com.br\/","name":"Tribuna de Minas - Dinheiro e Cidadania","description":"","publisher":{"@id":"https:\/\/tribunademinas.audiencelabs.com.br\/#organization"},"potentialAction":[{"@type":"SearchAction","target":{"@type":"EntryPoint","urlTemplate":"https:\/\/tribunademinas.audiencelabs.com.br\/?s={search_term_string}"},"query-input":{"@type":"PropertyValueSpecification","valueRequired":true,"valueName":"search_term_string"}}],"inLanguage":"pt-BR"},{"@type":"Organization","@id":"https:\/\/tribunademinas.audiencelabs.com.br\/#organization","name":"Tribuna de Minas - Dinheiro e Cidadania","url":"https:\/\/tribunademinas.audiencelabs.com.br\/","logo":{"@type":"ImageObject","inLanguage":"pt-BR","@id":"https:\/\/tribunademinas.audiencelabs.com.br\/#\/schema\/logo\/image\/","url":"https:\/\/tribunademinas.audiencelabs.com.br\/wp-content\/uploads\/2025\/08\/cropped-Tribuna_512x512-96x96-1.png","contentUrl":"https:\/\/tribunademinas.audiencelabs.com.br\/wp-content\/uploads\/2025\/08\/cropped-Tribuna_512x512-96x96-1.png","width":96,"height":96,"caption":"Tribuna de Minas - Dinheiro e Cidadania"},"image":{"@id":"https:\/\/tribunademinas.audiencelabs.com.br\/#\/schema\/logo\/image\/"},"sameAs":["https:\/\/www.facebook.com\/tribunademinas\/","https:\/\/x.com\/tribunademinas","https:\/\/www.instagram.com\/tribunademinas\/","https:\/\/www.youtube.com\/user\/TribunadeMinasJF"]},{"@type":"Person","@id":"https:\/\/tribunademinas.audiencelabs.com.br\/#\/schema\/person\/37af466a64a722fadb8ef6841c52114f","name":"Jo\u00e3o Carlos Gomes","image":{"@type":"ImageObject","inLanguage":"pt-BR","@id":"https:\/\/tribunademinas.audiencelabs.com.br\/#\/schema\/person\/image\/","url":"https:\/\/secure.gravatar.com\/avatar\/4ce4672dbdd694b329cd6fdb51bee7d1409be1f0ff76a537e4c4a737b2c7d1a9?s=96&d=mm&r=g","contentUrl":"https:\/\/secure.gravatar.com\/avatar\/4ce4672dbdd694b329cd6fdb51bee7d1409be1f0ff76a537e4c4a737b2c7d1a9?s=96&d=mm&r=g","caption":"Jo\u00e3o Carlos Gomes"},"description":"Jornalista formado pelo Centro Universit\u00e1rio Carioca, apreciador da Bossa Nova ao Metal Extremo, criador de conte\u00fado e m\u00fasico independente nas horas vagas.","url":"https:\/\/tribunademinas.audiencelabs.com.br\/author\/joaoc-junior\/"}]}},"amp_enabled":true,"_links":{"self":[{"href":"https:\/\/tribunademinas.audiencelabs.com.br\/wp-json\/wp\/v2\/posts\/3779","targetHints":{"allow":["GET"]}}],"collection":[{"href":"https:\/\/tribunademinas.audiencelabs.com.br\/wp-json\/wp\/v2\/posts"}],"about":[{"href":"https:\/\/tribunademinas.audiencelabs.com.br\/wp-json\/wp\/v2\/types\/post"}],"author":[{"embeddable":true,"href":"https:\/\/tribunademinas.audiencelabs.com.br\/wp-json\/wp\/v2\/users\/3"}],"replies":[{"embeddable":true,"href":"https:\/\/tribunademinas.audiencelabs.com.br\/wp-json\/wp\/v2\/comments?post=3779"}],"version-history":[{"count":1,"href":"https:\/\/tribunademinas.audiencelabs.com.br\/wp-json\/wp\/v2\/posts\/3779\/revisions"}],"predecessor-version":[{"id":3781,"href":"https:\/\/tribunademinas.audiencelabs.com.br\/wp-json\/wp\/v2\/posts\/3779\/revisions\/3781"}],"wp:featuredmedia":[{"embeddable":true,"href":"https:\/\/tribunademinas.audiencelabs.com.br\/wp-json\/wp\/v2\/media\/3780"}],"wp:attachment":[{"href":"https:\/\/tribunademinas.audiencelabs.com.br\/wp-json\/wp\/v2\/media?parent=3779"}],"wp:term":[{"taxonomy":"category","embeddable":true,"href":"https:\/\/tribunademinas.audiencelabs.com.br\/wp-json\/wp\/v2\/categories?post=3779"},{"taxonomy":"post_tag","embeddable":true,"href":"https:\/\/tribunademinas.audiencelabs.com.br\/wp-json\/wp\/v2\/tags?post=3779"}],"curies":[{"name":"wp","href":"https:\/\/api.w.org\/{rel}","templated":true}]}}