{"id":3753,"date":"2025-11-10T09:45:00","date_gmt":"2025-11-10T12:45:00","guid":{"rendered":"https:\/\/tribunademinas.audiencelabs.com.br\/?p=3753"},"modified":"2025-11-10T10:53:00","modified_gmt":"2025-11-10T13:53:00","slug":"13o-salario-usado-certo-pode-salvar-seu-orcamento-no-fim-de-ano","status":"publish","type":"post","link":"https:\/\/tribunademinas.audiencelabs.com.br\/13o-salario-usado-certo-pode-salvar-seu-orcamento-no-fim-de-ano\/","title":{"rendered":"13\u00ba sal\u00e1rio usado certo pode salvar seu or\u00e7amento no fim de ano"},"content":{"rendered":"\n<p>Nos pr\u00f3ximos dias, milh\u00f5es de brasileiros devem receber a primeira parcela do t\u00e3o esperado 13\u00ba sal\u00e1rio. <\/p>\n\n\n\n<p>Esse valor extra, que chega junto com a reta final do ano, \u00e9 aguardado com entusiasmo por muitos trabalhadores formais, especialmente em meio ao aumento de despesas t\u00edpicas do per\u00edodo, como presentes, ceias e viagens. <\/p>\n\n\n\n<p>No entanto, apesar da empolga\u00e7\u00e3o, poucos percebem o real potencial dessa quantia: se usada com intelig\u00eancia, ela pode ser o respiro que faltava para fechar o ano no azul e come\u00e7ar 2026 com tranquilidade.<\/p>\n\n\n\n<h2 class=\"wp-block-heading\">13\u00ba sal\u00e1rio usado certo pode salvar seu or\u00e7amento no fim de ano<\/h2>\n\n\n\n<p>O 13\u00ba sal\u00e1rio \u00e9 um direito<a href=\"https:\/\/www.planalto.gov.br\/ccivil_03\/decreto-lei\/del5452.htm\"><strong> garantido por lei<\/strong><\/a> a todos os trabalhadores com carteira assinada, al\u00e9m de aposentados e pensionistas do INSS. <\/p>\n\n\n\n<p>O valor total equivale a um sal\u00e1rio mensal do empregado, proporcional ao tempo trabalhado no ano. Por exemplo, quem esteve empregado o ano inteiro recebe o valor cheio; quem trabalhou apenas parte do ano recebe proporcionalmente aos meses de contrato. <\/p>\n\n\n\n<p>A primeira parcela deve ser paga at\u00e9 o dia 30 de novembro (a maioria recebe no dia 28, a sexta-feira anterior ao dia 30), e a segunda, com os descontos legais, at\u00e9 20 de dezembro.<\/p>\n\n\n\n<p>Em um cen\u00e1rio de infla\u00e7\u00e3o persistente e aumento no custo de vida, esse dinheiro extra pode ter um papel estrat\u00e9gico no or\u00e7amento. <\/p>\n\n\n\n<h3 class=\"wp-block-heading\">Como o valor pode salvar o or\u00e7amento das fam\u00edlias?<\/h3>\n\n\n\n<p>Para quem est\u00e1 endividado, \u00e9 uma chance valiosa de reduzir ou at\u00e9 eliminar d\u00edvidas que carregam juros altos, especialmente as de cart\u00e3o de cr\u00e9dito e cheque especial, que s\u00e3o as mais comuns e mais caras. <\/p>\n\n\n\n<p>Priorizar o pagamento dessas pend\u00eancias pode significar uma economia significativa no m\u00e9dio prazo.<\/p>\n\n\n\n<p>J\u00e1 quem est\u00e1 com as contas em dia pode usar o 13\u00ba com um olhar voltado para o futuro. Uma parte pode ser destinada \u00e0s festas e presentes, desde que com planejamento. A outra, idealmente, deve ser guardada ou investida. <\/p>\n\n\n\n<p>Criar ou refor\u00e7ar uma reserva de emerg\u00eancia, por exemplo, \u00e9 uma das formas mais prudentes de usar esse valor.<\/p>\n\n\n\n<p>O apelo ao consumo no fim de ano \u00e9 forte, e o com\u00e9rcio aposta pesado em promo\u00e7\u00f5es e facilidades de pagamento. Mas resistir aos impulsos e tratar o 13\u00ba como uma ferramenta de equil\u00edbrio financeiro pode fazer toda a diferen\u00e7a. <\/p>\n\n\n\n<p>Mais do que um b\u00f4nus, esse sal\u00e1rio extra \u00e9 uma oportunidade de colocar a vida financeira nos trilhos e quem souber aproveit\u00e1-lo com consci\u00eancia pode transformar o fim de ano em um verdadeiro recome\u00e7o.<\/p>\n","protected":false},"excerpt":{"rendered":"<p>Nos pr\u00f3ximos dias, milh\u00f5es de brasileiros devem receber a primeira parcela do t\u00e3o esperado 13\u00ba sal\u00e1rio. Esse valor extra, que chega junto com a reta final do ano, \u00e9 aguardado com entusiasmo por muitos trabalhadores formais, especialmente em meio ao aumento de despesas t\u00edpicas do per\u00edodo, como presentes, ceias e viagens. No entanto, apesar da [&hellip;]<\/p>\n","protected":false},"author":5,"featured_media":3754,"comment_status":"open","ping_status":"open","sticky":false,"template":"","format":"standard","meta":{"jnews-multi-image_gallery":[],"jnews_single_post":{"format":"standard"},"jnews_primary_category":[],"jnews_social_meta":[],"jnews_post_split":[],"footnotes":""},"categories":[1],"tags":[],"class_list":["post-3753","post","type-post","status-publish","format-standard","has-post-thumbnail","hentry","category-dinheiro"],"yoast_head":"<!-- This site is optimized with the Yoast SEO plugin v25.6 - https:\/\/yoast.com\/wordpress\/plugins\/seo\/ -->\n<title>13\u00ba sal\u00e1rio usado certo pode salvar seu or\u00e7amento no fim de ano<\/title>\n<meta name=\"description\" content=\"Nos pr\u00f3ximos dias, milh\u00f5es de brasileiros devem receber a primeira parcela do t\u00e3o esperado 13\u00ba sal\u00e1rio, e ele pode salvar o or\u00e7amento.\" \/>\n<meta name=\"robots\" content=\"index, follow, max-snippet:-1, max-image-preview:large, max-video-preview:-1\" \/>\n<link rel=\"canonical\" href=\"https:\/\/tribunademinas.audiencelabs.com.br\/13o-salario-usado-certo-pode-salvar-seu-orcamento-no-fim-de-ano\/\" \/>\n<meta property=\"og:locale\" content=\"pt_BR\" \/>\n<meta property=\"og:type\" content=\"article\" \/>\n<meta property=\"og:title\" content=\"13\u00ba sal\u00e1rio usado certo pode salvar seu or\u00e7amento no fim de ano\" \/>\n<meta property=\"og:description\" content=\"Nos pr\u00f3ximos dias, milh\u00f5es de brasileiros devem receber a primeira parcela do t\u00e3o esperado 13\u00ba sal\u00e1rio, e ele pode salvar o or\u00e7amento.\" \/>\n<meta property=\"og:url\" content=\"https:\/\/tribunademinas.audiencelabs.com.br\/13o-salario-usado-certo-pode-salvar-seu-orcamento-no-fim-de-ano\/\" \/>\n<meta property=\"og:site_name\" content=\"Tribuna de Minas - Dinheiro e Cidadania\" \/>\n<meta property=\"article:publisher\" content=\"https:\/\/www.facebook.com\/tribunademinas\/\" \/>\n<meta property=\"article:published_time\" content=\"2025-11-10T12:45:00+00:00\" \/>\n<meta property=\"article:modified_time\" content=\"2025-11-10T13:53:00+00:00\" \/>\n<meta property=\"og:image\" content=\"https:\/\/tribunademinas.audiencelabs.com.br\/wp-content\/uploads\/2025\/11\/13o-salario.webp\" \/>\n\t<meta property=\"og:image:width\" content=\"1170\" \/>\n\t<meta property=\"og:image:height\" content=\"700\" \/>\n\t<meta property=\"og:image:type\" content=\"image\/webp\" \/>\n<meta name=\"author\" content=\"Jeferson Carvalho\" \/>\n<meta name=\"twitter:card\" content=\"summary_large_image\" \/>\n<meta name=\"twitter:creator\" content=\"@tribunademinas\" \/>\n<meta name=\"twitter:site\" content=\"@tribunademinas\" \/>\n<meta name=\"twitter:label1\" content=\"Escrito por\" \/>\n\t<meta name=\"twitter:data1\" content=\"Jeferson Carvalho\" \/>\n\t<meta name=\"twitter:label2\" content=\"Est. tempo de leitura\" \/>\n\t<meta name=\"twitter:data2\" content=\"3 minutos\" \/>\n<!-- \/ Yoast SEO plugin. -->","yoast_head_json":{"title":"13\u00ba sal\u00e1rio usado certo pode salvar seu or\u00e7amento no fim de ano","description":"Nos pr\u00f3ximos dias, milh\u00f5es de brasileiros devem receber a primeira parcela do t\u00e3o esperado 13\u00ba sal\u00e1rio, e ele pode salvar o or\u00e7amento.","robots":{"index":"index","follow":"follow","max-snippet":"max-snippet:-1","max-image-preview":"max-image-preview:large","max-video-preview":"max-video-preview:-1"},"canonical":"https:\/\/tribunademinas.audiencelabs.com.br\/13o-salario-usado-certo-pode-salvar-seu-orcamento-no-fim-de-ano\/","og_locale":"pt_BR","og_type":"article","og_title":"13\u00ba sal\u00e1rio usado certo pode salvar seu or\u00e7amento no fim de ano","og_description":"Nos pr\u00f3ximos dias, milh\u00f5es de brasileiros devem receber a primeira parcela do t\u00e3o esperado 13\u00ba sal\u00e1rio, e ele pode salvar o or\u00e7amento.","og_url":"https:\/\/tribunademinas.audiencelabs.com.br\/13o-salario-usado-certo-pode-salvar-seu-orcamento-no-fim-de-ano\/","og_site_name":"Tribuna de Minas - Dinheiro e Cidadania","article_publisher":"https:\/\/www.facebook.com\/tribunademinas\/","article_published_time":"2025-11-10T12:45:00+00:00","article_modified_time":"2025-11-10T13:53:00+00:00","og_image":[{"width":1170,"height":700,"url":"https:\/\/tribunademinas.audiencelabs.com.br\/wp-content\/uploads\/2025\/11\/13o-salario.webp","type":"image\/webp"}],"author":"Jeferson Carvalho","twitter_card":"summary_large_image","twitter_creator":"@tribunademinas","twitter_site":"@tribunademinas","twitter_misc":{"Escrito por":"Jeferson Carvalho","Est. tempo de leitura":"3 minutos"},"schema":{"@context":"https:\/\/schema.org","@graph":[{"@type":"Article","@id":"https:\/\/tribunademinas.audiencelabs.com.br\/13o-salario-usado-certo-pode-salvar-seu-orcamento-no-fim-de-ano\/#article","isPartOf":{"@id":"https:\/\/tribunademinas.audiencelabs.com.br\/13o-salario-usado-certo-pode-salvar-seu-orcamento-no-fim-de-ano\/"},"author":{"name":"Jeferson Carvalho","@id":"https:\/\/tribunademinas.audiencelabs.com.br\/#\/schema\/person\/db18fc40307804bacef94213aa68fd9d"},"headline":"13\u00ba sal\u00e1rio usado certo pode salvar seu or\u00e7amento no fim de ano","datePublished":"2025-11-10T12:45:00+00:00","dateModified":"2025-11-10T13:53:00+00:00","mainEntityOfPage":{"@id":"https:\/\/tribunademinas.audiencelabs.com.br\/13o-salario-usado-certo-pode-salvar-seu-orcamento-no-fim-de-ano\/"},"wordCount":441,"commentCount":0,"publisher":{"@id":"https:\/\/tribunademinas.audiencelabs.com.br\/#organization"},"image":{"@id":"https:\/\/tribunademinas.audiencelabs.com.br\/13o-salario-usado-certo-pode-salvar-seu-orcamento-no-fim-de-ano\/#primaryimage"},"thumbnailUrl":"https:\/\/tribunademinas.audiencelabs.com.br\/wp-content\/uploads\/2025\/11\/13o-salario.webp","articleSection":["Dinheiro"],"inLanguage":"pt-BR","potentialAction":[{"@type":"CommentAction","name":"Comment","target":["https:\/\/tribunademinas.audiencelabs.com.br\/13o-salario-usado-certo-pode-salvar-seu-orcamento-no-fim-de-ano\/#respond"]}]},{"@type":"WebPage","@id":"https:\/\/tribunademinas.audiencelabs.com.br\/13o-salario-usado-certo-pode-salvar-seu-orcamento-no-fim-de-ano\/","url":"https:\/\/tribunademinas.audiencelabs.com.br\/13o-salario-usado-certo-pode-salvar-seu-orcamento-no-fim-de-ano\/","name":"13\u00ba sal\u00e1rio usado certo pode salvar seu or\u00e7amento no fim de ano","isPartOf":{"@id":"https:\/\/tribunademinas.audiencelabs.com.br\/#website"},"primaryImageOfPage":{"@id":"https:\/\/tribunademinas.audiencelabs.com.br\/13o-salario-usado-certo-pode-salvar-seu-orcamento-no-fim-de-ano\/#primaryimage"},"image":{"@id":"https:\/\/tribunademinas.audiencelabs.com.br\/13o-salario-usado-certo-pode-salvar-seu-orcamento-no-fim-de-ano\/#primaryimage"},"thumbnailUrl":"https:\/\/tribunademinas.audiencelabs.com.br\/wp-content\/uploads\/2025\/11\/13o-salario.webp","datePublished":"2025-11-10T12:45:00+00:00","dateModified":"2025-11-10T13:53:00+00:00","description":"Nos pr\u00f3ximos dias, milh\u00f5es de brasileiros devem receber a primeira parcela do t\u00e3o esperado 13\u00ba sal\u00e1rio, e ele pode salvar o or\u00e7amento.","breadcrumb":{"@id":"https:\/\/tribunademinas.audiencelabs.com.br\/13o-salario-usado-certo-pode-salvar-seu-orcamento-no-fim-de-ano\/#breadcrumb"},"inLanguage":"pt-BR","potentialAction":[{"@type":"ReadAction","target":["https:\/\/tribunademinas.audiencelabs.com.br\/13o-salario-usado-certo-pode-salvar-seu-orcamento-no-fim-de-ano\/"]}]},{"@type":"ImageObject","inLanguage":"pt-BR","@id":"https:\/\/tribunademinas.audiencelabs.com.br\/13o-salario-usado-certo-pode-salvar-seu-orcamento-no-fim-de-ano\/#primaryimage","url":"https:\/\/tribunademinas.audiencelabs.com.br\/wp-content\/uploads\/2025\/11\/13o-salario.webp","contentUrl":"https:\/\/tribunademinas.audiencelabs.com.br\/wp-content\/uploads\/2025\/11\/13o-salario.webp","width":1170,"height":700,"caption":"13\u00ba sal\u00e1rio usado certo pode salvar seu or\u00e7amento no fim de ano - Imagem: Marcello Casal jr\/Ag\u00eancia Brasil"},{"@type":"BreadcrumbList","@id":"https:\/\/tribunademinas.audiencelabs.com.br\/13o-salario-usado-certo-pode-salvar-seu-orcamento-no-fim-de-ano\/#breadcrumb","itemListElement":[{"@type":"ListItem","position":1,"name":"In\u00edcio","item":"https:\/\/tribunademinas.audiencelabs.com.br\/"},{"@type":"ListItem","position":2,"name":"13\u00ba sal\u00e1rio usado certo pode salvar seu or\u00e7amento no fim de ano"}]},{"@type":"WebSite","@id":"https:\/\/tribunademinas.audiencelabs.com.br\/#website","url":"https:\/\/tribunademinas.audiencelabs.com.br\/","name":"Tribuna de Minas - Dinheiro e Cidadania","description":"","publisher":{"@id":"https:\/\/tribunademinas.audiencelabs.com.br\/#organization"},"potentialAction":[{"@type":"SearchAction","target":{"@type":"EntryPoint","urlTemplate":"https:\/\/tribunademinas.audiencelabs.com.br\/?s={search_term_string}"},"query-input":{"@type":"PropertyValueSpecification","valueRequired":true,"valueName":"search_term_string"}}],"inLanguage":"pt-BR"},{"@type":"Organization","@id":"https:\/\/tribunademinas.audiencelabs.com.br\/#organization","name":"Tribuna de Minas - Dinheiro e Cidadania","url":"https:\/\/tribunademinas.audiencelabs.com.br\/","logo":{"@type":"ImageObject","inLanguage":"pt-BR","@id":"https:\/\/tribunademinas.audiencelabs.com.br\/#\/schema\/logo\/image\/","url":"https:\/\/tribunademinas.audiencelabs.com.br\/wp-content\/uploads\/2025\/08\/cropped-Tribuna_512x512-96x96-1.png","contentUrl":"https:\/\/tribunademinas.audiencelabs.com.br\/wp-content\/uploads\/2025\/08\/cropped-Tribuna_512x512-96x96-1.png","width":96,"height":96,"caption":"Tribuna de Minas - Dinheiro e Cidadania"},"image":{"@id":"https:\/\/tribunademinas.audiencelabs.com.br\/#\/schema\/logo\/image\/"},"sameAs":["https:\/\/www.facebook.com\/tribunademinas\/","https:\/\/x.com\/tribunademinas","https:\/\/www.instagram.com\/tribunademinas\/","https:\/\/www.youtube.com\/user\/TribunadeMinasJF"]},{"@type":"Person","@id":"https:\/\/tribunademinas.audiencelabs.com.br\/#\/schema\/person\/db18fc40307804bacef94213aa68fd9d","name":"Jeferson Carvalho","image":{"@type":"ImageObject","inLanguage":"pt-BR","@id":"https:\/\/tribunademinas.audiencelabs.com.br\/#\/schema\/person\/image\/","url":"https:\/\/secure.gravatar.com\/avatar\/cd7646e328d9670dad7dea8698522e522745eeffcff5b9d08be858e377ce326b?s=96&d=mm&r=g","contentUrl":"https:\/\/secure.gravatar.com\/avatar\/cd7646e328d9670dad7dea8698522e522745eeffcff5b9d08be858e377ce326b?s=96&d=mm&r=g","caption":"Jeferson Carvalho"},"description":"Jornalista apaixonado pela profiss\u00e3o!","url":"https:\/\/tribunademinas.audiencelabs.com.br\/author\/jeferson\/"}]}},"amp_enabled":true,"_links":{"self":[{"href":"https:\/\/tribunademinas.audiencelabs.com.br\/wp-json\/wp\/v2\/posts\/3753","targetHints":{"allow":["GET"]}}],"collection":[{"href":"https:\/\/tribunademinas.audiencelabs.com.br\/wp-json\/wp\/v2\/posts"}],"about":[{"href":"https:\/\/tribunademinas.audiencelabs.com.br\/wp-json\/wp\/v2\/types\/post"}],"author":[{"embeddable":true,"href":"https:\/\/tribunademinas.audiencelabs.com.br\/wp-json\/wp\/v2\/users\/5"}],"replies":[{"embeddable":true,"href":"https:\/\/tribunademinas.audiencelabs.com.br\/wp-json\/wp\/v2\/comments?post=3753"}],"version-history":[{"count":2,"href":"https:\/\/tribunademinas.audiencelabs.com.br\/wp-json\/wp\/v2\/posts\/3753\/revisions"}],"predecessor-version":[{"id":3774,"href":"https:\/\/tribunademinas.audiencelabs.com.br\/wp-json\/wp\/v2\/posts\/3753\/revisions\/3774"}],"wp:featuredmedia":[{"embeddable":true,"href":"https:\/\/tribunademinas.audiencelabs.com.br\/wp-json\/wp\/v2\/media\/3754"}],"wp:attachment":[{"href":"https:\/\/tribunademinas.audiencelabs.com.br\/wp-json\/wp\/v2\/media?parent=3753"}],"wp:term":[{"taxonomy":"category","embeddable":true,"href":"https:\/\/tribunademinas.audiencelabs.com.br\/wp-json\/wp\/v2\/categories?post=3753"},{"taxonomy":"post_tag","embeddable":true,"href":"https:\/\/tribunademinas.audiencelabs.com.br\/wp-json\/wp\/v2\/tags?post=3753"}],"curies":[{"name":"wp","href":"https:\/\/api.w.org\/{rel}","templated":true}]}}