{"id":3732,"date":"2025-11-07T17:21:01","date_gmt":"2025-11-07T20:21:01","guid":{"rendered":"https:\/\/tribunademinas.audiencelabs.com.br\/?p=3732"},"modified":"2025-11-07T17:21:07","modified_gmt":"2025-11-07T20:21:07","slug":"feriadao-de-16-dias-nunca-visto-antes-acontecera-no-final-de-ano","status":"publish","type":"post","link":"https:\/\/tribunademinas.audiencelabs.com.br\/feriadao-de-16-dias-nunca-visto-antes-acontecera-no-final-de-ano\/","title":{"rendered":"Feriad\u00e3o de 16 dias nunca visto antes acontecer\u00e1 no final de ano"},"content":{"rendered":"\n<p>Um grupo de brasileiros ter\u00e1, no final de 2025, um feriad\u00e3o prolongado como nunca antes visto no servi\u00e7o p\u00fablico municipal. Ser\u00e3o 16 dias consecutivos de recesso, come\u00e7ando em 20 de dezembro de 2025 e se estendendo at\u00e9 4 de janeiro de 2026. <\/p>\n\n\n\n<p>A pausa, considerada in\u00e9dita em sua dura\u00e7\u00e3o, promete proporcionar um per\u00edodo mais amplo de descanso e reorganiza\u00e7\u00e3o pessoal para os servidores beneficiados, justamente na \u00e9poca das festas de Natal e Ano Novo, tradicionalmente marcada por redu\u00e7\u00e3o de fluxo nos atendimentos p\u00fablicos.<\/p>\n\n\n\n<h2 class=\"wp-block-heading\">Feriad\u00e3o de 16 dias nunca visto antes acontecer\u00e1 no final de ano<\/h2>\n\n\n\n<p>Esse feriad\u00e3o estendido ocorrer\u00e1 em Campo Grande, capital de Mato Grosso do Sul, e atingir\u00e1 diretamente os servidores da administra\u00e7\u00e3o municipal. A medida foi oficializada por meio de uma resolu\u00e7\u00e3o publicada no Di\u00e1rio Oficial do Munic\u00edpio em edi\u00e7\u00e3o extra. <\/p>\n\n\n\n<p>Embora outras esferas do servi\u00e7o p\u00fablico, como tribunais e minist\u00e9rios p\u00fablicos, j\u00e1 adotem pausas longas no final do ano, essa \u00e9 a primeira vez que a prefeitura da cidade libera um recesso t\u00e3o prolongado para todos os setores da administra\u00e7\u00e3o direta e indireta.<\/p>\n\n\n\n<p>A motiva\u00e7\u00e3o, segundo o texto da resolu\u00e7\u00e3o, \u00e9 a economia de recursos como energia el\u00e9trica e \u00e1gua durante o per\u00edodo em que a demanda por atendimento naturalmente cai. <\/p>\n\n\n\n<p>Al\u00e9m disso, a administra\u00e7\u00e3o municipal alegou que a medida \u00e9 parte de um plano mais amplo de conten\u00e7\u00e3o de despesas, previsto em decretos anteriores. <\/p>\n\n\n\n<p>A justificativa ainda menciona a queda no comparecimento do p\u00fablico e dos pr\u00f3prios servidores durante as \u00faltimas semanas do ano como fator que refor\u00e7a a decis\u00e3o.<\/p>\n\n\n\n<h3 class=\"wp-block-heading\">Dois blocos de recesso devem dar origem ao feriad\u00e3o em Campo Grande<\/h3>\n\n\n\n<p>Oficialmente, o <a href=\"https:\/\/tribunademinas.com.br\/colunas\/dinheiroecidadania\/ferias-nao-podem-mais-ser-as-pressas-lei-exige-aviso-escrito\/\"><strong>recesso <\/strong><\/a>prev\u00ea pausas em dois blocos: de 22 a 26 de dezembro e de 29 de dezembro a 2 de janeiro. <\/p>\n\n\n\n<p>No entanto, como esses per\u00edodos s\u00e3o precedidos e seguidos por finais de semana, incluindo os dias 20, 21, 27, 28 de dezembro e 3 e 4 de janeiro, a folga se estende, na pr\u00e1tica, por 16 dias seguidos.<\/p>\n\n\n\n<p>A resolu\u00e7\u00e3o inicialmente deu a entender que o recesso seria geral, mas, ap\u00f3s questionamentos, a prefeitura esclareceu que haver\u00e1 escala de revezamento para garantir a continuidade dos servi\u00e7os essenciais, como sa\u00fade e seguran\u00e7a. <\/p>\n\n\n\n<p>Mesmo assim, a maior parte dos servidores deve ser beneficiada com esse intervalo prolongado, que marca uma mudan\u00e7a consider\u00e1vel na rotina de fim de ano da administra\u00e7\u00e3o municipal.<\/p>\n\n\n\n<p><\/p>\n","protected":false},"excerpt":{"rendered":"<p>Um grupo de brasileiros ter\u00e1, no final de 2025, um feriad\u00e3o prolongado como nunca antes visto no servi\u00e7o p\u00fablico municipal. Ser\u00e3o 16 dias consecutivos de recesso, come\u00e7ando em 20 de dezembro de 2025 e se estendendo at\u00e9 4 de janeiro de 2026. A pausa, considerada in\u00e9dita em sua dura\u00e7\u00e3o, promete proporcionar um per\u00edodo mais amplo [&hellip;]<\/p>\n","protected":false},"author":5,"featured_media":3735,"comment_status":"open","ping_status":"open","sticky":false,"template":"","format":"standard","meta":{"jnews-multi-image_gallery":[],"jnews_single_post":{"format":"standard"},"jnews_primary_category":[],"jnews_social_meta":[],"jnews_post_split":[],"footnotes":""},"categories":[159],"tags":[],"class_list":["post-3732","post","type-post","status-publish","format-standard","has-post-thumbnail","hentry","category-cidadania"],"yoast_head":"<!-- This site is optimized with the Yoast SEO plugin v25.6 - https:\/\/yoast.com\/wordpress\/plugins\/seo\/ -->\n<title>Feriad\u00e3o de 16 dias nunca visto antes acontecer\u00e1 no final de ano<\/title>\n<meta name=\"description\" content=\"Um grupo de brasileiros ter\u00e1, no final de 2025, um feriad\u00e3o prolongado como nunca antes visto no servi\u00e7o p\u00fablico municipal.\" \/>\n<meta name=\"robots\" content=\"index, follow, max-snippet:-1, max-image-preview:large, max-video-preview:-1\" \/>\n<link rel=\"canonical\" href=\"https:\/\/tribunademinas.audiencelabs.com.br\/feriadao-de-16-dias-nunca-visto-antes-acontecera-no-final-de-ano\/\" \/>\n<meta property=\"og:locale\" content=\"pt_BR\" \/>\n<meta property=\"og:type\" content=\"article\" \/>\n<meta property=\"og:title\" content=\"Feriad\u00e3o de 16 dias nunca visto antes acontecer\u00e1 no final de ano\" \/>\n<meta property=\"og:description\" content=\"Um grupo de brasileiros ter\u00e1, no final de 2025, um feriad\u00e3o prolongado como nunca antes visto no servi\u00e7o p\u00fablico municipal.\" \/>\n<meta property=\"og:url\" content=\"https:\/\/tribunademinas.audiencelabs.com.br\/feriadao-de-16-dias-nunca-visto-antes-acontecera-no-final-de-ano\/\" \/>\n<meta property=\"og:site_name\" content=\"Tribuna de Minas - Dinheiro e Cidadania\" \/>\n<meta property=\"article:publisher\" content=\"https:\/\/www.facebook.com\/tribunademinas\/\" \/>\n<meta property=\"article:published_time\" content=\"2025-11-07T20:21:01+00:00\" \/>\n<meta property=\"article:modified_time\" content=\"2025-11-07T20:21:07+00:00\" \/>\n<meta property=\"og:image\" content=\"https:\/\/tribunademinas.audiencelabs.com.br\/wp-content\/uploads\/2025\/11\/feriadao.jpg\" \/>\n\t<meta property=\"og:image:width\" content=\"1280\" \/>\n\t<meta property=\"og:image:height\" content=\"853\" \/>\n\t<meta property=\"og:image:type\" content=\"image\/jpeg\" \/>\n<meta name=\"author\" content=\"Jeferson Carvalho\" \/>\n<meta name=\"twitter:card\" content=\"summary_large_image\" \/>\n<meta name=\"twitter:creator\" content=\"@tribunademinas\" \/>\n<meta name=\"twitter:site\" content=\"@tribunademinas\" \/>\n<meta name=\"twitter:label1\" content=\"Escrito por\" \/>\n\t<meta name=\"twitter:data1\" content=\"Jeferson Carvalho\" \/>\n\t<meta name=\"twitter:label2\" content=\"Est. tempo de leitura\" \/>\n\t<meta name=\"twitter:data2\" content=\"3 minutos\" \/>\n<!-- \/ Yoast SEO plugin. -->","yoast_head_json":{"title":"Feriad\u00e3o de 16 dias nunca visto antes acontecer\u00e1 no final de ano","description":"Um grupo de brasileiros ter\u00e1, no final de 2025, um feriad\u00e3o prolongado como nunca antes visto no servi\u00e7o p\u00fablico municipal.","robots":{"index":"index","follow":"follow","max-snippet":"max-snippet:-1","max-image-preview":"max-image-preview:large","max-video-preview":"max-video-preview:-1"},"canonical":"https:\/\/tribunademinas.audiencelabs.com.br\/feriadao-de-16-dias-nunca-visto-antes-acontecera-no-final-de-ano\/","og_locale":"pt_BR","og_type":"article","og_title":"Feriad\u00e3o de 16 dias nunca visto antes acontecer\u00e1 no final de ano","og_description":"Um grupo de brasileiros ter\u00e1, no final de 2025, um feriad\u00e3o prolongado como nunca antes visto no servi\u00e7o p\u00fablico municipal.","og_url":"https:\/\/tribunademinas.audiencelabs.com.br\/feriadao-de-16-dias-nunca-visto-antes-acontecera-no-final-de-ano\/","og_site_name":"Tribuna de Minas - Dinheiro e Cidadania","article_publisher":"https:\/\/www.facebook.com\/tribunademinas\/","article_published_time":"2025-11-07T20:21:01+00:00","article_modified_time":"2025-11-07T20:21:07+00:00","og_image":[{"width":1280,"height":853,"url":"https:\/\/tribunademinas.audiencelabs.com.br\/wp-content\/uploads\/2025\/11\/feriadao.jpg","type":"image\/jpeg"}],"author":"Jeferson Carvalho","twitter_card":"summary_large_image","twitter_creator":"@tribunademinas","twitter_site":"@tribunademinas","twitter_misc":{"Escrito por":"Jeferson Carvalho","Est. tempo de leitura":"3 minutos"},"schema":{"@context":"https:\/\/schema.org","@graph":[{"@type":"Article","@id":"https:\/\/tribunademinas.audiencelabs.com.br\/feriadao-de-16-dias-nunca-visto-antes-acontecera-no-final-de-ano\/#article","isPartOf":{"@id":"https:\/\/tribunademinas.audiencelabs.com.br\/feriadao-de-16-dias-nunca-visto-antes-acontecera-no-final-de-ano\/"},"author":{"name":"Jeferson Carvalho","@id":"https:\/\/tribunademinas.audiencelabs.com.br\/#\/schema\/person\/db18fc40307804bacef94213aa68fd9d"},"headline":"Feriad\u00e3o de 16 dias nunca visto antes acontecer\u00e1 no final de ano","datePublished":"2025-11-07T20:21:01+00:00","dateModified":"2025-11-07T20:21:07+00:00","mainEntityOfPage":{"@id":"https:\/\/tribunademinas.audiencelabs.com.br\/feriadao-de-16-dias-nunca-visto-antes-acontecera-no-final-de-ano\/"},"wordCount":427,"commentCount":0,"publisher":{"@id":"https:\/\/tribunademinas.audiencelabs.com.br\/#organization"},"image":{"@id":"https:\/\/tribunademinas.audiencelabs.com.br\/feriadao-de-16-dias-nunca-visto-antes-acontecera-no-final-de-ano\/#primaryimage"},"thumbnailUrl":"https:\/\/tribunademinas.audiencelabs.com.br\/wp-content\/uploads\/2025\/11\/feriadao.jpg","articleSection":["Cidadania"],"inLanguage":"pt-BR","potentialAction":[{"@type":"CommentAction","name":"Comment","target":["https:\/\/tribunademinas.audiencelabs.com.br\/feriadao-de-16-dias-nunca-visto-antes-acontecera-no-final-de-ano\/#respond"]}]},{"@type":"WebPage","@id":"https:\/\/tribunademinas.audiencelabs.com.br\/feriadao-de-16-dias-nunca-visto-antes-acontecera-no-final-de-ano\/","url":"https:\/\/tribunademinas.audiencelabs.com.br\/feriadao-de-16-dias-nunca-visto-antes-acontecera-no-final-de-ano\/","name":"Feriad\u00e3o de 16 dias nunca visto antes acontecer\u00e1 no final de ano","isPartOf":{"@id":"https:\/\/tribunademinas.audiencelabs.com.br\/#website"},"primaryImageOfPage":{"@id":"https:\/\/tribunademinas.audiencelabs.com.br\/feriadao-de-16-dias-nunca-visto-antes-acontecera-no-final-de-ano\/#primaryimage"},"image":{"@id":"https:\/\/tribunademinas.audiencelabs.com.br\/feriadao-de-16-dias-nunca-visto-antes-acontecera-no-final-de-ano\/#primaryimage"},"thumbnailUrl":"https:\/\/tribunademinas.audiencelabs.com.br\/wp-content\/uploads\/2025\/11\/feriadao.jpg","datePublished":"2025-11-07T20:21:01+00:00","dateModified":"2025-11-07T20:21:07+00:00","description":"Um grupo de brasileiros ter\u00e1, no final de 2025, um feriad\u00e3o prolongado como nunca antes visto no servi\u00e7o p\u00fablico municipal.","breadcrumb":{"@id":"https:\/\/tribunademinas.audiencelabs.com.br\/feriadao-de-16-dias-nunca-visto-antes-acontecera-no-final-de-ano\/#breadcrumb"},"inLanguage":"pt-BR","potentialAction":[{"@type":"ReadAction","target":["https:\/\/tribunademinas.audiencelabs.com.br\/feriadao-de-16-dias-nunca-visto-antes-acontecera-no-final-de-ano\/"]}]},{"@type":"ImageObject","inLanguage":"pt-BR","@id":"https:\/\/tribunademinas.audiencelabs.com.br\/feriadao-de-16-dias-nunca-visto-antes-acontecera-no-final-de-ano\/#primaryimage","url":"https:\/\/tribunademinas.audiencelabs.com.br\/wp-content\/uploads\/2025\/11\/feriadao.jpg","contentUrl":"https:\/\/tribunademinas.audiencelabs.com.br\/wp-content\/uploads\/2025\/11\/feriadao.jpg","width":1280,"height":853,"caption":"Feriad\u00e3o de 16 dias nunca visto antes acontecer\u00e1 no final de ano - Imagem: Pixabay"},{"@type":"BreadcrumbList","@id":"https:\/\/tribunademinas.audiencelabs.com.br\/feriadao-de-16-dias-nunca-visto-antes-acontecera-no-final-de-ano\/#breadcrumb","itemListElement":[{"@type":"ListItem","position":1,"name":"In\u00edcio","item":"https:\/\/tribunademinas.audiencelabs.com.br\/"},{"@type":"ListItem","position":2,"name":"Feriad\u00e3o de 16 dias nunca visto antes acontecer\u00e1 no final de ano"}]},{"@type":"WebSite","@id":"https:\/\/tribunademinas.audiencelabs.com.br\/#website","url":"https:\/\/tribunademinas.audiencelabs.com.br\/","name":"Tribuna de Minas - Dinheiro e Cidadania","description":"","publisher":{"@id":"https:\/\/tribunademinas.audiencelabs.com.br\/#organization"},"potentialAction":[{"@type":"SearchAction","target":{"@type":"EntryPoint","urlTemplate":"https:\/\/tribunademinas.audiencelabs.com.br\/?s={search_term_string}"},"query-input":{"@type":"PropertyValueSpecification","valueRequired":true,"valueName":"search_term_string"}}],"inLanguage":"pt-BR"},{"@type":"Organization","@id":"https:\/\/tribunademinas.audiencelabs.com.br\/#organization","name":"Tribuna de Minas - Dinheiro e Cidadania","url":"https:\/\/tribunademinas.audiencelabs.com.br\/","logo":{"@type":"ImageObject","inLanguage":"pt-BR","@id":"https:\/\/tribunademinas.audiencelabs.com.br\/#\/schema\/logo\/image\/","url":"https:\/\/tribunademinas.audiencelabs.com.br\/wp-content\/uploads\/2025\/08\/cropped-Tribuna_512x512-96x96-1.png","contentUrl":"https:\/\/tribunademinas.audiencelabs.com.br\/wp-content\/uploads\/2025\/08\/cropped-Tribuna_512x512-96x96-1.png","width":96,"height":96,"caption":"Tribuna de Minas - Dinheiro e Cidadania"},"image":{"@id":"https:\/\/tribunademinas.audiencelabs.com.br\/#\/schema\/logo\/image\/"},"sameAs":["https:\/\/www.facebook.com\/tribunademinas\/","https:\/\/x.com\/tribunademinas","https:\/\/www.instagram.com\/tribunademinas\/","https:\/\/www.youtube.com\/user\/TribunadeMinasJF"]},{"@type":"Person","@id":"https:\/\/tribunademinas.audiencelabs.com.br\/#\/schema\/person\/db18fc40307804bacef94213aa68fd9d","name":"Jeferson Carvalho","image":{"@type":"ImageObject","inLanguage":"pt-BR","@id":"https:\/\/tribunademinas.audiencelabs.com.br\/#\/schema\/person\/image\/","url":"https:\/\/secure.gravatar.com\/avatar\/cd7646e328d9670dad7dea8698522e522745eeffcff5b9d08be858e377ce326b?s=96&d=mm&r=g","contentUrl":"https:\/\/secure.gravatar.com\/avatar\/cd7646e328d9670dad7dea8698522e522745eeffcff5b9d08be858e377ce326b?s=96&d=mm&r=g","caption":"Jeferson Carvalho"},"description":"Jornalista apaixonado pela profiss\u00e3o!","url":"https:\/\/tribunademinas.audiencelabs.com.br\/author\/jeferson\/"}]}},"amp_enabled":true,"_links":{"self":[{"href":"https:\/\/tribunademinas.audiencelabs.com.br\/wp-json\/wp\/v2\/posts\/3732","targetHints":{"allow":["GET"]}}],"collection":[{"href":"https:\/\/tribunademinas.audiencelabs.com.br\/wp-json\/wp\/v2\/posts"}],"about":[{"href":"https:\/\/tribunademinas.audiencelabs.com.br\/wp-json\/wp\/v2\/types\/post"}],"author":[{"embeddable":true,"href":"https:\/\/tribunademinas.audiencelabs.com.br\/wp-json\/wp\/v2\/users\/5"}],"replies":[{"embeddable":true,"href":"https:\/\/tribunademinas.audiencelabs.com.br\/wp-json\/wp\/v2\/comments?post=3732"}],"version-history":[{"count":1,"href":"https:\/\/tribunademinas.audiencelabs.com.br\/wp-json\/wp\/v2\/posts\/3732\/revisions"}],"predecessor-version":[{"id":3739,"href":"https:\/\/tribunademinas.audiencelabs.com.br\/wp-json\/wp\/v2\/posts\/3732\/revisions\/3739"}],"wp:featuredmedia":[{"embeddable":true,"href":"https:\/\/tribunademinas.audiencelabs.com.br\/wp-json\/wp\/v2\/media\/3735"}],"wp:attachment":[{"href":"https:\/\/tribunademinas.audiencelabs.com.br\/wp-json\/wp\/v2\/media?parent=3732"}],"wp:term":[{"taxonomy":"category","embeddable":true,"href":"https:\/\/tribunademinas.audiencelabs.com.br\/wp-json\/wp\/v2\/categories?post=3732"},{"taxonomy":"post_tag","embeddable":true,"href":"https:\/\/tribunademinas.audiencelabs.com.br\/wp-json\/wp\/v2\/tags?post=3732"}],"curies":[{"name":"wp","href":"https:\/\/api.w.org\/{rel}","templated":true}]}}