{"id":3659,"date":"2025-11-08T18:20:00","date_gmt":"2025-11-08T21:20:00","guid":{"rendered":"https:\/\/tribunademinas.audiencelabs.com.br\/?p=3659"},"modified":"2025-11-07T13:55:00","modified_gmt":"2025-11-07T16:55:00","slug":"bolsa-familia-sera-pago-antecipadamente-para-beneficiarios-deste-estado","status":"publish","type":"post","link":"https:\/\/tribunademinas.audiencelabs.com.br\/bolsa-familia-sera-pago-antecipadamente-para-beneficiarios-deste-estado\/","title":{"rendered":"Bolsa Fam\u00edlia ser\u00e1 pago antecipadamente para benefici\u00e1rios deste estado"},"content":{"rendered":"\n<p>O Minist\u00e9rio do Desenvolvimento e Assist\u00eancia Social (MDS), em parceria com a Caixa Econ\u00f4mica Federal, confirmou o in\u00edcio de uma nova rodada de pagamentos do Bolsa Fam\u00edlia neste m\u00eas de novembro. <\/p>\n\n\n\n<p>Seguindo o padr\u00e3o adotado ao longo do ano, o cronograma \u00e9 escalonado, com datas definidas de acordo com o n\u00famero final do NIS (N\u00famero de Identifica\u00e7\u00e3o Social) de cada benefici\u00e1rio. <\/p>\n\n\n\n<p>No entanto, como j\u00e1 se tornou comum, haver\u00e1 antecipa\u00e7\u00f5es espec\u00edficas para grupos que se enquadram em determinadas situa\u00e7\u00f5es emergenciais.<\/p>\n\n\n\n<h2 class=\"wp-block-heading\">Bolsa Fam\u00edlia ser\u00e1 pago antecipadamente para benefici\u00e1rios deste estado<\/h2>\n\n\n\n<p>Fam\u00edlias que residem em munic\u00edpios que tiveram situa\u00e7\u00e3o de emerg\u00eancia ou calamidade p\u00fablica reconhecida oficialmente nos \u00faltimos dois meses ter\u00e3o prioridade no recebimento. <\/p>\n\n\n<style>@media (min-width: 992px) {\n    .recomendadorV2Area1 {\n        width: 280px;\n    }\n    .recomendadorV2Area2 {\n        padding: 0px 20px;\n        width: calc(100% - 280px);\n    }\n}\n\n@media (max-width: 992px) {\n    .recomendadorV2Button {\n        margin: 0 auto;\n    }\n    .recomendadorV2Area {\n        flex-direction: column;\n        text-align: center;\n    }\n    .recomendadorV2Area2 {\n        padding: 0px 20px;\n    }\n}\n\n.recomendadorV2Area {\n    background: #eeeeee3d;\n    border-radius: 10px;\n    padding: 15px;\n    display: flex;\n    margin: 15px auto;\n    border: 1px solid #00000014;\n    max-width: 800px;\n}\n\n.recomendadorV2Area1 img {\n    width: 280px;\n    height: auto;\n    border-radius: 8px;\n}\n\n.linkrecomendadorv2 {\n    text-decoration: none !important;\n}\n\n.recomendadorV2Area2 .recomendadorV2Type {\n    text-transform: uppercase;\n    font-weight: 500;\n    font-size: 11px;\n    letter-spacing: 2px;\n    color: #666;\n    margin: 12px 0;\n    display: block;\n}\n\n.recomendadorV2Title h2 {\n    padding-top: 0px !important;\n    margin: 0px !important;\n    border-left: none !important;\n    padding-left: 0px !important;\n    line-height: 1.3;\n    color: #000 !important;\n    font-size: 24px;\n    margin-bottom: 12px !important;\n}\n\n.recomendadorV2Desc {\n    color: #333;\n    margin: 12px 0px !important;\n    font-size: 15px;\n    line-height: 1.5;\n}\n\n.recomendadorV2Button {\n    width: auto;\n    max-width: 200px;\n    margin: 0;\n    display: inline-flex;\n    align-items: center;\n    background: #1D3557;\n    border-radius: 8px;\n    color: #fff;\n    height: 36px;\n    justify-content: center;\n    text-align: center;\n    font-size: 14px;\n    padding: 0 20px;\n    transition: background-color 0.2s ease;\n}\n\n.recomendadorV2Button:hover {\n    background: #2a4d7a;\n}\n\n.recomendadorV2Button:after {\n    margin-top: -2px;\n    content: \"\u2192\";\n    padding: 0px 0px 0px 8px;\n}\n\n.recomendadorV2Alert {\n    text-align: left;\n    font-size: 11px;\n    margin-top: 8px;\n    color: #666;\n}\n\n.recomendadorFixedArea {\n    width: 100%;\n    display: flex;\n    justify-content: center;\n    align-items: center;\n}\n\n@media (min-width: 992px) {\n    #recomendadorFixed {\n        width: 32% !important;\n        left: 5%;\n    }\n    .recomendadorCloseFixed{\n        right: inherit !important;\n        left: 378px !important;\n    }\n}\n\n#recomendadorFixed {\n    width: 90%;\n    box-shadow: 0 10px 20px 0px #00000057;\n    display: none;\n    height: 90px;\n    background: #F6F6F6;\n    position: fixed;\n    flex-direction: row;\n    bottom: 10px;\n    z-index: 9999;\n    border-radius: 16px;\n    padding: 7px 10px;\n}\n\n.recomendadorLeftArea {\n    width: 160px;\n}\n\n.recomendadorRightArea h2 {\n    padding-top: 0px;\n    margin: 2px 0px 4px 0px !important;\n    font-weight: 400;\n    text-align: center;\n    padding-left: 0px !important;\n    color: #000 !important;\n    border-left: none !important;\n    line-height: 20px;\n    font-size: 12px !important;\n}\n\n.recomendadorImgFixed {\n    overflow: hidden;\n    padding: 8px 6px;\n    height: 100%;\n}\n\n.recomendadorImgFixed img {\n    height: 100% !important;\n    border-radius: 16px;\n}\n\n.recomendadorRightArea {\n    padding-top: 6px;\n    display: flex;\n    width: calc(100% - 130px);\n    justify-content: space-between;\n    align-items: center;\n    flex-direction: column;\n}\n\n.recomendadorButtonFixed {\n    margin: 0 auto;\n    background: #1D3557;\n    width: 80%;\n    text-align: center;\n    font-size: 10px;\n    color: #FFF;\n    padding: 2px 10px;\n    border-radius: 3px;\n}\n\n.recomendadorButtonFixed:after {\n    margin-top: -3px;\n    content: \"\u2192\";\n    padding: 0px 0px 0px 10px;\n}\n\n.recomendadorAlertFixed {\n    font-weight: 400;\n    text-align: center;\n    color: #484848;\n    font-size: 8px;\n}\n\n.recomendadorCloseFixed {\n    z-index: 99999;\n    display: none;\n    right: 0px;\n    left: inherit;\n    bottom: 99px;\n    position: fixed;\n    justify-content: center;\n    background: #F6F6F6;\n    width: 25px;\n    align-items: center;\n    height: 25px;\n    font-weight: 800;\n    border-radius: 50%;\n    border: 1px solid #EBEBEB;\n}\n\n.recomendadorV2Desc{\n    color: #000000;\n    margin: 20px 0px;\n}\n\n@media (max-width: 576px) {\n    .recomendadorV2Area {\n      padding: 10px;\n      max-width: 100%;\n    }\n  \n    .recomendadorV2Area1 img {\n      width: 100%;\n      border-radius: 6px;\n    }\n  \n    .recomendadorV2Area2 .recomendadorV2Type {\n      font-size: 9px;\n      letter-spacing: 1px;\n      margin: 8px 0;\n    }\n  \n    .recomendadorV2Title h2 {\n      font-size: 18px !important;\n      margin-bottom: 8px !important;\n      line-height: 1.2;\n    }\n  \n    .recomendadorV2Desc {\n      font-size: 14px;\n      margin: 8px 0 !important;\n      line-height: 1.4;\n    }\n  \n    .recomendadorV2Button {\n      font-size: 12px;\n      height: 30px;\n      padding: 0 12px;\n      max-width: 160px;\n    }\n  \n    .recomendadorV2Button:after {\n      padding-left: 6px;\n    }\n  }\n  <\/style>\n        <div class=\"lazyblock-recomendador-v2-2jDGz wp-block-lazyblock-recomendador-v2\">\n        <a class=\"linkrecomendadorv2\" href=\"https:\/\/tribunademinas.audiencelabs.com.br\/quer-receber-o-teto-do-inss-veja-como-aumentar-o-valor-da-sua-aposentadoria\/?utm_source=lazy\">\n            <div class=\"recomendadorV2Area\">\n            <div class=\"recomendadorV2Area1\">\n                <div class=\"recomendadorV2Img\">\n                <img class=\"lazyloaded\" decoding=\"async\" src=\"https:\/\/tribunademinas.audiencelabs.com.br\/wp-content\/uploads\/2025\/11\/receber-teto-inss-aumentar-valor-aposentadoria.jpg\" data-src=\"https:\/\/tribunademinas.audiencelabs.com.br\/wp-content\/uploads\/2025\/11\/receber-teto-inss-aumentar-valor-aposentadoria.jpg\" alt=\"\">\n                <\/div>\n            <\/div>\n            <div class=\"recomendadorV2Area2\">\n                <div class=\"recomendadorV2Type\">\n                    <span>Maximize benef\u00edcio<\/span>\n                <\/div>\n                <div class=\"recomendadorV2Title\">\n                <h2><span>Quer receber o teto do INSS? \ud83d\udca1<\/span><\/h2>\n                <\/div>\n                <div class=\"recomendadorV2Desc\">\n                <span>Veja como aumentar sua aposentadoria para o valor m\u00e1ximo<\/span>\n                <\/div>\n                <div class=\"recomendadorV2Button\">Confira as dicas agora<\/div>\n                <div class=\"recomendadorV2Alert\"><\/div>\n            <\/div>\n            <\/div>\n        <\/a>\n        <div>\n            <div style=\"z-index:99999;\" id=\"buttonClose\" onclick=\"closeRecomendadorFixed()\">\n            <div class=\"recomendadorCloseFixed\">X<\/div>\n            <\/div>\n            <a href=\"https:\/\/tribunademinas.audiencelabs.com.br\/quer-receber-o-teto-do-inss-veja-como-aumentar-o-valor-da-sua-aposentadoria\/?utm_source=lazy\">\n            <div class=\"recomendadorFixedArea\">\n                <div id=\"recomendadorFixed\">\n                <div class=\"recomendadorLeftArea\">\n                    <div class=\"recomendadorImgFixed\">\n                    <img class=\"lazyload\" decoding=\"async\" src=\"https:\/\/tribunademinas.audiencelabs.com.br\/wp-content\/uploads\/2025\/11\/receber-teto-inss-aumentar-valor-aposentadoria.jpg\" alt=\"\">\n                    <\/div>\n                <\/div>\n                <div class=\"recomendadorRightArea\">\n                    <div class=\"recomendadorTitleFixed\">\n                    <h2><span>Quer receber o teto do INSS? \ud83d\udca1<\/span><\/h2>\n                    <\/div>\n                    <div class=\"recomendadorButtonFixed\">Confira as dicas agora<\/div>\n                    <div class=\"recomendadorAlertFixed\"><\/div>\n                <\/div>\n                <\/div>\n            <\/div>\n            <\/a>\n        <\/div>\n        <\/div>\n\n\n\n<p>Essa medida, adotada pelo Governo Federal, visa garantir prote\u00e7\u00e3o e agilidade no acesso ao <a href=\"https:\/\/tribunademinas.com.br\/colunas\/dinheiroecidadania\/levantamento-mostra-que-quase-metade-dos-jovens-do-bolsa-familia-alcancaram-autonomia\/\"><strong>benef\u00edcio <\/strong><\/a>para pessoas afetadas por eventos extremos, como enchentes, deslizamentos ou estiagens severas. <\/p>\n\n\n\n<p>Um exemplo claro \u00e9 o Rio Grande do Sul, que vem enfrentando chuvas intensas e recorrentes desde 2024 e continua entre as regi\u00f5es com prioridade no calend\u00e1rio.<\/p>\n\n\n\n<p>Para esses benefici\u00e1rios, o pagamento ser\u00e1 feito logo no primeiro dia do ciclo oficial, <strong>independentemente do final do NIS<\/strong>. <\/p>\n\n\n\n<p>A antecipa\u00e7\u00e3o representa um al\u00edvio imediato para quem enfrenta dificuldades provocadas por desastres naturais, permitindo acesso mais r\u00e1pido a recursos b\u00e1sicos para alimenta\u00e7\u00e3o e moradia.<\/p>\n\n\n\n<h3 class=\"wp-block-heading\">Pagamentos de novembro\/2025 come\u00e7am no dia 17<\/h3>\n\n\n\n<p>Fora das situa\u00e7\u00f5es emergenciais, o pagamento do Bolsa Fam\u00edlia segue o cronograma habitual, liberado em etapas conforme o d\u00edgito final do NIS. <\/p>\n\n\n\n<p>A Caixa tamb\u00e9m mant\u00e9m a pr\u00e1tica de antecipar para o s\u00e1bado anterior os repasses que originalmente ocorreriam em uma segunda-feira, o que pode afetar positivamente a data de saque de algumas fam\u00edlias.<\/p>\n\n\n\n<p><strong>Calend\u00e1rio de pagamentos &#8211; Novembro de 2025<\/strong><\/p>\n\n\n\n<figure class=\"wp-block-table is-style-stripes\"><table class=\"has-fixed-layout\"><thead><tr><th>Final do NIS<\/th><th>Data do Pagamento<\/th><\/tr><\/thead><tbody><tr><td>1<\/td><td>17\/11 (ou 15\/11, s\u00e1bado)<\/td><\/tr><tr><td>2<\/td><td>18\/11<\/td><\/tr><tr><td>3<\/td><td>19\/11<\/td><\/tr><tr><td>4<\/td><td>20\/11<\/td><\/tr><tr><td>5<\/td><td>21\/11<\/td><\/tr><tr><td>6<\/td><td>24\/11 (ou 22\/11, s\u00e1bado)<\/td><\/tr><tr><td>7<\/td><td>25\/11<\/td><\/tr><tr><td>8<\/td><td>26\/11<\/td><\/tr><tr><td>9<\/td><td>27\/11<\/td><\/tr><tr><td>0<\/td><td>28\/11<\/td><\/tr><\/tbody><\/table><\/figure>\n\n\n\n<p>Os valores continuam seguindo os crit\u00e9rios estabelecidos pelo programa. O benef\u00edcio m\u00ednimo \u00e9 de R$ 600 por fam\u00edlia. <\/p>\n\n\n\n<p>H\u00e1 adicionais de R$ 150 por crian\u00e7a com at\u00e9 6 anos e R$ 50 para gestantes, lactantes e jovens entre 7 e 18 anos. O valor m\u00e9dio recebido gira em torno de R$ 685.<\/p>\n\n\n\n<p>Os repasses s\u00e3o creditados automaticamente na conta digital do Caixa Tem, podendo ser movimentados via aplicativo ou sacados nas ag\u00eancias da Caixa, casas lot\u00e9ricas e correspondentes Caixa Aqui.<\/p>\n\n\n\n<p><\/p>\n","protected":false},"excerpt":{"rendered":"<p>O Minist\u00e9rio do Desenvolvimento e Assist\u00eancia Social (MDS), em parceria com a Caixa Econ\u00f4mica Federal, confirmou o in\u00edcio de uma nova rodada de pagamentos do Bolsa Fam\u00edlia neste m\u00eas de novembro. Seguindo o padr\u00e3o adotado ao longo do ano, o cronograma \u00e9 escalonado, com datas definidas de acordo com o n\u00famero final do NIS (N\u00famero [&hellip;]<\/p>\n","protected":false},"author":5,"featured_media":3660,"comment_status":"open","ping_status":"open","sticky":false,"template":"","format":"standard","meta":{"jnews-multi-image_gallery":[],"jnews_single_post":{"format":"standard"},"jnews_primary_category":[],"jnews_social_meta":[],"jnews_post_split":[],"footnotes":""},"categories":[159],"tags":[],"class_list":["post-3659","post","type-post","status-publish","format-standard","has-post-thumbnail","hentry","category-cidadania"],"yoast_head":"<!-- This site is optimized with the Yoast SEO plugin v25.6 - https:\/\/yoast.com\/wordpress\/plugins\/seo\/ -->\n<title>Bolsa Fam\u00edlia ser\u00e1 pago antecipadamente para benefici\u00e1rios deste estado<\/title>\n<meta name=\"description\" content=\"O governo, em parceria com a Caixa, confirmou o in\u00edcio de uma nova rodada de pagamentos do Bolsa Fam\u00edlia neste m\u00eas de novembro.\" \/>\n<meta name=\"robots\" content=\"index, follow, max-snippet:-1, max-image-preview:large, max-video-preview:-1\" \/>\n<link rel=\"canonical\" href=\"https:\/\/tribunademinas.audiencelabs.com.br\/bolsa-familia-sera-pago-antecipadamente-para-beneficiarios-deste-estado\/\" \/>\n<meta property=\"og:locale\" content=\"pt_BR\" \/>\n<meta property=\"og:type\" content=\"article\" \/>\n<meta property=\"og:title\" content=\"Bolsa Fam\u00edlia ser\u00e1 pago antecipadamente para benefici\u00e1rios deste estado\" \/>\n<meta property=\"og:description\" content=\"O governo, em parceria com a Caixa, confirmou o in\u00edcio de uma nova rodada de pagamentos do Bolsa Fam\u00edlia neste m\u00eas de novembro.\" \/>\n<meta property=\"og:url\" content=\"https:\/\/tribunademinas.audiencelabs.com.br\/bolsa-familia-sera-pago-antecipadamente-para-beneficiarios-deste-estado\/\" \/>\n<meta property=\"og:site_name\" content=\"Tribuna de Minas - Dinheiro e Cidadania\" \/>\n<meta property=\"article:publisher\" content=\"https:\/\/www.facebook.com\/tribunademinas\/\" \/>\n<meta property=\"article:published_time\" content=\"2025-11-08T21:20:00+00:00\" \/>\n<meta property=\"og:image\" content=\"https:\/\/tribunademinas.audiencelabs.com.br\/wp-content\/uploads\/2025\/11\/Bolsa-Familia-3.webp\" \/>\n\t<meta property=\"og:image:width\" content=\"1170\" \/>\n\t<meta property=\"og:image:height\" content=\"700\" \/>\n\t<meta property=\"og:image:type\" content=\"image\/webp\" \/>\n<meta name=\"author\" content=\"Jeferson Carvalho\" \/>\n<meta name=\"twitter:card\" content=\"summary_large_image\" \/>\n<meta name=\"twitter:creator\" content=\"@tribunademinas\" \/>\n<meta name=\"twitter:site\" content=\"@tribunademinas\" \/>\n<meta name=\"twitter:label1\" content=\"Escrito por\" \/>\n\t<meta name=\"twitter:data1\" content=\"Jeferson Carvalho\" \/>\n\t<meta name=\"twitter:label2\" content=\"Est. tempo de leitura\" \/>\n\t<meta name=\"twitter:data2\" content=\"3 minutos\" \/>\n<!-- \/ Yoast SEO plugin. -->","yoast_head_json":{"title":"Bolsa Fam\u00edlia ser\u00e1 pago antecipadamente para benefici\u00e1rios deste estado","description":"O governo, em parceria com a Caixa, confirmou o in\u00edcio de uma nova rodada de pagamentos do Bolsa Fam\u00edlia neste m\u00eas de novembro.","robots":{"index":"index","follow":"follow","max-snippet":"max-snippet:-1","max-image-preview":"max-image-preview:large","max-video-preview":"max-video-preview:-1"},"canonical":"https:\/\/tribunademinas.audiencelabs.com.br\/bolsa-familia-sera-pago-antecipadamente-para-beneficiarios-deste-estado\/","og_locale":"pt_BR","og_type":"article","og_title":"Bolsa Fam\u00edlia ser\u00e1 pago antecipadamente para benefici\u00e1rios deste estado","og_description":"O governo, em parceria com a Caixa, confirmou o in\u00edcio de uma nova rodada de pagamentos do Bolsa Fam\u00edlia neste m\u00eas de novembro.","og_url":"https:\/\/tribunademinas.audiencelabs.com.br\/bolsa-familia-sera-pago-antecipadamente-para-beneficiarios-deste-estado\/","og_site_name":"Tribuna de Minas - Dinheiro e Cidadania","article_publisher":"https:\/\/www.facebook.com\/tribunademinas\/","article_published_time":"2025-11-08T21:20:00+00:00","og_image":[{"width":1170,"height":700,"url":"https:\/\/tribunademinas.audiencelabs.com.br\/wp-content\/uploads\/2025\/11\/Bolsa-Familia-3.webp","type":"image\/webp"}],"author":"Jeferson Carvalho","twitter_card":"summary_large_image","twitter_creator":"@tribunademinas","twitter_site":"@tribunademinas","twitter_misc":{"Escrito por":"Jeferson Carvalho","Est. tempo de leitura":"3 minutos"},"schema":{"@context":"https:\/\/schema.org","@graph":[{"@type":"Article","@id":"https:\/\/tribunademinas.audiencelabs.com.br\/bolsa-familia-sera-pago-antecipadamente-para-beneficiarios-deste-estado\/#article","isPartOf":{"@id":"https:\/\/tribunademinas.audiencelabs.com.br\/bolsa-familia-sera-pago-antecipadamente-para-beneficiarios-deste-estado\/"},"author":{"name":"Jeferson Carvalho","@id":"https:\/\/tribunademinas.audiencelabs.com.br\/#\/schema\/person\/db18fc40307804bacef94213aa68fd9d"},"headline":"Bolsa Fam\u00edlia ser\u00e1 pago antecipadamente para benefici\u00e1rios deste estado","datePublished":"2025-11-08T21:20:00+00:00","mainEntityOfPage":{"@id":"https:\/\/tribunademinas.audiencelabs.com.br\/bolsa-familia-sera-pago-antecipadamente-para-beneficiarios-deste-estado\/"},"wordCount":478,"commentCount":0,"publisher":{"@id":"https:\/\/tribunademinas.audiencelabs.com.br\/#organization"},"image":{"@id":"https:\/\/tribunademinas.audiencelabs.com.br\/bolsa-familia-sera-pago-antecipadamente-para-beneficiarios-deste-estado\/#primaryimage"},"thumbnailUrl":"https:\/\/tribunademinas.audiencelabs.com.br\/wp-content\/uploads\/2025\/11\/Bolsa-Familia-3.webp","articleSection":["Cidadania"],"inLanguage":"pt-BR","potentialAction":[{"@type":"CommentAction","name":"Comment","target":["https:\/\/tribunademinas.audiencelabs.com.br\/bolsa-familia-sera-pago-antecipadamente-para-beneficiarios-deste-estado\/#respond"]}]},{"@type":"WebPage","@id":"https:\/\/tribunademinas.audiencelabs.com.br\/bolsa-familia-sera-pago-antecipadamente-para-beneficiarios-deste-estado\/","url":"https:\/\/tribunademinas.audiencelabs.com.br\/bolsa-familia-sera-pago-antecipadamente-para-beneficiarios-deste-estado\/","name":"Bolsa Fam\u00edlia ser\u00e1 pago antecipadamente para benefici\u00e1rios deste estado","isPartOf":{"@id":"https:\/\/tribunademinas.audiencelabs.com.br\/#website"},"primaryImageOfPage":{"@id":"https:\/\/tribunademinas.audiencelabs.com.br\/bolsa-familia-sera-pago-antecipadamente-para-beneficiarios-deste-estado\/#primaryimage"},"image":{"@id":"https:\/\/tribunademinas.audiencelabs.com.br\/bolsa-familia-sera-pago-antecipadamente-para-beneficiarios-deste-estado\/#primaryimage"},"thumbnailUrl":"https:\/\/tribunademinas.audiencelabs.com.br\/wp-content\/uploads\/2025\/11\/Bolsa-Familia-3.webp","datePublished":"2025-11-08T21:20:00+00:00","description":"O governo, em parceria com a Caixa, confirmou o in\u00edcio de uma nova rodada de pagamentos do Bolsa Fam\u00edlia neste m\u00eas de novembro.","breadcrumb":{"@id":"https:\/\/tribunademinas.audiencelabs.com.br\/bolsa-familia-sera-pago-antecipadamente-para-beneficiarios-deste-estado\/#breadcrumb"},"inLanguage":"pt-BR","potentialAction":[{"@type":"ReadAction","target":["https:\/\/tribunademinas.audiencelabs.com.br\/bolsa-familia-sera-pago-antecipadamente-para-beneficiarios-deste-estado\/"]}]},{"@type":"ImageObject","inLanguage":"pt-BR","@id":"https:\/\/tribunademinas.audiencelabs.com.br\/bolsa-familia-sera-pago-antecipadamente-para-beneficiarios-deste-estado\/#primaryimage","url":"https:\/\/tribunademinas.audiencelabs.com.br\/wp-content\/uploads\/2025\/11\/Bolsa-Familia-3.webp","contentUrl":"https:\/\/tribunademinas.audiencelabs.com.br\/wp-content\/uploads\/2025\/11\/Bolsa-Familia-3.webp","width":1170,"height":700,"caption":"Bolsa Fam\u00edlia ser\u00e1 pago antecipadamente para benefici\u00e1rios deste estado - Imagem: Divulga\u00e7\u00e3o\/MDS"},{"@type":"BreadcrumbList","@id":"https:\/\/tribunademinas.audiencelabs.com.br\/bolsa-familia-sera-pago-antecipadamente-para-beneficiarios-deste-estado\/#breadcrumb","itemListElement":[{"@type":"ListItem","position":1,"name":"In\u00edcio","item":"https:\/\/tribunademinas.audiencelabs.com.br\/"},{"@type":"ListItem","position":2,"name":"Bolsa Fam\u00edlia ser\u00e1 pago antecipadamente para benefici\u00e1rios deste estado"}]},{"@type":"WebSite","@id":"https:\/\/tribunademinas.audiencelabs.com.br\/#website","url":"https:\/\/tribunademinas.audiencelabs.com.br\/","name":"Tribuna de Minas - Dinheiro e Cidadania","description":"","publisher":{"@id":"https:\/\/tribunademinas.audiencelabs.com.br\/#organization"},"potentialAction":[{"@type":"SearchAction","target":{"@type":"EntryPoint","urlTemplate":"https:\/\/tribunademinas.audiencelabs.com.br\/?s={search_term_string}"},"query-input":{"@type":"PropertyValueSpecification","valueRequired":true,"valueName":"search_term_string"}}],"inLanguage":"pt-BR"},{"@type":"Organization","@id":"https:\/\/tribunademinas.audiencelabs.com.br\/#organization","name":"Tribuna de Minas - Dinheiro e Cidadania","url":"https:\/\/tribunademinas.audiencelabs.com.br\/","logo":{"@type":"ImageObject","inLanguage":"pt-BR","@id":"https:\/\/tribunademinas.audiencelabs.com.br\/#\/schema\/logo\/image\/","url":"https:\/\/tribunademinas.audiencelabs.com.br\/wp-content\/uploads\/2025\/08\/cropped-Tribuna_512x512-96x96-1.png","contentUrl":"https:\/\/tribunademinas.audiencelabs.com.br\/wp-content\/uploads\/2025\/08\/cropped-Tribuna_512x512-96x96-1.png","width":96,"height":96,"caption":"Tribuna de Minas - Dinheiro e Cidadania"},"image":{"@id":"https:\/\/tribunademinas.audiencelabs.com.br\/#\/schema\/logo\/image\/"},"sameAs":["https:\/\/www.facebook.com\/tribunademinas\/","https:\/\/x.com\/tribunademinas","https:\/\/www.instagram.com\/tribunademinas\/","https:\/\/www.youtube.com\/user\/TribunadeMinasJF"]},{"@type":"Person","@id":"https:\/\/tribunademinas.audiencelabs.com.br\/#\/schema\/person\/db18fc40307804bacef94213aa68fd9d","name":"Jeferson Carvalho","image":{"@type":"ImageObject","inLanguage":"pt-BR","@id":"https:\/\/tribunademinas.audiencelabs.com.br\/#\/schema\/person\/image\/","url":"https:\/\/secure.gravatar.com\/avatar\/cd7646e328d9670dad7dea8698522e522745eeffcff5b9d08be858e377ce326b?s=96&d=mm&r=g","contentUrl":"https:\/\/secure.gravatar.com\/avatar\/cd7646e328d9670dad7dea8698522e522745eeffcff5b9d08be858e377ce326b?s=96&d=mm&r=g","caption":"Jeferson Carvalho"},"description":"Jornalista apaixonado pela profiss\u00e3o!","url":"https:\/\/tribunademinas.audiencelabs.com.br\/author\/jeferson\/"}]}},"amp_enabled":true,"_links":{"self":[{"href":"https:\/\/tribunademinas.audiencelabs.com.br\/wp-json\/wp\/v2\/posts\/3659","targetHints":{"allow":["GET"]}}],"collection":[{"href":"https:\/\/tribunademinas.audiencelabs.com.br\/wp-json\/wp\/v2\/posts"}],"about":[{"href":"https:\/\/tribunademinas.audiencelabs.com.br\/wp-json\/wp\/v2\/types\/post"}],"author":[{"embeddable":true,"href":"https:\/\/tribunademinas.audiencelabs.com.br\/wp-json\/wp\/v2\/users\/5"}],"replies":[{"embeddable":true,"href":"https:\/\/tribunademinas.audiencelabs.com.br\/wp-json\/wp\/v2\/comments?post=3659"}],"version-history":[{"count":4,"href":"https:\/\/tribunademinas.audiencelabs.com.br\/wp-json\/wp\/v2\/posts\/3659\/revisions"}],"predecessor-version":[{"id":3721,"href":"https:\/\/tribunademinas.audiencelabs.com.br\/wp-json\/wp\/v2\/posts\/3659\/revisions\/3721"}],"wp:featuredmedia":[{"embeddable":true,"href":"https:\/\/tribunademinas.audiencelabs.com.br\/wp-json\/wp\/v2\/media\/3660"}],"wp:attachment":[{"href":"https:\/\/tribunademinas.audiencelabs.com.br\/wp-json\/wp\/v2\/media?parent=3659"}],"wp:term":[{"taxonomy":"category","embeddable":true,"href":"https:\/\/tribunademinas.audiencelabs.com.br\/wp-json\/wp\/v2\/categories?post=3659"},{"taxonomy":"post_tag","embeddable":true,"href":"https:\/\/tribunademinas.audiencelabs.com.br\/wp-json\/wp\/v2\/tags?post=3659"}],"curies":[{"name":"wp","href":"https:\/\/api.w.org\/{rel}","templated":true}]}}