{"id":3585,"date":"2025-11-09T13:45:00","date_gmt":"2025-11-09T16:45:00","guid":{"rendered":"https:\/\/tribunademinas.audiencelabs.com.br\/?p=3585"},"modified":"2025-11-07T13:41:34","modified_gmt":"2025-11-07T16:41:34","slug":"aposentados-devem-fazer-biometria-no-inss-ate-30-de-novembro","status":"publish","type":"post","link":"https:\/\/tribunademinas.audiencelabs.com.br\/aposentados-devem-fazer-biometria-no-inss-ate-30-de-novembro\/","title":{"rendered":"Aposentados devem fazer biometria no INSS at\u00e9 30 de novembro"},"content":{"rendered":"\n<p>A partir deste m\u00eas de novembro, aposentados, pensionistas e benefici\u00e1rios do INSS devem come\u00e7ar a se preparar para a nova exig\u00eancia do governo federal: o <a href=\"https:\/\/tribunademinas.com.br\/colunas\/dinheiroecidadania\/pessoas-que-vao-precisar-cadastrar-biometria-em-novembro\/\"><strong>cadastramento da biometria. <\/strong><\/a><\/p>\n\n\n\n<p>A iniciativa tem o objetivo de aumentar a seguran\u00e7a nas concess\u00f5es de benef\u00edcios e tornar mais eficiente o controle da chamada prova de vida. <\/p>\n\n\n\n<p>Contudo, vale destacar logo de in\u00edcio que, apesar do prazo de 30 de novembro para o in\u00edcio da obrigatoriedade, n\u00e3o h\u00e1 motivo para correria ou preocupa\u00e7\u00e3o imediata, pois ningu\u00e9m perder\u00e1 acesso aos valores por conta da biometria.<\/p>\n\n\n\n<h2 class=\"wp-block-heading\">Aposentados devem fazer biometria no INSS at\u00e9 30 de novembro<\/h2>\n\n\n<style>@media (min-width: 992px) {\n    .recomendadorV2Area1 {\n        width: 280px;\n    }\n    .recomendadorV2Area2 {\n        padding: 0px 20px;\n        width: calc(100% - 280px);\n    }\n}\n\n@media (max-width: 992px) {\n    .recomendadorV2Button {\n        margin: 0 auto;\n    }\n    .recomendadorV2Area {\n        flex-direction: column;\n        text-align: center;\n    }\n    .recomendadorV2Area2 {\n        padding: 0px 20px;\n    }\n}\n\n.recomendadorV2Area {\n    background: #eeeeee3d;\n    border-radius: 10px;\n    padding: 15px;\n    display: flex;\n    margin: 15px auto;\n    border: 1px solid #00000014;\n    max-width: 800px;\n}\n\n.recomendadorV2Area1 img {\n    width: 280px;\n    height: auto;\n    border-radius: 8px;\n}\n\n.linkrecomendadorv2 {\n    text-decoration: none !important;\n}\n\n.recomendadorV2Area2 .recomendadorV2Type {\n    text-transform: uppercase;\n    font-weight: 500;\n    font-size: 11px;\n    letter-spacing: 2px;\n    color: #666;\n    margin: 12px 0;\n    display: block;\n}\n\n.recomendadorV2Title h2 {\n    padding-top: 0px !important;\n    margin: 0px !important;\n    border-left: none !important;\n    padding-left: 0px !important;\n    line-height: 1.3;\n    color: #000 !important;\n    font-size: 24px;\n    margin-bottom: 12px !important;\n}\n\n.recomendadorV2Desc {\n    color: #333;\n    margin: 12px 0px !important;\n    font-size: 15px;\n    line-height: 1.5;\n}\n\n.recomendadorV2Button {\n    width: auto;\n    max-width: 200px;\n    margin: 0;\n    display: inline-flex;\n    align-items: center;\n    background: #1D3557;\n    border-radius: 8px;\n    color: #fff;\n    height: 36px;\n    justify-content: center;\n    text-align: center;\n    font-size: 14px;\n    padding: 0 20px;\n    transition: background-color 0.2s ease;\n}\n\n.recomendadorV2Button:hover {\n    background: #2a4d7a;\n}\n\n.recomendadorV2Button:after {\n    margin-top: -2px;\n    content: \"\u2192\";\n    padding: 0px 0px 0px 8px;\n}\n\n.recomendadorV2Alert {\n    text-align: left;\n    font-size: 11px;\n    margin-top: 8px;\n    color: #666;\n}\n\n.recomendadorFixedArea {\n    width: 100%;\n    display: flex;\n    justify-content: center;\n    align-items: center;\n}\n\n@media (min-width: 992px) {\n    #recomendadorFixed {\n        width: 32% !important;\n        left: 5%;\n    }\n    .recomendadorCloseFixed{\n        right: inherit !important;\n        left: 378px !important;\n    }\n}\n\n#recomendadorFixed {\n    width: 90%;\n    box-shadow: 0 10px 20px 0px #00000057;\n    display: none;\n    height: 90px;\n    background: #F6F6F6;\n    position: fixed;\n    flex-direction: row;\n    bottom: 10px;\n    z-index: 9999;\n    border-radius: 16px;\n    padding: 7px 10px;\n}\n\n.recomendadorLeftArea {\n    width: 160px;\n}\n\n.recomendadorRightArea h2 {\n    padding-top: 0px;\n    margin: 2px 0px 4px 0px !important;\n    font-weight: 400;\n    text-align: center;\n    padding-left: 0px !important;\n    color: #000 !important;\n    border-left: none !important;\n    line-height: 20px;\n    font-size: 12px !important;\n}\n\n.recomendadorImgFixed {\n    overflow: hidden;\n    padding: 8px 6px;\n    height: 100%;\n}\n\n.recomendadorImgFixed img {\n    height: 100% !important;\n    border-radius: 16px;\n}\n\n.recomendadorRightArea {\n    padding-top: 6px;\n    display: flex;\n    width: calc(100% - 130px);\n    justify-content: space-between;\n    align-items: center;\n    flex-direction: column;\n}\n\n.recomendadorButtonFixed {\n    margin: 0 auto;\n    background: #1D3557;\n    width: 80%;\n    text-align: center;\n    font-size: 10px;\n    color: #FFF;\n    padding: 2px 10px;\n    border-radius: 3px;\n}\n\n.recomendadorButtonFixed:after {\n    margin-top: -3px;\n    content: \"\u2192\";\n    padding: 0px 0px 0px 10px;\n}\n\n.recomendadorAlertFixed {\n    font-weight: 400;\n    text-align: center;\n    color: #484848;\n    font-size: 8px;\n}\n\n.recomendadorCloseFixed {\n    z-index: 99999;\n    display: none;\n    right: 0px;\n    left: inherit;\n    bottom: 99px;\n    position: fixed;\n    justify-content: center;\n    background: #F6F6F6;\n    width: 25px;\n    align-items: center;\n    height: 25px;\n    font-weight: 800;\n    border-radius: 50%;\n    border: 1px solid #EBEBEB;\n}\n\n.recomendadorV2Desc{\n    color: #000000;\n    margin: 20px 0px;\n}\n\n@media (max-width: 576px) {\n    .recomendadorV2Area {\n      padding: 10px;\n      max-width: 100%;\n    }\n  \n    .recomendadorV2Area1 img {\n      width: 100%;\n      border-radius: 6px;\n    }\n  \n    .recomendadorV2Area2 .recomendadorV2Type {\n      font-size: 9px;\n      letter-spacing: 1px;\n      margin: 8px 0;\n    }\n  \n    .recomendadorV2Title h2 {\n      font-size: 18px !important;\n      margin-bottom: 8px !important;\n      line-height: 1.2;\n    }\n  \n    .recomendadorV2Desc {\n      font-size: 14px;\n      margin: 8px 0 !important;\n      line-height: 1.4;\n    }\n  \n    .recomendadorV2Button {\n      font-size: 12px;\n      height: 30px;\n      padding: 0 12px;\n      max-width: 160px;\n    }\n  \n    .recomendadorV2Button:after {\n      padding-left: 6px;\n    }\n  }\n  <\/style>\n        <div class=\"lazyblock-recomendador-v2-2jDGz wp-block-lazyblock-recomendador-v2\">\n        <a class=\"linkrecomendadorv2\" href=\"https:\/\/tribunademinas.audiencelabs.com.br\/r-478-milhoes-devem-ser-devolvidos-por-quem-fez-uso-irregular-do-auxilio-emergencial\/?utm_source=lazy\">\n            <div class=\"recomendadorV2Area\">\n            <div class=\"recomendadorV2Area1\">\n                <div class=\"recomendadorV2Img\">\n                <img class=\"lazyloaded\" decoding=\"async\" src=\"https:\/\/tribunademinas.audiencelabs.com.br\/wp-content\/uploads\/2025\/11\/Auxilio-Emergencial.jpg\" data-src=\"https:\/\/tribunademinas.audiencelabs.com.br\/wp-content\/uploads\/2025\/11\/Auxilio-Emergencial.jpg\" alt=\"\">\n                <\/div>\n            <\/div>\n            <div class=\"recomendadorV2Area2\">\n                <div class=\"recomendadorV2Type\">\n                    <span>Cobran\u00e7a federal<\/span>\n                <\/div>\n                <div class=\"recomendadorV2Title\">\n                <h2><span>R$ 478 milh\u00f5es para devolver \ud83d\udcbc<\/span><\/h2>\n                <\/div>\n                <div class=\"recomendadorV2Desc\">\n                <span>Irregularidades no Aux\u00edlio Emergencial obrigam devolu\u00e7\u00f5es<\/span>\n                <\/div>\n                <div class=\"recomendadorV2Button\">Saiba os motivos<\/div>\n                <div class=\"recomendadorV2Alert\"><\/div>\n            <\/div>\n            <\/div>\n        <\/a>\n        <div>\n            <div style=\"z-index:99999;\" id=\"buttonClose\" onclick=\"closeRecomendadorFixed()\">\n            <div class=\"recomendadorCloseFixed\">X<\/div>\n            <\/div>\n            <a href=\"https:\/\/tribunademinas.audiencelabs.com.br\/r-478-milhoes-devem-ser-devolvidos-por-quem-fez-uso-irregular-do-auxilio-emergencial\/?utm_source=lazy\">\n            <div class=\"recomendadorFixedArea\">\n                <div id=\"recomendadorFixed\">\n                <div class=\"recomendadorLeftArea\">\n                    <div class=\"recomendadorImgFixed\">\n                    <img class=\"lazyload\" decoding=\"async\" src=\"https:\/\/tribunademinas.audiencelabs.com.br\/wp-content\/uploads\/2025\/11\/Auxilio-Emergencial.jpg\" alt=\"\">\n                    <\/div>\n                <\/div>\n                <div class=\"recomendadorRightArea\">\n                    <div class=\"recomendadorTitleFixed\">\n                    <h2><span>R$ 478 milh\u00f5es para devolver \ud83d\udcbc<\/span><\/h2>\n                    <\/div>\n                    <div class=\"recomendadorButtonFixed\">Saiba os motivos<\/div>\n                    <div class=\"recomendadorAlertFixed\"><\/div>\n                <\/div>\n                <\/div>\n            <\/div>\n            <\/a>\n        <\/div>\n        <\/div>\n\n\n\n<p>Para quem est\u00e1 recebendo o benef\u00edcio pela primeira vez em novembro ou ap\u00f3s este m\u00eas, a biometria j\u00e1 ser\u00e1 exigida desde o primeiro saque. Esse grupo faz parte da etapa inicial do novo processo e, portanto, j\u00e1 deve se apresentar com os dados biom\u00e9tricos validados. <\/p>\n\n\n\n<p>J\u00e1 os segurados antigos ter\u00e3o a situa\u00e7\u00e3o avaliada caso a caso, sem pressa ou bloqueios autom\u00e1ticos. <\/p>\n\n\n\n<p>O INSS vai, inicialmente, utilizar os cadastros biom\u00e9tricos j\u00e1 existentes em bancos de dados do governo, como os do Tribunal Superior Eleitoral, da Pol\u00edcia Federal, dos Detrans e da nova Carteira de Identidade Nacional.<\/p>\n\n\n\n<p>Segundo informa\u00e7\u00f5es divulgadas pelo Minist\u00e9rio da Previd\u00eancia e pelo Minist\u00e9rio da Gest\u00e3o e da Inova\u00e7\u00e3o, a nova etapa de moderniza\u00e7\u00e3o no sistema previdenci\u00e1rio pretende eliminar fraudes e tornar mais simples e seguro o processo de comprova\u00e7\u00e3o de vida dos benefici\u00e1rios. <\/p>\n\n\n\n<p>O reconhecimento biom\u00e9trico poder\u00e1 ser feito digitalmente, por meio do aplicativo Meu INSS ou da plataforma Gov.br, utilizando a c\u00e2mera do celular para o reconhecimento facial. <\/p>\n\n\n\n<p>Tamb\u00e9m haver\u00e1 a possibilidade de realizar o procedimento presencialmente, em ag\u00eancias do INSS ou em bancos que operam com os pagamentos da Previd\u00eancia.<\/p>\n\n\n\n<h3 class=\"wp-block-heading\">Benefici\u00e1rios n\u00e3o deixar\u00e3o de receber por aus\u00eancia de biometria<\/h3>\n\n\n\n<p>O governo refor\u00e7a que os benefici\u00e1rios antigos s\u00f3 ser\u00e3o chamados para realizar o cadastro biom\u00e9trico caso n\u00e3o exista nenhuma informa\u00e7\u00e3o v\u00e1lida em bancos de dados p\u00fablicos. <\/p>\n\n\n\n<p>Mesmo assim, esse processo ser\u00e1 feito gradualmente, sem a suspens\u00e3o imediata dos pagamentos. As convoca\u00e7\u00f5es ser\u00e3o feitas de forma escalonada, com avisos oficiais pelos canais do pr\u00f3prio INSS, evitando qualquer tipo de surpresa ou preju\u00edzo ao segurado.<\/p>\n\n\n\n<p>Al\u00e9m disso, o INSS alerta para que nenhum benefici\u00e1rio forne\u00e7a dados por telefone, mensagem ou e-mail. Todo o processo de comunica\u00e7\u00e3o ser\u00e1 feito apenas pelos canais oficiais. <\/p>\n\n\n\n<p>A recomenda\u00e7\u00e3o geral \u00e9 que os aposentados e pensionistas mantenham seus dados atualizados e fiquem atentos \u00e0s notifica\u00e7\u00f5es. N\u00e3o \u00e9 necess\u00e1rio correr: quem estiver em situa\u00e7\u00e3o regular ser\u00e1 comunicado com anteced\u00eancia.<\/p>\n\n\n\n<p><\/p>\n","protected":false},"excerpt":{"rendered":"<p>A partir deste m\u00eas de novembro, aposentados, pensionistas e benefici\u00e1rios do INSS devem come\u00e7ar a se preparar para a nova exig\u00eancia do governo federal: o cadastramento da biometria. A iniciativa tem o objetivo de aumentar a seguran\u00e7a nas concess\u00f5es de benef\u00edcios e tornar mais eficiente o controle da chamada prova de vida. Contudo, vale destacar [&hellip;]<\/p>\n","protected":false},"author":5,"featured_media":3586,"comment_status":"open","ping_status":"open","sticky":false,"template":"","format":"standard","meta":{"jnews-multi-image_gallery":[],"jnews_single_post":{"format":"standard"},"jnews_primary_category":[],"jnews_social_meta":[],"jnews_post_split":[],"footnotes":""},"categories":[159],"tags":[],"class_list":["post-3585","post","type-post","status-publish","format-standard","has-post-thumbnail","hentry","category-cidadania"],"yoast_head":"<!-- This site is optimized with the Yoast SEO plugin v25.6 - https:\/\/yoast.com\/wordpress\/plugins\/seo\/ -->\n<title>Aposentados devem fazer biometria no INSS at\u00e9 30 de novembro<\/title>\n<meta name=\"description\" content=\"A partir deste m\u00eas de novembro, aposentados, pensionistas e benefici\u00e1rios do INSS devem come\u00e7ar a se preparar para a nova exig\u00eancia.\" \/>\n<meta name=\"robots\" content=\"index, follow, max-snippet:-1, max-image-preview:large, max-video-preview:-1\" \/>\n<link rel=\"canonical\" href=\"https:\/\/tribunademinas.audiencelabs.com.br\/aposentados-devem-fazer-biometria-no-inss-ate-30-de-novembro\/\" \/>\n<meta property=\"og:locale\" content=\"pt_BR\" \/>\n<meta property=\"og:type\" content=\"article\" \/>\n<meta property=\"og:title\" content=\"Aposentados devem fazer biometria no INSS at\u00e9 30 de novembro\" \/>\n<meta property=\"og:description\" content=\"A partir deste m\u00eas de novembro, aposentados, pensionistas e benefici\u00e1rios do INSS devem come\u00e7ar a se preparar para a nova exig\u00eancia.\" \/>\n<meta property=\"og:url\" content=\"https:\/\/tribunademinas.audiencelabs.com.br\/aposentados-devem-fazer-biometria-no-inss-ate-30-de-novembro\/\" \/>\n<meta property=\"og:site_name\" content=\"Tribuna de Minas - Dinheiro e Cidadania\" \/>\n<meta property=\"article:publisher\" content=\"https:\/\/www.facebook.com\/tribunademinas\/\" \/>\n<meta property=\"article:published_time\" content=\"2025-11-09T16:45:00+00:00\" \/>\n<meta property=\"og:image\" content=\"https:\/\/tribunademinas.audiencelabs.com.br\/wp-content\/uploads\/2025\/11\/INSS-1.webp\" \/>\n\t<meta property=\"og:image:width\" content=\"1170\" \/>\n\t<meta property=\"og:image:height\" content=\"700\" \/>\n\t<meta property=\"og:image:type\" content=\"image\/webp\" \/>\n<meta name=\"author\" content=\"Jeferson Carvalho\" \/>\n<meta name=\"twitter:card\" content=\"summary_large_image\" \/>\n<meta name=\"twitter:creator\" content=\"@tribunademinas\" \/>\n<meta name=\"twitter:site\" content=\"@tribunademinas\" \/>\n<meta name=\"twitter:label1\" content=\"Escrito por\" \/>\n\t<meta name=\"twitter:data1\" content=\"Jeferson Carvalho\" \/>\n\t<meta name=\"twitter:label2\" content=\"Est. tempo de leitura\" \/>\n\t<meta name=\"twitter:data2\" content=\"3 minutos\" \/>\n<!-- \/ Yoast SEO plugin. -->","yoast_head_json":{"title":"Aposentados devem fazer biometria no INSS at\u00e9 30 de novembro","description":"A partir deste m\u00eas de novembro, aposentados, pensionistas e benefici\u00e1rios do INSS devem come\u00e7ar a se preparar para a nova exig\u00eancia.","robots":{"index":"index","follow":"follow","max-snippet":"max-snippet:-1","max-image-preview":"max-image-preview:large","max-video-preview":"max-video-preview:-1"},"canonical":"https:\/\/tribunademinas.audiencelabs.com.br\/aposentados-devem-fazer-biometria-no-inss-ate-30-de-novembro\/","og_locale":"pt_BR","og_type":"article","og_title":"Aposentados devem fazer biometria no INSS at\u00e9 30 de novembro","og_description":"A partir deste m\u00eas de novembro, aposentados, pensionistas e benefici\u00e1rios do INSS devem come\u00e7ar a se preparar para a nova exig\u00eancia.","og_url":"https:\/\/tribunademinas.audiencelabs.com.br\/aposentados-devem-fazer-biometria-no-inss-ate-30-de-novembro\/","og_site_name":"Tribuna de Minas - Dinheiro e Cidadania","article_publisher":"https:\/\/www.facebook.com\/tribunademinas\/","article_published_time":"2025-11-09T16:45:00+00:00","og_image":[{"width":1170,"height":700,"url":"https:\/\/tribunademinas.audiencelabs.com.br\/wp-content\/uploads\/2025\/11\/INSS-1.webp","type":"image\/webp"}],"author":"Jeferson Carvalho","twitter_card":"summary_large_image","twitter_creator":"@tribunademinas","twitter_site":"@tribunademinas","twitter_misc":{"Escrito por":"Jeferson Carvalho","Est. tempo de leitura":"3 minutos"},"schema":{"@context":"https:\/\/schema.org","@graph":[{"@type":"Article","@id":"https:\/\/tribunademinas.audiencelabs.com.br\/aposentados-devem-fazer-biometria-no-inss-ate-30-de-novembro\/#article","isPartOf":{"@id":"https:\/\/tribunademinas.audiencelabs.com.br\/aposentados-devem-fazer-biometria-no-inss-ate-30-de-novembro\/"},"author":{"name":"Jeferson Carvalho","@id":"https:\/\/tribunademinas.audiencelabs.com.br\/#\/schema\/person\/db18fc40307804bacef94213aa68fd9d"},"headline":"Aposentados devem fazer biometria no INSS at\u00e9 30 de novembro","datePublished":"2025-11-09T16:45:00+00:00","mainEntityOfPage":{"@id":"https:\/\/tribunademinas.audiencelabs.com.br\/aposentados-devem-fazer-biometria-no-inss-ate-30-de-novembro\/"},"wordCount":538,"commentCount":0,"publisher":{"@id":"https:\/\/tribunademinas.audiencelabs.com.br\/#organization"},"image":{"@id":"https:\/\/tribunademinas.audiencelabs.com.br\/aposentados-devem-fazer-biometria-no-inss-ate-30-de-novembro\/#primaryimage"},"thumbnailUrl":"https:\/\/tribunademinas.audiencelabs.com.br\/wp-content\/uploads\/2025\/11\/INSS-1.webp","articleSection":["Cidadania"],"inLanguage":"pt-BR","potentialAction":[{"@type":"CommentAction","name":"Comment","target":["https:\/\/tribunademinas.audiencelabs.com.br\/aposentados-devem-fazer-biometria-no-inss-ate-30-de-novembro\/#respond"]}]},{"@type":"WebPage","@id":"https:\/\/tribunademinas.audiencelabs.com.br\/aposentados-devem-fazer-biometria-no-inss-ate-30-de-novembro\/","url":"https:\/\/tribunademinas.audiencelabs.com.br\/aposentados-devem-fazer-biometria-no-inss-ate-30-de-novembro\/","name":"Aposentados devem fazer biometria no INSS at\u00e9 30 de novembro","isPartOf":{"@id":"https:\/\/tribunademinas.audiencelabs.com.br\/#website"},"primaryImageOfPage":{"@id":"https:\/\/tribunademinas.audiencelabs.com.br\/aposentados-devem-fazer-biometria-no-inss-ate-30-de-novembro\/#primaryimage"},"image":{"@id":"https:\/\/tribunademinas.audiencelabs.com.br\/aposentados-devem-fazer-biometria-no-inss-ate-30-de-novembro\/#primaryimage"},"thumbnailUrl":"https:\/\/tribunademinas.audiencelabs.com.br\/wp-content\/uploads\/2025\/11\/INSS-1.webp","datePublished":"2025-11-09T16:45:00+00:00","description":"A partir deste m\u00eas de novembro, aposentados, pensionistas e benefici\u00e1rios do INSS devem come\u00e7ar a se preparar para a nova exig\u00eancia.","breadcrumb":{"@id":"https:\/\/tribunademinas.audiencelabs.com.br\/aposentados-devem-fazer-biometria-no-inss-ate-30-de-novembro\/#breadcrumb"},"inLanguage":"pt-BR","potentialAction":[{"@type":"ReadAction","target":["https:\/\/tribunademinas.audiencelabs.com.br\/aposentados-devem-fazer-biometria-no-inss-ate-30-de-novembro\/"]}]},{"@type":"ImageObject","inLanguage":"pt-BR","@id":"https:\/\/tribunademinas.audiencelabs.com.br\/aposentados-devem-fazer-biometria-no-inss-ate-30-de-novembro\/#primaryimage","url":"https:\/\/tribunademinas.audiencelabs.com.br\/wp-content\/uploads\/2025\/11\/INSS-1.webp","contentUrl":"https:\/\/tribunademinas.audiencelabs.com.br\/wp-content\/uploads\/2025\/11\/INSS-1.webp","width":1170,"height":700,"caption":"Aposentados devem fazer biometria no INSS at\u00e9 30 de novembro - Imagem: Divulga\u00e7\u00e3o\/INSS"},{"@type":"BreadcrumbList","@id":"https:\/\/tribunademinas.audiencelabs.com.br\/aposentados-devem-fazer-biometria-no-inss-ate-30-de-novembro\/#breadcrumb","itemListElement":[{"@type":"ListItem","position":1,"name":"In\u00edcio","item":"https:\/\/tribunademinas.audiencelabs.com.br\/"},{"@type":"ListItem","position":2,"name":"Aposentados devem fazer biometria no INSS at\u00e9 30 de novembro"}]},{"@type":"WebSite","@id":"https:\/\/tribunademinas.audiencelabs.com.br\/#website","url":"https:\/\/tribunademinas.audiencelabs.com.br\/","name":"Tribuna de Minas - Dinheiro e Cidadania","description":"","publisher":{"@id":"https:\/\/tribunademinas.audiencelabs.com.br\/#organization"},"potentialAction":[{"@type":"SearchAction","target":{"@type":"EntryPoint","urlTemplate":"https:\/\/tribunademinas.audiencelabs.com.br\/?s={search_term_string}"},"query-input":{"@type":"PropertyValueSpecification","valueRequired":true,"valueName":"search_term_string"}}],"inLanguage":"pt-BR"},{"@type":"Organization","@id":"https:\/\/tribunademinas.audiencelabs.com.br\/#organization","name":"Tribuna de Minas - Dinheiro e Cidadania","url":"https:\/\/tribunademinas.audiencelabs.com.br\/","logo":{"@type":"ImageObject","inLanguage":"pt-BR","@id":"https:\/\/tribunademinas.audiencelabs.com.br\/#\/schema\/logo\/image\/","url":"https:\/\/tribunademinas.audiencelabs.com.br\/wp-content\/uploads\/2025\/08\/cropped-Tribuna_512x512-96x96-1.png","contentUrl":"https:\/\/tribunademinas.audiencelabs.com.br\/wp-content\/uploads\/2025\/08\/cropped-Tribuna_512x512-96x96-1.png","width":96,"height":96,"caption":"Tribuna de Minas - Dinheiro e Cidadania"},"image":{"@id":"https:\/\/tribunademinas.audiencelabs.com.br\/#\/schema\/logo\/image\/"},"sameAs":["https:\/\/www.facebook.com\/tribunademinas\/","https:\/\/x.com\/tribunademinas","https:\/\/www.instagram.com\/tribunademinas\/","https:\/\/www.youtube.com\/user\/TribunadeMinasJF"]},{"@type":"Person","@id":"https:\/\/tribunademinas.audiencelabs.com.br\/#\/schema\/person\/db18fc40307804bacef94213aa68fd9d","name":"Jeferson Carvalho","image":{"@type":"ImageObject","inLanguage":"pt-BR","@id":"https:\/\/tribunademinas.audiencelabs.com.br\/#\/schema\/person\/image\/","url":"https:\/\/secure.gravatar.com\/avatar\/cd7646e328d9670dad7dea8698522e522745eeffcff5b9d08be858e377ce326b?s=96&d=mm&r=g","contentUrl":"https:\/\/secure.gravatar.com\/avatar\/cd7646e328d9670dad7dea8698522e522745eeffcff5b9d08be858e377ce326b?s=96&d=mm&r=g","caption":"Jeferson Carvalho"},"description":"Jornalista apaixonado pela profiss\u00e3o!","url":"https:\/\/tribunademinas.audiencelabs.com.br\/author\/jeferson\/"}]}},"amp_enabled":true,"_links":{"self":[{"href":"https:\/\/tribunademinas.audiencelabs.com.br\/wp-json\/wp\/v2\/posts\/3585","targetHints":{"allow":["GET"]}}],"collection":[{"href":"https:\/\/tribunademinas.audiencelabs.com.br\/wp-json\/wp\/v2\/posts"}],"about":[{"href":"https:\/\/tribunademinas.audiencelabs.com.br\/wp-json\/wp\/v2\/types\/post"}],"author":[{"embeddable":true,"href":"https:\/\/tribunademinas.audiencelabs.com.br\/wp-json\/wp\/v2\/users\/5"}],"replies":[{"embeddable":true,"href":"https:\/\/tribunademinas.audiencelabs.com.br\/wp-json\/wp\/v2\/comments?post=3585"}],"version-history":[{"count":3,"href":"https:\/\/tribunademinas.audiencelabs.com.br\/wp-json\/wp\/v2\/posts\/3585\/revisions"}],"predecessor-version":[{"id":3708,"href":"https:\/\/tribunademinas.audiencelabs.com.br\/wp-json\/wp\/v2\/posts\/3585\/revisions\/3708"}],"wp:featuredmedia":[{"embeddable":true,"href":"https:\/\/tribunademinas.audiencelabs.com.br\/wp-json\/wp\/v2\/media\/3586"}],"wp:attachment":[{"href":"https:\/\/tribunademinas.audiencelabs.com.br\/wp-json\/wp\/v2\/media?parent=3585"}],"wp:term":[{"taxonomy":"category","embeddable":true,"href":"https:\/\/tribunademinas.audiencelabs.com.br\/wp-json\/wp\/v2\/categories?post=3585"},{"taxonomy":"post_tag","embeddable":true,"href":"https:\/\/tribunademinas.audiencelabs.com.br\/wp-json\/wp\/v2\/tags?post=3585"}],"curies":[{"name":"wp","href":"https:\/\/api.w.org\/{rel}","templated":true}]}}