{"id":3563,"date":"2025-11-05T17:27:25","date_gmt":"2025-11-05T20:27:25","guid":{"rendered":"https:\/\/tribunademinas.audiencelabs.com.br\/?p=3563"},"modified":"2025-11-06T12:35:44","modified_gmt":"2025-11-06T15:35:44","slug":"lula-da-canetada-em-lei-que-isenta-do-imposto-de-renda-quem-ganha-r-5-mil","status":"publish","type":"post","link":"https:\/\/tribunademinas.audiencelabs.com.br\/lula-da-canetada-em-lei-que-isenta-do-imposto-de-renda-quem-ganha-r-5-mil\/","title":{"rendered":"Lula d\u00e1 canetada em lei que isenta do Imposto de Renda quem ganha at\u00e9 R$ 5 mil"},"content":{"rendered":"\n<p>O presidente Luiz In\u00e1cio Lula da Silva (PT) sancionou a nova legisla\u00e7\u00e3o que estabelece a possibilidade de isen\u00e7\u00e3o permanente do Imposto de Renda para brasileiros que recebem at\u00e9 R$ 5 mil mensais. <\/p>\n\n\n\n<p>A medida, articulada pelo governo com o Congresso Nacional, foi viabilizada a partir da aprova\u00e7\u00e3o do Projeto de Lei do Congresso Nacional (PLN) 1\/2025, que altera a atual Lei de Diretrizes Or\u00e7ament\u00e1rias (LDO) e remove o limite de tempo para benef\u00edcios fiscais voltados a pessoas f\u00edsicas.<\/p>\n\n\n\n<h2 class=\"wp-block-heading\">Lula d\u00e1 canetada em lei que isenta do Imposto de Renda quem ganha R$ 5 mil<\/h2>\n\n\n\n<p>Na pr\u00e1tica, a nova lei n\u00e3o entrega imediatamente a isen\u00e7\u00e3o para todos os contribuintes com renda mensal de at\u00e9 R$ 5 mil, o que depende ainda da aprova\u00e7\u00e3o de outro projeto espec\u00edfico, mas cria o alicerce jur\u00eddico necess\u00e1rio para que essa isen\u00e7\u00e3o, uma vez aprovada, possa ser aplicada de forma permanente. <\/p>\n\n\n\n<p>Antes, a LDO exigia que esse tipo de ren\u00fancia fiscal tivesse um prazo de at\u00e9 cinco anos, o que dificultava a implementa\u00e7\u00e3o de pol\u00edticas tribut\u00e1rias de longo prazo para a popula\u00e7\u00e3o de menor renda.<\/p>\n\n\n\n<p>A proposta sancionada por Lula \u00e9, portanto, um passo essencial para destravar uma das principais promessas de campanha do presidente: aliviar a carga tribut\u00e1ria da classe trabalhadora. <\/p>\n\n\n<style>@media (min-width: 992px) {\n    .recomendadorV2Area1 {\n        width: 280px;\n    }\n    .recomendadorV2Area2 {\n        padding: 0px 20px;\n        width: calc(100% - 280px);\n    }\n}\n\n@media (max-width: 992px) {\n    .recomendadorV2Button {\n        margin: 0 auto;\n    }\n    .recomendadorV2Area {\n        flex-direction: column;\n        text-align: center;\n    }\n    .recomendadorV2Area2 {\n        padding: 0px 20px;\n    }\n}\n\n.recomendadorV2Area {\n    background: #eeeeee3d;\n    border-radius: 10px;\n    padding: 15px;\n    display: flex;\n    margin: 15px auto;\n    border: 1px solid #00000014;\n    max-width: 800px;\n}\n\n.recomendadorV2Area1 img {\n    width: 280px;\n    height: auto;\n    border-radius: 8px;\n}\n\n.linkrecomendadorv2 {\n    text-decoration: none !important;\n}\n\n.recomendadorV2Area2 .recomendadorV2Type {\n    text-transform: uppercase;\n    font-weight: 500;\n    font-size: 11px;\n    letter-spacing: 2px;\n    color: #666;\n    margin: 12px 0;\n    display: block;\n}\n\n.recomendadorV2Title h2 {\n    padding-top: 0px !important;\n    margin: 0px !important;\n    border-left: none !important;\n    padding-left: 0px !important;\n    line-height: 1.3;\n    color: #000 !important;\n    font-size: 24px;\n    margin-bottom: 12px !important;\n}\n\n.recomendadorV2Desc {\n    color: #333;\n    margin: 12px 0px !important;\n    font-size: 15px;\n    line-height: 1.5;\n}\n\n.recomendadorV2Button {\n    width: auto;\n    max-width: 200px;\n    margin: 0;\n    display: inline-flex;\n    align-items: center;\n    background: #1D3557;\n    border-radius: 8px;\n    color: #fff;\n    height: 36px;\n    justify-content: center;\n    text-align: center;\n    font-size: 14px;\n    padding: 0 20px;\n    transition: background-color 0.2s ease;\n}\n\n.recomendadorV2Button:hover {\n    background: #2a4d7a;\n}\n\n.recomendadorV2Button:after {\n    margin-top: -2px;\n    content: \"\u2192\";\n    padding: 0px 0px 0px 8px;\n}\n\n.recomendadorV2Alert {\n    text-align: left;\n    font-size: 11px;\n    margin-top: 8px;\n    color: #666;\n}\n\n.recomendadorFixedArea {\n    width: 100%;\n    display: flex;\n    justify-content: center;\n    align-items: center;\n}\n\n@media (min-width: 992px) {\n    #recomendadorFixed {\n        width: 32% !important;\n        left: 5%;\n    }\n    .recomendadorCloseFixed{\n        right: inherit !important;\n        left: 378px !important;\n    }\n}\n\n#recomendadorFixed {\n    width: 90%;\n    box-shadow: 0 10px 20px 0px #00000057;\n    display: none;\n    height: 90px;\n    background: #F6F6F6;\n    position: fixed;\n    flex-direction: row;\n    bottom: 10px;\n    z-index: 9999;\n    border-radius: 16px;\n    padding: 7px 10px;\n}\n\n.recomendadorLeftArea {\n    width: 160px;\n}\n\n.recomendadorRightArea h2 {\n    padding-top: 0px;\n    margin: 2px 0px 4px 0px !important;\n    font-weight: 400;\n    text-align: center;\n    padding-left: 0px !important;\n    color: #000 !important;\n    border-left: none !important;\n    line-height: 20px;\n    font-size: 12px !important;\n}\n\n.recomendadorImgFixed {\n    overflow: hidden;\n    padding: 8px 6px;\n    height: 100%;\n}\n\n.recomendadorImgFixed img {\n    height: 100% !important;\n    border-radius: 16px;\n}\n\n.recomendadorRightArea {\n    padding-top: 6px;\n    display: flex;\n    width: calc(100% - 130px);\n    justify-content: space-between;\n    align-items: center;\n    flex-direction: column;\n}\n\n.recomendadorButtonFixed {\n    margin: 0 auto;\n    background: #1D3557;\n    width: 80%;\n    text-align: center;\n    font-size: 10px;\n    color: #FFF;\n    padding: 2px 10px;\n    border-radius: 3px;\n}\n\n.recomendadorButtonFixed:after {\n    margin-top: -3px;\n    content: \"\u2192\";\n    padding: 0px 0px 0px 10px;\n}\n\n.recomendadorAlertFixed {\n    font-weight: 400;\n    text-align: center;\n    color: #484848;\n    font-size: 8px;\n}\n\n.recomendadorCloseFixed {\n    z-index: 99999;\n    display: none;\n    right: 0px;\n    left: inherit;\n    bottom: 99px;\n    position: fixed;\n    justify-content: center;\n    background: #F6F6F6;\n    width: 25px;\n    align-items: center;\n    height: 25px;\n    font-weight: 800;\n    border-radius: 50%;\n    border: 1px solid #EBEBEB;\n}\n\n.recomendadorV2Desc{\n    color: #000000;\n    margin: 20px 0px;\n}\n\n@media (max-width: 576px) {\n    .recomendadorV2Area {\n      padding: 10px;\n      max-width: 100%;\n    }\n  \n    .recomendadorV2Area1 img {\n      width: 100%;\n      border-radius: 6px;\n    }\n  \n    .recomendadorV2Area2 .recomendadorV2Type {\n      font-size: 9px;\n      letter-spacing: 1px;\n      margin: 8px 0;\n    }\n  \n    .recomendadorV2Title h2 {\n      font-size: 18px !important;\n      margin-bottom: 8px !important;\n      line-height: 1.2;\n    }\n  \n    .recomendadorV2Desc {\n      font-size: 14px;\n      margin: 8px 0 !important;\n      line-height: 1.4;\n    }\n  \n    .recomendadorV2Button {\n      font-size: 12px;\n      height: 30px;\n      padding: 0 12px;\n      max-width: 160px;\n    }\n  \n    .recomendadorV2Button:after {\n      padding-left: 6px;\n    }\n  }\n  <\/style>\n        <div class=\"lazyblock-recomendador-v2-2jDGz wp-block-lazyblock-recomendador-v2\">\n        <a class=\"linkrecomendadorv2\" href=\"https:\/\/tribunademinas.com.br\/colunas\/maistendencias\/lula-confirma-lavanderias-publicas-em-areas-de-populacao-de-renda-baixa\/?utm_source=lazy\">\n            <div class=\"recomendadorV2Area\">\n            <div class=\"recomendadorV2Area1\">\n                <div class=\"recomendadorV2Img\">\n                <img class=\"lazyloaded\" decoding=\"async\" src=\"https:\/\/tribunademinas.com.br\/colunas\/maistendencias\/wp-content\/uploads\/2025\/11\/lavanderia.jpg\" data-src=\"https:\/\/tribunademinas.com.br\/colunas\/maistendencias\/wp-content\/uploads\/2025\/11\/lavanderia.jpg\" alt=\"\">\n                <\/div>\n            <\/div>\n            <div class=\"recomendadorV2Area2\">\n                <div class=\"recomendadorV2Type\">\n                    <span>Cuidados sociais<\/span>\n                <\/div>\n                <div class=\"recomendadorV2Title\">\n                <h2><span>Lula confirma lavanderias p\u00fablicas comunit\u00e1rias \ud83e\uddfa<\/span><\/h2>\n                <\/div>\n                <div class=\"recomendadorV2Desc\">\n                <span>Programa vai reduzir carga dom\u00e9stica de mulheres<\/span>\n                <\/div>\n                <div class=\"recomendadorV2Button\">Veja como funciona<\/div>\n                <div class=\"recomendadorV2Alert\"><\/div>\n            <\/div>\n            <\/div>\n        <\/a>\n        <div>\n            <div style=\"z-index:99999;\" id=\"buttonClose\" onclick=\"closeRecomendadorFixed()\">\n            <div class=\"recomendadorCloseFixed\">X<\/div>\n            <\/div>\n            <a href=\"https:\/\/tribunademinas.com.br\/colunas\/maistendencias\/lula-confirma-lavanderias-publicas-em-areas-de-populacao-de-renda-baixa\/?utm_source=lazy\">\n            <div class=\"recomendadorFixedArea\">\n                <div id=\"recomendadorFixed\">\n                <div class=\"recomendadorLeftArea\">\n                    <div class=\"recomendadorImgFixed\">\n                    <img class=\"lazyload\" decoding=\"async\" src=\"https:\/\/tribunademinas.com.br\/colunas\/maistendencias\/wp-content\/uploads\/2025\/11\/lavanderia.jpg\" alt=\"\">\n                    <\/div>\n                <\/div>\n                <div class=\"recomendadorRightArea\">\n                    <div class=\"recomendadorTitleFixed\">\n                    <h2><span>Lula confirma lavanderias p\u00fablicas comunit\u00e1rias \ud83e\uddfa<\/span><\/h2>\n                    <\/div>\n                    <div class=\"recomendadorButtonFixed\">Veja como funciona<\/div>\n                    <div class=\"recomendadorAlertFixed\"><\/div>\n                <\/div>\n                <\/div>\n            <\/div>\n            <\/a>\n        <\/div>\n        <\/div>\n\n\n\n<p>Com a altera\u00e7\u00e3o na legisla\u00e7\u00e3o or\u00e7ament\u00e1ria, o governo ganha espa\u00e7o para tornar definitiva a faixa de isen\u00e7\u00e3o do Imposto de Renda que, atualmente, beneficia quem recebe at\u00e9 dois sal\u00e1rios m\u00ednimos.<\/p>\n\n\n\n<p>O pr\u00f3ximo passo \u00e9 a tramita\u00e7\u00e3o do<a href=\"https:\/\/www25.senado.leg.br\/web\/atividade\/materias\/-\/materia\/170775\"><strong> Projeto de Lei 1.087\/2025<\/strong><\/a>, j\u00e1 aprovado na C\u00e2mara dos Deputados, que amplia a faixa de isen\u00e7\u00e3o do Imposto de Renda da Pessoa F\u00edsica para todos os trabalhadores que ganham at\u00e9 R$ 5 mil por m\u00eas. <\/p>\n\n\n\n<p>Al\u00e9m disso, prop\u00f5e uma tabela progressiva para quem recebe entre R$ 5 mil e R$ 7.350 mensais, com dedu\u00e7\u00f5es autom\u00e1ticas para evitar distor\u00e7\u00f5es no valor l\u00edquido recebido.<\/p>\n\n\n\n<h3 class=\"wp-block-heading\">Isen\u00e7\u00e3o do Imposto de Renda para quem ganha at\u00e9 R$ 5 mil ainda precisa ser aprovada no Senado<\/h3>\n\n\n\n<p>O projeto, no entanto, ainda precisa ser aprovado no Senado Federal. A proposta encontra-se atualmente na Comiss\u00e3o de Assuntos Econ\u00f4micos (CAE), onde sua vota\u00e7\u00e3o foi adiada ap\u00f3s pedido de vista coletivo. <\/p>\n\n\n\n<p>A expectativa \u00e9 de que o texto seja analisado na pr\u00f3xima sess\u00e3o da comiss\u00e3o, marcada para esta quarta-feira (05). Caso passe sem altera\u00e7\u00f5es, seguir\u00e1 diretamente para san\u00e7\u00e3o presidencial. Se houver mudan\u00e7as, precisar\u00e1 retornar \u00e0 C\u00e2mara para nova avalia\u00e7\u00e3o.<\/p>\n\n\n\n<p>O governo pressiona por uma tramita\u00e7\u00e3o c\u00e9lere, com o objetivo de promulgar a lei ainda este ano, garantindo que as mudan\u00e7as entrem em vigor j\u00e1 em 2026. <\/p>\n\n\n\n<p>A urg\u00eancia \u00e9 estrat\u00e9gica: 2026 \u00e9 tamb\u00e9m ano de elei\u00e7\u00e3o presidencial, e a promessa de desonerar a base da pir\u00e2mide salarial \u00e9 considerada vital para a narrativa pol\u00edtica da atual gest\u00e3o.<\/p>\n\n\n\n<p>Embora o Minist\u00e9rio da Fazenda defenda que a mudan\u00e7a seja fiscalmente neutra, parlamentares discutem mecanismos de compensa\u00e7\u00e3o, como o aumento de tributos sobre setores como apostas online, bancos e fintechs, para evitar impacto nas contas p\u00fablicas.<\/p>\n\n\n\n<p>Se aprovada, a nova faixa de isen\u00e7\u00e3o pode beneficiar mais de 25 milh\u00f5es de trabalhadores em todo o pa\u00eds.<\/p>\n\n\n\n<p><\/p>\n","protected":false},"excerpt":{"rendered":"<p>O presidente Luiz In\u00e1cio Lula da Silva (PT) sancionou a nova legisla\u00e7\u00e3o que estabelece a possibilidade de isen\u00e7\u00e3o permanente do Imposto de Renda para brasileiros que recebem at\u00e9 R$ 5 mil mensais. A medida, articulada pelo governo com o Congresso Nacional, foi viabilizada a partir da aprova\u00e7\u00e3o do Projeto de Lei do Congresso Nacional (PLN) [&hellip;]<\/p>\n","protected":false},"author":5,"featured_media":3564,"comment_status":"open","ping_status":"open","sticky":false,"template":"","format":"standard","meta":{"jnews-multi-image_gallery":[],"jnews_single_post":{"format":"standard"},"jnews_primary_category":[],"jnews_social_meta":[],"jnews_post_split":[],"footnotes":""},"categories":[1],"tags":[],"class_list":["post-3563","post","type-post","status-publish","format-standard","has-post-thumbnail","hentry","category-dinheiro"],"yoast_head":"<!-- This site is optimized with the Yoast SEO plugin v25.6 - https:\/\/yoast.com\/wordpress\/plugins\/seo\/ -->\n<title>Lula d\u00e1 canetada em lei que isenta do Imposto de Renda quem ganha at\u00e9 R$ 5 mil<\/title>\n<meta name=\"description\" content=\"Lula sancionou a nova lei que estabelece a possibilidade de isen\u00e7\u00e3o permanente do Imposto de Renda para quem recebe at\u00e9 R$ 5 mil mensais.\" \/>\n<meta name=\"robots\" content=\"index, follow, max-snippet:-1, max-image-preview:large, max-video-preview:-1\" \/>\n<link rel=\"canonical\" href=\"https:\/\/tribunademinas.audiencelabs.com.br\/lula-da-canetada-em-lei-que-isenta-do-imposto-de-renda-quem-ganha-r-5-mil\/\" \/>\n<meta property=\"og:locale\" content=\"pt_BR\" \/>\n<meta property=\"og:type\" content=\"article\" \/>\n<meta property=\"og:title\" content=\"Lula d\u00e1 canetada em lei que isenta do Imposto de Renda quem ganha at\u00e9 R$ 5 mil\" \/>\n<meta property=\"og:description\" content=\"Lula sancionou a nova lei que estabelece a possibilidade de isen\u00e7\u00e3o permanente do Imposto de Renda para quem recebe at\u00e9 R$ 5 mil mensais.\" \/>\n<meta property=\"og:url\" content=\"https:\/\/tribunademinas.audiencelabs.com.br\/lula-da-canetada-em-lei-que-isenta-do-imposto-de-renda-quem-ganha-r-5-mil\/\" \/>\n<meta property=\"og:site_name\" content=\"Tribuna de Minas - Dinheiro e Cidadania\" \/>\n<meta property=\"article:publisher\" content=\"https:\/\/www.facebook.com\/tribunademinas\/\" \/>\n<meta property=\"article:published_time\" content=\"2025-11-05T20:27:25+00:00\" \/>\n<meta property=\"article:modified_time\" content=\"2025-11-06T15:35:44+00:00\" \/>\n<meta property=\"og:image\" content=\"https:\/\/tribunademinas.audiencelabs.com.br\/wp-content\/uploads\/2025\/11\/Imposto-de-Renda.webp\" \/>\n\t<meta property=\"og:image:width\" content=\"1170\" \/>\n\t<meta property=\"og:image:height\" content=\"700\" \/>\n\t<meta property=\"og:image:type\" content=\"image\/webp\" \/>\n<meta name=\"author\" content=\"Jeferson Carvalho\" \/>\n<meta name=\"twitter:card\" content=\"summary_large_image\" \/>\n<meta name=\"twitter:creator\" content=\"@tribunademinas\" \/>\n<meta name=\"twitter:site\" content=\"@tribunademinas\" \/>\n<meta name=\"twitter:label1\" content=\"Escrito por\" \/>\n\t<meta name=\"twitter:data1\" content=\"Jeferson Carvalho\" \/>\n\t<meta name=\"twitter:label2\" content=\"Est. tempo de leitura\" \/>\n\t<meta name=\"twitter:data2\" content=\"4 minutos\" \/>\n<!-- \/ Yoast SEO plugin. -->","yoast_head_json":{"title":"Lula d\u00e1 canetada em lei que isenta do Imposto de Renda quem ganha at\u00e9 R$ 5 mil","description":"Lula sancionou a nova lei que estabelece a possibilidade de isen\u00e7\u00e3o permanente do Imposto de Renda para quem recebe at\u00e9 R$ 5 mil mensais.","robots":{"index":"index","follow":"follow","max-snippet":"max-snippet:-1","max-image-preview":"max-image-preview:large","max-video-preview":"max-video-preview:-1"},"canonical":"https:\/\/tribunademinas.audiencelabs.com.br\/lula-da-canetada-em-lei-que-isenta-do-imposto-de-renda-quem-ganha-r-5-mil\/","og_locale":"pt_BR","og_type":"article","og_title":"Lula d\u00e1 canetada em lei que isenta do Imposto de Renda quem ganha at\u00e9 R$ 5 mil","og_description":"Lula sancionou a nova lei que estabelece a possibilidade de isen\u00e7\u00e3o permanente do Imposto de Renda para quem recebe at\u00e9 R$ 5 mil mensais.","og_url":"https:\/\/tribunademinas.audiencelabs.com.br\/lula-da-canetada-em-lei-que-isenta-do-imposto-de-renda-quem-ganha-r-5-mil\/","og_site_name":"Tribuna de Minas - Dinheiro e Cidadania","article_publisher":"https:\/\/www.facebook.com\/tribunademinas\/","article_published_time":"2025-11-05T20:27:25+00:00","article_modified_time":"2025-11-06T15:35:44+00:00","og_image":[{"width":1170,"height":700,"url":"https:\/\/tribunademinas.audiencelabs.com.br\/wp-content\/uploads\/2025\/11\/Imposto-de-Renda.webp","type":"image\/webp"}],"author":"Jeferson Carvalho","twitter_card":"summary_large_image","twitter_creator":"@tribunademinas","twitter_site":"@tribunademinas","twitter_misc":{"Escrito por":"Jeferson Carvalho","Est. tempo de leitura":"4 minutos"},"schema":{"@context":"https:\/\/schema.org","@graph":[{"@type":"Article","@id":"https:\/\/tribunademinas.audiencelabs.com.br\/lula-da-canetada-em-lei-que-isenta-do-imposto-de-renda-quem-ganha-r-5-mil\/#article","isPartOf":{"@id":"https:\/\/tribunademinas.audiencelabs.com.br\/lula-da-canetada-em-lei-que-isenta-do-imposto-de-renda-quem-ganha-r-5-mil\/"},"author":{"name":"Jeferson Carvalho","@id":"https:\/\/tribunademinas.audiencelabs.com.br\/#\/schema\/person\/db18fc40307804bacef94213aa68fd9d"},"headline":"Lula d\u00e1 canetada em lei que isenta do Imposto de Renda quem ganha at\u00e9 R$ 5 mil","datePublished":"2025-11-05T20:27:25+00:00","dateModified":"2025-11-06T15:35:44+00:00","mainEntityOfPage":{"@id":"https:\/\/tribunademinas.audiencelabs.com.br\/lula-da-canetada-em-lei-que-isenta-do-imposto-de-renda-quem-ganha-r-5-mil\/"},"wordCount":631,"commentCount":0,"publisher":{"@id":"https:\/\/tribunademinas.audiencelabs.com.br\/#organization"},"image":{"@id":"https:\/\/tribunademinas.audiencelabs.com.br\/lula-da-canetada-em-lei-que-isenta-do-imposto-de-renda-quem-ganha-r-5-mil\/#primaryimage"},"thumbnailUrl":"https:\/\/tribunademinas.audiencelabs.com.br\/wp-content\/uploads\/2025\/11\/Imposto-de-Renda.webp","articleSection":["Dinheiro"],"inLanguage":"pt-BR","potentialAction":[{"@type":"CommentAction","name":"Comment","target":["https:\/\/tribunademinas.audiencelabs.com.br\/lula-da-canetada-em-lei-que-isenta-do-imposto-de-renda-quem-ganha-r-5-mil\/#respond"]}]},{"@type":"WebPage","@id":"https:\/\/tribunademinas.audiencelabs.com.br\/lula-da-canetada-em-lei-que-isenta-do-imposto-de-renda-quem-ganha-r-5-mil\/","url":"https:\/\/tribunademinas.audiencelabs.com.br\/lula-da-canetada-em-lei-que-isenta-do-imposto-de-renda-quem-ganha-r-5-mil\/","name":"Lula d\u00e1 canetada em lei que isenta do Imposto de Renda quem ganha at\u00e9 R$ 5 mil","isPartOf":{"@id":"https:\/\/tribunademinas.audiencelabs.com.br\/#website"},"primaryImageOfPage":{"@id":"https:\/\/tribunademinas.audiencelabs.com.br\/lula-da-canetada-em-lei-que-isenta-do-imposto-de-renda-quem-ganha-r-5-mil\/#primaryimage"},"image":{"@id":"https:\/\/tribunademinas.audiencelabs.com.br\/lula-da-canetada-em-lei-que-isenta-do-imposto-de-renda-quem-ganha-r-5-mil\/#primaryimage"},"thumbnailUrl":"https:\/\/tribunademinas.audiencelabs.com.br\/wp-content\/uploads\/2025\/11\/Imposto-de-Renda.webp","datePublished":"2025-11-05T20:27:25+00:00","dateModified":"2025-11-06T15:35:44+00:00","description":"Lula sancionou a nova lei que estabelece a possibilidade de isen\u00e7\u00e3o permanente do Imposto de Renda para quem recebe at\u00e9 R$ 5 mil mensais.","breadcrumb":{"@id":"https:\/\/tribunademinas.audiencelabs.com.br\/lula-da-canetada-em-lei-que-isenta-do-imposto-de-renda-quem-ganha-r-5-mil\/#breadcrumb"},"inLanguage":"pt-BR","potentialAction":[{"@type":"ReadAction","target":["https:\/\/tribunademinas.audiencelabs.com.br\/lula-da-canetada-em-lei-que-isenta-do-imposto-de-renda-quem-ganha-r-5-mil\/"]}]},{"@type":"ImageObject","inLanguage":"pt-BR","@id":"https:\/\/tribunademinas.audiencelabs.com.br\/lula-da-canetada-em-lei-que-isenta-do-imposto-de-renda-quem-ganha-r-5-mil\/#primaryimage","url":"https:\/\/tribunademinas.audiencelabs.com.br\/wp-content\/uploads\/2025\/11\/Imposto-de-Renda.webp","contentUrl":"https:\/\/tribunademinas.audiencelabs.com.br\/wp-content\/uploads\/2025\/11\/Imposto-de-Renda.webp","width":1170,"height":700,"caption":"Lula d\u00e1 canetada em lei que isenta do Imposto de Renda quem ganha R$ 5 mil - Imagem: Jo\u00e9dson Alves\/Ag\u00eancia Brasil"},{"@type":"BreadcrumbList","@id":"https:\/\/tribunademinas.audiencelabs.com.br\/lula-da-canetada-em-lei-que-isenta-do-imposto-de-renda-quem-ganha-r-5-mil\/#breadcrumb","itemListElement":[{"@type":"ListItem","position":1,"name":"In\u00edcio","item":"https:\/\/tribunademinas.audiencelabs.com.br\/"},{"@type":"ListItem","position":2,"name":"Lula d\u00e1 canetada em lei que isenta do Imposto de Renda quem ganha at\u00e9 R$ 5 mil"}]},{"@type":"WebSite","@id":"https:\/\/tribunademinas.audiencelabs.com.br\/#website","url":"https:\/\/tribunademinas.audiencelabs.com.br\/","name":"Tribuna de Minas - Dinheiro e Cidadania","description":"","publisher":{"@id":"https:\/\/tribunademinas.audiencelabs.com.br\/#organization"},"potentialAction":[{"@type":"SearchAction","target":{"@type":"EntryPoint","urlTemplate":"https:\/\/tribunademinas.audiencelabs.com.br\/?s={search_term_string}"},"query-input":{"@type":"PropertyValueSpecification","valueRequired":true,"valueName":"search_term_string"}}],"inLanguage":"pt-BR"},{"@type":"Organization","@id":"https:\/\/tribunademinas.audiencelabs.com.br\/#organization","name":"Tribuna de Minas - Dinheiro e Cidadania","url":"https:\/\/tribunademinas.audiencelabs.com.br\/","logo":{"@type":"ImageObject","inLanguage":"pt-BR","@id":"https:\/\/tribunademinas.audiencelabs.com.br\/#\/schema\/logo\/image\/","url":"https:\/\/tribunademinas.audiencelabs.com.br\/wp-content\/uploads\/2025\/08\/cropped-Tribuna_512x512-96x96-1.png","contentUrl":"https:\/\/tribunademinas.audiencelabs.com.br\/wp-content\/uploads\/2025\/08\/cropped-Tribuna_512x512-96x96-1.png","width":96,"height":96,"caption":"Tribuna de Minas - Dinheiro e Cidadania"},"image":{"@id":"https:\/\/tribunademinas.audiencelabs.com.br\/#\/schema\/logo\/image\/"},"sameAs":["https:\/\/www.facebook.com\/tribunademinas\/","https:\/\/x.com\/tribunademinas","https:\/\/www.instagram.com\/tribunademinas\/","https:\/\/www.youtube.com\/user\/TribunadeMinasJF"]},{"@type":"Person","@id":"https:\/\/tribunademinas.audiencelabs.com.br\/#\/schema\/person\/db18fc40307804bacef94213aa68fd9d","name":"Jeferson Carvalho","image":{"@type":"ImageObject","inLanguage":"pt-BR","@id":"https:\/\/tribunademinas.audiencelabs.com.br\/#\/schema\/person\/image\/","url":"https:\/\/secure.gravatar.com\/avatar\/cd7646e328d9670dad7dea8698522e522745eeffcff5b9d08be858e377ce326b?s=96&d=mm&r=g","contentUrl":"https:\/\/secure.gravatar.com\/avatar\/cd7646e328d9670dad7dea8698522e522745eeffcff5b9d08be858e377ce326b?s=96&d=mm&r=g","caption":"Jeferson Carvalho"},"description":"Jornalista apaixonado pela profiss\u00e3o!","url":"https:\/\/tribunademinas.audiencelabs.com.br\/author\/jeferson\/"}]}},"amp_enabled":true,"_links":{"self":[{"href":"https:\/\/tribunademinas.audiencelabs.com.br\/wp-json\/wp\/v2\/posts\/3563","targetHints":{"allow":["GET"]}}],"collection":[{"href":"https:\/\/tribunademinas.audiencelabs.com.br\/wp-json\/wp\/v2\/posts"}],"about":[{"href":"https:\/\/tribunademinas.audiencelabs.com.br\/wp-json\/wp\/v2\/types\/post"}],"author":[{"embeddable":true,"href":"https:\/\/tribunademinas.audiencelabs.com.br\/wp-json\/wp\/v2\/users\/5"}],"replies":[{"embeddable":true,"href":"https:\/\/tribunademinas.audiencelabs.com.br\/wp-json\/wp\/v2\/comments?post=3563"}],"version-history":[{"count":3,"href":"https:\/\/tribunademinas.audiencelabs.com.br\/wp-json\/wp\/v2\/posts\/3563\/revisions"}],"predecessor-version":[{"id":3605,"href":"https:\/\/tribunademinas.audiencelabs.com.br\/wp-json\/wp\/v2\/posts\/3563\/revisions\/3605"}],"wp:featuredmedia":[{"embeddable":true,"href":"https:\/\/tribunademinas.audiencelabs.com.br\/wp-json\/wp\/v2\/media\/3564"}],"wp:attachment":[{"href":"https:\/\/tribunademinas.audiencelabs.com.br\/wp-json\/wp\/v2\/media?parent=3563"}],"wp:term":[{"taxonomy":"category","embeddable":true,"href":"https:\/\/tribunademinas.audiencelabs.com.br\/wp-json\/wp\/v2\/categories?post=3563"},{"taxonomy":"post_tag","embeddable":true,"href":"https:\/\/tribunademinas.audiencelabs.com.br\/wp-json\/wp\/v2\/tags?post=3563"}],"curies":[{"name":"wp","href":"https:\/\/api.w.org\/{rel}","templated":true}]}}