{"id":355,"date":"2025-08-08T14:00:29","date_gmt":"2025-08-08T17:00:29","guid":{"rendered":"https:\/\/tribunademinas.audiencelabs.com.br\/?p=355"},"modified":"2025-08-07T14:28:12","modified_gmt":"2025-08-07T17:28:12","slug":"predio-no-brasil-de-quase-r-150-mil-e-comprado-pela-uniao-europeia","status":"publish","type":"post","link":"https:\/\/tribunademinas.audiencelabs.com.br\/predio-no-brasil-de-quase-r-150-mil-e-comprado-pela-uniao-europeia\/","title":{"rendered":"Pr\u00e9dio no Brasil de quase R$ 150 mil \u00e9 comprado pela Uni\u00e3o Europeia"},"content":{"rendered":"\n<p>Nesta ter\u00e7a-feira (5), a <strong>Uni\u00e3o Europeia <\/strong>realizou uma das maiores transa\u00e7\u00f5es corporativas dos \u00faltimos tempos. Isso porque o bloco econ\u00f4mico adquiriu oficialmente o pr\u00e9dio <strong>Lotus Prime<\/strong>, em Bras\u00edlia, pelo custo de R$ 146,6 milh\u00f5es.<\/p>\n\n\n\n<p>E embora o valor pare\u00e7a alto, ele \u00e9 plenamente justific\u00e1vel, j\u00e1 que se trata de um im\u00f3vel <em>triple A<\/em>, que representa o mais alto padr\u00e3o de qualidade no mercado imobili\u00e1rio corporativo, localizado \u00e0s margens do lago Parano\u00e1, no Lago Sul, que \u00e9 um dos pontos mais nobres da capital do pa\u00eds.<\/p>\n\n\n\n<p>Al\u00e9m disso, vale destacar que o edif\u00edcio ocupa uma \u00e1rea de cerca de 4,3 mil m\u00b2, e \u00e9 formado por um conjunto de tr\u00eas blocos sobrepostos, que cria um design \u00fanico, diferenciando-se de outros edif\u00edcios que abrigam grandes companhias.<\/p>\n\n\n\n<p>O Lotus Prime tamb\u00e9m fica situado ao lado da Ponte das Gar\u00e7as, do Aeroporto Internacional de Bras\u00edlia e das embaixadas e consulados, o que pode ter contribu\u00eddo ainda mais para a valoriza\u00e7\u00e3o do seu pre\u00e7o de venda. De acordo com a Lotus, a taxa de capitaliza\u00e7\u00e3o, o chamado &#8220;cap rate&#8221;, foi de 5,1%.\u00a0<\/p>\n\n\n\n<h2 class=\"wp-block-heading\">Pr\u00e9dio j\u00e1 era utilizado pela UE desde 2023<\/h2>\n\n\n\n<p>O Lotus Prime foi entregue no final de 2023, e desde aquela \u00e9poca, passou a obrigar a embaixada da Uni\u00e3o Europeia por meio de um contrado de aluguel de 20 anos. No entanto, alguns meses ap\u00f3s a loca\u00e7\u00e3o, o bloco passou a demonstrar interesse na compra do pr\u00e9dio.<\/p>\n\n\n\n<p>O processo de aquisi\u00e7\u00e3o teve in\u00edcio ainda no ano passado, mas a assinatura de compra s\u00f3 foi conclu\u00edda nesta semana em Bruxelas, na B\u00e9lgica. Agora, o im\u00f3vel passa a integrar o patrim\u00f4nio da UE, sendo definido como o \u201cprojeto modelo\u201d para representa\u00e7\u00f5es diplom\u00e1ticas globais futuras.<\/p>\n\n\n\n<p>Vale destacar que, embora a Lotus j\u00e1 tenha fechado acordos semelhantes com grandes institui\u00e7\u00f5es, como o Banco Mundial e a ApexBrasil, este tipo de transa\u00e7\u00e3o \u00e9 extremamente raro, ainda mais em Bras\u00edlia.<\/p>\n","protected":false},"excerpt":{"rendered":"<p>Nesta ter\u00e7a-feira (5), a Uni\u00e3o Europeia realizou uma das maiores transa\u00e7\u00f5es corporativas dos \u00faltimos tempos. Isso porque o bloco econ\u00f4mico adquiriu oficialmente o pr\u00e9dio Lotus Prime, em Bras\u00edlia, pelo custo de R$ 146,6 milh\u00f5es. E embora o valor pare\u00e7a alto, ele \u00e9 plenamente justific\u00e1vel, j\u00e1 que se trata de um im\u00f3vel triple A, que representa [&hellip;]<\/p>\n","protected":false},"author":3,"featured_media":356,"comment_status":"open","ping_status":"open","sticky":false,"template":"","format":"standard","meta":{"jnews-multi-image_gallery":[],"jnews_single_post":{"format":"standard"},"jnews_primary_category":[],"jnews_social_meta":[],"jnews_post_split":[],"footnotes":""},"categories":[1],"tags":[],"class_list":["post-355","post","type-post","status-publish","format-standard","has-post-thumbnail","hentry","category-dinheiro"],"yoast_head":"<!-- This site is optimized with the Yoast SEO plugin v25.6 - https:\/\/yoast.com\/wordpress\/plugins\/seo\/ -->\n<title>Pr\u00e9dio no Brasil de quase R$ 150 mil \u00e9 comprado pela Uni\u00e3o Europeia<\/title>\n<meta name=\"robots\" content=\"index, follow, max-snippet:-1, max-image-preview:large, max-video-preview:-1\" \/>\n<link rel=\"canonical\" href=\"https:\/\/tribunademinas.audiencelabs.com.br\/predio-no-brasil-de-quase-r-150-mil-e-comprado-pela-uniao-europeia\/\" \/>\n<meta property=\"og:locale\" content=\"pt_BR\" \/>\n<meta property=\"og:type\" content=\"article\" \/>\n<meta property=\"og:title\" content=\"Pr\u00e9dio no Brasil de quase R$ 150 mil \u00e9 comprado pela Uni\u00e3o Europeia\" \/>\n<meta property=\"og:description\" content=\"Nesta ter\u00e7a-feira (5), a Uni\u00e3o Europeia realizou uma das maiores transa\u00e7\u00f5es corporativas dos \u00faltimos tempos. Isso porque o bloco econ\u00f4mico adquiriu oficialmente o pr\u00e9dio Lotus Prime, em Bras\u00edlia, pelo custo de R$ 146,6 milh\u00f5es. E embora o valor pare\u00e7a alto, ele \u00e9 plenamente justific\u00e1vel, j\u00e1 que se trata de um im\u00f3vel triple A, que representa [&hellip;]\" \/>\n<meta property=\"og:url\" content=\"https:\/\/tribunademinas.audiencelabs.com.br\/predio-no-brasil-de-quase-r-150-mil-e-comprado-pela-uniao-europeia\/\" \/>\n<meta property=\"og:site_name\" content=\"Tribuna de Minas - Dinheiro e Cidadania\" \/>\n<meta property=\"article:publisher\" content=\"https:\/\/www.facebook.com\/tribunademinas\/\" \/>\n<meta property=\"article:published_time\" content=\"2025-08-08T17:00:29+00:00\" \/>\n<meta property=\"og:image\" content=\"https:\/\/tribunademinas.audiencelabs.com.br\/wp-content\/uploads\/2025\/08\/predio-brasil-comprado-uniao-europeia.jpg\" \/>\n\t<meta property=\"og:image:width\" content=\"1920\" \/>\n\t<meta property=\"og:image:height\" content=\"1080\" \/>\n\t<meta property=\"og:image:type\" content=\"image\/jpeg\" \/>\n<meta name=\"author\" content=\"Jo\u00e3o Carlos Gomes\" \/>\n<meta name=\"twitter:card\" content=\"summary_large_image\" \/>\n<meta name=\"twitter:creator\" content=\"@tribunademinas\" \/>\n<meta name=\"twitter:site\" content=\"@tribunademinas\" \/>\n<meta name=\"twitter:label1\" content=\"Escrito por\" \/>\n\t<meta name=\"twitter:data1\" content=\"Jo\u00e3o Carlos Gomes\" \/>\n\t<meta name=\"twitter:label2\" content=\"Est. tempo de leitura\" \/>\n\t<meta name=\"twitter:data2\" content=\"2 minutos\" \/>\n<!-- \/ Yoast SEO plugin. -->","yoast_head_json":{"title":"Pr\u00e9dio no Brasil de quase R$ 150 mil \u00e9 comprado pela Uni\u00e3o Europeia","robots":{"index":"index","follow":"follow","max-snippet":"max-snippet:-1","max-image-preview":"max-image-preview:large","max-video-preview":"max-video-preview:-1"},"canonical":"https:\/\/tribunademinas.audiencelabs.com.br\/predio-no-brasil-de-quase-r-150-mil-e-comprado-pela-uniao-europeia\/","og_locale":"pt_BR","og_type":"article","og_title":"Pr\u00e9dio no Brasil de quase R$ 150 mil \u00e9 comprado pela Uni\u00e3o Europeia","og_description":"Nesta ter\u00e7a-feira (5), a Uni\u00e3o Europeia realizou uma das maiores transa\u00e7\u00f5es corporativas dos \u00faltimos tempos. Isso porque o bloco econ\u00f4mico adquiriu oficialmente o pr\u00e9dio Lotus Prime, em Bras\u00edlia, pelo custo de R$ 146,6 milh\u00f5es. E embora o valor pare\u00e7a alto, ele \u00e9 plenamente justific\u00e1vel, j\u00e1 que se trata de um im\u00f3vel triple A, que representa [&hellip;]","og_url":"https:\/\/tribunademinas.audiencelabs.com.br\/predio-no-brasil-de-quase-r-150-mil-e-comprado-pela-uniao-europeia\/","og_site_name":"Tribuna de Minas - Dinheiro e Cidadania","article_publisher":"https:\/\/www.facebook.com\/tribunademinas\/","article_published_time":"2025-08-08T17:00:29+00:00","og_image":[{"width":1920,"height":1080,"url":"https:\/\/tribunademinas.audiencelabs.com.br\/wp-content\/uploads\/2025\/08\/predio-brasil-comprado-uniao-europeia.jpg","type":"image\/jpeg"}],"author":"Jo\u00e3o Carlos Gomes","twitter_card":"summary_large_image","twitter_creator":"@tribunademinas","twitter_site":"@tribunademinas","twitter_misc":{"Escrito por":"Jo\u00e3o Carlos Gomes","Est. tempo de leitura":"2 minutos"},"schema":{"@context":"https:\/\/schema.org","@graph":[{"@type":"Article","@id":"https:\/\/tribunademinas.audiencelabs.com.br\/predio-no-brasil-de-quase-r-150-mil-e-comprado-pela-uniao-europeia\/#article","isPartOf":{"@id":"https:\/\/tribunademinas.audiencelabs.com.br\/predio-no-brasil-de-quase-r-150-mil-e-comprado-pela-uniao-europeia\/"},"author":{"name":"Jo\u00e3o Carlos Gomes","@id":"https:\/\/tribunademinas.audiencelabs.com.br\/#\/schema\/person\/37af466a64a722fadb8ef6841c52114f"},"headline":"Pr\u00e9dio no Brasil de quase R$ 150 mil \u00e9 comprado pela Uni\u00e3o Europeia","datePublished":"2025-08-08T17:00:29+00:00","mainEntityOfPage":{"@id":"https:\/\/tribunademinas.audiencelabs.com.br\/predio-no-brasil-de-quase-r-150-mil-e-comprado-pela-uniao-europeia\/"},"wordCount":352,"commentCount":0,"publisher":{"@id":"https:\/\/tribunademinas.audiencelabs.com.br\/#organization"},"image":{"@id":"https:\/\/tribunademinas.audiencelabs.com.br\/predio-no-brasil-de-quase-r-150-mil-e-comprado-pela-uniao-europeia\/#primaryimage"},"thumbnailUrl":"https:\/\/tribunademinas.audiencelabs.com.br\/wp-content\/uploads\/2025\/08\/predio-brasil-comprado-uniao-europeia.jpg","articleSection":["Dinheiro"],"inLanguage":"pt-BR","potentialAction":[{"@type":"CommentAction","name":"Comment","target":["https:\/\/tribunademinas.audiencelabs.com.br\/predio-no-brasil-de-quase-r-150-mil-e-comprado-pela-uniao-europeia\/#respond"]}]},{"@type":"WebPage","@id":"https:\/\/tribunademinas.audiencelabs.com.br\/predio-no-brasil-de-quase-r-150-mil-e-comprado-pela-uniao-europeia\/","url":"https:\/\/tribunademinas.audiencelabs.com.br\/predio-no-brasil-de-quase-r-150-mil-e-comprado-pela-uniao-europeia\/","name":"Pr\u00e9dio no Brasil de quase R$ 150 mil \u00e9 comprado pela Uni\u00e3o Europeia","isPartOf":{"@id":"https:\/\/tribunademinas.audiencelabs.com.br\/#website"},"primaryImageOfPage":{"@id":"https:\/\/tribunademinas.audiencelabs.com.br\/predio-no-brasil-de-quase-r-150-mil-e-comprado-pela-uniao-europeia\/#primaryimage"},"image":{"@id":"https:\/\/tribunademinas.audiencelabs.com.br\/predio-no-brasil-de-quase-r-150-mil-e-comprado-pela-uniao-europeia\/#primaryimage"},"thumbnailUrl":"https:\/\/tribunademinas.audiencelabs.com.br\/wp-content\/uploads\/2025\/08\/predio-brasil-comprado-uniao-europeia.jpg","datePublished":"2025-08-08T17:00:29+00:00","breadcrumb":{"@id":"https:\/\/tribunademinas.audiencelabs.com.br\/predio-no-brasil-de-quase-r-150-mil-e-comprado-pela-uniao-europeia\/#breadcrumb"},"inLanguage":"pt-BR","potentialAction":[{"@type":"ReadAction","target":["https:\/\/tribunademinas.audiencelabs.com.br\/predio-no-brasil-de-quase-r-150-mil-e-comprado-pela-uniao-europeia\/"]}]},{"@type":"ImageObject","inLanguage":"pt-BR","@id":"https:\/\/tribunademinas.audiencelabs.com.br\/predio-no-brasil-de-quase-r-150-mil-e-comprado-pela-uniao-europeia\/#primaryimage","url":"https:\/\/tribunademinas.audiencelabs.com.br\/wp-content\/uploads\/2025\/08\/predio-brasil-comprado-uniao-europeia.jpg","contentUrl":"https:\/\/tribunademinas.audiencelabs.com.br\/wp-content\/uploads\/2025\/08\/predio-brasil-comprado-uniao-europeia.jpg","width":1920,"height":1080,"caption":"Foto: Guillaume P\u00e9rigois\/Unsplash"},{"@type":"BreadcrumbList","@id":"https:\/\/tribunademinas.audiencelabs.com.br\/predio-no-brasil-de-quase-r-150-mil-e-comprado-pela-uniao-europeia\/#breadcrumb","itemListElement":[{"@type":"ListItem","position":1,"name":"In\u00edcio","item":"https:\/\/tribunademinas.audiencelabs.com.br\/"},{"@type":"ListItem","position":2,"name":"Pr\u00e9dio no Brasil de quase R$ 150 mil \u00e9 comprado pela Uni\u00e3o Europeia"}]},{"@type":"WebSite","@id":"https:\/\/tribunademinas.audiencelabs.com.br\/#website","url":"https:\/\/tribunademinas.audiencelabs.com.br\/","name":"Tribuna de Minas - Dinheiro e Cidadania","description":"","publisher":{"@id":"https:\/\/tribunademinas.audiencelabs.com.br\/#organization"},"potentialAction":[{"@type":"SearchAction","target":{"@type":"EntryPoint","urlTemplate":"https:\/\/tribunademinas.audiencelabs.com.br\/?s={search_term_string}"},"query-input":{"@type":"PropertyValueSpecification","valueRequired":true,"valueName":"search_term_string"}}],"inLanguage":"pt-BR"},{"@type":"Organization","@id":"https:\/\/tribunademinas.audiencelabs.com.br\/#organization","name":"Tribuna de Minas - Dinheiro e Cidadania","url":"https:\/\/tribunademinas.audiencelabs.com.br\/","logo":{"@type":"ImageObject","inLanguage":"pt-BR","@id":"https:\/\/tribunademinas.audiencelabs.com.br\/#\/schema\/logo\/image\/","url":"https:\/\/tribunademinas.audiencelabs.com.br\/wp-content\/uploads\/2025\/08\/cropped-Tribuna_512x512-96x96-1.png","contentUrl":"https:\/\/tribunademinas.audiencelabs.com.br\/wp-content\/uploads\/2025\/08\/cropped-Tribuna_512x512-96x96-1.png","width":96,"height":96,"caption":"Tribuna de Minas - Dinheiro e Cidadania"},"image":{"@id":"https:\/\/tribunademinas.audiencelabs.com.br\/#\/schema\/logo\/image\/"},"sameAs":["https:\/\/www.facebook.com\/tribunademinas\/","https:\/\/x.com\/tribunademinas","https:\/\/www.instagram.com\/tribunademinas\/","https:\/\/www.youtube.com\/user\/TribunadeMinasJF"]},{"@type":"Person","@id":"https:\/\/tribunademinas.audiencelabs.com.br\/#\/schema\/person\/37af466a64a722fadb8ef6841c52114f","name":"Jo\u00e3o Carlos Gomes","image":{"@type":"ImageObject","inLanguage":"pt-BR","@id":"https:\/\/tribunademinas.audiencelabs.com.br\/#\/schema\/person\/image\/","url":"https:\/\/secure.gravatar.com\/avatar\/4ce4672dbdd694b329cd6fdb51bee7d1409be1f0ff76a537e4c4a737b2c7d1a9?s=96&d=mm&r=g","contentUrl":"https:\/\/secure.gravatar.com\/avatar\/4ce4672dbdd694b329cd6fdb51bee7d1409be1f0ff76a537e4c4a737b2c7d1a9?s=96&d=mm&r=g","caption":"Jo\u00e3o Carlos Gomes"},"description":"Jornalista formado pelo Centro Universit\u00e1rio Carioca, apreciador da Bossa Nova ao Metal Extremo, criador de conte\u00fado e m\u00fasico independente nas horas vagas.","url":"https:\/\/tribunademinas.audiencelabs.com.br\/author\/joaoc-junior\/"}]}},"amp_enabled":true,"_links":{"self":[{"href":"https:\/\/tribunademinas.audiencelabs.com.br\/wp-json\/wp\/v2\/posts\/355","targetHints":{"allow":["GET"]}}],"collection":[{"href":"https:\/\/tribunademinas.audiencelabs.com.br\/wp-json\/wp\/v2\/posts"}],"about":[{"href":"https:\/\/tribunademinas.audiencelabs.com.br\/wp-json\/wp\/v2\/types\/post"}],"author":[{"embeddable":true,"href":"https:\/\/tribunademinas.audiencelabs.com.br\/wp-json\/wp\/v2\/users\/3"}],"replies":[{"embeddable":true,"href":"https:\/\/tribunademinas.audiencelabs.com.br\/wp-json\/wp\/v2\/comments?post=355"}],"version-history":[{"count":1,"href":"https:\/\/tribunademinas.audiencelabs.com.br\/wp-json\/wp\/v2\/posts\/355\/revisions"}],"predecessor-version":[{"id":357,"href":"https:\/\/tribunademinas.audiencelabs.com.br\/wp-json\/wp\/v2\/posts\/355\/revisions\/357"}],"wp:featuredmedia":[{"embeddable":true,"href":"https:\/\/tribunademinas.audiencelabs.com.br\/wp-json\/wp\/v2\/media\/356"}],"wp:attachment":[{"href":"https:\/\/tribunademinas.audiencelabs.com.br\/wp-json\/wp\/v2\/media?parent=355"}],"wp:term":[{"taxonomy":"category","embeddable":true,"href":"https:\/\/tribunademinas.audiencelabs.com.br\/wp-json\/wp\/v2\/categories?post=355"},{"taxonomy":"post_tag","embeddable":true,"href":"https:\/\/tribunademinas.audiencelabs.com.br\/wp-json\/wp\/v2\/tags?post=355"}],"curies":[{"name":"wp","href":"https:\/\/api.w.org\/{rel}","templated":true}]}}