{"id":3544,"date":"2025-11-06T14:00:00","date_gmt":"2025-11-06T17:00:00","guid":{"rendered":"https:\/\/tribunademinas.audiencelabs.com.br\/?p=3544"},"modified":"2025-11-07T10:52:03","modified_gmt":"2025-11-07T13:52:03","slug":"pessoas-que-trabalham-nessa-area-pode-ter-jornada-cortada-pela-metade","status":"publish","type":"post","link":"https:\/\/tribunademinas.audiencelabs.com.br\/pessoas-que-trabalham-nessa-area-pode-ter-jornada-cortada-pela-metade\/","title":{"rendered":"Pessoas que trabalham nessa \u00e1rea pode ter jornada cortada pela metade"},"content":{"rendered":"\n<p>Embora existam profissionais capacitados para prestar assist\u00eancia a pessoas com defici\u00eancia (PCDs), nem todos <strong>disp\u00f5em de recursos ou sentem seguran\u00e7a<\/strong> em delegar esse cuidado. Por isso, muitas pessoas optam por assumir pessoalmente a responsabilidade pelos pr\u00f3prios familiares.<\/p>\n\n\n\n<p>E um projeto de lei apresentado recentemente na C\u00e2mara dos Deputados pode<strong> favorecer os servidores p\u00fablicos<\/strong> que decidirem arcar com este compromisso, considerando que o texto prop\u00f5e reduzir jornada de trabalho semanal destes trabalhadores em at\u00e9 50%.<\/p>\n\n\n\n<p>De autoria do deputado federal Marcos Tavares (PDT-RJ), o <strong>PL n\u00ba 5.500\/2025<\/strong> tem como base o Estatuto da Pessoa com Defici\u00eancia, e tem como principal objetivo ampliar o apoio a quem precisa conciliar o trabalho com o cuidado constante de familiares com defici\u00eancia.<\/p>\n\n\n\n<p>A proposta estabelece que o servidor p\u00fablico poder\u00e1 ter sua carga hor\u00e1ria reduzida caso comprove que precisa acompanhar, de forma cont\u00ednua, o tratamento ou a rotina educacional da pessoa com defici\u00eancia sob seus cuidados.<\/p>\n\n\n\n<p>E \u00e9 importante destacar que a redu\u00e7\u00e3o da jornada n\u00e3o trar\u00e1 preju\u00edzos ao servidor, pois o PL dispensa compensa\u00e7\u00f5es e assegura que n\u00e3o haja perdas salariais, nem impacto sobre vantagens, adicionais ou progress\u00f5es de carreira. No momento, o texto foi encaminhado para an\u00e1lise nas comiss\u00f5es permanentes da C\u00e2mara.<\/p>\n\n\n<style>@media (min-width: 992px) {\n    .recomendadorV2Area1 {\n        width: 280px;\n    }\n    .recomendadorV2Area2 {\n        padding: 0px 20px;\n        width: calc(100% - 280px);\n    }\n}\n\n@media (max-width: 992px) {\n    .recomendadorV2Button {\n        margin: 0 auto;\n    }\n    .recomendadorV2Area {\n        flex-direction: column;\n        text-align: center;\n    }\n    .recomendadorV2Area2 {\n        padding: 0px 20px;\n    }\n}\n\n.recomendadorV2Area {\n    background: #eeeeee3d;\n    border-radius: 10px;\n    padding: 15px;\n    display: flex;\n    margin: 15px auto;\n    border: 1px solid #00000014;\n    max-width: 800px;\n}\n\n.recomendadorV2Area1 img {\n    width: 280px;\n    height: auto;\n    border-radius: 8px;\n}\n\n.linkrecomendadorv2 {\n    text-decoration: none !important;\n}\n\n.recomendadorV2Area2 .recomendadorV2Type {\n    text-transform: uppercase;\n    font-weight: 500;\n    font-size: 11px;\n    letter-spacing: 2px;\n    color: #666;\n    margin: 12px 0;\n    display: block;\n}\n\n.recomendadorV2Title h2 {\n    padding-top: 0px !important;\n    margin: 0px !important;\n    border-left: none !important;\n    padding-left: 0px !important;\n    line-height: 1.3;\n    color: #000 !important;\n    font-size: 24px;\n    margin-bottom: 12px !important;\n}\n\n.recomendadorV2Desc {\n    color: #333;\n    margin: 12px 0px !important;\n    font-size: 15px;\n    line-height: 1.5;\n}\n\n.recomendadorV2Button {\n    width: auto;\n    max-width: 200px;\n    margin: 0;\n    display: inline-flex;\n    align-items: center;\n    background: #1D3557;\n    border-radius: 8px;\n    color: #fff;\n    height: 36px;\n    justify-content: center;\n    text-align: center;\n    font-size: 14px;\n    padding: 0 20px;\n    transition: background-color 0.2s ease;\n}\n\n.recomendadorV2Button:hover {\n    background: #2a4d7a;\n}\n\n.recomendadorV2Button:after {\n    margin-top: -2px;\n    content: \"\u2192\";\n    padding: 0px 0px 0px 8px;\n}\n\n.recomendadorV2Alert {\n    text-align: left;\n    font-size: 11px;\n    margin-top: 8px;\n    color: #666;\n}\n\n.recomendadorFixedArea {\n    width: 100%;\n    display: flex;\n    justify-content: center;\n    align-items: center;\n}\n\n@media (min-width: 992px) {\n    #recomendadorFixed {\n        width: 32% !important;\n        left: 5%;\n    }\n    .recomendadorCloseFixed{\n        right: inherit !important;\n        left: 378px !important;\n    }\n}\n\n#recomendadorFixed {\n    width: 90%;\n    box-shadow: 0 10px 20px 0px #00000057;\n    display: none;\n    height: 90px;\n    background: #F6F6F6;\n    position: fixed;\n    flex-direction: row;\n    bottom: 10px;\n    z-index: 9999;\n    border-radius: 16px;\n    padding: 7px 10px;\n}\n\n.recomendadorLeftArea {\n    width: 160px;\n}\n\n.recomendadorRightArea h2 {\n    padding-top: 0px;\n    margin: 2px 0px 4px 0px !important;\n    font-weight: 400;\n    text-align: center;\n    padding-left: 0px !important;\n    color: #000 !important;\n    border-left: none !important;\n    line-height: 20px;\n    font-size: 12px !important;\n}\n\n.recomendadorImgFixed {\n    overflow: hidden;\n    padding: 8px 6px;\n    height: 100%;\n}\n\n.recomendadorImgFixed img {\n    height: 100% !important;\n    border-radius: 16px;\n}\n\n.recomendadorRightArea {\n    padding-top: 6px;\n    display: flex;\n    width: calc(100% - 130px);\n    justify-content: space-between;\n    align-items: center;\n    flex-direction: column;\n}\n\n.recomendadorButtonFixed {\n    margin: 0 auto;\n    background: #1D3557;\n    width: 80%;\n    text-align: center;\n    font-size: 10px;\n    color: #FFF;\n    padding: 2px 10px;\n    border-radius: 3px;\n}\n\n.recomendadorButtonFixed:after {\n    margin-top: -3px;\n    content: \"\u2192\";\n    padding: 0px 0px 0px 10px;\n}\n\n.recomendadorAlertFixed {\n    font-weight: 400;\n    text-align: center;\n    color: #484848;\n    font-size: 8px;\n}\n\n.recomendadorCloseFixed {\n    z-index: 99999;\n    display: none;\n    right: 0px;\n    left: inherit;\n    bottom: 99px;\n    position: fixed;\n    justify-content: center;\n    background: #F6F6F6;\n    width: 25px;\n    align-items: center;\n    height: 25px;\n    font-weight: 800;\n    border-radius: 50%;\n    border: 1px solid #EBEBEB;\n}\n\n.recomendadorV2Desc{\n    color: #000000;\n    margin: 20px 0px;\n}\n\n@media (max-width: 576px) {\n    .recomendadorV2Area {\n      padding: 10px;\n      max-width: 100%;\n    }\n  \n    .recomendadorV2Area1 img {\n      width: 100%;\n      border-radius: 6px;\n    }\n  \n    .recomendadorV2Area2 .recomendadorV2Type {\n      font-size: 9px;\n      letter-spacing: 1px;\n      margin: 8px 0;\n    }\n  \n    .recomendadorV2Title h2 {\n      font-size: 18px !important;\n      margin-bottom: 8px !important;\n      line-height: 1.2;\n    }\n  \n    .recomendadorV2Desc {\n      font-size: 14px;\n      margin: 8px 0 !important;\n      line-height: 1.4;\n    }\n  \n    .recomendadorV2Button {\n      font-size: 12px;\n      height: 30px;\n      padding: 0 12px;\n      max-width: 160px;\n    }\n  \n    .recomendadorV2Button:after {\n      padding-left: 6px;\n    }\n  }\n  <\/style>\n        <div class=\"lazyblock-recomendador-v2-2jDGz wp-block-lazyblock-recomendador-v2\">\n        <a class=\"linkrecomendadorv2\" href=\"https:\/\/tribunademinas.com.br\/colunas\/dinheiroecidadania\/calendario-pis-pasep-2026-regras-para-quem-trabalhou-em-2024\/?utm_source=lazy\">\n            <div class=\"recomendadorV2Area\">\n            <div class=\"recomendadorV2Area1\">\n                <div class=\"recomendadorV2Img\">\n                <img class=\"lazyloaded\" decoding=\"async\" src=\"https:\/\/tribunademinas.audiencelabs.com.br\/wp-content\/uploads\/2025\/11\/calendario-pis-pasep-2026-regras-trabalhou-2024.jpg\" data-src=\"https:\/\/tribunademinas.audiencelabs.com.br\/wp-content\/uploads\/2025\/11\/calendario-pis-pasep-2026-regras-trabalhou-2024.jpg\" alt=\"\">\n                <\/div>\n            <\/div>\n            <div class=\"recomendadorV2Area2\">\n                <div class=\"recomendadorV2Type\">\n                    <span>Calend\u00e1rio PIS<\/span>\n                <\/div>\n                <div class=\"recomendadorV2Title\">\n                <h2><span>Regras 2026 alteradas \ud83d\udcc5<\/span><\/h2>\n                <\/div>\n                <div class=\"recomendadorV2Desc\">\n                <span>Quem trabalhou em 2024 deve conferir<\/span>\n                <\/div>\n                <div class=\"recomendadorV2Button\">Confira as novas regras<\/div>\n                <div class=\"recomendadorV2Alert\"><\/div>\n            <\/div>\n            <\/div>\n        <\/a>\n        <div>\n            <div style=\"z-index:99999;\" id=\"buttonClose\" onclick=\"closeRecomendadorFixed()\">\n            <div class=\"recomendadorCloseFixed\">X<\/div>\n            <\/div>\n            <a href=\"https:\/\/tribunademinas.com.br\/colunas\/dinheiroecidadania\/calendario-pis-pasep-2026-regras-para-quem-trabalhou-em-2024\/?utm_source=lazy\">\n            <div class=\"recomendadorFixedArea\">\n                <div id=\"recomendadorFixed\">\n                <div class=\"recomendadorLeftArea\">\n                    <div class=\"recomendadorImgFixed\">\n                    <img class=\"lazyload\" decoding=\"async\" src=\"https:\/\/tribunademinas.audiencelabs.com.br\/wp-content\/uploads\/2025\/11\/calendario-pis-pasep-2026-regras-trabalhou-2024.jpg\" alt=\"\">\n                    <\/div>\n                <\/div>\n                <div class=\"recomendadorRightArea\">\n                    <div class=\"recomendadorTitleFixed\">\n                    <h2><span>Regras 2026 alteradas \ud83d\udcc5<\/span><\/h2>\n                    <\/div>\n                    <div class=\"recomendadorButtonFixed\">Confira as novas regras<\/div>\n                    <div class=\"recomendadorAlertFixed\"><\/div>\n                <\/div>\n                <\/div>\n            <\/div>\n            <\/a>\n        <\/div>\n        <\/div>\n\n\n\n<h2 class=\"wp-block-heading\">Projeto tamb\u00e9m pode beneficiar pessoas que trabalham no regime CLT<\/h2>\n\n\n\n<p>Vale ressaltar que o benef\u00edcio n\u00e3o ser\u00e1 exclusivo para servidores p\u00fablicos, uma vez que a proposta tamb\u00e9m pode ser estendida para <strong>trabalhadores do setor privado<\/strong> regidos pela Consolida\u00e7\u00e3o das Leis do Trabalho (CLT).<\/p>\n\n\n\n<p>Entretanto, a aplica\u00e7\u00e3o da medida depender\u00e1 da celebra\u00e7\u00e3o de acordo ou conven\u00e7\u00e3o coletiva de trabalho. Neste contexto, o Minist\u00e9rio do Trabalho e Emprego (MTE) dever\u00e1 regulamentar a norma no prazo de at\u00e9 90 dias, contados a partir da entrada em vigor da lei.<\/p>\n\n\n\n<p>O projeto ainda possui uma longa trajet\u00f3ria at\u00e9 finalmente ser encaminhado para san\u00e7\u00e3o ou veto presidencial. Contudo, \u00e9 ineg\u00e1vel que ele j\u00e1 representa um importante marco para a preserva\u00e7\u00e3o dos direitos das pessoas com defici\u00eancia no pa\u00eds.<\/p>\n","protected":false},"excerpt":{"rendered":"<p>Embora existam profissionais capacitados para prestar assist\u00eancia a pessoas com defici\u00eancia (PCDs), nem todos disp\u00f5em de recursos ou sentem seguran\u00e7a em delegar esse cuidado. Por isso, muitas pessoas optam por assumir pessoalmente a responsabilidade pelos pr\u00f3prios familiares. E um projeto de lei apresentado recentemente na C\u00e2mara dos Deputados pode favorecer os servidores p\u00fablicos que decidirem [&hellip;]<\/p>\n","protected":false},"author":3,"featured_media":3545,"comment_status":"open","ping_status":"open","sticky":false,"template":"","format":"standard","meta":{"jnews-multi-image_gallery":[],"jnews_single_post":{"format":"standard"},"jnews_primary_category":[],"jnews_social_meta":[],"jnews_post_split":[],"footnotes":""},"categories":[159],"tags":[],"class_list":["post-3544","post","type-post","status-publish","format-standard","has-post-thumbnail","hentry","category-cidadania"],"yoast_head":"<!-- This site is optimized with the Yoast SEO plugin v25.6 - https:\/\/yoast.com\/wordpress\/plugins\/seo\/ -->\n<title>Pessoas que trabalham nessa \u00e1rea pode ter jornada cortada pela metade<\/title>\n<meta name=\"description\" content=\"Uma novidade surgiu e agora pessoas que trabalham em uma \u00e1rea espec\u00edfica podem ter jornada cortada pela metade\" \/>\n<meta name=\"robots\" content=\"index, follow, max-snippet:-1, max-image-preview:large, max-video-preview:-1\" \/>\n<link rel=\"canonical\" href=\"https:\/\/tribunademinas.audiencelabs.com.br\/pessoas-que-trabalham-nessa-area-pode-ter-jornada-cortada-pela-metade\/\" \/>\n<meta property=\"og:locale\" content=\"pt_BR\" \/>\n<meta property=\"og:type\" content=\"article\" \/>\n<meta property=\"og:title\" content=\"Pessoas que trabalham nessa \u00e1rea pode ter jornada cortada pela metade\" \/>\n<meta property=\"og:description\" content=\"Uma novidade surgiu e agora pessoas que trabalham em uma \u00e1rea espec\u00edfica podem ter jornada cortada pela metade\" \/>\n<meta property=\"og:url\" content=\"https:\/\/tribunademinas.audiencelabs.com.br\/pessoas-que-trabalham-nessa-area-pode-ter-jornada-cortada-pela-metade\/\" \/>\n<meta property=\"og:site_name\" content=\"Tribuna de Minas - Dinheiro e Cidadania\" \/>\n<meta property=\"article:publisher\" content=\"https:\/\/www.facebook.com\/tribunademinas\/\" \/>\n<meta property=\"article:published_time\" content=\"2025-11-06T17:00:00+00:00\" \/>\n<meta property=\"article:modified_time\" content=\"2025-11-07T13:52:03+00:00\" \/>\n<meta property=\"og:image\" content=\"https:\/\/tribunademinas.audiencelabs.com.br\/wp-content\/uploads\/2025\/11\/pessoas-trabalham-area-pode-ter-jornada-cortada-metade.jpg\" \/>\n\t<meta property=\"og:image:width\" content=\"2000\" \/>\n\t<meta property=\"og:image:height\" content=\"1125\" \/>\n\t<meta property=\"og:image:type\" content=\"image\/jpeg\" \/>\n<meta name=\"author\" content=\"Jo\u00e3o Carlos Gomes\" \/>\n<meta name=\"twitter:card\" content=\"summary_large_image\" \/>\n<meta name=\"twitter:creator\" content=\"@tribunademinas\" \/>\n<meta name=\"twitter:site\" content=\"@tribunademinas\" \/>\n<meta name=\"twitter:label1\" content=\"Escrito por\" \/>\n\t<meta name=\"twitter:data1\" content=\"Jo\u00e3o Carlos Gomes\" \/>\n\t<meta name=\"twitter:label2\" content=\"Est. tempo de leitura\" \/>\n\t<meta name=\"twitter:data2\" content=\"3 minutos\" \/>\n<!-- \/ Yoast SEO plugin. -->","yoast_head_json":{"title":"Pessoas que trabalham nessa \u00e1rea pode ter jornada cortada pela metade","description":"Uma novidade surgiu e agora pessoas que trabalham em uma \u00e1rea espec\u00edfica podem ter jornada cortada pela metade","robots":{"index":"index","follow":"follow","max-snippet":"max-snippet:-1","max-image-preview":"max-image-preview:large","max-video-preview":"max-video-preview:-1"},"canonical":"https:\/\/tribunademinas.audiencelabs.com.br\/pessoas-que-trabalham-nessa-area-pode-ter-jornada-cortada-pela-metade\/","og_locale":"pt_BR","og_type":"article","og_title":"Pessoas que trabalham nessa \u00e1rea pode ter jornada cortada pela metade","og_description":"Uma novidade surgiu e agora pessoas que trabalham em uma \u00e1rea espec\u00edfica podem ter jornada cortada pela metade","og_url":"https:\/\/tribunademinas.audiencelabs.com.br\/pessoas-que-trabalham-nessa-area-pode-ter-jornada-cortada-pela-metade\/","og_site_name":"Tribuna de Minas - Dinheiro e Cidadania","article_publisher":"https:\/\/www.facebook.com\/tribunademinas\/","article_published_time":"2025-11-06T17:00:00+00:00","article_modified_time":"2025-11-07T13:52:03+00:00","og_image":[{"width":2000,"height":1125,"url":"https:\/\/tribunademinas.audiencelabs.com.br\/wp-content\/uploads\/2025\/11\/pessoas-trabalham-area-pode-ter-jornada-cortada-metade.jpg","type":"image\/jpeg"}],"author":"Jo\u00e3o Carlos Gomes","twitter_card":"summary_large_image","twitter_creator":"@tribunademinas","twitter_site":"@tribunademinas","twitter_misc":{"Escrito por":"Jo\u00e3o Carlos Gomes","Est. tempo de leitura":"3 minutos"},"schema":{"@context":"https:\/\/schema.org","@graph":[{"@type":"Article","@id":"https:\/\/tribunademinas.audiencelabs.com.br\/pessoas-que-trabalham-nessa-area-pode-ter-jornada-cortada-pela-metade\/#article","isPartOf":{"@id":"https:\/\/tribunademinas.audiencelabs.com.br\/pessoas-que-trabalham-nessa-area-pode-ter-jornada-cortada-pela-metade\/"},"author":{"name":"Jo\u00e3o Carlos Gomes","@id":"https:\/\/tribunademinas.audiencelabs.com.br\/#\/schema\/person\/37af466a64a722fadb8ef6841c52114f"},"headline":"Pessoas que trabalham nessa \u00e1rea pode ter jornada cortada pela metade","datePublished":"2025-11-06T17:00:00+00:00","dateModified":"2025-11-07T13:52:03+00:00","mainEntityOfPage":{"@id":"https:\/\/tribunademinas.audiencelabs.com.br\/pessoas-que-trabalham-nessa-area-pode-ter-jornada-cortada-pela-metade\/"},"wordCount":420,"commentCount":0,"publisher":{"@id":"https:\/\/tribunademinas.audiencelabs.com.br\/#organization"},"image":{"@id":"https:\/\/tribunademinas.audiencelabs.com.br\/pessoas-que-trabalham-nessa-area-pode-ter-jornada-cortada-pela-metade\/#primaryimage"},"thumbnailUrl":"https:\/\/tribunademinas.audiencelabs.com.br\/wp-content\/uploads\/2025\/11\/pessoas-trabalham-area-pode-ter-jornada-cortada-metade.jpg","articleSection":["Cidadania"],"inLanguage":"pt-BR","potentialAction":[{"@type":"CommentAction","name":"Comment","target":["https:\/\/tribunademinas.audiencelabs.com.br\/pessoas-que-trabalham-nessa-area-pode-ter-jornada-cortada-pela-metade\/#respond"]}]},{"@type":"WebPage","@id":"https:\/\/tribunademinas.audiencelabs.com.br\/pessoas-que-trabalham-nessa-area-pode-ter-jornada-cortada-pela-metade\/","url":"https:\/\/tribunademinas.audiencelabs.com.br\/pessoas-que-trabalham-nessa-area-pode-ter-jornada-cortada-pela-metade\/","name":"Pessoas que trabalham nessa \u00e1rea pode ter jornada cortada pela metade","isPartOf":{"@id":"https:\/\/tribunademinas.audiencelabs.com.br\/#website"},"primaryImageOfPage":{"@id":"https:\/\/tribunademinas.audiencelabs.com.br\/pessoas-que-trabalham-nessa-area-pode-ter-jornada-cortada-pela-metade\/#primaryimage"},"image":{"@id":"https:\/\/tribunademinas.audiencelabs.com.br\/pessoas-que-trabalham-nessa-area-pode-ter-jornada-cortada-pela-metade\/#primaryimage"},"thumbnailUrl":"https:\/\/tribunademinas.audiencelabs.com.br\/wp-content\/uploads\/2025\/11\/pessoas-trabalham-area-pode-ter-jornada-cortada-metade.jpg","datePublished":"2025-11-06T17:00:00+00:00","dateModified":"2025-11-07T13:52:03+00:00","description":"Uma novidade surgiu e agora pessoas que trabalham em uma \u00e1rea espec\u00edfica podem ter jornada cortada pela metade","breadcrumb":{"@id":"https:\/\/tribunademinas.audiencelabs.com.br\/pessoas-que-trabalham-nessa-area-pode-ter-jornada-cortada-pela-metade\/#breadcrumb"},"inLanguage":"pt-BR","potentialAction":[{"@type":"ReadAction","target":["https:\/\/tribunademinas.audiencelabs.com.br\/pessoas-que-trabalham-nessa-area-pode-ter-jornada-cortada-pela-metade\/"]}]},{"@type":"ImageObject","inLanguage":"pt-BR","@id":"https:\/\/tribunademinas.audiencelabs.com.br\/pessoas-que-trabalham-nessa-area-pode-ter-jornada-cortada-pela-metade\/#primaryimage","url":"https:\/\/tribunademinas.audiencelabs.com.br\/wp-content\/uploads\/2025\/11\/pessoas-trabalham-area-pode-ter-jornada-cortada-metade.jpg","contentUrl":"https:\/\/tribunademinas.audiencelabs.com.br\/wp-content\/uploads\/2025\/11\/pessoas-trabalham-area-pode-ter-jornada-cortada-metade.jpg","width":2000,"height":1125,"caption":"Foto: Freepik"},{"@type":"BreadcrumbList","@id":"https:\/\/tribunademinas.audiencelabs.com.br\/pessoas-que-trabalham-nessa-area-pode-ter-jornada-cortada-pela-metade\/#breadcrumb","itemListElement":[{"@type":"ListItem","position":1,"name":"In\u00edcio","item":"https:\/\/tribunademinas.audiencelabs.com.br\/"},{"@type":"ListItem","position":2,"name":"Pessoas que trabalham nessa \u00e1rea pode ter jornada cortada pela metade"}]},{"@type":"WebSite","@id":"https:\/\/tribunademinas.audiencelabs.com.br\/#website","url":"https:\/\/tribunademinas.audiencelabs.com.br\/","name":"Tribuna de Minas - Dinheiro e Cidadania","description":"","publisher":{"@id":"https:\/\/tribunademinas.audiencelabs.com.br\/#organization"},"potentialAction":[{"@type":"SearchAction","target":{"@type":"EntryPoint","urlTemplate":"https:\/\/tribunademinas.audiencelabs.com.br\/?s={search_term_string}"},"query-input":{"@type":"PropertyValueSpecification","valueRequired":true,"valueName":"search_term_string"}}],"inLanguage":"pt-BR"},{"@type":"Organization","@id":"https:\/\/tribunademinas.audiencelabs.com.br\/#organization","name":"Tribuna de Minas - Dinheiro e Cidadania","url":"https:\/\/tribunademinas.audiencelabs.com.br\/","logo":{"@type":"ImageObject","inLanguage":"pt-BR","@id":"https:\/\/tribunademinas.audiencelabs.com.br\/#\/schema\/logo\/image\/","url":"https:\/\/tribunademinas.audiencelabs.com.br\/wp-content\/uploads\/2025\/08\/cropped-Tribuna_512x512-96x96-1.png","contentUrl":"https:\/\/tribunademinas.audiencelabs.com.br\/wp-content\/uploads\/2025\/08\/cropped-Tribuna_512x512-96x96-1.png","width":96,"height":96,"caption":"Tribuna de Minas - Dinheiro e Cidadania"},"image":{"@id":"https:\/\/tribunademinas.audiencelabs.com.br\/#\/schema\/logo\/image\/"},"sameAs":["https:\/\/www.facebook.com\/tribunademinas\/","https:\/\/x.com\/tribunademinas","https:\/\/www.instagram.com\/tribunademinas\/","https:\/\/www.youtube.com\/user\/TribunadeMinasJF"]},{"@type":"Person","@id":"https:\/\/tribunademinas.audiencelabs.com.br\/#\/schema\/person\/37af466a64a722fadb8ef6841c52114f","name":"Jo\u00e3o Carlos Gomes","image":{"@type":"ImageObject","inLanguage":"pt-BR","@id":"https:\/\/tribunademinas.audiencelabs.com.br\/#\/schema\/person\/image\/","url":"https:\/\/secure.gravatar.com\/avatar\/4ce4672dbdd694b329cd6fdb51bee7d1409be1f0ff76a537e4c4a737b2c7d1a9?s=96&d=mm&r=g","contentUrl":"https:\/\/secure.gravatar.com\/avatar\/4ce4672dbdd694b329cd6fdb51bee7d1409be1f0ff76a537e4c4a737b2c7d1a9?s=96&d=mm&r=g","caption":"Jo\u00e3o Carlos Gomes"},"description":"Jornalista formado pelo Centro Universit\u00e1rio Carioca, apreciador da Bossa Nova ao Metal Extremo, criador de conte\u00fado e m\u00fasico independente nas horas vagas.","url":"https:\/\/tribunademinas.audiencelabs.com.br\/author\/joaoc-junior\/"}]}},"amp_enabled":true,"_links":{"self":[{"href":"https:\/\/tribunademinas.audiencelabs.com.br\/wp-json\/wp\/v2\/posts\/3544","targetHints":{"allow":["GET"]}}],"collection":[{"href":"https:\/\/tribunademinas.audiencelabs.com.br\/wp-json\/wp\/v2\/posts"}],"about":[{"href":"https:\/\/tribunademinas.audiencelabs.com.br\/wp-json\/wp\/v2\/types\/post"}],"author":[{"embeddable":true,"href":"https:\/\/tribunademinas.audiencelabs.com.br\/wp-json\/wp\/v2\/users\/3"}],"replies":[{"embeddable":true,"href":"https:\/\/tribunademinas.audiencelabs.com.br\/wp-json\/wp\/v2\/comments?post=3544"}],"version-history":[{"count":2,"href":"https:\/\/tribunademinas.audiencelabs.com.br\/wp-json\/wp\/v2\/posts\/3544\/revisions"}],"predecessor-version":[{"id":3679,"href":"https:\/\/tribunademinas.audiencelabs.com.br\/wp-json\/wp\/v2\/posts\/3544\/revisions\/3679"}],"wp:featuredmedia":[{"embeddable":true,"href":"https:\/\/tribunademinas.audiencelabs.com.br\/wp-json\/wp\/v2\/media\/3545"}],"wp:attachment":[{"href":"https:\/\/tribunademinas.audiencelabs.com.br\/wp-json\/wp\/v2\/media?parent=3544"}],"wp:term":[{"taxonomy":"category","embeddable":true,"href":"https:\/\/tribunademinas.audiencelabs.com.br\/wp-json\/wp\/v2\/categories?post=3544"},{"taxonomy":"post_tag","embeddable":true,"href":"https:\/\/tribunademinas.audiencelabs.com.br\/wp-json\/wp\/v2\/tags?post=3544"}],"curies":[{"name":"wp","href":"https:\/\/api.w.org\/{rel}","templated":true}]}}