{"id":3525,"date":"2025-11-20T15:00:00","date_gmt":"2025-11-20T18:00:00","guid":{"rendered":"https:\/\/tribunademinas.audiencelabs.com.br\/?p=3525"},"modified":"2025-11-19T18:57:32","modified_gmt":"2025-11-19T21:57:32","slug":"presente-de-natal-e-confirmado-pelo-governo-lula-para-trabalhadores","status":"publish","type":"post","link":"https:\/\/tribunademinas.audiencelabs.com.br\/presente-de-natal-e-confirmado-pelo-governo-lula-para-trabalhadores\/","title":{"rendered":"Presente de Natal \u00e9 confirmado pelo governo para trabalhadores"},"content":{"rendered":"\n<p>Um refor\u00e7o no or\u00e7amento pode chegar neste fim de ano para trabalhadores brasileiros com carteira assinada. <\/p>\n\n\n\n<p>Embora muitos j\u00e1 tenham recebido os valores ao longo do calend\u00e1rio oficial, o <a href=\"https:\/\/tribunademinas.com.br\/colunas\/dinheiroecidadania\/pis-pasep-trabalhadores-com-carteira-assinada-precisam-consultar-beneficio\/\"><strong>Abono Salarial PIS\/Pasep 2025<\/strong><\/a> ainda est\u00e1 dispon\u00edvel para saque por quem perdeu o prazo anterior. <\/p>\n\n\n\n<p>O benef\u00edcio, considerado por muitos como um \u201c14\u00ba sal\u00e1rio\u201d, poder\u00e1 ser retirado at\u00e9 o dia 31 de dezembro, e pode representar um al\u00edvio financeiro neste per\u00edodo de festas.<\/p>\n\n\n\n<h2 class=\"wp-block-heading\">Presente de Natal \u00e9 confirmado pelo governo Lula para trabalhadores<\/h2>\n\n\n\n<p>O abono \u00e9 um direito garantido a trabalhadores de baixa renda que atuaram com carteira assinada no ano-base de 2023. <\/p>\n\n\n\n<p>O programa \u00e9 dividido em duas frentes: o PIS, destinado a quem trabalha no setor privado, pago pela Caixa Econ\u00f4mica Federal; e o Pasep, voltado a servidores p\u00fablicos, sob responsabilidade do Banco do Brasil. <\/p>\n\n\n\n<p>Apesar de n\u00e3o ser uma gratifica\u00e7\u00e3o natalina oficial, o benef\u00edcio \u00e9 tratado popularmente como um \u201c14\u00ba sal\u00e1rio\u201d devido ao seu car\u00e1ter complementar \u00e0 renda.<\/p>\n\n\n\n<p>Para ter acesso ao recurso, o trabalhador precisa atender a crit\u00e9rios espec\u00edficos. \u00c9 necess\u00e1rio estar inscrito no PIS ou Pasep h\u00e1, no m\u00ednimo, cinco anos, al\u00e9m de ter exercido atividade formal por pelo menos 30 dias em 2023. <\/p>\n\n\n\n<p>Outro requisito fundamental \u00e9 ter recebido, em m\u00e9dia, at\u00e9 dois sal\u00e1rios m\u00ednimos por m\u00eas durante esse per\u00edodo. <\/p>\n\n\n\n<p>Al\u00e9m disso, o empregador deve ter informado corretamente os dados do funcion\u00e1rio no sistema do governo, o RAIS (Relat\u00f3rio Anual de Informa\u00e7\u00f5es Sociais).<\/p>\n\n\n<style>@media (min-width: 992px) {\n    .recomendadorV2Area1 {\n        width: 280px;\n    }\n    .recomendadorV2Area2 {\n        padding: 0px 20px;\n        width: calc(100% - 280px);\n    }\n}\n\n@media (max-width: 992px) {\n    .recomendadorV2Button {\n        margin: 0 auto;\n    }\n    .recomendadorV2Area {\n        flex-direction: column;\n        text-align: center;\n    }\n    .recomendadorV2Area2 {\n        padding: 0px 20px;\n    }\n}\n\n.recomendadorV2Area {\n    background: #eeeeee3d;\n    border-radius: 10px;\n    padding: 15px;\n    display: flex;\n    margin: 15px auto;\n    border: 1px solid #00000014;\n    max-width: 800px;\n}\n\n.recomendadorV2Area1 img {\n    width: 280px;\n    height: auto;\n    border-radius: 8px;\n}\n\n.linkrecomendadorv2 {\n    text-decoration: none !important;\n}\n\n.recomendadorV2Area2 .recomendadorV2Type {\n    text-transform: uppercase;\n    font-weight: 500;\n    font-size: 11px;\n    letter-spacing: 2px;\n    color: #666;\n    margin: 12px 0;\n    display: block;\n}\n\n.recomendadorV2Title h2 {\n    padding-top: 0px !important;\n    margin: 0px !important;\n    border-left: none !important;\n    padding-left: 0px !important;\n    line-height: 1.3;\n    color: #000 !important;\n    font-size: 24px;\n    margin-bottom: 12px !important;\n}\n\n.recomendadorV2Desc {\n    color: #333;\n    margin: 12px 0px !important;\n    font-size: 15px;\n    line-height: 1.5;\n}\n\n.recomendadorV2Button {\n    width: auto;\n    max-width: 200px;\n    margin: 0;\n    display: inline-flex;\n    align-items: center;\n    background: #1D3557;\n    border-radius: 8px;\n    color: #fff;\n    height: 36px;\n    justify-content: center;\n    text-align: center;\n    font-size: 14px;\n    padding: 0 20px;\n    transition: background-color 0.2s ease;\n}\n\n.recomendadorV2Button:hover {\n    background: #2a4d7a;\n}\n\n.recomendadorV2Button:after {\n    margin-top: -2px;\n    content: \"\u2192\";\n    padding: 0px 0px 0px 8px;\n}\n\n.recomendadorV2Alert {\n    text-align: left;\n    font-size: 11px;\n    margin-top: 8px;\n    color: #666;\n}\n\n.recomendadorFixedArea {\n    width: 100%;\n    display: flex;\n    justify-content: center;\n    align-items: center;\n}\n\n@media (min-width: 992px) {\n    #recomendadorFixed {\n        width: 32% !important;\n        left: 5%;\n    }\n    .recomendadorCloseFixed{\n        right: inherit !important;\n        left: 378px !important;\n    }\n}\n\n#recomendadorFixed {\n    width: 90%;\n    box-shadow: 0 10px 20px 0px #00000057;\n    display: none;\n    height: 90px;\n    background: #F6F6F6;\n    position: fixed;\n    flex-direction: row;\n    bottom: 10px;\n    z-index: 9999;\n    border-radius: 16px;\n    padding: 7px 10px;\n}\n\n.recomendadorLeftArea {\n    width: 160px;\n}\n\n.recomendadorRightArea h2 {\n    padding-top: 0px;\n    margin: 2px 0px 4px 0px !important;\n    font-weight: 400;\n    text-align: center;\n    padding-left: 0px !important;\n    color: #000 !important;\n    border-left: none !important;\n    line-height: 20px;\n    font-size: 12px !important;\n}\n\n.recomendadorImgFixed {\n    overflow: hidden;\n    padding: 8px 6px;\n    height: 100%;\n}\n\n.recomendadorImgFixed img {\n    height: 100% !important;\n    border-radius: 16px;\n}\n\n.recomendadorRightArea {\n    padding-top: 6px;\n    display: flex;\n    width: calc(100% - 130px);\n    justify-content: space-between;\n    align-items: center;\n    flex-direction: column;\n}\n\n.recomendadorButtonFixed {\n    margin: 0 auto;\n    background: #1D3557;\n    width: 80%;\n    text-align: center;\n    font-size: 10px;\n    color: #FFF;\n    padding: 2px 10px;\n    border-radius: 3px;\n}\n\n.recomendadorButtonFixed:after {\n    margin-top: -3px;\n    content: \"\u2192\";\n    padding: 0px 0px 0px 10px;\n}\n\n.recomendadorAlertFixed {\n    font-weight: 400;\n    text-align: center;\n    color: #484848;\n    font-size: 8px;\n}\n\n.recomendadorCloseFixed {\n    z-index: 99999;\n    display: none;\n    right: 0px;\n    left: inherit;\n    bottom: 99px;\n    position: fixed;\n    justify-content: center;\n    background: #F6F6F6;\n    width: 25px;\n    align-items: center;\n    height: 25px;\n    font-weight: 800;\n    border-radius: 50%;\n    border: 1px solid #EBEBEB;\n}\n\n.recomendadorV2Desc{\n    color: #000000;\n    margin: 20px 0px;\n}\n\n@media (max-width: 576px) {\n    .recomendadorV2Area {\n      padding: 10px;\n      max-width: 100%;\n    }\n  \n    .recomendadorV2Area1 img {\n      width: 100%;\n      border-radius: 6px;\n    }\n  \n    .recomendadorV2Area2 .recomendadorV2Type {\n      font-size: 9px;\n      letter-spacing: 1px;\n      margin: 8px 0;\n    }\n  \n    .recomendadorV2Title h2 {\n      font-size: 18px !important;\n      margin-bottom: 8px !important;\n      line-height: 1.2;\n    }\n  \n    .recomendadorV2Desc {\n      font-size: 14px;\n      margin: 8px 0 !important;\n      line-height: 1.4;\n    }\n  \n    .recomendadorV2Button {\n      font-size: 12px;\n      height: 30px;\n      padding: 0 12px;\n      max-width: 160px;\n    }\n  \n    .recomendadorV2Button:after {\n      padding-left: 6px;\n    }\n  }\n  <\/style>\n        <div class=\"lazyblock-recomendador-v2-2jDGz wp-block-lazyblock-recomendador-v2\">\n        <a class=\"linkrecomendadorv2\" href=\"https:\/\/tribunademinas.com.br\/colunas\/dinheiroecidadania\/aposentado-ou-pensionista-veja-como-cumprir-a-prova-de-vida-do-inss\/?utm_source=lazy\">\n            <div class=\"recomendadorV2Area\">\n            <div class=\"recomendadorV2Area1\">\n                <div class=\"recomendadorV2Img\">\n                <img class=\"lazyloaded\" decoding=\"async\" src=\"https:\/\/tribunademinas.com.br\/colunas\/dinheiroecidadania\/wp-content\/uploads\/2025\/11\/INSS-2-750x375.jpg\" data-src=\"https:\/\/tribunademinas.com.br\/colunas\/dinheiroecidadania\/wp-content\/uploads\/2025\/11\/INSS-2-750x375.jpg\" alt=\"\">\n                <\/div>\n            <\/div>\n            <div class=\"recomendadorV2Area2\">\n                <div class=\"recomendadorV2Type\">\n                    <span>INSS &amp; Benef\u00edcios<\/span>\n                <\/div>\n                <div class=\"recomendadorV2Title\">\n                <h2><span>Como fazer a Prova de Vida em 2025 \ud83d\udd0d<\/span><\/h2>\n                <\/div>\n                <div class=\"recomendadorV2Desc\">\n                <span>Aposentados e pensionistas devem ficar atentos para evitar bloqueio do benef\u00edcio.<\/span>\n                <\/div>\n                <div class=\"recomendadorV2Button\">Ver orienta\u00e7\u00f5es<\/div>\n                <div class=\"recomendadorV2Alert\"><\/div>\n            <\/div>\n            <\/div>\n        <\/a>\n        <div>\n            <div style=\"z-index:99999;\" id=\"buttonClose\" onclick=\"closeRecomendadorFixed()\">\n            <div class=\"recomendadorCloseFixed\">X<\/div>\n            <\/div>\n            <a href=\"https:\/\/tribunademinas.com.br\/colunas\/dinheiroecidadania\/aposentado-ou-pensionista-veja-como-cumprir-a-prova-de-vida-do-inss\/?utm_source=lazy\">\n            <div class=\"recomendadorFixedArea\">\n                <div id=\"recomendadorFixed\">\n                <div class=\"recomendadorLeftArea\">\n                    <div class=\"recomendadorImgFixed\">\n                    <img class=\"lazyload\" decoding=\"async\" src=\"https:\/\/tribunademinas.com.br\/colunas\/dinheiroecidadania\/wp-content\/uploads\/2025\/11\/INSS-2-750x375.jpg\" alt=\"\">\n                    <\/div>\n                <\/div>\n                <div class=\"recomendadorRightArea\">\n                    <div class=\"recomendadorTitleFixed\">\n                    <h2><span>Como fazer a Prova de Vida em 2025 \ud83d\udd0d<\/span><\/h2>\n                    <\/div>\n                    <div class=\"recomendadorButtonFixed\">Ver orienta\u00e7\u00f5es<\/div>\n                    <div class=\"recomendadorAlertFixed\"><\/div>\n                <\/div>\n                <\/div>\n            <\/div>\n            <\/a>\n        <\/div>\n        <\/div>\n\n\n\n<h3 class=\"wp-block-heading\">Valores que trabalhadores podem receber e como consultar?<\/h3>\n\n\n\n<p>O valor pago varia conforme o n\u00famero de meses trabalhados no ano-base. Quem atuou durante todo o ano pode receber at\u00e9 R$ 1.518. J\u00e1 quem trabalhou por apenas um m\u00eas tem direito a R$ 126,50. <\/p>\n\n\n\n<p>Os dep\u00f3sitos foram feitos automaticamente em contas da Caixa ou do Banco do Brasil, mas quem n\u00e3o teve o valor creditado pode consultar e sacar manualmente.<\/p>\n\n\n\n<p>A verifica\u00e7\u00e3o deve ser feita apenas pelos canais oficiais. No caso do PIS, o trabalhador pode acessar o aplicativo Caixa Tem ou a Carteira de Trabalho Digital. J\u00e1 no Pasep, a consulta \u00e9 realizada pelo aplicativo do Banco do Brasil ou diretamente no site da institui\u00e7\u00e3o. <\/p>\n\n\n\n<p>Importante: n\u00e3o h\u00e1 cobran\u00e7a de taxas nem envio de links por mensagens. Golpes t\u00eam sido frequentes, e a orienta\u00e7\u00e3o \u00e9 nunca fornecer dados fora dos canais oficiais.<\/p>\n\n\n\n<p>Quem ainda n\u00e3o retirou o valor tem at\u00e9 31 de dezembro para faz\u00ea-lo e garantir esse refor\u00e7o financeiro antes da virada do ano.<\/p>\n\n\n\n<p><\/p>\n","protected":false},"excerpt":{"rendered":"<p>Um refor\u00e7o no or\u00e7amento pode chegar neste fim de ano para trabalhadores brasileiros com carteira assinada. Embora muitos j\u00e1 tenham recebido os valores ao longo do calend\u00e1rio oficial, o Abono Salarial PIS\/Pasep 2025 ainda est\u00e1 dispon\u00edvel para saque por quem perdeu o prazo anterior. O benef\u00edcio, considerado por muitos como um \u201c14\u00ba sal\u00e1rio\u201d, poder\u00e1 ser [&hellip;]<\/p>\n","protected":false},"author":5,"featured_media":3526,"comment_status":"open","ping_status":"open","sticky":false,"template":"","format":"standard","meta":{"jnews-multi-image_gallery":[],"jnews_single_post":{"format":"standard"},"jnews_primary_category":[],"jnews_social_meta":[],"jnews_post_split":[],"footnotes":""},"categories":[1],"tags":[],"class_list":["post-3525","post","type-post","status-publish","format-standard","has-post-thumbnail","hentry","category-dinheiro"],"yoast_head":"<!-- This site is optimized with the Yoast SEO plugin v25.6 - https:\/\/yoast.com\/wordpress\/plugins\/seo\/ -->\n<title>Presente de Natal \u00e9 confirmado pelo governo para trabalhadores<\/title>\n<meta name=\"description\" content=\"Um refor\u00e7o no or\u00e7amento pago pelo governo pode chegar neste fim de ano para trabalhadores brasileiros com carteira assinada.\" \/>\n<meta name=\"robots\" content=\"index, follow, max-snippet:-1, max-image-preview:large, max-video-preview:-1\" \/>\n<link rel=\"canonical\" href=\"https:\/\/tribunademinas.audiencelabs.com.br\/presente-de-natal-e-confirmado-pelo-governo-lula-para-trabalhadores\/\" \/>\n<meta property=\"og:locale\" content=\"pt_BR\" \/>\n<meta property=\"og:type\" content=\"article\" \/>\n<meta property=\"og:title\" content=\"Presente de Natal \u00e9 confirmado pelo governo para trabalhadores\" \/>\n<meta property=\"og:description\" content=\"Um refor\u00e7o no or\u00e7amento pago pelo governo pode chegar neste fim de ano para trabalhadores brasileiros com carteira assinada.\" \/>\n<meta property=\"og:url\" content=\"https:\/\/tribunademinas.audiencelabs.com.br\/presente-de-natal-e-confirmado-pelo-governo-lula-para-trabalhadores\/\" \/>\n<meta property=\"og:site_name\" content=\"Tribuna de Minas - Dinheiro e Cidadania\" \/>\n<meta property=\"article:publisher\" content=\"https:\/\/www.facebook.com\/tribunademinas\/\" \/>\n<meta property=\"article:published_time\" content=\"2025-11-20T18:00:00+00:00\" \/>\n<meta property=\"og:image\" content=\"https:\/\/tribunademinas.audiencelabs.com.br\/wp-content\/uploads\/2025\/11\/trabalhadores-1.webp\" \/>\n\t<meta property=\"og:image:width\" content=\"1170\" \/>\n\t<meta property=\"og:image:height\" content=\"700\" \/>\n\t<meta property=\"og:image:type\" content=\"image\/webp\" \/>\n<meta name=\"author\" content=\"Jeferson Carvalho\" \/>\n<meta name=\"twitter:card\" content=\"summary_large_image\" \/>\n<meta name=\"twitter:creator\" content=\"@tribunademinas\" \/>\n<meta name=\"twitter:site\" content=\"@tribunademinas\" \/>\n<meta name=\"twitter:label1\" content=\"Escrito por\" \/>\n\t<meta name=\"twitter:data1\" content=\"Jeferson Carvalho\" \/>\n\t<meta name=\"twitter:label2\" content=\"Est. tempo de leitura\" \/>\n\t<meta name=\"twitter:data2\" content=\"3 minutos\" \/>\n<!-- \/ Yoast SEO plugin. -->","yoast_head_json":{"title":"Presente de Natal \u00e9 confirmado pelo governo para trabalhadores","description":"Um refor\u00e7o no or\u00e7amento pago pelo governo pode chegar neste fim de ano para trabalhadores brasileiros com carteira assinada.","robots":{"index":"index","follow":"follow","max-snippet":"max-snippet:-1","max-image-preview":"max-image-preview:large","max-video-preview":"max-video-preview:-1"},"canonical":"https:\/\/tribunademinas.audiencelabs.com.br\/presente-de-natal-e-confirmado-pelo-governo-lula-para-trabalhadores\/","og_locale":"pt_BR","og_type":"article","og_title":"Presente de Natal \u00e9 confirmado pelo governo para trabalhadores","og_description":"Um refor\u00e7o no or\u00e7amento pago pelo governo pode chegar neste fim de ano para trabalhadores brasileiros com carteira assinada.","og_url":"https:\/\/tribunademinas.audiencelabs.com.br\/presente-de-natal-e-confirmado-pelo-governo-lula-para-trabalhadores\/","og_site_name":"Tribuna de Minas - Dinheiro e Cidadania","article_publisher":"https:\/\/www.facebook.com\/tribunademinas\/","article_published_time":"2025-11-20T18:00:00+00:00","og_image":[{"width":1170,"height":700,"url":"https:\/\/tribunademinas.audiencelabs.com.br\/wp-content\/uploads\/2025\/11\/trabalhadores-1.webp","type":"image\/webp"}],"author":"Jeferson Carvalho","twitter_card":"summary_large_image","twitter_creator":"@tribunademinas","twitter_site":"@tribunademinas","twitter_misc":{"Escrito por":"Jeferson Carvalho","Est. tempo de leitura":"3 minutos"},"schema":{"@context":"https:\/\/schema.org","@graph":[{"@type":"Article","@id":"https:\/\/tribunademinas.audiencelabs.com.br\/presente-de-natal-e-confirmado-pelo-governo-lula-para-trabalhadores\/#article","isPartOf":{"@id":"https:\/\/tribunademinas.audiencelabs.com.br\/presente-de-natal-e-confirmado-pelo-governo-lula-para-trabalhadores\/"},"author":{"name":"Jeferson Carvalho","@id":"https:\/\/tribunademinas.audiencelabs.com.br\/#\/schema\/person\/db18fc40307804bacef94213aa68fd9d"},"headline":"Presente de Natal \u00e9 confirmado pelo governo para trabalhadores","datePublished":"2025-11-20T18:00:00+00:00","mainEntityOfPage":{"@id":"https:\/\/tribunademinas.audiencelabs.com.br\/presente-de-natal-e-confirmado-pelo-governo-lula-para-trabalhadores\/"},"wordCount":501,"commentCount":0,"publisher":{"@id":"https:\/\/tribunademinas.audiencelabs.com.br\/#organization"},"image":{"@id":"https:\/\/tribunademinas.audiencelabs.com.br\/presente-de-natal-e-confirmado-pelo-governo-lula-para-trabalhadores\/#primaryimage"},"thumbnailUrl":"https:\/\/tribunademinas.audiencelabs.com.br\/wp-content\/uploads\/2025\/11\/trabalhadores-1.webp","articleSection":["Dinheiro"],"inLanguage":"pt-BR","potentialAction":[{"@type":"CommentAction","name":"Comment","target":["https:\/\/tribunademinas.audiencelabs.com.br\/presente-de-natal-e-confirmado-pelo-governo-lula-para-trabalhadores\/#respond"]}]},{"@type":"WebPage","@id":"https:\/\/tribunademinas.audiencelabs.com.br\/presente-de-natal-e-confirmado-pelo-governo-lula-para-trabalhadores\/","url":"https:\/\/tribunademinas.audiencelabs.com.br\/presente-de-natal-e-confirmado-pelo-governo-lula-para-trabalhadores\/","name":"Presente de Natal \u00e9 confirmado pelo governo para trabalhadores","isPartOf":{"@id":"https:\/\/tribunademinas.audiencelabs.com.br\/#website"},"primaryImageOfPage":{"@id":"https:\/\/tribunademinas.audiencelabs.com.br\/presente-de-natal-e-confirmado-pelo-governo-lula-para-trabalhadores\/#primaryimage"},"image":{"@id":"https:\/\/tribunademinas.audiencelabs.com.br\/presente-de-natal-e-confirmado-pelo-governo-lula-para-trabalhadores\/#primaryimage"},"thumbnailUrl":"https:\/\/tribunademinas.audiencelabs.com.br\/wp-content\/uploads\/2025\/11\/trabalhadores-1.webp","datePublished":"2025-11-20T18:00:00+00:00","description":"Um refor\u00e7o no or\u00e7amento pago pelo governo pode chegar neste fim de ano para trabalhadores brasileiros com carteira assinada.","breadcrumb":{"@id":"https:\/\/tribunademinas.audiencelabs.com.br\/presente-de-natal-e-confirmado-pelo-governo-lula-para-trabalhadores\/#breadcrumb"},"inLanguage":"pt-BR","potentialAction":[{"@type":"ReadAction","target":["https:\/\/tribunademinas.audiencelabs.com.br\/presente-de-natal-e-confirmado-pelo-governo-lula-para-trabalhadores\/"]}]},{"@type":"ImageObject","inLanguage":"pt-BR","@id":"https:\/\/tribunademinas.audiencelabs.com.br\/presente-de-natal-e-confirmado-pelo-governo-lula-para-trabalhadores\/#primaryimage","url":"https:\/\/tribunademinas.audiencelabs.com.br\/wp-content\/uploads\/2025\/11\/trabalhadores-1.webp","contentUrl":"https:\/\/tribunademinas.audiencelabs.com.br\/wp-content\/uploads\/2025\/11\/trabalhadores-1.webp","width":1170,"height":700,"caption":"Presente de Natal \u00e9 confirmado pelo governo Lula para trabalhadores - Imagem: Marcello Casal Jr\/Ag\u00eancia Brasil"},{"@type":"BreadcrumbList","@id":"https:\/\/tribunademinas.audiencelabs.com.br\/presente-de-natal-e-confirmado-pelo-governo-lula-para-trabalhadores\/#breadcrumb","itemListElement":[{"@type":"ListItem","position":1,"name":"In\u00edcio","item":"https:\/\/tribunademinas.audiencelabs.com.br\/"},{"@type":"ListItem","position":2,"name":"Presente de Natal \u00e9 confirmado pelo governo para trabalhadores"}]},{"@type":"WebSite","@id":"https:\/\/tribunademinas.audiencelabs.com.br\/#website","url":"https:\/\/tribunademinas.audiencelabs.com.br\/","name":"Tribuna de Minas - Dinheiro e Cidadania","description":"","publisher":{"@id":"https:\/\/tribunademinas.audiencelabs.com.br\/#organization"},"potentialAction":[{"@type":"SearchAction","target":{"@type":"EntryPoint","urlTemplate":"https:\/\/tribunademinas.audiencelabs.com.br\/?s={search_term_string}"},"query-input":{"@type":"PropertyValueSpecification","valueRequired":true,"valueName":"search_term_string"}}],"inLanguage":"pt-BR"},{"@type":"Organization","@id":"https:\/\/tribunademinas.audiencelabs.com.br\/#organization","name":"Tribuna de Minas - Dinheiro e Cidadania","url":"https:\/\/tribunademinas.audiencelabs.com.br\/","logo":{"@type":"ImageObject","inLanguage":"pt-BR","@id":"https:\/\/tribunademinas.audiencelabs.com.br\/#\/schema\/logo\/image\/","url":"https:\/\/tribunademinas.audiencelabs.com.br\/wp-content\/uploads\/2025\/08\/cropped-Tribuna_512x512-96x96-1.png","contentUrl":"https:\/\/tribunademinas.audiencelabs.com.br\/wp-content\/uploads\/2025\/08\/cropped-Tribuna_512x512-96x96-1.png","width":96,"height":96,"caption":"Tribuna de Minas - Dinheiro e Cidadania"},"image":{"@id":"https:\/\/tribunademinas.audiencelabs.com.br\/#\/schema\/logo\/image\/"},"sameAs":["https:\/\/www.facebook.com\/tribunademinas\/","https:\/\/x.com\/tribunademinas","https:\/\/www.instagram.com\/tribunademinas\/","https:\/\/www.youtube.com\/user\/TribunadeMinasJF"]},{"@type":"Person","@id":"https:\/\/tribunademinas.audiencelabs.com.br\/#\/schema\/person\/db18fc40307804bacef94213aa68fd9d","name":"Jeferson Carvalho","image":{"@type":"ImageObject","inLanguage":"pt-BR","@id":"https:\/\/tribunademinas.audiencelabs.com.br\/#\/schema\/person\/image\/","url":"https:\/\/secure.gravatar.com\/avatar\/cd7646e328d9670dad7dea8698522e522745eeffcff5b9d08be858e377ce326b?s=96&d=mm&r=g","contentUrl":"https:\/\/secure.gravatar.com\/avatar\/cd7646e328d9670dad7dea8698522e522745eeffcff5b9d08be858e377ce326b?s=96&d=mm&r=g","caption":"Jeferson Carvalho"},"description":"Jornalista apaixonado pela profiss\u00e3o!","url":"https:\/\/tribunademinas.audiencelabs.com.br\/author\/jeferson\/"}]}},"amp_enabled":true,"_links":{"self":[{"href":"https:\/\/tribunademinas.audiencelabs.com.br\/wp-json\/wp\/v2\/posts\/3525","targetHints":{"allow":["GET"]}}],"collection":[{"href":"https:\/\/tribunademinas.audiencelabs.com.br\/wp-json\/wp\/v2\/posts"}],"about":[{"href":"https:\/\/tribunademinas.audiencelabs.com.br\/wp-json\/wp\/v2\/types\/post"}],"author":[{"embeddable":true,"href":"https:\/\/tribunademinas.audiencelabs.com.br\/wp-json\/wp\/v2\/users\/5"}],"replies":[{"embeddable":true,"href":"https:\/\/tribunademinas.audiencelabs.com.br\/wp-json\/wp\/v2\/comments?post=3525"}],"version-history":[{"count":3,"href":"https:\/\/tribunademinas.audiencelabs.com.br\/wp-json\/wp\/v2\/posts\/3525\/revisions"}],"predecessor-version":[{"id":4316,"href":"https:\/\/tribunademinas.audiencelabs.com.br\/wp-json\/wp\/v2\/posts\/3525\/revisions\/4316"}],"wp:featuredmedia":[{"embeddable":true,"href":"https:\/\/tribunademinas.audiencelabs.com.br\/wp-json\/wp\/v2\/media\/3526"}],"wp:attachment":[{"href":"https:\/\/tribunademinas.audiencelabs.com.br\/wp-json\/wp\/v2\/media?parent=3525"}],"wp:term":[{"taxonomy":"category","embeddable":true,"href":"https:\/\/tribunademinas.audiencelabs.com.br\/wp-json\/wp\/v2\/categories?post=3525"},{"taxonomy":"post_tag","embeddable":true,"href":"https:\/\/tribunademinas.audiencelabs.com.br\/wp-json\/wp\/v2\/tags?post=3525"}],"curies":[{"name":"wp","href":"https:\/\/api.w.org\/{rel}","templated":true}]}}