{"id":3519,"date":"2025-11-09T10:45:00","date_gmt":"2025-11-09T13:45:00","guid":{"rendered":"https:\/\/tribunademinas.audiencelabs.com.br\/?p=3519"},"modified":"2025-11-07T13:01:34","modified_gmt":"2025-11-07T16:01:34","slug":"bolsa-familia-e-cancelado-para-2-milhoes-de-brasileiros-apos-averiguacao","status":"publish","type":"post","link":"https:\/\/tribunademinas.audiencelabs.com.br\/bolsa-familia-e-cancelado-para-2-milhoes-de-brasileiros-apos-averiguacao\/","title":{"rendered":"Bolsa Fam\u00edlia \u00e9 cancelado para 2 milh\u00f5es de brasileiros ap\u00f3s averigua\u00e7\u00e3o"},"content":{"rendered":"\n<p>O ano de 2025 marcou uma importante virada para milh\u00f5es de brasileiros que dependiam do Bolsa Fam\u00edlia. Segundo <a href=\"https:\/\/www.gov.br\/mds\/pt-br\/noticias-e-conteudos\/desenvolvimento-social\/noticias-desenvolvimento-social\/bolsa-familia-2-milhoes-de-familias-deixam-o-programa-apos-aumento-de-renda-em-2025\"><strong>dados <\/strong><\/a>do Minist\u00e9rio do Desenvolvimento e Assist\u00eancia Social, cerca de 2 milh\u00f5es de fam\u00edlias deixaram de receber o benef\u00edcio entre janeiro e outubro. <\/p>\n\n\n\n<p>Ao contr\u00e1rio do que o t\u00edtulo pode sugerir, essas sa\u00eddas n\u00e3o ocorreram por cortes no programa ou falta de recursos, mas sim por mudan\u00e7as positivas na realidade econ\u00f4mica dessas fam\u00edlias.<\/p>\n\n\n\n<h2 class=\"wp-block-heading\">Bolsa Fam\u00edlia \u00e9 cancelado para 2 milh\u00f5es de brasileiros ap\u00f3s averigua\u00e7\u00e3o<\/h2>\n\n\n\n<p>A atualiza\u00e7\u00e3o cadastral realizada pelo governo federal apontou que mais de dois milh\u00f5es de domic\u00edlios superaram os crit\u00e9rios de renda exigidos para continuar no programa. <\/p>\n\n\n\n<p>A principal raz\u00e3o foi o aumento da renda mensal, seja pela conquista de emprego formal, abertura de pequenos neg\u00f3cios ou outras formas de gera\u00e7\u00e3o de renda. <\/p>\n\n\n\n<p>Com isso, essas fam\u00edlias passaram a n\u00e3o se enquadrar mais nos par\u00e2metros de elegibilidade do Bolsa Fam\u00edlia, cujo limite de renda per capita \u00e9 de R$ 218.<\/p>\n\n\n\n<p>Entre os desligamentos registrados, o maior n\u00famero, 1.318.214 fam\u00edlias, teve a sa\u00edda autom\u00e1tica, ap\u00f3s a eleva\u00e7\u00e3o da renda familiar ultrapassar o teto permitido. <\/p>\n\n\n\n<p>Outras 726.799 fam\u00edlias deixaram o programa ap\u00f3s o encerramento do per\u00edodo de transi\u00e7\u00e3o da chamada Regra de Prote\u00e7\u00e3o. <\/p>\n\n\n\n<p>Esse mecanismo permite que fam\u00edlias que come\u00e7am a ganhar acima do limite permane\u00e7am no programa, recebendo metade do benef\u00edcio por um tempo determinado. Desde junho deste ano, esse tempo foi reduzido de dois anos para doze meses. <\/p>\n\n\n\n<p>Al\u00e9m disso, 24.763 fam\u00edlias pediram a exclus\u00e3o volunt\u00e1ria do programa.<\/p>\n\n\n\n<h3 class=\"wp-block-heading\">Ex-benefici\u00e1rios podem voltar caso necessitem <\/h3>\n\n\n\n<p>O minist\u00e9rio respons\u00e1vel refor\u00e7a que essas sa\u00eddas n\u00e3o representam abandono ou descaso com os benefici\u00e1rios, mas sim o funcionamento saud\u00e1vel do sistema. <\/p>\n\n\n\n<p>O Bolsa Fam\u00edlia foi concebido como um apoio tempor\u00e1rio, voltado para garantir condi\u00e7\u00f5es m\u00ednimas at\u00e9 que a fam\u00edlia consiga se sustentar por conta pr\u00f3pria. <\/p>\n\n\n\n<p>A sa\u00edda do programa, portanto, \u00e9 um indicador de progresso. Para muitos, trata-se da supera\u00e7\u00e3o de ciclos de pobreza e depend\u00eancia.<\/p>\n\n\n\n<p>Importante destacar que, caso haja uma nova situa\u00e7\u00e3o de vulnerabilidade, essas fam\u00edlias podem retornar ao Bolsa Fam\u00edlia com prioridade, sem a necessidade de enfrentar longos processos de espera. <\/p>\n\n\n\n<p>O sistema prev\u00ea reentrada autom\u00e1tica em caso de queda na renda familiar, assegurando uma rede de prote\u00e7\u00e3o cont\u00ednua.<\/p>\n\n\n\n<p>Segundo o governo, o programa continua ativo em todos os munic\u00edpios brasileiros, atendendo atualmente cerca de 18,9 milh\u00f5es de fam\u00edlias.<\/p>\n\n\n\n<p><\/p>\n","protected":false},"excerpt":{"rendered":"<p>O ano de 2025 marcou uma importante virada para milh\u00f5es de brasileiros que dependiam do Bolsa Fam\u00edlia. Segundo dados do Minist\u00e9rio do Desenvolvimento e Assist\u00eancia Social, cerca de 2 milh\u00f5es de fam\u00edlias deixaram de receber o benef\u00edcio entre janeiro e outubro. Ao contr\u00e1rio do que o t\u00edtulo pode sugerir, essas sa\u00eddas n\u00e3o ocorreram por cortes [&hellip;]<\/p>\n","protected":false},"author":5,"featured_media":3520,"comment_status":"open","ping_status":"open","sticky":false,"template":"","format":"standard","meta":{"jnews-multi-image_gallery":[],"jnews_single_post":{"format":"standard"},"jnews_primary_category":[],"jnews_social_meta":[],"jnews_post_split":[],"footnotes":""},"categories":[159],"tags":[],"class_list":["post-3519","post","type-post","status-publish","format-standard","has-post-thumbnail","hentry","category-cidadania"],"yoast_head":"<!-- This site is optimized with the Yoast SEO plugin v25.6 - https:\/\/yoast.com\/wordpress\/plugins\/seo\/ -->\n<title>Bolsa Fam\u00edlia \u00e9 cancelado para 2 milh\u00f5es de brasileiros ap\u00f3s averigua\u00e7\u00e3o<\/title>\n<meta name=\"description\" content=\"O ano de 2025 marcou uma importante virada para milh\u00f5es de brasileiros que dependiam do Bolsa Fam\u00edlia e agora j\u00e1 n\u00e3o precisam mais.\" \/>\n<meta name=\"robots\" content=\"index, follow, max-snippet:-1, max-image-preview:large, max-video-preview:-1\" \/>\n<link rel=\"canonical\" href=\"https:\/\/tribunademinas.audiencelabs.com.br\/bolsa-familia-e-cancelado-para-2-milhoes-de-brasileiros-apos-averiguacao\/\" \/>\n<meta property=\"og:locale\" content=\"pt_BR\" \/>\n<meta property=\"og:type\" content=\"article\" \/>\n<meta property=\"og:title\" content=\"Bolsa Fam\u00edlia \u00e9 cancelado para 2 milh\u00f5es de brasileiros ap\u00f3s averigua\u00e7\u00e3o\" \/>\n<meta property=\"og:description\" content=\"O ano de 2025 marcou uma importante virada para milh\u00f5es de brasileiros que dependiam do Bolsa Fam\u00edlia e agora j\u00e1 n\u00e3o precisam mais.\" \/>\n<meta property=\"og:url\" content=\"https:\/\/tribunademinas.audiencelabs.com.br\/bolsa-familia-e-cancelado-para-2-milhoes-de-brasileiros-apos-averiguacao\/\" \/>\n<meta property=\"og:site_name\" content=\"Tribuna de Minas - Dinheiro e Cidadania\" \/>\n<meta property=\"article:publisher\" content=\"https:\/\/www.facebook.com\/tribunademinas\/\" \/>\n<meta property=\"article:published_time\" content=\"2025-11-09T13:45:00+00:00\" \/>\n<meta property=\"og:image\" content=\"https:\/\/tribunademinas.audiencelabs.com.br\/wp-content\/uploads\/2025\/11\/Bolsa-familia-1.webp\" \/>\n\t<meta property=\"og:image:width\" content=\"1170\" \/>\n\t<meta property=\"og:image:height\" content=\"700\" \/>\n\t<meta property=\"og:image:type\" content=\"image\/webp\" \/>\n<meta name=\"author\" content=\"Jeferson Carvalho\" \/>\n<meta name=\"twitter:card\" content=\"summary_large_image\" \/>\n<meta name=\"twitter:creator\" content=\"@tribunademinas\" \/>\n<meta name=\"twitter:site\" content=\"@tribunademinas\" \/>\n<meta name=\"twitter:label1\" content=\"Escrito por\" \/>\n\t<meta name=\"twitter:data1\" content=\"Jeferson Carvalho\" \/>\n\t<meta name=\"twitter:label2\" content=\"Est. tempo de leitura\" \/>\n\t<meta name=\"twitter:data2\" content=\"3 minutos\" \/>\n<!-- \/ Yoast SEO plugin. -->","yoast_head_json":{"title":"Bolsa Fam\u00edlia \u00e9 cancelado para 2 milh\u00f5es de brasileiros ap\u00f3s averigua\u00e7\u00e3o","description":"O ano de 2025 marcou uma importante virada para milh\u00f5es de brasileiros que dependiam do Bolsa Fam\u00edlia e agora j\u00e1 n\u00e3o precisam mais.","robots":{"index":"index","follow":"follow","max-snippet":"max-snippet:-1","max-image-preview":"max-image-preview:large","max-video-preview":"max-video-preview:-1"},"canonical":"https:\/\/tribunademinas.audiencelabs.com.br\/bolsa-familia-e-cancelado-para-2-milhoes-de-brasileiros-apos-averiguacao\/","og_locale":"pt_BR","og_type":"article","og_title":"Bolsa Fam\u00edlia \u00e9 cancelado para 2 milh\u00f5es de brasileiros ap\u00f3s averigua\u00e7\u00e3o","og_description":"O ano de 2025 marcou uma importante virada para milh\u00f5es de brasileiros que dependiam do Bolsa Fam\u00edlia e agora j\u00e1 n\u00e3o precisam mais.","og_url":"https:\/\/tribunademinas.audiencelabs.com.br\/bolsa-familia-e-cancelado-para-2-milhoes-de-brasileiros-apos-averiguacao\/","og_site_name":"Tribuna de Minas - Dinheiro e Cidadania","article_publisher":"https:\/\/www.facebook.com\/tribunademinas\/","article_published_time":"2025-11-09T13:45:00+00:00","og_image":[{"width":1170,"height":700,"url":"https:\/\/tribunademinas.audiencelabs.com.br\/wp-content\/uploads\/2025\/11\/Bolsa-familia-1.webp","type":"image\/webp"}],"author":"Jeferson Carvalho","twitter_card":"summary_large_image","twitter_creator":"@tribunademinas","twitter_site":"@tribunademinas","twitter_misc":{"Escrito por":"Jeferson Carvalho","Est. tempo de leitura":"3 minutos"},"schema":{"@context":"https:\/\/schema.org","@graph":[{"@type":"Article","@id":"https:\/\/tribunademinas.audiencelabs.com.br\/bolsa-familia-e-cancelado-para-2-milhoes-de-brasileiros-apos-averiguacao\/#article","isPartOf":{"@id":"https:\/\/tribunademinas.audiencelabs.com.br\/bolsa-familia-e-cancelado-para-2-milhoes-de-brasileiros-apos-averiguacao\/"},"author":{"name":"Jeferson Carvalho","@id":"https:\/\/tribunademinas.audiencelabs.com.br\/#\/schema\/person\/db18fc40307804bacef94213aa68fd9d"},"headline":"Bolsa Fam\u00edlia \u00e9 cancelado para 2 milh\u00f5es de brasileiros ap\u00f3s averigua\u00e7\u00e3o","datePublished":"2025-11-09T13:45:00+00:00","mainEntityOfPage":{"@id":"https:\/\/tribunademinas.audiencelabs.com.br\/bolsa-familia-e-cancelado-para-2-milhoes-de-brasileiros-apos-averiguacao\/"},"wordCount":462,"commentCount":0,"publisher":{"@id":"https:\/\/tribunademinas.audiencelabs.com.br\/#organization"},"image":{"@id":"https:\/\/tribunademinas.audiencelabs.com.br\/bolsa-familia-e-cancelado-para-2-milhoes-de-brasileiros-apos-averiguacao\/#primaryimage"},"thumbnailUrl":"https:\/\/tribunademinas.audiencelabs.com.br\/wp-content\/uploads\/2025\/11\/Bolsa-familia-1.webp","articleSection":["Cidadania"],"inLanguage":"pt-BR","potentialAction":[{"@type":"CommentAction","name":"Comment","target":["https:\/\/tribunademinas.audiencelabs.com.br\/bolsa-familia-e-cancelado-para-2-milhoes-de-brasileiros-apos-averiguacao\/#respond"]}]},{"@type":"WebPage","@id":"https:\/\/tribunademinas.audiencelabs.com.br\/bolsa-familia-e-cancelado-para-2-milhoes-de-brasileiros-apos-averiguacao\/","url":"https:\/\/tribunademinas.audiencelabs.com.br\/bolsa-familia-e-cancelado-para-2-milhoes-de-brasileiros-apos-averiguacao\/","name":"Bolsa Fam\u00edlia \u00e9 cancelado para 2 milh\u00f5es de brasileiros ap\u00f3s averigua\u00e7\u00e3o","isPartOf":{"@id":"https:\/\/tribunademinas.audiencelabs.com.br\/#website"},"primaryImageOfPage":{"@id":"https:\/\/tribunademinas.audiencelabs.com.br\/bolsa-familia-e-cancelado-para-2-milhoes-de-brasileiros-apos-averiguacao\/#primaryimage"},"image":{"@id":"https:\/\/tribunademinas.audiencelabs.com.br\/bolsa-familia-e-cancelado-para-2-milhoes-de-brasileiros-apos-averiguacao\/#primaryimage"},"thumbnailUrl":"https:\/\/tribunademinas.audiencelabs.com.br\/wp-content\/uploads\/2025\/11\/Bolsa-familia-1.webp","datePublished":"2025-11-09T13:45:00+00:00","description":"O ano de 2025 marcou uma importante virada para milh\u00f5es de brasileiros que dependiam do Bolsa Fam\u00edlia e agora j\u00e1 n\u00e3o precisam mais.","breadcrumb":{"@id":"https:\/\/tribunademinas.audiencelabs.com.br\/bolsa-familia-e-cancelado-para-2-milhoes-de-brasileiros-apos-averiguacao\/#breadcrumb"},"inLanguage":"pt-BR","potentialAction":[{"@type":"ReadAction","target":["https:\/\/tribunademinas.audiencelabs.com.br\/bolsa-familia-e-cancelado-para-2-milhoes-de-brasileiros-apos-averiguacao\/"]}]},{"@type":"ImageObject","inLanguage":"pt-BR","@id":"https:\/\/tribunademinas.audiencelabs.com.br\/bolsa-familia-e-cancelado-para-2-milhoes-de-brasileiros-apos-averiguacao\/#primaryimage","url":"https:\/\/tribunademinas.audiencelabs.com.br\/wp-content\/uploads\/2025\/11\/Bolsa-familia-1.webp","contentUrl":"https:\/\/tribunademinas.audiencelabs.com.br\/wp-content\/uploads\/2025\/11\/Bolsa-familia-1.webp","width":1170,"height":700,"caption":"Bolsa Fam\u00edlia \u00e9 cancelado para 2 milh\u00f5es de brasileiros ap\u00f3s averigua\u00e7\u00e3o - Imagem: Divulga\u00e7\u00e3o\/MDS"},{"@type":"BreadcrumbList","@id":"https:\/\/tribunademinas.audiencelabs.com.br\/bolsa-familia-e-cancelado-para-2-milhoes-de-brasileiros-apos-averiguacao\/#breadcrumb","itemListElement":[{"@type":"ListItem","position":1,"name":"In\u00edcio","item":"https:\/\/tribunademinas.audiencelabs.com.br\/"},{"@type":"ListItem","position":2,"name":"Bolsa Fam\u00edlia \u00e9 cancelado para 2 milh\u00f5es de brasileiros ap\u00f3s averigua\u00e7\u00e3o"}]},{"@type":"WebSite","@id":"https:\/\/tribunademinas.audiencelabs.com.br\/#website","url":"https:\/\/tribunademinas.audiencelabs.com.br\/","name":"Tribuna de Minas - Dinheiro e Cidadania","description":"","publisher":{"@id":"https:\/\/tribunademinas.audiencelabs.com.br\/#organization"},"potentialAction":[{"@type":"SearchAction","target":{"@type":"EntryPoint","urlTemplate":"https:\/\/tribunademinas.audiencelabs.com.br\/?s={search_term_string}"},"query-input":{"@type":"PropertyValueSpecification","valueRequired":true,"valueName":"search_term_string"}}],"inLanguage":"pt-BR"},{"@type":"Organization","@id":"https:\/\/tribunademinas.audiencelabs.com.br\/#organization","name":"Tribuna de Minas - Dinheiro e Cidadania","url":"https:\/\/tribunademinas.audiencelabs.com.br\/","logo":{"@type":"ImageObject","inLanguage":"pt-BR","@id":"https:\/\/tribunademinas.audiencelabs.com.br\/#\/schema\/logo\/image\/","url":"https:\/\/tribunademinas.audiencelabs.com.br\/wp-content\/uploads\/2025\/08\/cropped-Tribuna_512x512-96x96-1.png","contentUrl":"https:\/\/tribunademinas.audiencelabs.com.br\/wp-content\/uploads\/2025\/08\/cropped-Tribuna_512x512-96x96-1.png","width":96,"height":96,"caption":"Tribuna de Minas - Dinheiro e Cidadania"},"image":{"@id":"https:\/\/tribunademinas.audiencelabs.com.br\/#\/schema\/logo\/image\/"},"sameAs":["https:\/\/www.facebook.com\/tribunademinas\/","https:\/\/x.com\/tribunademinas","https:\/\/www.instagram.com\/tribunademinas\/","https:\/\/www.youtube.com\/user\/TribunadeMinasJF"]},{"@type":"Person","@id":"https:\/\/tribunademinas.audiencelabs.com.br\/#\/schema\/person\/db18fc40307804bacef94213aa68fd9d","name":"Jeferson Carvalho","image":{"@type":"ImageObject","inLanguage":"pt-BR","@id":"https:\/\/tribunademinas.audiencelabs.com.br\/#\/schema\/person\/image\/","url":"https:\/\/secure.gravatar.com\/avatar\/cd7646e328d9670dad7dea8698522e522745eeffcff5b9d08be858e377ce326b?s=96&d=mm&r=g","contentUrl":"https:\/\/secure.gravatar.com\/avatar\/cd7646e328d9670dad7dea8698522e522745eeffcff5b9d08be858e377ce326b?s=96&d=mm&r=g","caption":"Jeferson Carvalho"},"description":"Jornalista apaixonado pela profiss\u00e3o!","url":"https:\/\/tribunademinas.audiencelabs.com.br\/author\/jeferson\/"}]}},"amp_enabled":true,"_links":{"self":[{"href":"https:\/\/tribunademinas.audiencelabs.com.br\/wp-json\/wp\/v2\/posts\/3519","targetHints":{"allow":["GET"]}}],"collection":[{"href":"https:\/\/tribunademinas.audiencelabs.com.br\/wp-json\/wp\/v2\/posts"}],"about":[{"href":"https:\/\/tribunademinas.audiencelabs.com.br\/wp-json\/wp\/v2\/types\/post"}],"author":[{"embeddable":true,"href":"https:\/\/tribunademinas.audiencelabs.com.br\/wp-json\/wp\/v2\/users\/5"}],"replies":[{"embeddable":true,"href":"https:\/\/tribunademinas.audiencelabs.com.br\/wp-json\/wp\/v2\/comments?post=3519"}],"version-history":[{"count":2,"href":"https:\/\/tribunademinas.audiencelabs.com.br\/wp-json\/wp\/v2\/posts\/3519\/revisions"}],"predecessor-version":[{"id":3697,"href":"https:\/\/tribunademinas.audiencelabs.com.br\/wp-json\/wp\/v2\/posts\/3519\/revisions\/3697"}],"wp:featuredmedia":[{"embeddable":true,"href":"https:\/\/tribunademinas.audiencelabs.com.br\/wp-json\/wp\/v2\/media\/3520"}],"wp:attachment":[{"href":"https:\/\/tribunademinas.audiencelabs.com.br\/wp-json\/wp\/v2\/media?parent=3519"}],"wp:term":[{"taxonomy":"category","embeddable":true,"href":"https:\/\/tribunademinas.audiencelabs.com.br\/wp-json\/wp\/v2\/categories?post=3519"},{"taxonomy":"post_tag","embeddable":true,"href":"https:\/\/tribunademinas.audiencelabs.com.br\/wp-json\/wp\/v2\/tags?post=3519"}],"curies":[{"name":"wp","href":"https:\/\/api.w.org\/{rel}","templated":true}]}}