{"id":3516,"date":"2025-11-09T09:45:00","date_gmt":"2025-11-09T12:45:00","guid":{"rendered":"https:\/\/tribunademinas.audiencelabs.com.br\/?p=3516"},"modified":"2025-11-11T15:28:06","modified_gmt":"2025-11-11T18:28:06","slug":"quando-e-permitido-trabalhar-aos-14-anos-lei-e-clara-sobre-adolescentes-com-emprego","status":"publish","type":"post","link":"https:\/\/tribunademinas.audiencelabs.com.br\/quando-e-permitido-trabalhar-aos-14-anos-lei-e-clara-sobre-adolescentes-com-emprego\/","title":{"rendered":"Quando \u00e9 permitido trabalhar aos 14 anos? Lei \u00e9 clara sobre adolescentes com emprego"},"content":{"rendered":"\n<p>No Brasil, trabalhar n\u00e3o \u00e9 apenas uma etapa da vida, para grande parte da popula\u00e7\u00e3o, \u00e9 uma exig\u00eancia precoce imposta pela realidade. Em muitos lares, o trabalho surge cedo como ferramenta de sobreviv\u00eancia, mas tamb\u00e9m como instrumento de forma\u00e7\u00e3o. <\/p>\n\n\n\n<p>Com isso, pais e respons\u00e1veis buscam caminhos legais para que seus filhos iniciem uma trajet\u00f3ria profissional desde a adolesc\u00eancia. Surge ent\u00e3o uma pergunta comum: \u00e9 permitido trabalhar aos 14 anos? A legisla\u00e7\u00e3o brasileira \u00e9 objetiva quanto a isso.<\/p>\n\n\n\n<h2 class=\"wp-block-heading\">Quando \u00e9 permitido trabalhar aos 14 anos? Lei \u00e9 clara sobre adolescentes com emprego<\/h2>\n\n\n\n<p>A Consolida\u00e7\u00e3o das Leis do Trabalho (<a href=\"https:\/\/www.planalto.gov.br\/ccivil_03\/decreto-lei\/del5452.htm\"><strong>CLT<\/strong><\/a>) pro\u00edbe o trabalho formal para menores de 16 anos. No entanto, existe uma exce\u00e7\u00e3o que abre portas de forma legal e protegida: o programa Jovem Aprendiz. <\/p>\n\n\n\n<p>Previsto na pr\u00f3pria CLT e regulamentado por legisla\u00e7\u00f5es espec\u00edficas, ele permite que adolescentes com idade a partir dos 14 anos ingressem no mundo do trabalho de forma assistida e educativa.<\/p>\n\n\n\n<p>Essa modalidade n\u00e3o se trata de um emprego comum. O Jovem Aprendiz \u00e9 uma pol\u00edtica p\u00fablica que busca conciliar estudo e pr\u00e1tica profissional. <\/p>\n\n\n\n<p>O jovem \u00e9 contratado por empresas que seguem regras espec\u00edficas: a jornada deve ser reduzida, compat\u00edvel com a escola, e parte do tempo do contrato \u00e9 dedicado \u00e0 forma\u00e7\u00e3o te\u00f3rica, oferecida por institui\u00e7\u00f5es qualificadas. <\/p>\n\n\n\n<p>A ideia \u00e9 preparar o adolescente para o mercado de trabalho sem comprometer sua forma\u00e7\u00e3o escolar e seu desenvolvimento f\u00edsico e emocional.<\/p>\n\n\n\n<h3 class=\"wp-block-heading\">Jovem Aprendiz garante direitos para quem come\u00e7a a trabalhar cedo<\/h3>\n\n\n<style>@media (min-width: 992px) {\n    .recomendadorV2Area1 {\n        width: 280px;\n    }\n    .recomendadorV2Area2 {\n        padding: 0px 20px;\n        width: calc(100% - 280px);\n    }\n}\n\n@media (max-width: 992px) {\n    .recomendadorV2Button {\n        margin: 0 auto;\n    }\n    .recomendadorV2Area {\n        flex-direction: column;\n        text-align: center;\n    }\n    .recomendadorV2Area2 {\n        padding: 0px 20px;\n    }\n}\n\n.recomendadorV2Area {\n    background: #eeeeee3d;\n    border-radius: 10px;\n    padding: 15px;\n    display: flex;\n    margin: 15px auto;\n    border: 1px solid #00000014;\n    max-width: 800px;\n}\n\n.recomendadorV2Area1 img {\n    width: 280px;\n    height: auto;\n    border-radius: 8px;\n}\n\n.linkrecomendadorv2 {\n    text-decoration: none !important;\n}\n\n.recomendadorV2Area2 .recomendadorV2Type {\n    text-transform: uppercase;\n    font-weight: 500;\n    font-size: 11px;\n    letter-spacing: 2px;\n    color: #666;\n    margin: 12px 0;\n    display: block;\n}\n\n.recomendadorV2Title h2 {\n    padding-top: 0px !important;\n    margin: 0px !important;\n    border-left: none !important;\n    padding-left: 0px !important;\n    line-height: 1.3;\n    color: #000 !important;\n    font-size: 24px;\n    margin-bottom: 12px !important;\n}\n\n.recomendadorV2Desc {\n    color: #333;\n    margin: 12px 0px !important;\n    font-size: 15px;\n    line-height: 1.5;\n}\n\n.recomendadorV2Button {\n    width: auto;\n    max-width: 200px;\n    margin: 0;\n    display: inline-flex;\n    align-items: center;\n    background: #1D3557;\n    border-radius: 8px;\n    color: #fff;\n    height: 36px;\n    justify-content: center;\n    text-align: center;\n    font-size: 14px;\n    padding: 0 20px;\n    transition: background-color 0.2s ease;\n}\n\n.recomendadorV2Button:hover {\n    background: #2a4d7a;\n}\n\n.recomendadorV2Button:after {\n    margin-top: -2px;\n    content: \"\u2192\";\n    padding: 0px 0px 0px 8px;\n}\n\n.recomendadorV2Alert {\n    text-align: left;\n    font-size: 11px;\n    margin-top: 8px;\n    color: #666;\n}\n\n.recomendadorFixedArea {\n    width: 100%;\n    display: flex;\n    justify-content: center;\n    align-items: center;\n}\n\n@media (min-width: 992px) {\n    #recomendadorFixed {\n        width: 32% !important;\n        left: 5%;\n    }\n    .recomendadorCloseFixed{\n        right: inherit !important;\n        left: 378px !important;\n    }\n}\n\n#recomendadorFixed {\n    width: 90%;\n    box-shadow: 0 10px 20px 0px #00000057;\n    display: none;\n    height: 90px;\n    background: #F6F6F6;\n    position: fixed;\n    flex-direction: row;\n    bottom: 10px;\n    z-index: 9999;\n    border-radius: 16px;\n    padding: 7px 10px;\n}\n\n.recomendadorLeftArea {\n    width: 160px;\n}\n\n.recomendadorRightArea h2 {\n    padding-top: 0px;\n    margin: 2px 0px 4px 0px !important;\n    font-weight: 400;\n    text-align: center;\n    padding-left: 0px !important;\n    color: #000 !important;\n    border-left: none !important;\n    line-height: 20px;\n    font-size: 12px !important;\n}\n\n.recomendadorImgFixed {\n    overflow: hidden;\n    padding: 8px 6px;\n    height: 100%;\n}\n\n.recomendadorImgFixed img {\n    height: 100% !important;\n    border-radius: 16px;\n}\n\n.recomendadorRightArea {\n    padding-top: 6px;\n    display: flex;\n    width: calc(100% - 130px);\n    justify-content: space-between;\n    align-items: center;\n    flex-direction: column;\n}\n\n.recomendadorButtonFixed {\n    margin: 0 auto;\n    background: #1D3557;\n    width: 80%;\n    text-align: center;\n    font-size: 10px;\n    color: #FFF;\n    padding: 2px 10px;\n    border-radius: 3px;\n}\n\n.recomendadorButtonFixed:after {\n    margin-top: -3px;\n    content: \"\u2192\";\n    padding: 0px 0px 0px 10px;\n}\n\n.recomendadorAlertFixed {\n    font-weight: 400;\n    text-align: center;\n    color: #484848;\n    font-size: 8px;\n}\n\n.recomendadorCloseFixed {\n    z-index: 99999;\n    display: none;\n    right: 0px;\n    left: inherit;\n    bottom: 99px;\n    position: fixed;\n    justify-content: center;\n    background: #F6F6F6;\n    width: 25px;\n    align-items: center;\n    height: 25px;\n    font-weight: 800;\n    border-radius: 50%;\n    border: 1px solid #EBEBEB;\n}\n\n.recomendadorV2Desc{\n    color: #000000;\n    margin: 20px 0px;\n}\n\n@media (max-width: 576px) {\n    .recomendadorV2Area {\n      padding: 10px;\n      max-width: 100%;\n    }\n  \n    .recomendadorV2Area1 img {\n      width: 100%;\n      border-radius: 6px;\n    }\n  \n    .recomendadorV2Area2 .recomendadorV2Type {\n      font-size: 9px;\n      letter-spacing: 1px;\n      margin: 8px 0;\n    }\n  \n    .recomendadorV2Title h2 {\n      font-size: 18px !important;\n      margin-bottom: 8px !important;\n      line-height: 1.2;\n    }\n  \n    .recomendadorV2Desc {\n      font-size: 14px;\n      margin: 8px 0 !important;\n      line-height: 1.4;\n    }\n  \n    .recomendadorV2Button {\n      font-size: 12px;\n      height: 30px;\n      padding: 0 12px;\n      max-width: 160px;\n    }\n  \n    .recomendadorV2Button:after {\n      padding-left: 6px;\n    }\n  }\n  <\/style>\n        <div class=\"lazyblock-recomendador-v2-2jDGz wp-block-lazyblock-recomendador-v2\">\n        <a class=\"linkrecomendadorv2\" href=\"https:\/\/tribunademinas.com.br\/colunas\/dinheiroecidadania\/quem-sao-os-estudantes-que-vao-receber-r-1-000-do-pe-de-meia\/?utm_source=lazy\">\n            <div class=\"recomendadorV2Area\">\n            <div class=\"recomendadorV2Area1\">\n                <div class=\"recomendadorV2Img\">\n                <img class=\"lazyloaded\" decoding=\"async\" src=\"https:\/\/tribunademinas.audiencelabs.com.br\/wp-content\/uploads\/2025\/11\/Pe-de-Meia.jpg\" data-src=\"https:\/\/tribunademinas.audiencelabs.com.br\/wp-content\/uploads\/2025\/11\/Pe-de-Meia.jpg\" alt=\"\">\n                <\/div>\n            <\/div>\n            <div class=\"recomendadorV2Area2\">\n                <div class=\"recomendadorV2Type\">\n                    <span>Educa\u00e7\u00e3o e renda<\/span>\n                <\/div>\n                <div class=\"recomendadorV2Title\">\n                <h2><span>Estudantes v\u00e3o ganhar R$1.000 \ud83c\udf93<\/span><\/h2>\n                <\/div>\n                <div class=\"recomendadorV2Desc\">\n                <span>Veja quem tem direito ao pagamento do P\u00e9-de-Meia<\/span>\n                <\/div>\n                <div class=\"recomendadorV2Button\">Confira os detalhes<\/div>\n                <div class=\"recomendadorV2Alert\"><\/div>\n            <\/div>\n            <\/div>\n        <\/a>\n        <div>\n            <div style=\"z-index:99999;\" id=\"buttonClose\" onclick=\"closeRecomendadorFixed()\">\n            <div class=\"recomendadorCloseFixed\">X<\/div>\n            <\/div>\n            <a href=\"https:\/\/tribunademinas.com.br\/colunas\/dinheiroecidadania\/quem-sao-os-estudantes-que-vao-receber-r-1-000-do-pe-de-meia\/?utm_source=lazy\">\n            <div class=\"recomendadorFixedArea\">\n                <div id=\"recomendadorFixed\">\n                <div class=\"recomendadorLeftArea\">\n                    <div class=\"recomendadorImgFixed\">\n                    <img class=\"lazyload\" decoding=\"async\" src=\"https:\/\/tribunademinas.audiencelabs.com.br\/wp-content\/uploads\/2025\/11\/Pe-de-Meia.jpg\" alt=\"\">\n                    <\/div>\n                <\/div>\n                <div class=\"recomendadorRightArea\">\n                    <div class=\"recomendadorTitleFixed\">\n                    <h2><span>Estudantes v\u00e3o ganhar R$1.000 \ud83c\udf93<\/span><\/h2>\n                    <\/div>\n                    <div class=\"recomendadorButtonFixed\">Confira os detalhes<\/div>\n                    <div class=\"recomendadorAlertFixed\"><\/div>\n                <\/div>\n                <\/div>\n            <\/div>\n            <\/a>\n        <\/div>\n        <\/div>\n\n\n\n<p>Al\u00e9m da experi\u00eancia pr\u00e1tica, o programa garante acesso a direitos trabalhistas como sal\u00e1rio proporcional, f\u00e9rias coincidentes com as f\u00e9rias escolares, 13\u00ba sal\u00e1rio, FGTS e vale-transporte. <\/p>\n\n\n\n<p>A dura\u00e7\u00e3o do contrato pode ser de at\u00e9 dois anos, e o acompanhamento deve ser constante, com supervis\u00e3o tanto da empresa quanto da institui\u00e7\u00e3o de ensino profissionalizante.<\/p>\n\n\n\n<p>A proposta do Jovem Aprendiz vai al\u00e9m da ocupa\u00e7\u00e3o imediata. Ela representa uma ponte segura para o futuro profissional de jovens que, muitas vezes, enfrentam poucas oportunidades.<\/p>\n\n\n\n<p> Ao mesmo tempo em que evita situa\u00e7\u00f5es de explora\u00e7\u00e3o ou abandono escolar, o programa oferece uma introdu\u00e7\u00e3o estruturada ao universo do trabalho.<\/p>\n\n\n\n<p>Portanto, para adolescentes de 14 anos, o \u00fanico caminho legal para ingressar no mercado \u00e9 por meio dessa iniciativa. Qualquer outra forma de emprego nessa faixa et\u00e1ria \u00e9 considerada ilegal e sujeita a penalidades. <\/p>\n\n\n\n<p>A lei \u00e9 clara: o trabalho precoce s\u00f3 \u00e9 permitido quando h\u00e1 prote\u00e7\u00e3o, forma\u00e7\u00e3o e acompanhamento.<\/p>\n\n\n\n<p><\/p>\n","protected":false},"excerpt":{"rendered":"<p>No Brasil, trabalhar n\u00e3o \u00e9 apenas uma etapa da vida, para grande parte da popula\u00e7\u00e3o, \u00e9 uma exig\u00eancia precoce imposta pela realidade. Em muitos lares, o trabalho surge cedo como ferramenta de sobreviv\u00eancia, mas tamb\u00e9m como instrumento de forma\u00e7\u00e3o. Com isso, pais e respons\u00e1veis buscam caminhos legais para que seus filhos iniciem uma trajet\u00f3ria profissional [&hellip;]<\/p>\n","protected":false},"author":5,"featured_media":3517,"comment_status":"open","ping_status":"open","sticky":false,"template":"","format":"standard","meta":{"jnews-multi-image_gallery":[],"jnews_single_post":{"format":"standard"},"jnews_primary_category":[],"jnews_social_meta":[],"jnews_post_split":[],"footnotes":""},"categories":[159],"tags":[],"class_list":["post-3516","post","type-post","status-publish","format-standard","has-post-thumbnail","hentry","category-cidadania"],"yoast_head":"<!-- This site is optimized with the Yoast SEO plugin v25.6 - https:\/\/yoast.com\/wordpress\/plugins\/seo\/ -->\n<title>Quando \u00e9 permitido trabalhar aos 14 anos? Lei \u00e9 clara sobre adolescentes com emprego<\/title>\n<meta name=\"description\" content=\"No Brasil, trabalhar n\u00e3o \u00e9 apenas uma etapa da vida, para grande parte da popula\u00e7\u00e3o, \u00e9 uma exig\u00eancia precoce imposta pela realidade.\" \/>\n<meta name=\"robots\" content=\"index, follow, max-snippet:-1, max-image-preview:large, max-video-preview:-1\" \/>\n<link rel=\"canonical\" href=\"https:\/\/tribunademinas.audiencelabs.com.br\/quando-e-permitido-trabalhar-aos-14-anos-lei-e-clara-sobre-adolescentes-com-emprego\/\" \/>\n<meta property=\"og:locale\" content=\"pt_BR\" \/>\n<meta property=\"og:type\" content=\"article\" \/>\n<meta property=\"og:title\" content=\"Quando \u00e9 permitido trabalhar aos 14 anos? Lei \u00e9 clara sobre adolescentes com emprego\" \/>\n<meta property=\"og:description\" content=\"No Brasil, trabalhar n\u00e3o \u00e9 apenas uma etapa da vida, para grande parte da popula\u00e7\u00e3o, \u00e9 uma exig\u00eancia precoce imposta pela realidade.\" \/>\n<meta property=\"og:url\" content=\"https:\/\/tribunademinas.audiencelabs.com.br\/quando-e-permitido-trabalhar-aos-14-anos-lei-e-clara-sobre-adolescentes-com-emprego\/\" \/>\n<meta property=\"og:site_name\" content=\"Tribuna de Minas - Dinheiro e Cidadania\" \/>\n<meta property=\"article:publisher\" content=\"https:\/\/www.facebook.com\/tribunademinas\/\" \/>\n<meta property=\"article:published_time\" content=\"2025-11-09T12:45:00+00:00\" \/>\n<meta property=\"article:modified_time\" content=\"2025-11-11T18:28:06+00:00\" \/>\n<meta property=\"og:image\" content=\"https:\/\/tribunademinas.audiencelabs.com.br\/wp-content\/uploads\/2025\/11\/trabalhar.webp\" \/>\n\t<meta property=\"og:image:width\" content=\"1170\" \/>\n\t<meta property=\"og:image:height\" content=\"700\" \/>\n\t<meta property=\"og:image:type\" content=\"image\/webp\" \/>\n<meta name=\"author\" content=\"Jeferson Carvalho\" \/>\n<meta name=\"twitter:card\" content=\"summary_large_image\" \/>\n<meta name=\"twitter:creator\" content=\"@tribunademinas\" \/>\n<meta name=\"twitter:site\" content=\"@tribunademinas\" \/>\n<meta name=\"twitter:label1\" content=\"Escrito por\" \/>\n\t<meta name=\"twitter:data1\" content=\"Jeferson Carvalho\" \/>\n\t<meta name=\"twitter:label2\" content=\"Est. tempo de leitura\" \/>\n\t<meta name=\"twitter:data2\" content=\"3 minutos\" \/>\n<!-- \/ Yoast SEO plugin. -->","yoast_head_json":{"title":"Quando \u00e9 permitido trabalhar aos 14 anos? Lei \u00e9 clara sobre adolescentes com emprego","description":"No Brasil, trabalhar n\u00e3o \u00e9 apenas uma etapa da vida, para grande parte da popula\u00e7\u00e3o, \u00e9 uma exig\u00eancia precoce imposta pela realidade.","robots":{"index":"index","follow":"follow","max-snippet":"max-snippet:-1","max-image-preview":"max-image-preview:large","max-video-preview":"max-video-preview:-1"},"canonical":"https:\/\/tribunademinas.audiencelabs.com.br\/quando-e-permitido-trabalhar-aos-14-anos-lei-e-clara-sobre-adolescentes-com-emprego\/","og_locale":"pt_BR","og_type":"article","og_title":"Quando \u00e9 permitido trabalhar aos 14 anos? Lei \u00e9 clara sobre adolescentes com emprego","og_description":"No Brasil, trabalhar n\u00e3o \u00e9 apenas uma etapa da vida, para grande parte da popula\u00e7\u00e3o, \u00e9 uma exig\u00eancia precoce imposta pela realidade.","og_url":"https:\/\/tribunademinas.audiencelabs.com.br\/quando-e-permitido-trabalhar-aos-14-anos-lei-e-clara-sobre-adolescentes-com-emprego\/","og_site_name":"Tribuna de Minas - Dinheiro e Cidadania","article_publisher":"https:\/\/www.facebook.com\/tribunademinas\/","article_published_time":"2025-11-09T12:45:00+00:00","article_modified_time":"2025-11-11T18:28:06+00:00","og_image":[{"width":1170,"height":700,"url":"https:\/\/tribunademinas.audiencelabs.com.br\/wp-content\/uploads\/2025\/11\/trabalhar.webp","type":"image\/webp"}],"author":"Jeferson Carvalho","twitter_card":"summary_large_image","twitter_creator":"@tribunademinas","twitter_site":"@tribunademinas","twitter_misc":{"Escrito por":"Jeferson Carvalho","Est. tempo de leitura":"3 minutos"},"schema":{"@context":"https:\/\/schema.org","@graph":[{"@type":"Article","@id":"https:\/\/tribunademinas.audiencelabs.com.br\/quando-e-permitido-trabalhar-aos-14-anos-lei-e-clara-sobre-adolescentes-com-emprego\/#article","isPartOf":{"@id":"https:\/\/tribunademinas.audiencelabs.com.br\/quando-e-permitido-trabalhar-aos-14-anos-lei-e-clara-sobre-adolescentes-com-emprego\/"},"author":{"name":"Jeferson Carvalho","@id":"https:\/\/tribunademinas.audiencelabs.com.br\/#\/schema\/person\/db18fc40307804bacef94213aa68fd9d"},"headline":"Quando \u00e9 permitido trabalhar aos 14 anos? Lei \u00e9 clara sobre adolescentes com emprego","datePublished":"2025-11-09T12:45:00+00:00","dateModified":"2025-11-11T18:28:06+00:00","mainEntityOfPage":{"@id":"https:\/\/tribunademinas.audiencelabs.com.br\/quando-e-permitido-trabalhar-aos-14-anos-lei-e-clara-sobre-adolescentes-com-emprego\/"},"wordCount":491,"commentCount":0,"publisher":{"@id":"https:\/\/tribunademinas.audiencelabs.com.br\/#organization"},"image":{"@id":"https:\/\/tribunademinas.audiencelabs.com.br\/quando-e-permitido-trabalhar-aos-14-anos-lei-e-clara-sobre-adolescentes-com-emprego\/#primaryimage"},"thumbnailUrl":"https:\/\/tribunademinas.audiencelabs.com.br\/wp-content\/uploads\/2025\/11\/trabalhar.webp","articleSection":["Cidadania"],"inLanguage":"pt-BR","potentialAction":[{"@type":"CommentAction","name":"Comment","target":["https:\/\/tribunademinas.audiencelabs.com.br\/quando-e-permitido-trabalhar-aos-14-anos-lei-e-clara-sobre-adolescentes-com-emprego\/#respond"]}]},{"@type":"WebPage","@id":"https:\/\/tribunademinas.audiencelabs.com.br\/quando-e-permitido-trabalhar-aos-14-anos-lei-e-clara-sobre-adolescentes-com-emprego\/","url":"https:\/\/tribunademinas.audiencelabs.com.br\/quando-e-permitido-trabalhar-aos-14-anos-lei-e-clara-sobre-adolescentes-com-emprego\/","name":"Quando \u00e9 permitido trabalhar aos 14 anos? Lei \u00e9 clara sobre adolescentes com emprego","isPartOf":{"@id":"https:\/\/tribunademinas.audiencelabs.com.br\/#website"},"primaryImageOfPage":{"@id":"https:\/\/tribunademinas.audiencelabs.com.br\/quando-e-permitido-trabalhar-aos-14-anos-lei-e-clara-sobre-adolescentes-com-emprego\/#primaryimage"},"image":{"@id":"https:\/\/tribunademinas.audiencelabs.com.br\/quando-e-permitido-trabalhar-aos-14-anos-lei-e-clara-sobre-adolescentes-com-emprego\/#primaryimage"},"thumbnailUrl":"https:\/\/tribunademinas.audiencelabs.com.br\/wp-content\/uploads\/2025\/11\/trabalhar.webp","datePublished":"2025-11-09T12:45:00+00:00","dateModified":"2025-11-11T18:28:06+00:00","description":"No Brasil, trabalhar n\u00e3o \u00e9 apenas uma etapa da vida, para grande parte da popula\u00e7\u00e3o, \u00e9 uma exig\u00eancia precoce imposta pela realidade.","breadcrumb":{"@id":"https:\/\/tribunademinas.audiencelabs.com.br\/quando-e-permitido-trabalhar-aos-14-anos-lei-e-clara-sobre-adolescentes-com-emprego\/#breadcrumb"},"inLanguage":"pt-BR","potentialAction":[{"@type":"ReadAction","target":["https:\/\/tribunademinas.audiencelabs.com.br\/quando-e-permitido-trabalhar-aos-14-anos-lei-e-clara-sobre-adolescentes-com-emprego\/"]}]},{"@type":"ImageObject","inLanguage":"pt-BR","@id":"https:\/\/tribunademinas.audiencelabs.com.br\/quando-e-permitido-trabalhar-aos-14-anos-lei-e-clara-sobre-adolescentes-com-emprego\/#primaryimage","url":"https:\/\/tribunademinas.audiencelabs.com.br\/wp-content\/uploads\/2025\/11\/trabalhar.webp","contentUrl":"https:\/\/tribunademinas.audiencelabs.com.br\/wp-content\/uploads\/2025\/11\/trabalhar.webp","width":1170,"height":700,"caption":"Quando \u00e9 permitido trabalhar aos 14 anos? Lei \u00e9 clara sobre adolescentes com emprego - Imagem: Marcelo Camargo\/Ag\u00eancia Brasil"},{"@type":"BreadcrumbList","@id":"https:\/\/tribunademinas.audiencelabs.com.br\/quando-e-permitido-trabalhar-aos-14-anos-lei-e-clara-sobre-adolescentes-com-emprego\/#breadcrumb","itemListElement":[{"@type":"ListItem","position":1,"name":"In\u00edcio","item":"https:\/\/tribunademinas.audiencelabs.com.br\/"},{"@type":"ListItem","position":2,"name":"Quando \u00e9 permitido trabalhar aos 14 anos? Lei \u00e9 clara sobre adolescentes com emprego"}]},{"@type":"WebSite","@id":"https:\/\/tribunademinas.audiencelabs.com.br\/#website","url":"https:\/\/tribunademinas.audiencelabs.com.br\/","name":"Tribuna de Minas - Dinheiro e Cidadania","description":"","publisher":{"@id":"https:\/\/tribunademinas.audiencelabs.com.br\/#organization"},"potentialAction":[{"@type":"SearchAction","target":{"@type":"EntryPoint","urlTemplate":"https:\/\/tribunademinas.audiencelabs.com.br\/?s={search_term_string}"},"query-input":{"@type":"PropertyValueSpecification","valueRequired":true,"valueName":"search_term_string"}}],"inLanguage":"pt-BR"},{"@type":"Organization","@id":"https:\/\/tribunademinas.audiencelabs.com.br\/#organization","name":"Tribuna de Minas - Dinheiro e Cidadania","url":"https:\/\/tribunademinas.audiencelabs.com.br\/","logo":{"@type":"ImageObject","inLanguage":"pt-BR","@id":"https:\/\/tribunademinas.audiencelabs.com.br\/#\/schema\/logo\/image\/","url":"https:\/\/tribunademinas.audiencelabs.com.br\/wp-content\/uploads\/2025\/08\/cropped-Tribuna_512x512-96x96-1.png","contentUrl":"https:\/\/tribunademinas.audiencelabs.com.br\/wp-content\/uploads\/2025\/08\/cropped-Tribuna_512x512-96x96-1.png","width":96,"height":96,"caption":"Tribuna de Minas - Dinheiro e Cidadania"},"image":{"@id":"https:\/\/tribunademinas.audiencelabs.com.br\/#\/schema\/logo\/image\/"},"sameAs":["https:\/\/www.facebook.com\/tribunademinas\/","https:\/\/x.com\/tribunademinas","https:\/\/www.instagram.com\/tribunademinas\/","https:\/\/www.youtube.com\/user\/TribunadeMinasJF"]},{"@type":"Person","@id":"https:\/\/tribunademinas.audiencelabs.com.br\/#\/schema\/person\/db18fc40307804bacef94213aa68fd9d","name":"Jeferson Carvalho","image":{"@type":"ImageObject","inLanguage":"pt-BR","@id":"https:\/\/tribunademinas.audiencelabs.com.br\/#\/schema\/person\/image\/","url":"https:\/\/secure.gravatar.com\/avatar\/cd7646e328d9670dad7dea8698522e522745eeffcff5b9d08be858e377ce326b?s=96&d=mm&r=g","contentUrl":"https:\/\/secure.gravatar.com\/avatar\/cd7646e328d9670dad7dea8698522e522745eeffcff5b9d08be858e377ce326b?s=96&d=mm&r=g","caption":"Jeferson Carvalho"},"description":"Jornalista apaixonado pela profiss\u00e3o!","url":"https:\/\/tribunademinas.audiencelabs.com.br\/author\/jeferson\/"}]}},"amp_enabled":true,"_links":{"self":[{"href":"https:\/\/tribunademinas.audiencelabs.com.br\/wp-json\/wp\/v2\/posts\/3516","targetHints":{"allow":["GET"]}}],"collection":[{"href":"https:\/\/tribunademinas.audiencelabs.com.br\/wp-json\/wp\/v2\/posts"}],"about":[{"href":"https:\/\/tribunademinas.audiencelabs.com.br\/wp-json\/wp\/v2\/types\/post"}],"author":[{"embeddable":true,"href":"https:\/\/tribunademinas.audiencelabs.com.br\/wp-json\/wp\/v2\/users\/5"}],"replies":[{"embeddable":true,"href":"https:\/\/tribunademinas.audiencelabs.com.br\/wp-json\/wp\/v2\/comments?post=3516"}],"version-history":[{"count":2,"href":"https:\/\/tribunademinas.audiencelabs.com.br\/wp-json\/wp\/v2\/posts\/3516\/revisions"}],"predecessor-version":[{"id":3863,"href":"https:\/\/tribunademinas.audiencelabs.com.br\/wp-json\/wp\/v2\/posts\/3516\/revisions\/3863"}],"wp:featuredmedia":[{"embeddable":true,"href":"https:\/\/tribunademinas.audiencelabs.com.br\/wp-json\/wp\/v2\/media\/3517"}],"wp:attachment":[{"href":"https:\/\/tribunademinas.audiencelabs.com.br\/wp-json\/wp\/v2\/media?parent=3516"}],"wp:term":[{"taxonomy":"category","embeddable":true,"href":"https:\/\/tribunademinas.audiencelabs.com.br\/wp-json\/wp\/v2\/categories?post=3516"},{"taxonomy":"post_tag","embeddable":true,"href":"https:\/\/tribunademinas.audiencelabs.com.br\/wp-json\/wp\/v2\/tags?post=3516"}],"curies":[{"name":"wp","href":"https:\/\/api.w.org\/{rel}","templated":true}]}}