{"id":3513,"date":"2025-11-09T12:48:00","date_gmt":"2025-11-09T15:48:00","guid":{"rendered":"https:\/\/tribunademinas.audiencelabs.com.br\/?p=3513"},"modified":"2025-11-07T13:13:24","modified_gmt":"2025-11-07T16:13:24","slug":"r-478-milhoes-devem-ser-devolvidos-por-quem-fez-uso-irregular-do-auxilio-emergencial","status":"publish","type":"post","link":"https:\/\/tribunademinas.audiencelabs.com.br\/r-478-milhoes-devem-ser-devolvidos-por-quem-fez-uso-irregular-do-auxilio-emergencial\/","title":{"rendered":"R$ 478 milh\u00f5es devem ser devolvidos por quem fez uso irregular do Aux\u00edlio Emergencial"},"content":{"rendered":"\n<p>Mais de R$ 478 milh\u00f5es precisam ser restitu\u00eddos aos cofres p\u00fablicos por pessoas que receberam o Aux\u00edlio Emergencial de maneira indevida durante a pandemia da COVID-19. <\/p>\n\n\n\n<p>A informa\u00e7\u00e3o foi divulgada pelo Minist\u00e9rio do Desenvolvimento e Assist\u00eancia Social (MDS), que notificou cerca de 177 mil fam\u00edlias envolvidas nessa situa\u00e7\u00e3o. <\/p>\n\n\n\n<p>Para verificar se est\u00e1 entre os notificados, o cidad\u00e3o pode acessar o sistema oficial do governo federal, dispon\u00edvel no portal Gov.br. Caso conste como devedor, \u00e9 poss\u00edvel quitar o valor em parcela \u00fanica ou solicitar o parcelamento do d\u00e9bito, conforme as condi\u00e7\u00f5es estabelecidas.<\/p>\n\n\n\n<h2 class=\"wp-block-heading\">R$ 478 milh\u00f5es devem ser devolvidos por quem fez uso irregular do Aux\u00edlio<\/h2>\n\n\n<style>@media (min-width: 992px) {\n    .recomendadorV2Area1 {\n        width: 280px;\n    }\n    .recomendadorV2Area2 {\n        padding: 0px 20px;\n        width: calc(100% - 280px);\n    }\n}\n\n@media (max-width: 992px) {\n    .recomendadorV2Button {\n        margin: 0 auto;\n    }\n    .recomendadorV2Area {\n        flex-direction: column;\n        text-align: center;\n    }\n    .recomendadorV2Area2 {\n        padding: 0px 20px;\n    }\n}\n\n.recomendadorV2Area {\n    background: #eeeeee3d;\n    border-radius: 10px;\n    padding: 15px;\n    display: flex;\n    margin: 15px auto;\n    border: 1px solid #00000014;\n    max-width: 800px;\n}\n\n.recomendadorV2Area1 img {\n    width: 280px;\n    height: auto;\n    border-radius: 8px;\n}\n\n.linkrecomendadorv2 {\n    text-decoration: none !important;\n}\n\n.recomendadorV2Area2 .recomendadorV2Type {\n    text-transform: uppercase;\n    font-weight: 500;\n    font-size: 11px;\n    letter-spacing: 2px;\n    color: #666;\n    margin: 12px 0;\n    display: block;\n}\n\n.recomendadorV2Title h2 {\n    padding-top: 0px !important;\n    margin: 0px !important;\n    border-left: none !important;\n    padding-left: 0px !important;\n    line-height: 1.3;\n    color: #000 !important;\n    font-size: 24px;\n    margin-bottom: 12px !important;\n}\n\n.recomendadorV2Desc {\n    color: #333;\n    margin: 12px 0px !important;\n    font-size: 15px;\n    line-height: 1.5;\n}\n\n.recomendadorV2Button {\n    width: auto;\n    max-width: 200px;\n    margin: 0;\n    display: inline-flex;\n    align-items: center;\n    background: #1D3557;\n    border-radius: 8px;\n    color: #fff;\n    height: 36px;\n    justify-content: center;\n    text-align: center;\n    font-size: 14px;\n    padding: 0 20px;\n    transition: background-color 0.2s ease;\n}\n\n.recomendadorV2Button:hover {\n    background: #2a4d7a;\n}\n\n.recomendadorV2Button:after {\n    margin-top: -2px;\n    content: \"\u2192\";\n    padding: 0px 0px 0px 8px;\n}\n\n.recomendadorV2Alert {\n    text-align: left;\n    font-size: 11px;\n    margin-top: 8px;\n    color: #666;\n}\n\n.recomendadorFixedArea {\n    width: 100%;\n    display: flex;\n    justify-content: center;\n    align-items: center;\n}\n\n@media (min-width: 992px) {\n    #recomendadorFixed {\n        width: 32% !important;\n        left: 5%;\n    }\n    .recomendadorCloseFixed{\n        right: inherit !important;\n        left: 378px !important;\n    }\n}\n\n#recomendadorFixed {\n    width: 90%;\n    box-shadow: 0 10px 20px 0px #00000057;\n    display: none;\n    height: 90px;\n    background: #F6F6F6;\n    position: fixed;\n    flex-direction: row;\n    bottom: 10px;\n    z-index: 9999;\n    border-radius: 16px;\n    padding: 7px 10px;\n}\n\n.recomendadorLeftArea {\n    width: 160px;\n}\n\n.recomendadorRightArea h2 {\n    padding-top: 0px;\n    margin: 2px 0px 4px 0px !important;\n    font-weight: 400;\n    text-align: center;\n    padding-left: 0px !important;\n    color: #000 !important;\n    border-left: none !important;\n    line-height: 20px;\n    font-size: 12px !important;\n}\n\n.recomendadorImgFixed {\n    overflow: hidden;\n    padding: 8px 6px;\n    height: 100%;\n}\n\n.recomendadorImgFixed img {\n    height: 100% !important;\n    border-radius: 16px;\n}\n\n.recomendadorRightArea {\n    padding-top: 6px;\n    display: flex;\n    width: calc(100% - 130px);\n    justify-content: space-between;\n    align-items: center;\n    flex-direction: column;\n}\n\n.recomendadorButtonFixed {\n    margin: 0 auto;\n    background: #1D3557;\n    width: 80%;\n    text-align: center;\n    font-size: 10px;\n    color: #FFF;\n    padding: 2px 10px;\n    border-radius: 3px;\n}\n\n.recomendadorButtonFixed:after {\n    margin-top: -3px;\n    content: \"\u2192\";\n    padding: 0px 0px 0px 10px;\n}\n\n.recomendadorAlertFixed {\n    font-weight: 400;\n    text-align: center;\n    color: #484848;\n    font-size: 8px;\n}\n\n.recomendadorCloseFixed {\n    z-index: 99999;\n    display: none;\n    right: 0px;\n    left: inherit;\n    bottom: 99px;\n    position: fixed;\n    justify-content: center;\n    background: #F6F6F6;\n    width: 25px;\n    align-items: center;\n    height: 25px;\n    font-weight: 800;\n    border-radius: 50%;\n    border: 1px solid #EBEBEB;\n}\n\n.recomendadorV2Desc{\n    color: #000000;\n    margin: 20px 0px;\n}\n\n@media (max-width: 576px) {\n    .recomendadorV2Area {\n      padding: 10px;\n      max-width: 100%;\n    }\n  \n    .recomendadorV2Area1 img {\n      width: 100%;\n      border-radius: 6px;\n    }\n  \n    .recomendadorV2Area2 .recomendadorV2Type {\n      font-size: 9px;\n      letter-spacing: 1px;\n      margin: 8px 0;\n    }\n  \n    .recomendadorV2Title h2 {\n      font-size: 18px !important;\n      margin-bottom: 8px !important;\n      line-height: 1.2;\n    }\n  \n    .recomendadorV2Desc {\n      font-size: 14px;\n      margin: 8px 0 !important;\n      line-height: 1.4;\n    }\n  \n    .recomendadorV2Button {\n      font-size: 12px;\n      height: 30px;\n      padding: 0 12px;\n      max-width: 160px;\n    }\n  \n    .recomendadorV2Button:after {\n      padding-left: 6px;\n    }\n  }\n  <\/style>\n        <div class=\"lazyblock-recomendador-v2-2jDGz wp-block-lazyblock-recomendador-v2\">\n        <a class=\"linkrecomendadorv2\" href=\"https:\/\/tribunademinas.com.br\/colunas\/dinheiroecidadania\/bolsa-familia-e-cancelado-para-2-milhoes-de-brasileiros-apos-averiguacao\/?utm_source=lazy\">\n            <div class=\"recomendadorV2Area\">\n            <div class=\"recomendadorV2Area1\">\n                <div class=\"recomendadorV2Img\">\n                <img class=\"lazyloaded\" decoding=\"async\" src=\"https:\/\/tribunademinas.audiencelabs.com.br\/wp-content\/uploads\/2025\/11\/Bolsa-familia-1.jpg\" data-src=\"https:\/\/tribunademinas.audiencelabs.com.br\/wp-content\/uploads\/2025\/11\/Bolsa-familia-1.jpg\" alt=\"\">\n                <\/div>\n            <\/div>\n            <div class=\"recomendadorV2Area2\">\n                <div class=\"recomendadorV2Type\">\n                    <span>Benef\u00edcio cortado<\/span>\n                <\/div>\n                <div class=\"recomendadorV2Title\">\n                <h2><span>Bolsa Fam\u00edlia \u00e9 cancelado para milh\u00f5es \ud83d\uded1<\/span><\/h2>\n                <\/div>\n                <div class=\"recomendadorV2Desc\">\n                <span>Mais de 2 milh\u00f5es ficam sem aux\u00edlio ap\u00f3s averigua\u00e7\u00e3o<\/span>\n                <\/div>\n                <div class=\"recomendadorV2Button\">Veja quem foi afetado<\/div>\n                <div class=\"recomendadorV2Alert\"><\/div>\n            <\/div>\n            <\/div>\n        <\/a>\n        <div>\n            <div style=\"z-index:99999;\" id=\"buttonClose\" onclick=\"closeRecomendadorFixed()\">\n            <div class=\"recomendadorCloseFixed\">X<\/div>\n            <\/div>\n            <a href=\"https:\/\/tribunademinas.com.br\/colunas\/dinheiroecidadania\/bolsa-familia-e-cancelado-para-2-milhoes-de-brasileiros-apos-averiguacao\/?utm_source=lazy\">\n            <div class=\"recomendadorFixedArea\">\n                <div id=\"recomendadorFixed\">\n                <div class=\"recomendadorLeftArea\">\n                    <div class=\"recomendadorImgFixed\">\n                    <img class=\"lazyload\" decoding=\"async\" src=\"https:\/\/tribunademinas.audiencelabs.com.br\/wp-content\/uploads\/2025\/11\/Bolsa-familia-1.jpg\" alt=\"\">\n                    <\/div>\n                <\/div>\n                <div class=\"recomendadorRightArea\">\n                    <div class=\"recomendadorTitleFixed\">\n                    <h2><span>Bolsa Fam\u00edlia \u00e9 cancelado para milh\u00f5es \ud83d\uded1<\/span><\/h2>\n                    <\/div>\n                    <div class=\"recomendadorButtonFixed\">Veja quem foi afetado<\/div>\n                    <div class=\"recomendadorAlertFixed\"><\/div>\n                <\/div>\n                <\/div>\n            <\/div>\n            <\/a>\n        <\/div>\n        <\/div>\n\n\n\n<p>O Aux\u00edlio Emergencial foi criado em 2020 como uma resposta r\u00e1pida \u00e0 crise socioecon\u00f4mica causada pela pandemia. <\/p>\n\n\n\n<p>Destinado a trabalhadores informais, desempregados, microempreendedores individuais e fam\u00edlias em situa\u00e7\u00e3o de vulnerabilidade, o benef\u00edcio foi fundamental para garantir renda m\u00ednima a milh\u00f5es de brasileiros em um per\u00edodo de incertezas. <\/p>\n\n\n\n<p>No entanto, ap\u00f3s o fim do programa, auditorias realizadas por \u00f3rg\u00e3os do governo federal identificaram uma s\u00e9rie de pagamentos irregulares. <\/p>\n\n\n\n<p>Foram encontrados casos de benefici\u00e1rios com emprego formal, recebimento de aposentadorias ou pens\u00f5es, al\u00e9m de rendas acima do permitido pela legisla\u00e7\u00e3o do programa.<\/p>\n\n\n\n<p>Essas inconsist\u00eancias levaram \u00e0 instaura\u00e7\u00e3o de processos de cobran\u00e7a para recuperar os valores pagos indevidamente. <\/p>\n\n\n\n<p>As fam\u00edlias notificadas foram selecionadas com base em cruzamentos de dados de diferentes bases oficiais, como v\u00ednculos empregat\u00edcios ativos, informa\u00e7\u00f5es do INSS e dados do Cadastro \u00danico. <\/p>\n\n\n\n<p>O objetivo do governo \u00e9 assegurar que os recursos p\u00fablicos sejam utilizados corretamente e cheguem a quem realmente precisa.<\/p>\n\n\n\n<h3 class=\"wp-block-heading\">Como verificar se precisa devolver valores do Aux\u00edlio Emergencial?<\/h3>\n\n\n\n<p>Para descobrir se h\u00e1 valores a restituir, o cidad\u00e3o deve a<a href=\"https:\/\/www.gov.br\/pt-br\/servicos\/consultar-a-situacao-do-auxilio-emergencial-no-vejae\"><strong>cessar o sistema \u201cVejae\u201d no portal Gov.br<\/strong><\/a> e fazer login com CPF e senha. O sistema informa se h\u00e1 cobran\u00e7a em aberto, o valor a ser devolvido e as op\u00e7\u00f5es para pagamento. <\/p>\n\n\n\n<p>O prazo para quitar a d\u00edvida \u00e9 de 60 dias ap\u00f3s o recebimento da notifica\u00e7\u00e3o, sendo poss\u00edvel parcelar em at\u00e9 60 vezes, com parcelas m\u00ednimas de R$ 50. N\u00e3o h\u00e1 incid\u00eancia de juros ou multa durante esse per\u00edodo.<\/p>\n\n\n\n<p>A recomenda\u00e7\u00e3o do MDS \u00e9 que todos mantenham seus dados cadastrais atualizados e consultem regularmente os canais oficiais, a fim de evitar surpresas e garantir o acesso correto a programas sociais no futuro.<\/p>\n\n\n\n<p><\/p>\n","protected":false},"excerpt":{"rendered":"<p>Mais de R$ 478 milh\u00f5es precisam ser restitu\u00eddos aos cofres p\u00fablicos por pessoas que receberam o Aux\u00edlio Emergencial de maneira indevida durante a pandemia da COVID-19. A informa\u00e7\u00e3o foi divulgada pelo Minist\u00e9rio do Desenvolvimento e Assist\u00eancia Social (MDS), que notificou cerca de 177 mil fam\u00edlias envolvidas nessa situa\u00e7\u00e3o. Para verificar se est\u00e1 entre os notificados, [&hellip;]<\/p>\n","protected":false},"author":5,"featured_media":3514,"comment_status":"open","ping_status":"open","sticky":false,"template":"","format":"standard","meta":{"jnews-multi-image_gallery":[],"jnews_single_post":{"format":"standard"},"jnews_primary_category":[],"jnews_social_meta":[],"jnews_post_split":[],"footnotes":""},"categories":[159],"tags":[],"class_list":["post-3513","post","type-post","status-publish","format-standard","has-post-thumbnail","hentry","category-cidadania"],"yoast_head":"<!-- This site is optimized with the Yoast SEO plugin v25.6 - https:\/\/yoast.com\/wordpress\/plugins\/seo\/ -->\n<title>R$ 478 milh\u00f5es devem ser devolvidos por quem fez uso irregular do Aux\u00edlio Emergencial<\/title>\n<meta name=\"description\" content=\"Mais de R$ 478 milh\u00f5es precisam ser restitu\u00eddos aos cofres p\u00fablicos por pessoas que receberam o Aux\u00edlio Emergencial indevidamente.\" \/>\n<meta name=\"robots\" content=\"index, follow, max-snippet:-1, max-image-preview:large, max-video-preview:-1\" \/>\n<link rel=\"canonical\" href=\"https:\/\/tribunademinas.audiencelabs.com.br\/r-478-milhoes-devem-ser-devolvidos-por-quem-fez-uso-irregular-do-auxilio-emergencial\/\" \/>\n<meta property=\"og:locale\" content=\"pt_BR\" \/>\n<meta property=\"og:type\" content=\"article\" \/>\n<meta property=\"og:title\" content=\"R$ 478 milh\u00f5es devem ser devolvidos por quem fez uso irregular do Aux\u00edlio Emergencial\" \/>\n<meta property=\"og:description\" content=\"Mais de R$ 478 milh\u00f5es precisam ser restitu\u00eddos aos cofres p\u00fablicos por pessoas que receberam o Aux\u00edlio Emergencial indevidamente.\" \/>\n<meta property=\"og:url\" content=\"https:\/\/tribunademinas.audiencelabs.com.br\/r-478-milhoes-devem-ser-devolvidos-por-quem-fez-uso-irregular-do-auxilio-emergencial\/\" \/>\n<meta property=\"og:site_name\" content=\"Tribuna de Minas - Dinheiro e Cidadania\" \/>\n<meta property=\"article:publisher\" content=\"https:\/\/www.facebook.com\/tribunademinas\/\" \/>\n<meta property=\"article:published_time\" content=\"2025-11-09T15:48:00+00:00\" \/>\n<meta property=\"og:image\" content=\"https:\/\/tribunademinas.audiencelabs.com.br\/wp-content\/uploads\/2025\/11\/Auxilio-Emergencial.webp\" \/>\n\t<meta property=\"og:image:width\" content=\"1170\" \/>\n\t<meta property=\"og:image:height\" content=\"700\" \/>\n\t<meta property=\"og:image:type\" content=\"image\/webp\" \/>\n<meta name=\"author\" content=\"Jeferson Carvalho\" \/>\n<meta name=\"twitter:card\" content=\"summary_large_image\" \/>\n<meta name=\"twitter:creator\" content=\"@tribunademinas\" \/>\n<meta name=\"twitter:site\" content=\"@tribunademinas\" \/>\n<meta name=\"twitter:label1\" content=\"Escrito por\" \/>\n\t<meta name=\"twitter:data1\" content=\"Jeferson Carvalho\" \/>\n\t<meta name=\"twitter:label2\" content=\"Est. tempo de leitura\" \/>\n\t<meta name=\"twitter:data2\" content=\"3 minutos\" \/>\n<!-- \/ Yoast SEO plugin. -->","yoast_head_json":{"title":"R$ 478 milh\u00f5es devem ser devolvidos por quem fez uso irregular do Aux\u00edlio Emergencial","description":"Mais de R$ 478 milh\u00f5es precisam ser restitu\u00eddos aos cofres p\u00fablicos por pessoas que receberam o Aux\u00edlio Emergencial indevidamente.","robots":{"index":"index","follow":"follow","max-snippet":"max-snippet:-1","max-image-preview":"max-image-preview:large","max-video-preview":"max-video-preview:-1"},"canonical":"https:\/\/tribunademinas.audiencelabs.com.br\/r-478-milhoes-devem-ser-devolvidos-por-quem-fez-uso-irregular-do-auxilio-emergencial\/","og_locale":"pt_BR","og_type":"article","og_title":"R$ 478 milh\u00f5es devem ser devolvidos por quem fez uso irregular do Aux\u00edlio Emergencial","og_description":"Mais de R$ 478 milh\u00f5es precisam ser restitu\u00eddos aos cofres p\u00fablicos por pessoas que receberam o Aux\u00edlio Emergencial indevidamente.","og_url":"https:\/\/tribunademinas.audiencelabs.com.br\/r-478-milhoes-devem-ser-devolvidos-por-quem-fez-uso-irregular-do-auxilio-emergencial\/","og_site_name":"Tribuna de Minas - Dinheiro e Cidadania","article_publisher":"https:\/\/www.facebook.com\/tribunademinas\/","article_published_time":"2025-11-09T15:48:00+00:00","og_image":[{"width":1170,"height":700,"url":"https:\/\/tribunademinas.audiencelabs.com.br\/wp-content\/uploads\/2025\/11\/Auxilio-Emergencial.webp","type":"image\/webp"}],"author":"Jeferson Carvalho","twitter_card":"summary_large_image","twitter_creator":"@tribunademinas","twitter_site":"@tribunademinas","twitter_misc":{"Escrito por":"Jeferson Carvalho","Est. tempo de leitura":"3 minutos"},"schema":{"@context":"https:\/\/schema.org","@graph":[{"@type":"Article","@id":"https:\/\/tribunademinas.audiencelabs.com.br\/r-478-milhoes-devem-ser-devolvidos-por-quem-fez-uso-irregular-do-auxilio-emergencial\/#article","isPartOf":{"@id":"https:\/\/tribunademinas.audiencelabs.com.br\/r-478-milhoes-devem-ser-devolvidos-por-quem-fez-uso-irregular-do-auxilio-emergencial\/"},"author":{"name":"Jeferson Carvalho","@id":"https:\/\/tribunademinas.audiencelabs.com.br\/#\/schema\/person\/db18fc40307804bacef94213aa68fd9d"},"headline":"R$ 478 milh\u00f5es devem ser devolvidos por quem fez uso irregular do Aux\u00edlio Emergencial","datePublished":"2025-11-09T15:48:00+00:00","mainEntityOfPage":{"@id":"https:\/\/tribunademinas.audiencelabs.com.br\/r-478-milhoes-devem-ser-devolvidos-por-quem-fez-uso-irregular-do-auxilio-emergencial\/"},"wordCount":499,"commentCount":0,"publisher":{"@id":"https:\/\/tribunademinas.audiencelabs.com.br\/#organization"},"image":{"@id":"https:\/\/tribunademinas.audiencelabs.com.br\/r-478-milhoes-devem-ser-devolvidos-por-quem-fez-uso-irregular-do-auxilio-emergencial\/#primaryimage"},"thumbnailUrl":"https:\/\/tribunademinas.audiencelabs.com.br\/wp-content\/uploads\/2025\/11\/Auxilio-Emergencial.webp","articleSection":["Cidadania"],"inLanguage":"pt-BR","potentialAction":[{"@type":"CommentAction","name":"Comment","target":["https:\/\/tribunademinas.audiencelabs.com.br\/r-478-milhoes-devem-ser-devolvidos-por-quem-fez-uso-irregular-do-auxilio-emergencial\/#respond"]}]},{"@type":"WebPage","@id":"https:\/\/tribunademinas.audiencelabs.com.br\/r-478-milhoes-devem-ser-devolvidos-por-quem-fez-uso-irregular-do-auxilio-emergencial\/","url":"https:\/\/tribunademinas.audiencelabs.com.br\/r-478-milhoes-devem-ser-devolvidos-por-quem-fez-uso-irregular-do-auxilio-emergencial\/","name":"R$ 478 milh\u00f5es devem ser devolvidos por quem fez uso irregular do Aux\u00edlio Emergencial","isPartOf":{"@id":"https:\/\/tribunademinas.audiencelabs.com.br\/#website"},"primaryImageOfPage":{"@id":"https:\/\/tribunademinas.audiencelabs.com.br\/r-478-milhoes-devem-ser-devolvidos-por-quem-fez-uso-irregular-do-auxilio-emergencial\/#primaryimage"},"image":{"@id":"https:\/\/tribunademinas.audiencelabs.com.br\/r-478-milhoes-devem-ser-devolvidos-por-quem-fez-uso-irregular-do-auxilio-emergencial\/#primaryimage"},"thumbnailUrl":"https:\/\/tribunademinas.audiencelabs.com.br\/wp-content\/uploads\/2025\/11\/Auxilio-Emergencial.webp","datePublished":"2025-11-09T15:48:00+00:00","description":"Mais de R$ 478 milh\u00f5es precisam ser restitu\u00eddos aos cofres p\u00fablicos por pessoas que receberam o Aux\u00edlio Emergencial indevidamente.","breadcrumb":{"@id":"https:\/\/tribunademinas.audiencelabs.com.br\/r-478-milhoes-devem-ser-devolvidos-por-quem-fez-uso-irregular-do-auxilio-emergencial\/#breadcrumb"},"inLanguage":"pt-BR","potentialAction":[{"@type":"ReadAction","target":["https:\/\/tribunademinas.audiencelabs.com.br\/r-478-milhoes-devem-ser-devolvidos-por-quem-fez-uso-irregular-do-auxilio-emergencial\/"]}]},{"@type":"ImageObject","inLanguage":"pt-BR","@id":"https:\/\/tribunademinas.audiencelabs.com.br\/r-478-milhoes-devem-ser-devolvidos-por-quem-fez-uso-irregular-do-auxilio-emergencial\/#primaryimage","url":"https:\/\/tribunademinas.audiencelabs.com.br\/wp-content\/uploads\/2025\/11\/Auxilio-Emergencial.webp","contentUrl":"https:\/\/tribunademinas.audiencelabs.com.br\/wp-content\/uploads\/2025\/11\/Auxilio-Emergencial.webp","width":1170,"height":700,"caption":"R$ 478 milh\u00f5es devem ser devolvidos por quem fez uso irregular do Aux\u00edlio Emergencial - Imagem: Marcelo Camargo\/Ag\u00eancia Brasil"},{"@type":"BreadcrumbList","@id":"https:\/\/tribunademinas.audiencelabs.com.br\/r-478-milhoes-devem-ser-devolvidos-por-quem-fez-uso-irregular-do-auxilio-emergencial\/#breadcrumb","itemListElement":[{"@type":"ListItem","position":1,"name":"In\u00edcio","item":"https:\/\/tribunademinas.audiencelabs.com.br\/"},{"@type":"ListItem","position":2,"name":"R$ 478 milh\u00f5es devem ser devolvidos por quem fez uso irregular do Aux\u00edlio Emergencial"}]},{"@type":"WebSite","@id":"https:\/\/tribunademinas.audiencelabs.com.br\/#website","url":"https:\/\/tribunademinas.audiencelabs.com.br\/","name":"Tribuna de Minas - Dinheiro e Cidadania","description":"","publisher":{"@id":"https:\/\/tribunademinas.audiencelabs.com.br\/#organization"},"potentialAction":[{"@type":"SearchAction","target":{"@type":"EntryPoint","urlTemplate":"https:\/\/tribunademinas.audiencelabs.com.br\/?s={search_term_string}"},"query-input":{"@type":"PropertyValueSpecification","valueRequired":true,"valueName":"search_term_string"}}],"inLanguage":"pt-BR"},{"@type":"Organization","@id":"https:\/\/tribunademinas.audiencelabs.com.br\/#organization","name":"Tribuna de Minas - Dinheiro e Cidadania","url":"https:\/\/tribunademinas.audiencelabs.com.br\/","logo":{"@type":"ImageObject","inLanguage":"pt-BR","@id":"https:\/\/tribunademinas.audiencelabs.com.br\/#\/schema\/logo\/image\/","url":"https:\/\/tribunademinas.audiencelabs.com.br\/wp-content\/uploads\/2025\/08\/cropped-Tribuna_512x512-96x96-1.png","contentUrl":"https:\/\/tribunademinas.audiencelabs.com.br\/wp-content\/uploads\/2025\/08\/cropped-Tribuna_512x512-96x96-1.png","width":96,"height":96,"caption":"Tribuna de Minas - Dinheiro e Cidadania"},"image":{"@id":"https:\/\/tribunademinas.audiencelabs.com.br\/#\/schema\/logo\/image\/"},"sameAs":["https:\/\/www.facebook.com\/tribunademinas\/","https:\/\/x.com\/tribunademinas","https:\/\/www.instagram.com\/tribunademinas\/","https:\/\/www.youtube.com\/user\/TribunadeMinasJF"]},{"@type":"Person","@id":"https:\/\/tribunademinas.audiencelabs.com.br\/#\/schema\/person\/db18fc40307804bacef94213aa68fd9d","name":"Jeferson Carvalho","image":{"@type":"ImageObject","inLanguage":"pt-BR","@id":"https:\/\/tribunademinas.audiencelabs.com.br\/#\/schema\/person\/image\/","url":"https:\/\/secure.gravatar.com\/avatar\/cd7646e328d9670dad7dea8698522e522745eeffcff5b9d08be858e377ce326b?s=96&d=mm&r=g","contentUrl":"https:\/\/secure.gravatar.com\/avatar\/cd7646e328d9670dad7dea8698522e522745eeffcff5b9d08be858e377ce326b?s=96&d=mm&r=g","caption":"Jeferson Carvalho"},"description":"Jornalista apaixonado pela profiss\u00e3o!","url":"https:\/\/tribunademinas.audiencelabs.com.br\/author\/jeferson\/"}]}},"amp_enabled":true,"_links":{"self":[{"href":"https:\/\/tribunademinas.audiencelabs.com.br\/wp-json\/wp\/v2\/posts\/3513","targetHints":{"allow":["GET"]}}],"collection":[{"href":"https:\/\/tribunademinas.audiencelabs.com.br\/wp-json\/wp\/v2\/posts"}],"about":[{"href":"https:\/\/tribunademinas.audiencelabs.com.br\/wp-json\/wp\/v2\/types\/post"}],"author":[{"embeddable":true,"href":"https:\/\/tribunademinas.audiencelabs.com.br\/wp-json\/wp\/v2\/users\/5"}],"replies":[{"embeddable":true,"href":"https:\/\/tribunademinas.audiencelabs.com.br\/wp-json\/wp\/v2\/comments?post=3513"}],"version-history":[{"count":3,"href":"https:\/\/tribunademinas.audiencelabs.com.br\/wp-json\/wp\/v2\/posts\/3513\/revisions"}],"predecessor-version":[{"id":3702,"href":"https:\/\/tribunademinas.audiencelabs.com.br\/wp-json\/wp\/v2\/posts\/3513\/revisions\/3702"}],"wp:featuredmedia":[{"embeddable":true,"href":"https:\/\/tribunademinas.audiencelabs.com.br\/wp-json\/wp\/v2\/media\/3514"}],"wp:attachment":[{"href":"https:\/\/tribunademinas.audiencelabs.com.br\/wp-json\/wp\/v2\/media?parent=3513"}],"wp:term":[{"taxonomy":"category","embeddable":true,"href":"https:\/\/tribunademinas.audiencelabs.com.br\/wp-json\/wp\/v2\/categories?post=3513"},{"taxonomy":"post_tag","embeddable":true,"href":"https:\/\/tribunademinas.audiencelabs.com.br\/wp-json\/wp\/v2\/tags?post=3513"}],"curies":[{"name":"wp","href":"https:\/\/api.w.org\/{rel}","templated":true}]}}