{"id":3509,"date":"2025-11-05T09:45:00","date_gmt":"2025-11-05T12:45:00","guid":{"rendered":"https:\/\/tribunademinas.audiencelabs.com.br\/?p=3509"},"modified":"2025-11-06T16:16:32","modified_gmt":"2025-11-06T19:16:32","slug":"motoristas-do-uber-estao-em-festa-apos-comunicado-do-app","status":"publish","type":"post","link":"https:\/\/tribunademinas.audiencelabs.com.br\/motoristas-do-uber-estao-em-festa-apos-comunicado-do-app\/","title":{"rendered":"Motoristas do Uber est\u00e3o em festa ap\u00f3s comunicado do app"},"content":{"rendered":"\n<p>Os motoristas da Uber ganharam motivos para comemorar. A empresa anunciou recentemente mudan\u00e7as importantes no programa Uber Pro, e a repercuss\u00e3o entre os parceiros tem sido extremamente positiva. <\/p>\n\n\n\n<p>A iniciativa, que oferece benef\u00edcios e recompensas aos condutores mais engajados e bem avaliados da plataforma, foi ampliada e passou a contemplar novas vantagens que prometem fazer a diferen\u00e7a no dia a dia da categoria.<\/p>\n\n\n\n<h2 class=\"wp-block-heading\">Motoristas do Uber est\u00e3o em festa ap\u00f3s comunicado do app<\/h2>\n\n\n\n<p>O Uber Pro j\u00e1 existia h\u00e1 alguns anos, mas as atualiza\u00e7\u00f5es mais recentes reformularam o programa e aumentaram significativamente os atrativos. <\/p>\n\n\n\n<p>Voltado exclusivamente para motoristas parceiros, o sistema funciona como um programa de recompensas baseado no desempenho ao volante. <\/p>\n\n\n<style>@media (min-width: 992px) {\n    .recomendadorV2Area1 {\n        width: 280px;\n    }\n    .recomendadorV2Area2 {\n        padding: 0px 20px;\n        width: calc(100% - 280px);\n    }\n}\n\n@media (max-width: 992px) {\n    .recomendadorV2Button {\n        margin: 0 auto;\n    }\n    .recomendadorV2Area {\n        flex-direction: column;\n        text-align: center;\n    }\n    .recomendadorV2Area2 {\n        padding: 0px 20px;\n    }\n}\n\n.recomendadorV2Area {\n    background: #eeeeee3d;\n    border-radius: 10px;\n    padding: 15px;\n    display: flex;\n    margin: 15px auto;\n    border: 1px solid #00000014;\n    max-width: 800px;\n}\n\n.recomendadorV2Area1 img {\n    width: 280px;\n    height: auto;\n    border-radius: 8px;\n}\n\n.linkrecomendadorv2 {\n    text-decoration: none !important;\n}\n\n.recomendadorV2Area2 .recomendadorV2Type {\n    text-transform: uppercase;\n    font-weight: 500;\n    font-size: 11px;\n    letter-spacing: 2px;\n    color: #666;\n    margin: 12px 0;\n    display: block;\n}\n\n.recomendadorV2Title h2 {\n    padding-top: 0px !important;\n    margin: 0px !important;\n    border-left: none !important;\n    padding-left: 0px !important;\n    line-height: 1.3;\n    color: #000 !important;\n    font-size: 24px;\n    margin-bottom: 12px !important;\n}\n\n.recomendadorV2Desc {\n    color: #333;\n    margin: 12px 0px !important;\n    font-size: 15px;\n    line-height: 1.5;\n}\n\n.recomendadorV2Button {\n    width: auto;\n    max-width: 200px;\n    margin: 0;\n    display: inline-flex;\n    align-items: center;\n    background: #1D3557;\n    border-radius: 8px;\n    color: #fff;\n    height: 36px;\n    justify-content: center;\n    text-align: center;\n    font-size: 14px;\n    padding: 0 20px;\n    transition: background-color 0.2s ease;\n}\n\n.recomendadorV2Button:hover {\n    background: #2a4d7a;\n}\n\n.recomendadorV2Button:after {\n    margin-top: -2px;\n    content: \"\u2192\";\n    padding: 0px 0px 0px 8px;\n}\n\n.recomendadorV2Alert {\n    text-align: left;\n    font-size: 11px;\n    margin-top: 8px;\n    color: #666;\n}\n\n.recomendadorFixedArea {\n    width: 100%;\n    display: flex;\n    justify-content: center;\n    align-items: center;\n}\n\n@media (min-width: 992px) {\n    #recomendadorFixed {\n        width: 32% !important;\n        left: 5%;\n    }\n    .recomendadorCloseFixed{\n        right: inherit !important;\n        left: 378px !important;\n    }\n}\n\n#recomendadorFixed {\n    width: 90%;\n    box-shadow: 0 10px 20px 0px #00000057;\n    display: none;\n    height: 90px;\n    background: #F6F6F6;\n    position: fixed;\n    flex-direction: row;\n    bottom: 10px;\n    z-index: 9999;\n    border-radius: 16px;\n    padding: 7px 10px;\n}\n\n.recomendadorLeftArea {\n    width: 160px;\n}\n\n.recomendadorRightArea h2 {\n    padding-top: 0px;\n    margin: 2px 0px 4px 0px !important;\n    font-weight: 400;\n    text-align: center;\n    padding-left: 0px !important;\n    color: #000 !important;\n    border-left: none !important;\n    line-height: 20px;\n    font-size: 12px !important;\n}\n\n.recomendadorImgFixed {\n    overflow: hidden;\n    padding: 8px 6px;\n    height: 100%;\n}\n\n.recomendadorImgFixed img {\n    height: 100% !important;\n    border-radius: 16px;\n}\n\n.recomendadorRightArea {\n    padding-top: 6px;\n    display: flex;\n    width: calc(100% - 130px);\n    justify-content: space-between;\n    align-items: center;\n    flex-direction: column;\n}\n\n.recomendadorButtonFixed {\n    margin: 0 auto;\n    background: #1D3557;\n    width: 80%;\n    text-align: center;\n    font-size: 10px;\n    color: #FFF;\n    padding: 2px 10px;\n    border-radius: 3px;\n}\n\n.recomendadorButtonFixed:after {\n    margin-top: -3px;\n    content: \"\u2192\";\n    padding: 0px 0px 0px 10px;\n}\n\n.recomendadorAlertFixed {\n    font-weight: 400;\n    text-align: center;\n    color: #484848;\n    font-size: 8px;\n}\n\n.recomendadorCloseFixed {\n    z-index: 99999;\n    display: none;\n    right: 0px;\n    left: inherit;\n    bottom: 99px;\n    position: fixed;\n    justify-content: center;\n    background: #F6F6F6;\n    width: 25px;\n    align-items: center;\n    height: 25px;\n    font-weight: 800;\n    border-radius: 50%;\n    border: 1px solid #EBEBEB;\n}\n\n.recomendadorV2Desc{\n    color: #000000;\n    margin: 20px 0px;\n}\n\n@media (max-width: 576px) {\n    .recomendadorV2Area {\n      padding: 10px;\n      max-width: 100%;\n    }\n  \n    .recomendadorV2Area1 img {\n      width: 100%;\n      border-radius: 6px;\n    }\n  \n    .recomendadorV2Area2 .recomendadorV2Type {\n      font-size: 9px;\n      letter-spacing: 1px;\n      margin: 8px 0;\n    }\n  \n    .recomendadorV2Title h2 {\n      font-size: 18px !important;\n      margin-bottom: 8px !important;\n      line-height: 1.2;\n    }\n  \n    .recomendadorV2Desc {\n      font-size: 14px;\n      margin: 8px 0 !important;\n      line-height: 1.4;\n    }\n  \n    .recomendadorV2Button {\n      font-size: 12px;\n      height: 30px;\n      padding: 0 12px;\n      max-width: 160px;\n    }\n  \n    .recomendadorV2Button:after {\n      padding-left: 6px;\n    }\n  }\n  <\/style>\n        <div class=\"lazyblock-recomendador-v2-2jDGz wp-block-lazyblock-recomendador-v2\">\n        <a class=\"linkrecomendadorv2\" href=\"https:\/\/tribunademinas.com.br\/colunas\/maistendencias\/esqueceu-a-cnh-no-carro-multa-de-quase-r-900-pode-pesar\/?utm_source=lazy\">\n            <div class=\"recomendadorV2Area\">\n            <div class=\"recomendadorV2Area1\">\n                <div class=\"recomendadorV2Img\">\n                <img class=\"lazyloaded\" decoding=\"async\" src=\"https:\/\/tribunademinas.com.br\/colunas\/maistendencias\/wp-content\/uploads\/2025\/11\/cnh.jpg\" data-src=\"https:\/\/tribunademinas.com.br\/colunas\/maistendencias\/wp-content\/uploads\/2025\/11\/cnh.jpg\" alt=\"\">\n                <\/div>\n            <\/div>\n            <div class=\"recomendadorV2Area2\">\n                <div class=\"recomendadorV2Type\">\n                    <span>Multa CNH<\/span>\n                <\/div>\n                <div class=\"recomendadorV2Title\">\n                <h2><span>Esqueceu a CNH no carro? Multa pode atingir R$900 \u26a0\ufe0f<\/span><\/h2>\n                <\/div>\n                <div class=\"recomendadorV2Desc\">\n                <span>Veja o valor e as consequ\u00eancias dessa infra\u00e7\u00e3o<\/span>\n                <\/div>\n                <div class=\"recomendadorV2Button\">Confira os detalhes<\/div>\n                <div class=\"recomendadorV2Alert\"><\/div>\n            <\/div>\n            <\/div>\n        <\/a>\n        <div>\n            <div style=\"z-index:99999;\" id=\"buttonClose\" onclick=\"closeRecomendadorFixed()\">\n            <div class=\"recomendadorCloseFixed\">X<\/div>\n            <\/div>\n            <a href=\"https:\/\/tribunademinas.com.br\/colunas\/maistendencias\/esqueceu-a-cnh-no-carro-multa-de-quase-r-900-pode-pesar\/?utm_source=lazy\">\n            <div class=\"recomendadorFixedArea\">\n                <div id=\"recomendadorFixed\">\n                <div class=\"recomendadorLeftArea\">\n                    <div class=\"recomendadorImgFixed\">\n                    <img class=\"lazyload\" decoding=\"async\" src=\"https:\/\/tribunademinas.com.br\/colunas\/maistendencias\/wp-content\/uploads\/2025\/11\/cnh.jpg\" alt=\"\">\n                    <\/div>\n                <\/div>\n                <div class=\"recomendadorRightArea\">\n                    <div class=\"recomendadorTitleFixed\">\n                    <h2><span>Esqueceu a CNH no carro? Multa pode atingir R$900 \u26a0\ufe0f<\/span><\/h2>\n                    <\/div>\n                    <div class=\"recomendadorButtonFixed\">Confira os detalhes<\/div>\n                    <div class=\"recomendadorAlertFixed\"><\/div>\n                <\/div>\n                <\/div>\n            <\/div>\n            <\/a>\n        <\/div>\n        <\/div>\n\n\n\n<p>\u00c0 medida que o condutor acumula pontos, obtidos ao realizar viagens e cumprir metas de qualidade, ele pode subir de categoria e, assim, acessar vantagens cada vez melhores.<\/p>\n\n\n\n<p>Todos os motoristas ativos na plataforma podem participar, mas os benef\u00edcios s\u00e3o liberados conforme o n\u00edvel alcan\u00e7ado. As categorias s\u00e3o Azul, Ouro, Platina e Diamante. Quanto maior o n\u00edvel, mais vantajoso \u00e9 o pacote. <\/p>\n\n\n\n<p>Entre os destaques do novo pacote de benef\u00edcios est\u00e3o o cashback em combust\u00edveis nos postos Ipiranga, descontos em academias da rede Total Pass, condi\u00e7\u00f5es especiais em planos de internet m\u00f3vel (a partir de R$30), e acesso facilitado a servi\u00e7os de sa\u00fade com o Vale Sa\u00fade Sempre.<\/p>\n\n\n\n<p>Al\u00e9m disso, ainda h\u00e1 a oferta de suporte priorit\u00e1rio e a possibilidade de escolher regi\u00f5es preferenciais para operar, recurso este dispon\u00edvel a partir da categoria Platina.<\/p>\n\n\n\n<h3 class=\"wp-block-heading\">Como aderir ao Uber pro e avan\u00e7ar para ganhar mais benef\u00edcios?<\/h3>\n\n\n\n<p>Para avan\u00e7ar no programa, no entanto, o motorista precisa cumprir certos crit\u00e9rios de desempenho. <\/p>\n\n\n\n<p>A pontua\u00e7\u00e3o \u00e9 acumulada com base nas corridas realizadas e pode ser multiplicada quando as viagens ocorrem em hor\u00e1rios de maior demanda, como nos per\u00edodos da manh\u00e3 e do in\u00edcio da noite (<a href=\"https:\/\/www.uber.com\/br\/pt-br\/drive\/uber-pro\/\"><strong>veja regras<\/strong><\/a>). <\/p>\n\n\n\n<p>Mas n\u00e3o basta apenas rodar: \u00e9 necess\u00e1rio manter uma m\u00e9dia de avalia\u00e7\u00f5es igual ou superior a 4.85 estrelas, aceitar pelo menos 60% das solicita\u00e7\u00f5es de corrida e manter a taxa de cancelamento abaixo de 10%.<\/p>\n\n\n\n<p>Os ciclos de avalia\u00e7\u00e3o t\u00eam dura\u00e7\u00e3o de tr\u00eas meses, e os pontos acumulados nesse per\u00edodo determinam o n\u00edvel do motorista no ciclo seguinte. Ao atingir uma nova categoria, os benef\u00edcios s\u00e3o liberados imediatamente. <\/p>\n\n\n\n<p>Com essas mudan\u00e7as, a Uber refor\u00e7a sua estrat\u00e9gia de valoriza\u00e7\u00e3o dos parceiros e transforma o trabalho com o app em uma op\u00e7\u00e3o ainda mais atrativa.<\/p>\n","protected":false},"excerpt":{"rendered":"<p>Os motoristas da Uber ganharam motivos para comemorar. A empresa anunciou recentemente mudan\u00e7as importantes no programa Uber Pro, e a repercuss\u00e3o entre os parceiros tem sido extremamente positiva. A iniciativa, que oferece benef\u00edcios e recompensas aos condutores mais engajados e bem avaliados da plataforma, foi ampliada e passou a contemplar novas vantagens que prometem fazer [&hellip;]<\/p>\n","protected":false},"author":5,"featured_media":3510,"comment_status":"open","ping_status":"open","sticky":false,"template":"","format":"standard","meta":{"jnews-multi-image_gallery":[],"jnews_single_post":{"format":"standard"},"jnews_primary_category":[],"jnews_social_meta":[],"jnews_post_split":[],"footnotes":""},"categories":[159],"tags":[],"class_list":["post-3509","post","type-post","status-publish","format-standard","has-post-thumbnail","hentry","category-cidadania"],"yoast_head":"<!-- This site is optimized with the Yoast SEO plugin v25.6 - https:\/\/yoast.com\/wordpress\/plugins\/seo\/ -->\n<title>Motoristas do Uber est\u00e3o em festa ap\u00f3s comunicado do app<\/title>\n<meta name=\"description\" content=\"Uber anunciou recentemente mudan\u00e7as importantes no programa Uber Pro, e a repercuss\u00e3o entre os parceiros tem sido extremamente positiva.\" \/>\n<meta name=\"robots\" content=\"index, follow, max-snippet:-1, max-image-preview:large, max-video-preview:-1\" \/>\n<link rel=\"canonical\" href=\"https:\/\/tribunademinas.audiencelabs.com.br\/motoristas-do-uber-estao-em-festa-apos-comunicado-do-app\/\" \/>\n<meta property=\"og:locale\" content=\"pt_BR\" \/>\n<meta property=\"og:type\" content=\"article\" \/>\n<meta property=\"og:title\" content=\"Motoristas do Uber est\u00e3o em festa ap\u00f3s comunicado do app\" \/>\n<meta property=\"og:description\" content=\"Uber anunciou recentemente mudan\u00e7as importantes no programa Uber Pro, e a repercuss\u00e3o entre os parceiros tem sido extremamente positiva.\" \/>\n<meta property=\"og:url\" content=\"https:\/\/tribunademinas.audiencelabs.com.br\/motoristas-do-uber-estao-em-festa-apos-comunicado-do-app\/\" \/>\n<meta property=\"og:site_name\" content=\"Tribuna de Minas - Dinheiro e Cidadania\" \/>\n<meta property=\"article:publisher\" content=\"https:\/\/www.facebook.com\/tribunademinas\/\" \/>\n<meta property=\"article:published_time\" content=\"2025-11-05T12:45:00+00:00\" \/>\n<meta property=\"article:modified_time\" content=\"2025-11-06T19:16:32+00:00\" \/>\n<meta property=\"og:image\" content=\"https:\/\/tribunademinas.audiencelabs.com.br\/wp-content\/uploads\/2025\/11\/Uber.webp\" \/>\n\t<meta property=\"og:image:width\" content=\"1280\" \/>\n\t<meta property=\"og:image:height\" content=\"720\" \/>\n\t<meta property=\"og:image:type\" content=\"image\/webp\" \/>\n<meta name=\"author\" content=\"Jeferson Carvalho\" \/>\n<meta name=\"twitter:card\" content=\"summary_large_image\" \/>\n<meta name=\"twitter:creator\" content=\"@tribunademinas\" \/>\n<meta name=\"twitter:site\" content=\"@tribunademinas\" \/>\n<meta name=\"twitter:label1\" content=\"Escrito por\" \/>\n\t<meta name=\"twitter:data1\" content=\"Jeferson Carvalho\" \/>\n\t<meta name=\"twitter:label2\" content=\"Est. tempo de leitura\" \/>\n\t<meta name=\"twitter:data2\" content=\"3 minutos\" \/>\n<!-- \/ Yoast SEO plugin. -->","yoast_head_json":{"title":"Motoristas do Uber est\u00e3o em festa ap\u00f3s comunicado do app","description":"Uber anunciou recentemente mudan\u00e7as importantes no programa Uber Pro, e a repercuss\u00e3o entre os parceiros tem sido extremamente positiva.","robots":{"index":"index","follow":"follow","max-snippet":"max-snippet:-1","max-image-preview":"max-image-preview:large","max-video-preview":"max-video-preview:-1"},"canonical":"https:\/\/tribunademinas.audiencelabs.com.br\/motoristas-do-uber-estao-em-festa-apos-comunicado-do-app\/","og_locale":"pt_BR","og_type":"article","og_title":"Motoristas do Uber est\u00e3o em festa ap\u00f3s comunicado do app","og_description":"Uber anunciou recentemente mudan\u00e7as importantes no programa Uber Pro, e a repercuss\u00e3o entre os parceiros tem sido extremamente positiva.","og_url":"https:\/\/tribunademinas.audiencelabs.com.br\/motoristas-do-uber-estao-em-festa-apos-comunicado-do-app\/","og_site_name":"Tribuna de Minas - Dinheiro e Cidadania","article_publisher":"https:\/\/www.facebook.com\/tribunademinas\/","article_published_time":"2025-11-05T12:45:00+00:00","article_modified_time":"2025-11-06T19:16:32+00:00","og_image":[{"width":1280,"height":720,"url":"https:\/\/tribunademinas.audiencelabs.com.br\/wp-content\/uploads\/2025\/11\/Uber.webp","type":"image\/webp"}],"author":"Jeferson Carvalho","twitter_card":"summary_large_image","twitter_creator":"@tribunademinas","twitter_site":"@tribunademinas","twitter_misc":{"Escrito por":"Jeferson Carvalho","Est. tempo de leitura":"3 minutos"},"schema":{"@context":"https:\/\/schema.org","@graph":[{"@type":"Article","@id":"https:\/\/tribunademinas.audiencelabs.com.br\/motoristas-do-uber-estao-em-festa-apos-comunicado-do-app\/#article","isPartOf":{"@id":"https:\/\/tribunademinas.audiencelabs.com.br\/motoristas-do-uber-estao-em-festa-apos-comunicado-do-app\/"},"author":{"name":"Jeferson Carvalho","@id":"https:\/\/tribunademinas.audiencelabs.com.br\/#\/schema\/person\/db18fc40307804bacef94213aa68fd9d"},"headline":"Motoristas do Uber est\u00e3o em festa ap\u00f3s comunicado do app","datePublished":"2025-11-05T12:45:00+00:00","dateModified":"2025-11-06T19:16:32+00:00","mainEntityOfPage":{"@id":"https:\/\/tribunademinas.audiencelabs.com.br\/motoristas-do-uber-estao-em-festa-apos-comunicado-do-app\/"},"wordCount":517,"commentCount":0,"publisher":{"@id":"https:\/\/tribunademinas.audiencelabs.com.br\/#organization"},"image":{"@id":"https:\/\/tribunademinas.audiencelabs.com.br\/motoristas-do-uber-estao-em-festa-apos-comunicado-do-app\/#primaryimage"},"thumbnailUrl":"https:\/\/tribunademinas.audiencelabs.com.br\/wp-content\/uploads\/2025\/11\/Uber.webp","articleSection":["Cidadania"],"inLanguage":"pt-BR","potentialAction":[{"@type":"CommentAction","name":"Comment","target":["https:\/\/tribunademinas.audiencelabs.com.br\/motoristas-do-uber-estao-em-festa-apos-comunicado-do-app\/#respond"]}]},{"@type":"WebPage","@id":"https:\/\/tribunademinas.audiencelabs.com.br\/motoristas-do-uber-estao-em-festa-apos-comunicado-do-app\/","url":"https:\/\/tribunademinas.audiencelabs.com.br\/motoristas-do-uber-estao-em-festa-apos-comunicado-do-app\/","name":"Motoristas do Uber est\u00e3o em festa ap\u00f3s comunicado do app","isPartOf":{"@id":"https:\/\/tribunademinas.audiencelabs.com.br\/#website"},"primaryImageOfPage":{"@id":"https:\/\/tribunademinas.audiencelabs.com.br\/motoristas-do-uber-estao-em-festa-apos-comunicado-do-app\/#primaryimage"},"image":{"@id":"https:\/\/tribunademinas.audiencelabs.com.br\/motoristas-do-uber-estao-em-festa-apos-comunicado-do-app\/#primaryimage"},"thumbnailUrl":"https:\/\/tribunademinas.audiencelabs.com.br\/wp-content\/uploads\/2025\/11\/Uber.webp","datePublished":"2025-11-05T12:45:00+00:00","dateModified":"2025-11-06T19:16:32+00:00","description":"Uber anunciou recentemente mudan\u00e7as importantes no programa Uber Pro, e a repercuss\u00e3o entre os parceiros tem sido extremamente positiva.","breadcrumb":{"@id":"https:\/\/tribunademinas.audiencelabs.com.br\/motoristas-do-uber-estao-em-festa-apos-comunicado-do-app\/#breadcrumb"},"inLanguage":"pt-BR","potentialAction":[{"@type":"ReadAction","target":["https:\/\/tribunademinas.audiencelabs.com.br\/motoristas-do-uber-estao-em-festa-apos-comunicado-do-app\/"]}]},{"@type":"ImageObject","inLanguage":"pt-BR","@id":"https:\/\/tribunademinas.audiencelabs.com.br\/motoristas-do-uber-estao-em-festa-apos-comunicado-do-app\/#primaryimage","url":"https:\/\/tribunademinas.audiencelabs.com.br\/wp-content\/uploads\/2025\/11\/Uber.webp","contentUrl":"https:\/\/tribunademinas.audiencelabs.com.br\/wp-content\/uploads\/2025\/11\/Uber.webp","width":1280,"height":720,"caption":"Motoristas do Uber est\u00e3o em festa ap\u00f3s comunicado do app - Imagem: Divulga\u00e7\u00e3o\/Uber"},{"@type":"BreadcrumbList","@id":"https:\/\/tribunademinas.audiencelabs.com.br\/motoristas-do-uber-estao-em-festa-apos-comunicado-do-app\/#breadcrumb","itemListElement":[{"@type":"ListItem","position":1,"name":"In\u00edcio","item":"https:\/\/tribunademinas.audiencelabs.com.br\/"},{"@type":"ListItem","position":2,"name":"Motoristas do Uber est\u00e3o em festa ap\u00f3s comunicado do app"}]},{"@type":"WebSite","@id":"https:\/\/tribunademinas.audiencelabs.com.br\/#website","url":"https:\/\/tribunademinas.audiencelabs.com.br\/","name":"Tribuna de Minas - Dinheiro e Cidadania","description":"","publisher":{"@id":"https:\/\/tribunademinas.audiencelabs.com.br\/#organization"},"potentialAction":[{"@type":"SearchAction","target":{"@type":"EntryPoint","urlTemplate":"https:\/\/tribunademinas.audiencelabs.com.br\/?s={search_term_string}"},"query-input":{"@type":"PropertyValueSpecification","valueRequired":true,"valueName":"search_term_string"}}],"inLanguage":"pt-BR"},{"@type":"Organization","@id":"https:\/\/tribunademinas.audiencelabs.com.br\/#organization","name":"Tribuna de Minas - Dinheiro e Cidadania","url":"https:\/\/tribunademinas.audiencelabs.com.br\/","logo":{"@type":"ImageObject","inLanguage":"pt-BR","@id":"https:\/\/tribunademinas.audiencelabs.com.br\/#\/schema\/logo\/image\/","url":"https:\/\/tribunademinas.audiencelabs.com.br\/wp-content\/uploads\/2025\/08\/cropped-Tribuna_512x512-96x96-1.png","contentUrl":"https:\/\/tribunademinas.audiencelabs.com.br\/wp-content\/uploads\/2025\/08\/cropped-Tribuna_512x512-96x96-1.png","width":96,"height":96,"caption":"Tribuna de Minas - Dinheiro e Cidadania"},"image":{"@id":"https:\/\/tribunademinas.audiencelabs.com.br\/#\/schema\/logo\/image\/"},"sameAs":["https:\/\/www.facebook.com\/tribunademinas\/","https:\/\/x.com\/tribunademinas","https:\/\/www.instagram.com\/tribunademinas\/","https:\/\/www.youtube.com\/user\/TribunadeMinasJF"]},{"@type":"Person","@id":"https:\/\/tribunademinas.audiencelabs.com.br\/#\/schema\/person\/db18fc40307804bacef94213aa68fd9d","name":"Jeferson Carvalho","image":{"@type":"ImageObject","inLanguage":"pt-BR","@id":"https:\/\/tribunademinas.audiencelabs.com.br\/#\/schema\/person\/image\/","url":"https:\/\/secure.gravatar.com\/avatar\/cd7646e328d9670dad7dea8698522e522745eeffcff5b9d08be858e377ce326b?s=96&d=mm&r=g","contentUrl":"https:\/\/secure.gravatar.com\/avatar\/cd7646e328d9670dad7dea8698522e522745eeffcff5b9d08be858e377ce326b?s=96&d=mm&r=g","caption":"Jeferson Carvalho"},"description":"Jornalista apaixonado pela profiss\u00e3o!","url":"https:\/\/tribunademinas.audiencelabs.com.br\/author\/jeferson\/"}]}},"amp_enabled":true,"_links":{"self":[{"href":"https:\/\/tribunademinas.audiencelabs.com.br\/wp-json\/wp\/v2\/posts\/3509","targetHints":{"allow":["GET"]}}],"collection":[{"href":"https:\/\/tribunademinas.audiencelabs.com.br\/wp-json\/wp\/v2\/posts"}],"about":[{"href":"https:\/\/tribunademinas.audiencelabs.com.br\/wp-json\/wp\/v2\/types\/post"}],"author":[{"embeddable":true,"href":"https:\/\/tribunademinas.audiencelabs.com.br\/wp-json\/wp\/v2\/users\/5"}],"replies":[{"embeddable":true,"href":"https:\/\/tribunademinas.audiencelabs.com.br\/wp-json\/wp\/v2\/comments?post=3509"}],"version-history":[{"count":2,"href":"https:\/\/tribunademinas.audiencelabs.com.br\/wp-json\/wp\/v2\/posts\/3509\/revisions"}],"predecessor-version":[{"id":3624,"href":"https:\/\/tribunademinas.audiencelabs.com.br\/wp-json\/wp\/v2\/posts\/3509\/revisions\/3624"}],"wp:featuredmedia":[{"embeddable":true,"href":"https:\/\/tribunademinas.audiencelabs.com.br\/wp-json\/wp\/v2\/media\/3510"}],"wp:attachment":[{"href":"https:\/\/tribunademinas.audiencelabs.com.br\/wp-json\/wp\/v2\/media?parent=3509"}],"wp:term":[{"taxonomy":"category","embeddable":true,"href":"https:\/\/tribunademinas.audiencelabs.com.br\/wp-json\/wp\/v2\/categories?post=3509"},{"taxonomy":"post_tag","embeddable":true,"href":"https:\/\/tribunademinas.audiencelabs.com.br\/wp-json\/wp\/v2\/tags?post=3509"}],"curies":[{"name":"wp","href":"https:\/\/api.w.org\/{rel}","templated":true}]}}