{"id":3506,"date":"2025-11-20T09:00:00","date_gmt":"2025-11-20T12:00:00","guid":{"rendered":"https:\/\/tribunademinas.audiencelabs.com.br\/?p=3506"},"modified":"2025-11-04T18:07:17","modified_gmt":"2025-11-04T21:07:17","slug":"empregador-pode-proibir-uso-de-celular-durante-o-trabalho-confira","status":"publish","type":"post","link":"https:\/\/tribunademinas.audiencelabs.com.br\/empregador-pode-proibir-uso-de-celular-durante-o-trabalho-confira\/","title":{"rendered":"Empregador pode proibir uso de celular durante o trabalho? Confira"},"content":{"rendered":"\n<p>Atualmente, \u00e9 praticamente impens\u00e1vel viver<strong> sem os celulares<\/strong>, uma vez que, al\u00e9m de funcionarem como ferramentas de comunica\u00e7\u00e3o, estes aparelhos tamb\u00e9m desempenham diversas outras fun\u00e7\u00f5es essenciais \u00e0 rotina cotidiana.<\/p>\n\n\n\n<p>Por conta disso, os limites de sua utiliza\u00e7\u00e3o frequentemente se tornam alvos de debates, principalmente <strong>durante o hor\u00e1rio de trabalho<\/strong>. Afinal, mesmo sendo funcionais, os celulares tamb\u00e9m podem afetar a produtividade.<\/p>\n\n\n\n<p>Tecnicamente, o empregador<strong> possui autoridade para restringir o uso de celulares<\/strong> durante o expediente. Mas essa regra n\u00e3o depende apenas do seu poder de organiza\u00e7\u00e3o, pois \u00e9 fundamental que a proibi\u00e7\u00e3o seja formalmente comunicada por meio de regulamentos internos ou contratos de trabalho.<\/p>\n\n\n\n<p>Al\u00e9m disso, a restri\u00e7\u00e3o deve estar <strong>respaldada por uma justificativa<\/strong>, seja ela relacionada \u00e0 seguran\u00e7a, ao sigilo ou \u00e0 falta de utilidade do aparelho. Contudo, tal medida n\u00e3o autoriza a empresa a privar integralmente o funcion\u00e1rio do acesso ao dispositivo.<\/p>\n\n\n\n<p>Isso significa que, caso a proibi\u00e7\u00e3o seja integral, ela <strong>poder\u00e1 ser contestada judicialmente<\/strong>, principalmente por conta da possibilidade de configurar uma viola\u00e7\u00e3o de direitos fundamentais do trabalhador.<\/p>\n\n\n\n<h2 class=\"wp-block-heading\">Proibi\u00e7\u00e3o do uso de celulares divide a jurisprud\u00eancia<\/h2>\n\n\n\n<p>\u00c9 importante ressaltar que, embora as empresas precisem zelar pelo desempenho de seus funcion\u00e1rios, os direitos fundamentais dos trabalhadores devem ser rigorosamente respeitados. E justamente por conta disso, a jurisprud\u00eancia trabalhista se mostra dividida.<\/p>\n\n\n\n<p>Enquanto muitas decis\u00f5es reconhecem a legitimidade das restri\u00e7\u00f5es, outras consideram abusiva a proibi\u00e7\u00e3o total dos celulares. E a <strong>aus\u00eancia de uniformidade jurisprudencial<\/strong> acaba impedindo a formula\u00e7\u00e3o de uma resposta absoluta.<\/p>\n\n\n\n<p>Contudo, <strong>existe um consenso<\/strong>, pois mesmo que os poderes da empresa devam respeitar os princ\u00edpios que asseguram a dignidade humana e da privacidade, o equil\u00edbrio entre controle e confian\u00e7a entre empregadores e empregados \u00e9 o que permitir\u00e1 que a presen\u00e7a dos aparelhos no ambiente de trabalho seja respaldada harmoniosamente, sem a necessidade de proibi\u00e7\u00f5es extremas ou viola\u00e7\u00f5es de regras.<\/p>\n","protected":false},"excerpt":{"rendered":"<p>Atualmente, \u00e9 praticamente impens\u00e1vel viver sem os celulares, uma vez que, al\u00e9m de funcionarem como ferramentas de comunica\u00e7\u00e3o, estes aparelhos tamb\u00e9m desempenham diversas outras fun\u00e7\u00f5es essenciais \u00e0 rotina cotidiana. Por conta disso, os limites de sua utiliza\u00e7\u00e3o frequentemente se tornam alvos de debates, principalmente durante o hor\u00e1rio de trabalho. Afinal, mesmo sendo funcionais, os celulares [&hellip;]<\/p>\n","protected":false},"author":3,"featured_media":3508,"comment_status":"open","ping_status":"open","sticky":false,"template":"","format":"standard","meta":{"jnews-multi-image_gallery":[],"jnews_single_post":{"format":"standard"},"jnews_primary_category":[],"jnews_social_meta":[],"jnews_post_split":[],"footnotes":""},"categories":[1],"tags":[],"class_list":["post-3506","post","type-post","status-publish","format-standard","has-post-thumbnail","hentry","category-dinheiro"],"yoast_head":"<!-- This site is optimized with the Yoast SEO plugin v25.6 - https:\/\/yoast.com\/wordpress\/plugins\/seo\/ -->\n<title>Empregador pode proibir uso de celular durante o trabalho? Confira<\/title>\n<meta name=\"robots\" content=\"index, follow, max-snippet:-1, max-image-preview:large, max-video-preview:-1\" \/>\n<link rel=\"canonical\" href=\"https:\/\/tribunademinas.audiencelabs.com.br\/empregador-pode-proibir-uso-de-celular-durante-o-trabalho-confira\/\" \/>\n<meta property=\"og:locale\" content=\"pt_BR\" \/>\n<meta property=\"og:type\" content=\"article\" \/>\n<meta property=\"og:title\" content=\"Empregador pode proibir uso de celular durante o trabalho? Confira\" \/>\n<meta property=\"og:description\" content=\"Atualmente, \u00e9 praticamente impens\u00e1vel viver sem os celulares, uma vez que, al\u00e9m de funcionarem como ferramentas de comunica\u00e7\u00e3o, estes aparelhos tamb\u00e9m desempenham diversas outras fun\u00e7\u00f5es essenciais \u00e0 rotina cotidiana. Por conta disso, os limites de sua utiliza\u00e7\u00e3o frequentemente se tornam alvos de debates, principalmente durante o hor\u00e1rio de trabalho. Afinal, mesmo sendo funcionais, os celulares [&hellip;]\" \/>\n<meta property=\"og:url\" content=\"https:\/\/tribunademinas.audiencelabs.com.br\/empregador-pode-proibir-uso-de-celular-durante-o-trabalho-confira\/\" \/>\n<meta property=\"og:site_name\" content=\"Tribuna de Minas - Dinheiro e Cidadania\" \/>\n<meta property=\"article:publisher\" content=\"https:\/\/www.facebook.com\/tribunademinas\/\" \/>\n<meta property=\"article:published_time\" content=\"2025-11-20T12:00:00+00:00\" \/>\n<meta property=\"og:image\" content=\"https:\/\/tribunademinas.audiencelabs.com.br\/wp-content\/uploads\/2025\/11\/empregador-proibir-celular-durante-trabalho.jpg\" \/>\n\t<meta property=\"og:image:width\" content=\"2000\" \/>\n\t<meta property=\"og:image:height\" content=\"1125\" \/>\n\t<meta property=\"og:image:type\" content=\"image\/jpeg\" \/>\n<meta name=\"author\" content=\"Jo\u00e3o Carlos Gomes\" \/>\n<meta name=\"twitter:card\" content=\"summary_large_image\" \/>\n<meta name=\"twitter:creator\" content=\"@tribunademinas\" \/>\n<meta name=\"twitter:site\" content=\"@tribunademinas\" \/>\n<meta name=\"twitter:label1\" content=\"Escrito por\" \/>\n\t<meta name=\"twitter:data1\" content=\"Jo\u00e3o Carlos Gomes\" \/>\n\t<meta name=\"twitter:label2\" content=\"Est. tempo de leitura\" \/>\n\t<meta name=\"twitter:data2\" content=\"2 minutos\" \/>\n<!-- \/ Yoast SEO plugin. -->","yoast_head_json":{"title":"Empregador pode proibir uso de celular durante o trabalho? Confira","robots":{"index":"index","follow":"follow","max-snippet":"max-snippet:-1","max-image-preview":"max-image-preview:large","max-video-preview":"max-video-preview:-1"},"canonical":"https:\/\/tribunademinas.audiencelabs.com.br\/empregador-pode-proibir-uso-de-celular-durante-o-trabalho-confira\/","og_locale":"pt_BR","og_type":"article","og_title":"Empregador pode proibir uso de celular durante o trabalho? Confira","og_description":"Atualmente, \u00e9 praticamente impens\u00e1vel viver sem os celulares, uma vez que, al\u00e9m de funcionarem como ferramentas de comunica\u00e7\u00e3o, estes aparelhos tamb\u00e9m desempenham diversas outras fun\u00e7\u00f5es essenciais \u00e0 rotina cotidiana. Por conta disso, os limites de sua utiliza\u00e7\u00e3o frequentemente se tornam alvos de debates, principalmente durante o hor\u00e1rio de trabalho. Afinal, mesmo sendo funcionais, os celulares [&hellip;]","og_url":"https:\/\/tribunademinas.audiencelabs.com.br\/empregador-pode-proibir-uso-de-celular-durante-o-trabalho-confira\/","og_site_name":"Tribuna de Minas - Dinheiro e Cidadania","article_publisher":"https:\/\/www.facebook.com\/tribunademinas\/","article_published_time":"2025-11-20T12:00:00+00:00","og_image":[{"width":2000,"height":1125,"url":"https:\/\/tribunademinas.audiencelabs.com.br\/wp-content\/uploads\/2025\/11\/empregador-proibir-celular-durante-trabalho.jpg","type":"image\/jpeg"}],"author":"Jo\u00e3o Carlos Gomes","twitter_card":"summary_large_image","twitter_creator":"@tribunademinas","twitter_site":"@tribunademinas","twitter_misc":{"Escrito por":"Jo\u00e3o Carlos Gomes","Est. tempo de leitura":"2 minutos"},"schema":{"@context":"https:\/\/schema.org","@graph":[{"@type":"Article","@id":"https:\/\/tribunademinas.audiencelabs.com.br\/empregador-pode-proibir-uso-de-celular-durante-o-trabalho-confira\/#article","isPartOf":{"@id":"https:\/\/tribunademinas.audiencelabs.com.br\/empregador-pode-proibir-uso-de-celular-durante-o-trabalho-confira\/"},"author":{"name":"Jo\u00e3o Carlos Gomes","@id":"https:\/\/tribunademinas.audiencelabs.com.br\/#\/schema\/person\/37af466a64a722fadb8ef6841c52114f"},"headline":"Empregador pode proibir uso de celular durante o trabalho? Confira","datePublished":"2025-11-20T12:00:00+00:00","mainEntityOfPage":{"@id":"https:\/\/tribunademinas.audiencelabs.com.br\/empregador-pode-proibir-uso-de-celular-durante-o-trabalho-confira\/"},"wordCount":337,"commentCount":0,"publisher":{"@id":"https:\/\/tribunademinas.audiencelabs.com.br\/#organization"},"image":{"@id":"https:\/\/tribunademinas.audiencelabs.com.br\/empregador-pode-proibir-uso-de-celular-durante-o-trabalho-confira\/#primaryimage"},"thumbnailUrl":"https:\/\/tribunademinas.audiencelabs.com.br\/wp-content\/uploads\/2025\/11\/empregador-proibir-celular-durante-trabalho.jpg","articleSection":["Dinheiro"],"inLanguage":"pt-BR","potentialAction":[{"@type":"CommentAction","name":"Comment","target":["https:\/\/tribunademinas.audiencelabs.com.br\/empregador-pode-proibir-uso-de-celular-durante-o-trabalho-confira\/#respond"]}]},{"@type":"WebPage","@id":"https:\/\/tribunademinas.audiencelabs.com.br\/empregador-pode-proibir-uso-de-celular-durante-o-trabalho-confira\/","url":"https:\/\/tribunademinas.audiencelabs.com.br\/empregador-pode-proibir-uso-de-celular-durante-o-trabalho-confira\/","name":"Empregador pode proibir uso de celular durante o trabalho? Confira","isPartOf":{"@id":"https:\/\/tribunademinas.audiencelabs.com.br\/#website"},"primaryImageOfPage":{"@id":"https:\/\/tribunademinas.audiencelabs.com.br\/empregador-pode-proibir-uso-de-celular-durante-o-trabalho-confira\/#primaryimage"},"image":{"@id":"https:\/\/tribunademinas.audiencelabs.com.br\/empregador-pode-proibir-uso-de-celular-durante-o-trabalho-confira\/#primaryimage"},"thumbnailUrl":"https:\/\/tribunademinas.audiencelabs.com.br\/wp-content\/uploads\/2025\/11\/empregador-proibir-celular-durante-trabalho.jpg","datePublished":"2025-11-20T12:00:00+00:00","breadcrumb":{"@id":"https:\/\/tribunademinas.audiencelabs.com.br\/empregador-pode-proibir-uso-de-celular-durante-o-trabalho-confira\/#breadcrumb"},"inLanguage":"pt-BR","potentialAction":[{"@type":"ReadAction","target":["https:\/\/tribunademinas.audiencelabs.com.br\/empregador-pode-proibir-uso-de-celular-durante-o-trabalho-confira\/"]}]},{"@type":"ImageObject","inLanguage":"pt-BR","@id":"https:\/\/tribunademinas.audiencelabs.com.br\/empregador-pode-proibir-uso-de-celular-durante-o-trabalho-confira\/#primaryimage","url":"https:\/\/tribunademinas.audiencelabs.com.br\/wp-content\/uploads\/2025\/11\/empregador-proibir-celular-durante-trabalho.jpg","contentUrl":"https:\/\/tribunademinas.audiencelabs.com.br\/wp-content\/uploads\/2025\/11\/empregador-proibir-celular-durante-trabalho.jpg","width":2000,"height":1125,"caption":"Foto: Freepik"},{"@type":"BreadcrumbList","@id":"https:\/\/tribunademinas.audiencelabs.com.br\/empregador-pode-proibir-uso-de-celular-durante-o-trabalho-confira\/#breadcrumb","itemListElement":[{"@type":"ListItem","position":1,"name":"In\u00edcio","item":"https:\/\/tribunademinas.audiencelabs.com.br\/"},{"@type":"ListItem","position":2,"name":"Empregador pode proibir uso de celular durante o trabalho? Confira"}]},{"@type":"WebSite","@id":"https:\/\/tribunademinas.audiencelabs.com.br\/#website","url":"https:\/\/tribunademinas.audiencelabs.com.br\/","name":"Tribuna de Minas - Dinheiro e Cidadania","description":"","publisher":{"@id":"https:\/\/tribunademinas.audiencelabs.com.br\/#organization"},"potentialAction":[{"@type":"SearchAction","target":{"@type":"EntryPoint","urlTemplate":"https:\/\/tribunademinas.audiencelabs.com.br\/?s={search_term_string}"},"query-input":{"@type":"PropertyValueSpecification","valueRequired":true,"valueName":"search_term_string"}}],"inLanguage":"pt-BR"},{"@type":"Organization","@id":"https:\/\/tribunademinas.audiencelabs.com.br\/#organization","name":"Tribuna de Minas - Dinheiro e Cidadania","url":"https:\/\/tribunademinas.audiencelabs.com.br\/","logo":{"@type":"ImageObject","inLanguage":"pt-BR","@id":"https:\/\/tribunademinas.audiencelabs.com.br\/#\/schema\/logo\/image\/","url":"https:\/\/tribunademinas.audiencelabs.com.br\/wp-content\/uploads\/2025\/08\/cropped-Tribuna_512x512-96x96-1.png","contentUrl":"https:\/\/tribunademinas.audiencelabs.com.br\/wp-content\/uploads\/2025\/08\/cropped-Tribuna_512x512-96x96-1.png","width":96,"height":96,"caption":"Tribuna de Minas - Dinheiro e Cidadania"},"image":{"@id":"https:\/\/tribunademinas.audiencelabs.com.br\/#\/schema\/logo\/image\/"},"sameAs":["https:\/\/www.facebook.com\/tribunademinas\/","https:\/\/x.com\/tribunademinas","https:\/\/www.instagram.com\/tribunademinas\/","https:\/\/www.youtube.com\/user\/TribunadeMinasJF"]},{"@type":"Person","@id":"https:\/\/tribunademinas.audiencelabs.com.br\/#\/schema\/person\/37af466a64a722fadb8ef6841c52114f","name":"Jo\u00e3o Carlos Gomes","image":{"@type":"ImageObject","inLanguage":"pt-BR","@id":"https:\/\/tribunademinas.audiencelabs.com.br\/#\/schema\/person\/image\/","url":"https:\/\/secure.gravatar.com\/avatar\/4ce4672dbdd694b329cd6fdb51bee7d1409be1f0ff76a537e4c4a737b2c7d1a9?s=96&d=mm&r=g","contentUrl":"https:\/\/secure.gravatar.com\/avatar\/4ce4672dbdd694b329cd6fdb51bee7d1409be1f0ff76a537e4c4a737b2c7d1a9?s=96&d=mm&r=g","caption":"Jo\u00e3o Carlos Gomes"},"description":"Jornalista formado pelo Centro Universit\u00e1rio Carioca, apreciador da Bossa Nova ao Metal Extremo, criador de conte\u00fado e m\u00fasico independente nas horas vagas.","url":"https:\/\/tribunademinas.audiencelabs.com.br\/author\/joaoc-junior\/"}]}},"amp_enabled":true,"_links":{"self":[{"href":"https:\/\/tribunademinas.audiencelabs.com.br\/wp-json\/wp\/v2\/posts\/3506","targetHints":{"allow":["GET"]}}],"collection":[{"href":"https:\/\/tribunademinas.audiencelabs.com.br\/wp-json\/wp\/v2\/posts"}],"about":[{"href":"https:\/\/tribunademinas.audiencelabs.com.br\/wp-json\/wp\/v2\/types\/post"}],"author":[{"embeddable":true,"href":"https:\/\/tribunademinas.audiencelabs.com.br\/wp-json\/wp\/v2\/users\/3"}],"replies":[{"embeddable":true,"href":"https:\/\/tribunademinas.audiencelabs.com.br\/wp-json\/wp\/v2\/comments?post=3506"}],"version-history":[{"count":1,"href":"https:\/\/tribunademinas.audiencelabs.com.br\/wp-json\/wp\/v2\/posts\/3506\/revisions"}],"predecessor-version":[{"id":3511,"href":"https:\/\/tribunademinas.audiencelabs.com.br\/wp-json\/wp\/v2\/posts\/3506\/revisions\/3511"}],"wp:featuredmedia":[{"embeddable":true,"href":"https:\/\/tribunademinas.audiencelabs.com.br\/wp-json\/wp\/v2\/media\/3508"}],"wp:attachment":[{"href":"https:\/\/tribunademinas.audiencelabs.com.br\/wp-json\/wp\/v2\/media?parent=3506"}],"wp:term":[{"taxonomy":"category","embeddable":true,"href":"https:\/\/tribunademinas.audiencelabs.com.br\/wp-json\/wp\/v2\/categories?post=3506"},{"taxonomy":"post_tag","embeddable":true,"href":"https:\/\/tribunademinas.audiencelabs.com.br\/wp-json\/wp\/v2\/tags?post=3506"}],"curies":[{"name":"wp","href":"https:\/\/api.w.org\/{rel}","templated":true}]}}