{"id":3498,"date":"2025-11-08T13:00:00","date_gmt":"2025-11-08T16:00:00","guid":{"rendered":"https:\/\/tribunademinas.audiencelabs.com.br\/?p=3498"},"modified":"2025-11-09T14:13:31","modified_gmt":"2025-11-09T17:13:31","slug":"quer-receber-o-teto-do-inss-veja-como-aumentar-o-valor-da-sua-aposentadoria","status":"publish","type":"post","link":"https:\/\/tribunademinas.audiencelabs.com.br\/quer-receber-o-teto-do-inss-veja-como-aumentar-o-valor-da-sua-aposentadoria\/","title":{"rendered":"Quer receber o teto do INSS? Veja como aumentar o valor da sua aposentadoria"},"content":{"rendered":"\n<p>Em janeiro deste ano, os benef\u00edcios do Instituto Nacional do Seguro Social (INSS) foram reajustados e, com isso, o teto da aposentadoria <strong>foi elevado para R$ 8.157,41<\/strong>. Entretanto, apenas uma pequena parcela dos benefici\u00e1rios consegue receber esse valor.<\/p>\n\n\n\n<p>Isso ocorre porque a maior parte da popula\u00e7\u00e3o <strong>se aposenta recebendo o piso do benef\u00edcio<\/strong>, que equivale ao sal\u00e1rio m\u00ednimo vigente, geralmente devido \u00e0 falta de informa\u00e7\u00e3o sobre direitos e possibilidades de contribui\u00e7\u00e3o.<\/p>\n\n\n\n<p>Vale ressaltar que h\u00e1 diversas formas de incrementar o valor de contribui\u00e7\u00e3o, permitindo, assim, a eleva\u00e7\u00e3o dos rendimentos na aposentadoria. Contudo, tais possibilidades variam conforme a categoria profissional do trabalhador, conforme detalhado a seguir:<\/p>\n\n\n\n<h2 class=\"wp-block-heading\">Empregados (rurais, urbanos e dom\u00e9sticos)<\/h2>\n\n\n<style>@media (min-width: 992px) {\n    .recomendadorV2Area1 {\n        width: 280px;\n    }\n    .recomendadorV2Area2 {\n        padding: 0px 20px;\n        width: calc(100% - 280px);\n    }\n}\n\n@media (max-width: 992px) {\n    .recomendadorV2Button {\n        margin: 0 auto;\n    }\n    .recomendadorV2Area {\n        flex-direction: column;\n        text-align: center;\n    }\n    .recomendadorV2Area2 {\n        padding: 0px 20px;\n    }\n}\n\n.recomendadorV2Area {\n    background: #eeeeee3d;\n    border-radius: 10px;\n    padding: 15px;\n    display: flex;\n    margin: 15px auto;\n    border: 1px solid #00000014;\n    max-width: 800px;\n}\n\n.recomendadorV2Area1 img {\n    width: 280px;\n    height: auto;\n    border-radius: 8px;\n}\n\n.linkrecomendadorv2 {\n    text-decoration: none !important;\n}\n\n.recomendadorV2Area2 .recomendadorV2Type {\n    text-transform: uppercase;\n    font-weight: 500;\n    font-size: 11px;\n    letter-spacing: 2px;\n    color: #666;\n    margin: 12px 0;\n    display: block;\n}\n\n.recomendadorV2Title h2 {\n    padding-top: 0px !important;\n    margin: 0px !important;\n    border-left: none !important;\n    padding-left: 0px !important;\n    line-height: 1.3;\n    color: #000 !important;\n    font-size: 24px;\n    margin-bottom: 12px !important;\n}\n\n.recomendadorV2Desc {\n    color: #333;\n    margin: 12px 0px !important;\n    font-size: 15px;\n    line-height: 1.5;\n}\n\n.recomendadorV2Button {\n    width: auto;\n    max-width: 200px;\n    margin: 0;\n    display: inline-flex;\n    align-items: center;\n    background: #1D3557;\n    border-radius: 8px;\n    color: #fff;\n    height: 36px;\n    justify-content: center;\n    text-align: center;\n    font-size: 14px;\n    padding: 0 20px;\n    transition: background-color 0.2s ease;\n}\n\n.recomendadorV2Button:hover {\n    background: #2a4d7a;\n}\n\n.recomendadorV2Button:after {\n    margin-top: -2px;\n    content: \"\u2192\";\n    padding: 0px 0px 0px 8px;\n}\n\n.recomendadorV2Alert {\n    text-align: left;\n    font-size: 11px;\n    margin-top: 8px;\n    color: #666;\n}\n\n.recomendadorFixedArea {\n    width: 100%;\n    display: flex;\n    justify-content: center;\n    align-items: center;\n}\n\n@media (min-width: 992px) {\n    #recomendadorFixed {\n        width: 32% !important;\n        left: 5%;\n    }\n    .recomendadorCloseFixed{\n        right: inherit !important;\n        left: 378px !important;\n    }\n}\n\n#recomendadorFixed {\n    width: 90%;\n    box-shadow: 0 10px 20px 0px #00000057;\n    display: none;\n    height: 90px;\n    background: #F6F6F6;\n    position: fixed;\n    flex-direction: row;\n    bottom: 10px;\n    z-index: 9999;\n    border-radius: 16px;\n    padding: 7px 10px;\n}\n\n.recomendadorLeftArea {\n    width: 160px;\n}\n\n.recomendadorRightArea h2 {\n    padding-top: 0px;\n    margin: 2px 0px 4px 0px !important;\n    font-weight: 400;\n    text-align: center;\n    padding-left: 0px !important;\n    color: #000 !important;\n    border-left: none !important;\n    line-height: 20px;\n    font-size: 12px !important;\n}\n\n.recomendadorImgFixed {\n    overflow: hidden;\n    padding: 8px 6px;\n    height: 100%;\n}\n\n.recomendadorImgFixed img {\n    height: 100% !important;\n    border-radius: 16px;\n}\n\n.recomendadorRightArea {\n    padding-top: 6px;\n    display: flex;\n    width: calc(100% - 130px);\n    justify-content: space-between;\n    align-items: center;\n    flex-direction: column;\n}\n\n.recomendadorButtonFixed {\n    margin: 0 auto;\n    background: #1D3557;\n    width: 80%;\n    text-align: center;\n    font-size: 10px;\n    color: #FFF;\n    padding: 2px 10px;\n    border-radius: 3px;\n}\n\n.recomendadorButtonFixed:after {\n    margin-top: -3px;\n    content: \"\u2192\";\n    padding: 0px 0px 0px 10px;\n}\n\n.recomendadorAlertFixed {\n    font-weight: 400;\n    text-align: center;\n    color: #484848;\n    font-size: 8px;\n}\n\n.recomendadorCloseFixed {\n    z-index: 99999;\n    display: none;\n    right: 0px;\n    left: inherit;\n    bottom: 99px;\n    position: fixed;\n    justify-content: center;\n    background: #F6F6F6;\n    width: 25px;\n    align-items: center;\n    height: 25px;\n    font-weight: 800;\n    border-radius: 50%;\n    border: 1px solid #EBEBEB;\n}\n\n.recomendadorV2Desc{\n    color: #000000;\n    margin: 20px 0px;\n}\n\n@media (max-width: 576px) {\n    .recomendadorV2Area {\n      padding: 10px;\n      max-width: 100%;\n    }\n  \n    .recomendadorV2Area1 img {\n      width: 100%;\n      border-radius: 6px;\n    }\n  \n    .recomendadorV2Area2 .recomendadorV2Type {\n      font-size: 9px;\n      letter-spacing: 1px;\n      margin: 8px 0;\n    }\n  \n    .recomendadorV2Title h2 {\n      font-size: 18px !important;\n      margin-bottom: 8px !important;\n      line-height: 1.2;\n    }\n  \n    .recomendadorV2Desc {\n      font-size: 14px;\n      margin: 8px 0 !important;\n      line-height: 1.4;\n    }\n  \n    .recomendadorV2Button {\n      font-size: 12px;\n      height: 30px;\n      padding: 0 12px;\n      max-width: 160px;\n    }\n  \n    .recomendadorV2Button:after {\n      padding-left: 6px;\n    }\n  }\n  <\/style>\n        <div class=\"lazyblock-recomendador-v2-2jDGz wp-block-lazyblock-recomendador-v2\">\n        <a class=\"linkrecomendadorv2\" href=\"https:\/\/tribunademinas.com.br\/colunas\/maistendencias\/evite-erros-no-13o-salario-entenda-calculo-prazo-e-documentacao\/?utm_source=lazy\">\n            <div class=\"recomendadorV2Area\">\n            <div class=\"recomendadorV2Area1\">\n                <div class=\"recomendadorV2Img\">\n                <img class=\"lazyloaded\" decoding=\"async\" src=\"https:\/\/tribunademinas.com.br\/colunas\/maistendencias\/wp-content\/uploads\/2025\/02\/Esse-vai-ser-o-valor-do-salario-minimo-em-2025-para-trabalhadores.jpg\" data-src=\"https:\/\/tribunademinas.com.br\/colunas\/maistendencias\/wp-content\/uploads\/2025\/02\/Esse-vai-ser-o-valor-do-salario-minimo-em-2025-para-trabalhadores.jpg\" alt=\"\">\n                <\/div>\n            <\/div>\n            <div class=\"recomendadorV2Area2\">\n                <div class=\"recomendadorV2Type\">\n                    <span>13\u00ba sal\u00e1rio<\/span>\n                <\/div>\n                <div class=\"recomendadorV2Title\">\n                <h2><span>Erros comuns no c\u00e1lculo \ud83d\udcbc<\/span><\/h2>\n                <\/div>\n                <div class=\"recomendadorV2Desc\">\n                <span>Confira prazos e docs necess\u00e1rios<\/span>\n                <\/div>\n                <div class=\"recomendadorV2Button\">Evite problemas e garanta o seu<\/div>\n                <div class=\"recomendadorV2Alert\"><\/div>\n            <\/div>\n            <\/div>\n        <\/a>\n        <div>\n            <div style=\"z-index:99999;\" id=\"buttonClose\" onclick=\"closeRecomendadorFixed()\">\n            <div class=\"recomendadorCloseFixed\">X<\/div>\n            <\/div>\n            <a href=\"https:\/\/tribunademinas.com.br\/colunas\/maistendencias\/evite-erros-no-13o-salario-entenda-calculo-prazo-e-documentacao\/?utm_source=lazy\">\n            <div class=\"recomendadorFixedArea\">\n                <div id=\"recomendadorFixed\">\n                <div class=\"recomendadorLeftArea\">\n                    <div class=\"recomendadorImgFixed\">\n                    <img class=\"lazyload\" decoding=\"async\" src=\"https:\/\/tribunademinas.com.br\/colunas\/maistendencias\/wp-content\/uploads\/2025\/02\/Esse-vai-ser-o-valor-do-salario-minimo-em-2025-para-trabalhadores.jpg\" alt=\"\">\n                    <\/div>\n                <\/div>\n                <div class=\"recomendadorRightArea\">\n                    <div class=\"recomendadorTitleFixed\">\n                    <h2><span>Erros comuns no c\u00e1lculo \ud83d\udcbc<\/span><\/h2>\n                    <\/div>\n                    <div class=\"recomendadorButtonFixed\">Evite problemas e garanta o seu<\/div>\n                    <div class=\"recomendadorAlertFixed\"><\/div>\n                <\/div>\n                <\/div>\n            <\/div>\n            <\/a>\n        <\/div>\n        <\/div>\n\n\n\n<p>O percentual de contribui\u00e7\u00e3o \u00e0 Previd\u00eancia Social pelos empregados \u00e9 estabelecido por faixas de renda, que por sua vez determinam al\u00edquotas proporcionais ao sal\u00e1rio e os montantes pagos pelo INSS. Os valores atuais s\u00e3o:<\/p>\n\n\n\n<ul class=\"wp-block-list\">\n<li>At\u00e9&nbsp;<strong>R$ 1.518,00:<\/strong> 7,5%<\/li>\n\n\n\n<li>De&nbsp;<strong>R$ 1.518,01 a R$ 2.793,88:<\/strong> 9%<\/li>\n\n\n\n<li>De&nbsp;<strong>R$ 2.793,89 a R$ 4.190,83:<\/strong> 12%<\/li>\n\n\n\n<li>De&nbsp;<strong>R$ 4.190,84 a R$ 8.157,41:<\/strong> 14%<\/li>\n<\/ul>\n\n\n\n<p>Considerando que a contribui\u00e7\u00e3o \u00e9 descontada diretamente do sal\u00e1rio pelo empregador, uma alternativa vi\u00e1vel para que os trabalhadores possam incrementar sua contribui\u00e7\u00e3o consiste em efetuar pagamentos <strong>adicionais de forma aut\u00f4noma<\/strong>, utilizando um CNPJ.<\/p>\n\n\n\n<h2 class=\"wp-block-heading\">Contribuintes individuais, aut\u00f4nomos e facultativos<\/h2>\n\n\n\n<p>Para contribuintes individuais, facultativos e aut\u00f4nomos, a al\u00edquota previdenci\u00e1ria \u00e9 estabelecida em fun\u00e7\u00e3o da categoria da atividade exercida. Os valores vigentes s\u00e3o:<\/p>\n\n\n\n<ul class=\"wp-block-list\">\n<li><strong>20% <\/strong>para aut\u00f4nomos e contribuintes facultativos;<\/li>\n\n\n\n<li><strong>11% <\/strong>para quem presta servi\u00e7os com CNPJ;<\/li>\n\n\n\n<li><strong>5% <\/strong>para Microempreendedores Individuais (MEIs).<\/li>\n<\/ul>\n\n\n\n<p>Nestes dois \u00faltimos casos, \u00e9 poss\u00edvel complementar a contribui\u00e7\u00e3o do INSS a cada m\u00eas ao efetuar o pagamento<strong> das Guias da Previd\u00eancia Social (GPS)<\/strong>, que elevam a al\u00edquota para 20%, e assim garante uma aposentadoria mais generosa.<\/p>\n\n\n\n<h2 class=\"wp-block-heading\">Previd\u00eancia Privada: complemento de aposentadoria para todos os casos<\/h2>\n\n\n\n<p>Outra alternativa ideal para quem pretende se aposentar com uma remunera\u00e7\u00e3o mais elevada <strong>\u00e9 investir em Previd\u00eancia Privada<\/strong>, que permite acumular recursos adicionais al\u00e9m da aposentadoria obrigat\u00f3ria.<\/p>\n\n\n\n<p>Al\u00e9m de possibilitar a contrata\u00e7\u00e3o simult\u00e2nea de m\u00faltiplos planos e apresentar valores acess\u00edveis, este tipo de servi\u00e7o ainda contribui para a constitui\u00e7\u00e3o de uma renda complementar na aposentadoria, suplementando os rendimentos obtidos pelo INSS.<\/p>\n","protected":false},"excerpt":{"rendered":"<p>Em janeiro deste ano, os benef\u00edcios do Instituto Nacional do Seguro Social (INSS) foram reajustados e, com isso, o teto da aposentadoria foi elevado para R$ 8.157,41. Entretanto, apenas uma pequena parcela dos benefici\u00e1rios consegue receber esse valor. Isso ocorre porque a maior parte da popula\u00e7\u00e3o se aposenta recebendo o piso do benef\u00edcio, que equivale [&hellip;]<\/p>\n","protected":false},"author":3,"featured_media":3499,"comment_status":"open","ping_status":"open","sticky":false,"template":"","format":"standard","meta":{"jnews-multi-image_gallery":[],"jnews_single_post":{"format":"standard"},"jnews_primary_category":[],"jnews_social_meta":[],"jnews_post_split":[],"footnotes":""},"categories":[1],"tags":[],"class_list":["post-3498","post","type-post","status-publish","format-standard","has-post-thumbnail","hentry","category-dinheiro"],"yoast_head":"<!-- This site is optimized with the Yoast SEO plugin v25.6 - https:\/\/yoast.com\/wordpress\/plugins\/seo\/ -->\n<title>Quer receber o teto do INSS? Veja como aumentar o valor da sua aposentadoria<\/title>\n<meta name=\"description\" content=\"Os benef\u00edcios do Instituto Nacional do Seguro Social (INSS) foram reajustados e, com isso, o teto da aposentadoria foi elevado.\" \/>\n<meta name=\"robots\" content=\"index, follow, max-snippet:-1, max-image-preview:large, max-video-preview:-1\" \/>\n<link rel=\"canonical\" href=\"https:\/\/tribunademinas.audiencelabs.com.br\/quer-receber-o-teto-do-inss-veja-como-aumentar-o-valor-da-sua-aposentadoria\/\" \/>\n<meta property=\"og:locale\" content=\"pt_BR\" \/>\n<meta property=\"og:type\" content=\"article\" \/>\n<meta property=\"og:title\" content=\"Quer receber o teto do INSS? Veja como aumentar o valor da sua aposentadoria\" \/>\n<meta property=\"og:description\" content=\"Os benef\u00edcios do Instituto Nacional do Seguro Social (INSS) foram reajustados e, com isso, o teto da aposentadoria foi elevado.\" \/>\n<meta property=\"og:url\" content=\"https:\/\/tribunademinas.audiencelabs.com.br\/quer-receber-o-teto-do-inss-veja-como-aumentar-o-valor-da-sua-aposentadoria\/\" \/>\n<meta property=\"og:site_name\" content=\"Tribuna de Minas - Dinheiro e Cidadania\" \/>\n<meta property=\"article:publisher\" content=\"https:\/\/www.facebook.com\/tribunademinas\/\" \/>\n<meta property=\"article:published_time\" content=\"2025-11-08T16:00:00+00:00\" \/>\n<meta property=\"article:modified_time\" content=\"2025-11-09T17:13:31+00:00\" \/>\n<meta property=\"og:image\" content=\"https:\/\/tribunademinas.audiencelabs.com.br\/wp-content\/uploads\/2025\/11\/receber-teto-inss-aumentar-valor-aposentadoria.jpg\" \/>\n\t<meta property=\"og:image:width\" content=\"2000\" \/>\n\t<meta property=\"og:image:height\" content=\"1125\" \/>\n\t<meta property=\"og:image:type\" content=\"image\/jpeg\" \/>\n<meta name=\"author\" content=\"Jo\u00e3o Carlos Gomes\" \/>\n<meta name=\"twitter:card\" content=\"summary_large_image\" \/>\n<meta name=\"twitter:creator\" content=\"@tribunademinas\" \/>\n<meta name=\"twitter:site\" content=\"@tribunademinas\" \/>\n<meta name=\"twitter:label1\" content=\"Escrito por\" \/>\n\t<meta name=\"twitter:data1\" content=\"Jo\u00e3o Carlos Gomes\" \/>\n\t<meta name=\"twitter:label2\" content=\"Est. tempo de leitura\" \/>\n\t<meta name=\"twitter:data2\" content=\"3 minutos\" \/>\n<!-- \/ Yoast SEO plugin. -->","yoast_head_json":{"title":"Quer receber o teto do INSS? Veja como aumentar o valor da sua aposentadoria","description":"Os benef\u00edcios do Instituto Nacional do Seguro Social (INSS) foram reajustados e, com isso, o teto da aposentadoria foi elevado.","robots":{"index":"index","follow":"follow","max-snippet":"max-snippet:-1","max-image-preview":"max-image-preview:large","max-video-preview":"max-video-preview:-1"},"canonical":"https:\/\/tribunademinas.audiencelabs.com.br\/quer-receber-o-teto-do-inss-veja-como-aumentar-o-valor-da-sua-aposentadoria\/","og_locale":"pt_BR","og_type":"article","og_title":"Quer receber o teto do INSS? Veja como aumentar o valor da sua aposentadoria","og_description":"Os benef\u00edcios do Instituto Nacional do Seguro Social (INSS) foram reajustados e, com isso, o teto da aposentadoria foi elevado.","og_url":"https:\/\/tribunademinas.audiencelabs.com.br\/quer-receber-o-teto-do-inss-veja-como-aumentar-o-valor-da-sua-aposentadoria\/","og_site_name":"Tribuna de Minas - Dinheiro e Cidadania","article_publisher":"https:\/\/www.facebook.com\/tribunademinas\/","article_published_time":"2025-11-08T16:00:00+00:00","article_modified_time":"2025-11-09T17:13:31+00:00","og_image":[{"width":2000,"height":1125,"url":"https:\/\/tribunademinas.audiencelabs.com.br\/wp-content\/uploads\/2025\/11\/receber-teto-inss-aumentar-valor-aposentadoria.jpg","type":"image\/jpeg"}],"author":"Jo\u00e3o Carlos Gomes","twitter_card":"summary_large_image","twitter_creator":"@tribunademinas","twitter_site":"@tribunademinas","twitter_misc":{"Escrito por":"Jo\u00e3o Carlos Gomes","Est. tempo de leitura":"3 minutos"},"schema":{"@context":"https:\/\/schema.org","@graph":[{"@type":"Article","@id":"https:\/\/tribunademinas.audiencelabs.com.br\/quer-receber-o-teto-do-inss-veja-como-aumentar-o-valor-da-sua-aposentadoria\/#article","isPartOf":{"@id":"https:\/\/tribunademinas.audiencelabs.com.br\/quer-receber-o-teto-do-inss-veja-como-aumentar-o-valor-da-sua-aposentadoria\/"},"author":{"name":"Jo\u00e3o Carlos Gomes","@id":"https:\/\/tribunademinas.audiencelabs.com.br\/#\/schema\/person\/37af466a64a722fadb8ef6841c52114f"},"headline":"Quer receber o teto do INSS? Veja como aumentar o valor da sua aposentadoria","datePublished":"2025-11-08T16:00:00+00:00","dateModified":"2025-11-09T17:13:31+00:00","mainEntityOfPage":{"@id":"https:\/\/tribunademinas.audiencelabs.com.br\/quer-receber-o-teto-do-inss-veja-como-aumentar-o-valor-da-sua-aposentadoria\/"},"wordCount":454,"commentCount":0,"publisher":{"@id":"https:\/\/tribunademinas.audiencelabs.com.br\/#organization"},"image":{"@id":"https:\/\/tribunademinas.audiencelabs.com.br\/quer-receber-o-teto-do-inss-veja-como-aumentar-o-valor-da-sua-aposentadoria\/#primaryimage"},"thumbnailUrl":"https:\/\/tribunademinas.audiencelabs.com.br\/wp-content\/uploads\/2025\/11\/receber-teto-inss-aumentar-valor-aposentadoria.jpg","articleSection":["Dinheiro"],"inLanguage":"pt-BR","potentialAction":[{"@type":"CommentAction","name":"Comment","target":["https:\/\/tribunademinas.audiencelabs.com.br\/quer-receber-o-teto-do-inss-veja-como-aumentar-o-valor-da-sua-aposentadoria\/#respond"]}]},{"@type":"WebPage","@id":"https:\/\/tribunademinas.audiencelabs.com.br\/quer-receber-o-teto-do-inss-veja-como-aumentar-o-valor-da-sua-aposentadoria\/","url":"https:\/\/tribunademinas.audiencelabs.com.br\/quer-receber-o-teto-do-inss-veja-como-aumentar-o-valor-da-sua-aposentadoria\/","name":"Quer receber o teto do INSS? Veja como aumentar o valor da sua aposentadoria","isPartOf":{"@id":"https:\/\/tribunademinas.audiencelabs.com.br\/#website"},"primaryImageOfPage":{"@id":"https:\/\/tribunademinas.audiencelabs.com.br\/quer-receber-o-teto-do-inss-veja-como-aumentar-o-valor-da-sua-aposentadoria\/#primaryimage"},"image":{"@id":"https:\/\/tribunademinas.audiencelabs.com.br\/quer-receber-o-teto-do-inss-veja-como-aumentar-o-valor-da-sua-aposentadoria\/#primaryimage"},"thumbnailUrl":"https:\/\/tribunademinas.audiencelabs.com.br\/wp-content\/uploads\/2025\/11\/receber-teto-inss-aumentar-valor-aposentadoria.jpg","datePublished":"2025-11-08T16:00:00+00:00","dateModified":"2025-11-09T17:13:31+00:00","description":"Os benef\u00edcios do Instituto Nacional do Seguro Social (INSS) foram reajustados e, com isso, o teto da aposentadoria foi elevado.","breadcrumb":{"@id":"https:\/\/tribunademinas.audiencelabs.com.br\/quer-receber-o-teto-do-inss-veja-como-aumentar-o-valor-da-sua-aposentadoria\/#breadcrumb"},"inLanguage":"pt-BR","potentialAction":[{"@type":"ReadAction","target":["https:\/\/tribunademinas.audiencelabs.com.br\/quer-receber-o-teto-do-inss-veja-como-aumentar-o-valor-da-sua-aposentadoria\/"]}]},{"@type":"ImageObject","inLanguage":"pt-BR","@id":"https:\/\/tribunademinas.audiencelabs.com.br\/quer-receber-o-teto-do-inss-veja-como-aumentar-o-valor-da-sua-aposentadoria\/#primaryimage","url":"https:\/\/tribunademinas.audiencelabs.com.br\/wp-content\/uploads\/2025\/11\/receber-teto-inss-aumentar-valor-aposentadoria.jpg","contentUrl":"https:\/\/tribunademinas.audiencelabs.com.br\/wp-content\/uploads\/2025\/11\/receber-teto-inss-aumentar-valor-aposentadoria.jpg","width":2000,"height":1125,"caption":"Foto: krakenimages.com\/Freepik"},{"@type":"BreadcrumbList","@id":"https:\/\/tribunademinas.audiencelabs.com.br\/quer-receber-o-teto-do-inss-veja-como-aumentar-o-valor-da-sua-aposentadoria\/#breadcrumb","itemListElement":[{"@type":"ListItem","position":1,"name":"In\u00edcio","item":"https:\/\/tribunademinas.audiencelabs.com.br\/"},{"@type":"ListItem","position":2,"name":"Quer receber o teto do INSS? Veja como aumentar o valor da sua aposentadoria"}]},{"@type":"WebSite","@id":"https:\/\/tribunademinas.audiencelabs.com.br\/#website","url":"https:\/\/tribunademinas.audiencelabs.com.br\/","name":"Tribuna de Minas - Dinheiro e Cidadania","description":"","publisher":{"@id":"https:\/\/tribunademinas.audiencelabs.com.br\/#organization"},"potentialAction":[{"@type":"SearchAction","target":{"@type":"EntryPoint","urlTemplate":"https:\/\/tribunademinas.audiencelabs.com.br\/?s={search_term_string}"},"query-input":{"@type":"PropertyValueSpecification","valueRequired":true,"valueName":"search_term_string"}}],"inLanguage":"pt-BR"},{"@type":"Organization","@id":"https:\/\/tribunademinas.audiencelabs.com.br\/#organization","name":"Tribuna de Minas - Dinheiro e Cidadania","url":"https:\/\/tribunademinas.audiencelabs.com.br\/","logo":{"@type":"ImageObject","inLanguage":"pt-BR","@id":"https:\/\/tribunademinas.audiencelabs.com.br\/#\/schema\/logo\/image\/","url":"https:\/\/tribunademinas.audiencelabs.com.br\/wp-content\/uploads\/2025\/08\/cropped-Tribuna_512x512-96x96-1.png","contentUrl":"https:\/\/tribunademinas.audiencelabs.com.br\/wp-content\/uploads\/2025\/08\/cropped-Tribuna_512x512-96x96-1.png","width":96,"height":96,"caption":"Tribuna de Minas - Dinheiro e Cidadania"},"image":{"@id":"https:\/\/tribunademinas.audiencelabs.com.br\/#\/schema\/logo\/image\/"},"sameAs":["https:\/\/www.facebook.com\/tribunademinas\/","https:\/\/x.com\/tribunademinas","https:\/\/www.instagram.com\/tribunademinas\/","https:\/\/www.youtube.com\/user\/TribunadeMinasJF"]},{"@type":"Person","@id":"https:\/\/tribunademinas.audiencelabs.com.br\/#\/schema\/person\/37af466a64a722fadb8ef6841c52114f","name":"Jo\u00e3o Carlos Gomes","image":{"@type":"ImageObject","inLanguage":"pt-BR","@id":"https:\/\/tribunademinas.audiencelabs.com.br\/#\/schema\/person\/image\/","url":"https:\/\/secure.gravatar.com\/avatar\/4ce4672dbdd694b329cd6fdb51bee7d1409be1f0ff76a537e4c4a737b2c7d1a9?s=96&d=mm&r=g","contentUrl":"https:\/\/secure.gravatar.com\/avatar\/4ce4672dbdd694b329cd6fdb51bee7d1409be1f0ff76a537e4c4a737b2c7d1a9?s=96&d=mm&r=g","caption":"Jo\u00e3o Carlos Gomes"},"description":"Jornalista formado pelo Centro Universit\u00e1rio Carioca, apreciador da Bossa Nova ao Metal Extremo, criador de conte\u00fado e m\u00fasico independente nas horas vagas.","url":"https:\/\/tribunademinas.audiencelabs.com.br\/author\/joaoc-junior\/"}]}},"amp_enabled":true,"_links":{"self":[{"href":"https:\/\/tribunademinas.audiencelabs.com.br\/wp-json\/wp\/v2\/posts\/3498","targetHints":{"allow":["GET"]}}],"collection":[{"href":"https:\/\/tribunademinas.audiencelabs.com.br\/wp-json\/wp\/v2\/posts"}],"about":[{"href":"https:\/\/tribunademinas.audiencelabs.com.br\/wp-json\/wp\/v2\/types\/post"}],"author":[{"embeddable":true,"href":"https:\/\/tribunademinas.audiencelabs.com.br\/wp-json\/wp\/v2\/users\/3"}],"replies":[{"embeddable":true,"href":"https:\/\/tribunademinas.audiencelabs.com.br\/wp-json\/wp\/v2\/comments?post=3498"}],"version-history":[{"count":3,"href":"https:\/\/tribunademinas.audiencelabs.com.br\/wp-json\/wp\/v2\/posts\/3498\/revisions"}],"predecessor-version":[{"id":3763,"href":"https:\/\/tribunademinas.audiencelabs.com.br\/wp-json\/wp\/v2\/posts\/3498\/revisions\/3763"}],"wp:featuredmedia":[{"embeddable":true,"href":"https:\/\/tribunademinas.audiencelabs.com.br\/wp-json\/wp\/v2\/media\/3499"}],"wp:attachment":[{"href":"https:\/\/tribunademinas.audiencelabs.com.br\/wp-json\/wp\/v2\/media?parent=3498"}],"wp:term":[{"taxonomy":"category","embeddable":true,"href":"https:\/\/tribunademinas.audiencelabs.com.br\/wp-json\/wp\/v2\/categories?post=3498"},{"taxonomy":"post_tag","embeddable":true,"href":"https:\/\/tribunademinas.audiencelabs.com.br\/wp-json\/wp\/v2\/tags?post=3498"}],"curies":[{"name":"wp","href":"https:\/\/api.w.org\/{rel}","templated":true}]}}