{"id":3493,"date":"2025-11-08T12:00:00","date_gmt":"2025-11-08T15:00:00","guid":{"rendered":"https:\/\/tribunademinas.audiencelabs.com.br\/?p=3493"},"modified":"2025-11-09T14:13:58","modified_gmt":"2025-11-09T17:13:58","slug":"desde-a-pandemia-o-pais-ja-destinou-quase-r-15-trilhao-a-auxilios-sociais","status":"publish","type":"post","link":"https:\/\/tribunademinas.audiencelabs.com.br\/desde-a-pandemia-o-pais-ja-destinou-quase-r-15-trilhao-a-auxilios-sociais\/","title":{"rendered":"Desde a pandemia, o pa\u00eds j\u00e1 destinou quase R$ 1,5 trilh\u00e3o a aux\u00edlios sociais"},"content":{"rendered":"\n<p>Embora o robusto sistema de programas sociais do Brasil tenha se tornado muito eficiente ap\u00f3s d\u00e9cadas de desenvolvimento, ele foi colocado \u00e0 prova em 2020, diante dos desafios do <strong>per\u00edodo da pandemia de COVID-19<\/strong>.<\/p>\n\n\n\n<p>Afinal, vale lembrar que o momento, marcado por demiss\u00f5es e readapta\u00e7\u00f5es, fez com que uma parcela ainda maior da popula\u00e7\u00e3o<strong> recorresse aos diversos aux\u00edlios sociais<\/strong>, demandando, assim, maiores investimentos do governo federal.<\/p>\n\n\n\n<p>E de acordo com um levantamento desenvolvido pela <em>CNN Brasil<\/em> com base em dados do Minist\u00e9rio do Desenvolvimento e Assist\u00eancia Social, Fam\u00edlia e Combate \u00e0 Fome (MDS), s\u00f3 nos \u00faltimos anos, estes investimentos j\u00e1 alcan\u00e7aram patamares trilion\u00e1rios, alcan\u00e7ando um total de <strong>R$ 1,438 trilh\u00e3o<\/strong>.<\/p>\n\n\n\n<p>Conforme revelado pelo relat\u00f3rio, <strong>o Aux\u00edlio Emergencial<\/strong>, criado pelo governo do ex-presidente Jair Bolsonaro (PL), representa o maior salto de gastos, considerando que em cerca de apenas um ano (2019 para 2020), ele chegou a R$ 372 bilh\u00f5es.<\/p>\n\n\n\n<p>Entretanto, os maiores gastos permanecem concentrados em programas como <strong>o Bolsa Fam\u00edlia e o Benef\u00edcio de Presta\u00e7\u00e3o Continuada (BPC)<\/strong>, cujos custos somam R$ 468,9 bilh\u00f5es e R$ 456,3 bilh\u00f5es, respectivamente. J\u00e1 o<strong> Aux\u00edlio Brasil<\/strong>, criado em 2021, aparece em \u00faltimo, com um custo de R$ 126,7 bilh\u00f5es.<\/p>\n\n\n<style>@media (min-width: 992px) {\n    .recomendadorV2Area1 {\n        width: 280px;\n    }\n    .recomendadorV2Area2 {\n        padding: 0px 20px;\n        width: calc(100% - 280px);\n    }\n}\n\n@media (max-width: 992px) {\n    .recomendadorV2Button {\n        margin: 0 auto;\n    }\n    .recomendadorV2Area {\n        flex-direction: column;\n        text-align: center;\n    }\n    .recomendadorV2Area2 {\n        padding: 0px 20px;\n    }\n}\n\n.recomendadorV2Area {\n    background: #eeeeee3d;\n    border-radius: 10px;\n    padding: 15px;\n    display: flex;\n    margin: 15px auto;\n    border: 1px solid #00000014;\n    max-width: 800px;\n}\n\n.recomendadorV2Area1 img {\n    width: 280px;\n    height: auto;\n    border-radius: 8px;\n}\n\n.linkrecomendadorv2 {\n    text-decoration: none !important;\n}\n\n.recomendadorV2Area2 .recomendadorV2Type {\n    text-transform: uppercase;\n    font-weight: 500;\n    font-size: 11px;\n    letter-spacing: 2px;\n    color: #666;\n    margin: 12px 0;\n    display: block;\n}\n\n.recomendadorV2Title h2 {\n    padding-top: 0px !important;\n    margin: 0px !important;\n    border-left: none !important;\n    padding-left: 0px !important;\n    line-height: 1.3;\n    color: #000 !important;\n    font-size: 24px;\n    margin-bottom: 12px !important;\n}\n\n.recomendadorV2Desc {\n    color: #333;\n    margin: 12px 0px !important;\n    font-size: 15px;\n    line-height: 1.5;\n}\n\n.recomendadorV2Button {\n    width: auto;\n    max-width: 200px;\n    margin: 0;\n    display: inline-flex;\n    align-items: center;\n    background: #1D3557;\n    border-radius: 8px;\n    color: #fff;\n    height: 36px;\n    justify-content: center;\n    text-align: center;\n    font-size: 14px;\n    padding: 0 20px;\n    transition: background-color 0.2s ease;\n}\n\n.recomendadorV2Button:hover {\n    background: #2a4d7a;\n}\n\n.recomendadorV2Button:after {\n    margin-top: -2px;\n    content: \"\u2192\";\n    padding: 0px 0px 0px 8px;\n}\n\n.recomendadorV2Alert {\n    text-align: left;\n    font-size: 11px;\n    margin-top: 8px;\n    color: #666;\n}\n\n.recomendadorFixedArea {\n    width: 100%;\n    display: flex;\n    justify-content: center;\n    align-items: center;\n}\n\n@media (min-width: 992px) {\n    #recomendadorFixed {\n        width: 32% !important;\n        left: 5%;\n    }\n    .recomendadorCloseFixed{\n        right: inherit !important;\n        left: 378px !important;\n    }\n}\n\n#recomendadorFixed {\n    width: 90%;\n    box-shadow: 0 10px 20px 0px #00000057;\n    display: none;\n    height: 90px;\n    background: #F6F6F6;\n    position: fixed;\n    flex-direction: row;\n    bottom: 10px;\n    z-index: 9999;\n    border-radius: 16px;\n    padding: 7px 10px;\n}\n\n.recomendadorLeftArea {\n    width: 160px;\n}\n\n.recomendadorRightArea h2 {\n    padding-top: 0px;\n    margin: 2px 0px 4px 0px !important;\n    font-weight: 400;\n    text-align: center;\n    padding-left: 0px !important;\n    color: #000 !important;\n    border-left: none !important;\n    line-height: 20px;\n    font-size: 12px !important;\n}\n\n.recomendadorImgFixed {\n    overflow: hidden;\n    padding: 8px 6px;\n    height: 100%;\n}\n\n.recomendadorImgFixed img {\n    height: 100% !important;\n    border-radius: 16px;\n}\n\n.recomendadorRightArea {\n    padding-top: 6px;\n    display: flex;\n    width: calc(100% - 130px);\n    justify-content: space-between;\n    align-items: center;\n    flex-direction: column;\n}\n\n.recomendadorButtonFixed {\n    margin: 0 auto;\n    background: #1D3557;\n    width: 80%;\n    text-align: center;\n    font-size: 10px;\n    color: #FFF;\n    padding: 2px 10px;\n    border-radius: 3px;\n}\n\n.recomendadorButtonFixed:after {\n    margin-top: -3px;\n    content: \"\u2192\";\n    padding: 0px 0px 0px 10px;\n}\n\n.recomendadorAlertFixed {\n    font-weight: 400;\n    text-align: center;\n    color: #484848;\n    font-size: 8px;\n}\n\n.recomendadorCloseFixed {\n    z-index: 99999;\n    display: none;\n    right: 0px;\n    left: inherit;\n    bottom: 99px;\n    position: fixed;\n    justify-content: center;\n    background: #F6F6F6;\n    width: 25px;\n    align-items: center;\n    height: 25px;\n    font-weight: 800;\n    border-radius: 50%;\n    border: 1px solid #EBEBEB;\n}\n\n.recomendadorV2Desc{\n    color: #000000;\n    margin: 20px 0px;\n}\n\n@media (max-width: 576px) {\n    .recomendadorV2Area {\n      padding: 10px;\n      max-width: 100%;\n    }\n  \n    .recomendadorV2Area1 img {\n      width: 100%;\n      border-radius: 6px;\n    }\n  \n    .recomendadorV2Area2 .recomendadorV2Type {\n      font-size: 9px;\n      letter-spacing: 1px;\n      margin: 8px 0;\n    }\n  \n    .recomendadorV2Title h2 {\n      font-size: 18px !important;\n      margin-bottom: 8px !important;\n      line-height: 1.2;\n    }\n  \n    .recomendadorV2Desc {\n      font-size: 14px;\n      margin: 8px 0 !important;\n      line-height: 1.4;\n    }\n  \n    .recomendadorV2Button {\n      font-size: 12px;\n      height: 30px;\n      padding: 0 12px;\n      max-width: 160px;\n    }\n  \n    .recomendadorV2Button:after {\n      padding-left: 6px;\n    }\n  }\n  <\/style>\n        <div class=\"lazyblock-recomendador-v2-2jDGz wp-block-lazyblock-recomendador-v2\">\n        <a class=\"linkrecomendadorv2\" href=\"https:\/\/tribunademinas.com.br\/colunas\/maistendencias\/taxar-200-mil-super-ricos-para-livrar-25-milhoes-do-imposto-de-renda\/?utm_source=lazy\">\n            <div class=\"recomendadorV2Area\">\n            <div class=\"recomendadorV2Area1\">\n                <div class=\"recomendadorV2Img\">\n                <img class=\"lazyloaded\" decoding=\"async\" src=\"https:\/\/tribunademinas.com.br\/colunas\/maistendencias\/wp-content\/uploads\/2025\/04\/declaracao-do-imposto-de-renda.jpg\" data-src=\"https:\/\/tribunademinas.com.br\/colunas\/maistendencias\/wp-content\/uploads\/2025\/04\/declaracao-do-imposto-de-renda.jpg\" alt=\"\">\n                <\/div>\n            <\/div>\n            <div class=\"recomendadorV2Area2\">\n                <div class=\"recomendadorV2Type\">\n                    <span>Justi\u00e7a fiscal<\/span>\n                <\/div>\n                <div class=\"recomendadorV2Title\">\n                <h2><span>Taxar os super-ricos \ud83d\udcb8<\/span><\/h2>\n                <\/div>\n                <div class=\"recomendadorV2Desc\">\n                <span>Tributa\u00e7\u00e3o para isentar 25 milh\u00f5es do IR<\/span>\n                <\/div>\n                <div class=\"recomendadorV2Button\">Entenda a proposta<\/div>\n                <div class=\"recomendadorV2Alert\"><\/div>\n            <\/div>\n            <\/div>\n        <\/a>\n        <div>\n            <div style=\"z-index:99999;\" id=\"buttonClose\" onclick=\"closeRecomendadorFixed()\">\n            <div class=\"recomendadorCloseFixed\">X<\/div>\n            <\/div>\n            <a href=\"https:\/\/tribunademinas.com.br\/colunas\/maistendencias\/taxar-200-mil-super-ricos-para-livrar-25-milhoes-do-imposto-de-renda\/?utm_source=lazy\">\n            <div class=\"recomendadorFixedArea\">\n                <div id=\"recomendadorFixed\">\n                <div class=\"recomendadorLeftArea\">\n                    <div class=\"recomendadorImgFixed\">\n                    <img class=\"lazyload\" decoding=\"async\" src=\"https:\/\/tribunademinas.com.br\/colunas\/maistendencias\/wp-content\/uploads\/2025\/04\/declaracao-do-imposto-de-renda.jpg\" alt=\"\">\n                    <\/div>\n                <\/div>\n                <div class=\"recomendadorRightArea\">\n                    <div class=\"recomendadorTitleFixed\">\n                    <h2><span>Taxar os super-ricos \ud83d\udcb8<\/span><\/h2>\n                    <\/div>\n                    <div class=\"recomendadorButtonFixed\">Entenda a proposta<\/div>\n                    <div class=\"recomendadorAlertFixed\"><\/div>\n                <\/div>\n                <\/div>\n            <\/div>\n            <\/a>\n        <\/div>\n        <\/div>\n\n\n\n<h2 class=\"wp-block-heading\">Especialistas apontam riscos de aux\u00edlios sociais<\/h2>\n\n\n\n<p>\u00c9 ineg\u00e1vel que os aux\u00edlios sociais desempenham papel fundamental para muitos brasileiros, uma vez que grande parcela da popula\u00e7\u00e3o vive abaixo da linha da pobreza. Todavia, especialistas alertam que investimentos massivos nesses programas podem <strong>apresentar desafios e implica\u00e7\u00f5es econ\u00f4micas<\/strong>.<\/p>\n\n\n\n<p>Isso porque, diante de um or\u00e7amento nacional altamente comprometido com esses compromissos, n\u00e3o restam recursos suficientes para novos investimentos, o que, consequentemente, acaba limitando o desenvolvimento do pa\u00eds.<\/p>\n\n\n\n<p>Contudo, isso n\u00e3o implica a necessidade de cortes nos investimentos sociais para assegurar maior estabilidade. Afinal, especialistas tamb\u00e9m destacam que a\u00e7\u00f5es como <strong>o combate mais efetivo a fraudes <\/strong>podem auxiliar o governo a recuperar recursos.<\/p>\n","protected":false},"excerpt":{"rendered":"<p>Embora o robusto sistema de programas sociais do Brasil tenha se tornado muito eficiente ap\u00f3s d\u00e9cadas de desenvolvimento, ele foi colocado \u00e0 prova em 2020, diante dos desafios do per\u00edodo da pandemia de COVID-19. Afinal, vale lembrar que o momento, marcado por demiss\u00f5es e readapta\u00e7\u00f5es, fez com que uma parcela ainda maior da popula\u00e7\u00e3o recorresse [&hellip;]<\/p>\n","protected":false},"author":3,"featured_media":3494,"comment_status":"open","ping_status":"open","sticky":false,"template":"","format":"standard","meta":{"jnews-multi-image_gallery":[],"jnews_single_post":{"format":"standard"},"jnews_primary_category":[],"jnews_social_meta":[],"jnews_post_split":[],"footnotes":""},"categories":[159],"tags":[],"class_list":["post-3493","post","type-post","status-publish","format-standard","has-post-thumbnail","hentry","category-cidadania"],"yoast_head":"<!-- This site is optimized with the Yoast SEO plugin v25.6 - https:\/\/yoast.com\/wordpress\/plugins\/seo\/ -->\n<title>Desde a pandemia, o pa\u00eds j\u00e1 destinou quase R$ 1,5 trilh\u00e3o a aux\u00edlios sociais<\/title>\n<meta name=\"robots\" content=\"index, follow, max-snippet:-1, max-image-preview:large, max-video-preview:-1\" \/>\n<link rel=\"canonical\" href=\"https:\/\/tribunademinas.audiencelabs.com.br\/desde-a-pandemia-o-pais-ja-destinou-quase-r-15-trilhao-a-auxilios-sociais\/\" \/>\n<meta property=\"og:locale\" content=\"pt_BR\" \/>\n<meta property=\"og:type\" content=\"article\" \/>\n<meta property=\"og:title\" content=\"Desde a pandemia, o pa\u00eds j\u00e1 destinou quase R$ 1,5 trilh\u00e3o a aux\u00edlios sociais\" \/>\n<meta property=\"og:description\" content=\"Embora o robusto sistema de programas sociais do Brasil tenha se tornado muito eficiente ap\u00f3s d\u00e9cadas de desenvolvimento, ele foi colocado \u00e0 prova em 2020, diante dos desafios do per\u00edodo da pandemia de COVID-19. Afinal, vale lembrar que o momento, marcado por demiss\u00f5es e readapta\u00e7\u00f5es, fez com que uma parcela ainda maior da popula\u00e7\u00e3o recorresse [&hellip;]\" \/>\n<meta property=\"og:url\" content=\"https:\/\/tribunademinas.audiencelabs.com.br\/desde-a-pandemia-o-pais-ja-destinou-quase-r-15-trilhao-a-auxilios-sociais\/\" \/>\n<meta property=\"og:site_name\" content=\"Tribuna de Minas - Dinheiro e Cidadania\" \/>\n<meta property=\"article:publisher\" content=\"https:\/\/www.facebook.com\/tribunademinas\/\" \/>\n<meta property=\"article:published_time\" content=\"2025-11-08T15:00:00+00:00\" \/>\n<meta property=\"article:modified_time\" content=\"2025-11-09T17:13:58+00:00\" \/>\n<meta property=\"og:image\" content=\"https:\/\/tribunademinas.audiencelabs.com.br\/wp-content\/uploads\/2025\/11\/desde-pandemia-pais-destinou-quase-1-5-trilhao-auxilios-sociais.jpg\" \/>\n\t<meta property=\"og:image:width\" content=\"1280\" \/>\n\t<meta property=\"og:image:height\" content=\"720\" \/>\n\t<meta property=\"og:image:type\" content=\"image\/jpeg\" \/>\n<meta name=\"author\" content=\"Jo\u00e3o Carlos Gomes\" \/>\n<meta name=\"twitter:card\" content=\"summary_large_image\" \/>\n<meta name=\"twitter:creator\" content=\"@tribunademinas\" \/>\n<meta name=\"twitter:site\" content=\"@tribunademinas\" \/>\n<meta name=\"twitter:label1\" content=\"Escrito por\" \/>\n\t<meta name=\"twitter:data1\" content=\"Jo\u00e3o Carlos Gomes\" \/>\n\t<meta name=\"twitter:label2\" content=\"Est. tempo de leitura\" \/>\n\t<meta name=\"twitter:data2\" content=\"3 minutos\" \/>\n<!-- \/ Yoast SEO plugin. -->","yoast_head_json":{"title":"Desde a pandemia, o pa\u00eds j\u00e1 destinou quase R$ 1,5 trilh\u00e3o a aux\u00edlios sociais","robots":{"index":"index","follow":"follow","max-snippet":"max-snippet:-1","max-image-preview":"max-image-preview:large","max-video-preview":"max-video-preview:-1"},"canonical":"https:\/\/tribunademinas.audiencelabs.com.br\/desde-a-pandemia-o-pais-ja-destinou-quase-r-15-trilhao-a-auxilios-sociais\/","og_locale":"pt_BR","og_type":"article","og_title":"Desde a pandemia, o pa\u00eds j\u00e1 destinou quase R$ 1,5 trilh\u00e3o a aux\u00edlios sociais","og_description":"Embora o robusto sistema de programas sociais do Brasil tenha se tornado muito eficiente ap\u00f3s d\u00e9cadas de desenvolvimento, ele foi colocado \u00e0 prova em 2020, diante dos desafios do per\u00edodo da pandemia de COVID-19. Afinal, vale lembrar que o momento, marcado por demiss\u00f5es e readapta\u00e7\u00f5es, fez com que uma parcela ainda maior da popula\u00e7\u00e3o recorresse [&hellip;]","og_url":"https:\/\/tribunademinas.audiencelabs.com.br\/desde-a-pandemia-o-pais-ja-destinou-quase-r-15-trilhao-a-auxilios-sociais\/","og_site_name":"Tribuna de Minas - Dinheiro e Cidadania","article_publisher":"https:\/\/www.facebook.com\/tribunademinas\/","article_published_time":"2025-11-08T15:00:00+00:00","article_modified_time":"2025-11-09T17:13:58+00:00","og_image":[{"width":1280,"height":720,"url":"https:\/\/tribunademinas.audiencelabs.com.br\/wp-content\/uploads\/2025\/11\/desde-pandemia-pais-destinou-quase-1-5-trilhao-auxilios-sociais.jpg","type":"image\/jpeg"}],"author":"Jo\u00e3o Carlos Gomes","twitter_card":"summary_large_image","twitter_creator":"@tribunademinas","twitter_site":"@tribunademinas","twitter_misc":{"Escrito por":"Jo\u00e3o Carlos Gomes","Est. tempo de leitura":"3 minutos"},"schema":{"@context":"https:\/\/schema.org","@graph":[{"@type":"Article","@id":"https:\/\/tribunademinas.audiencelabs.com.br\/desde-a-pandemia-o-pais-ja-destinou-quase-r-15-trilhao-a-auxilios-sociais\/#article","isPartOf":{"@id":"https:\/\/tribunademinas.audiencelabs.com.br\/desde-a-pandemia-o-pais-ja-destinou-quase-r-15-trilhao-a-auxilios-sociais\/"},"author":{"name":"Jo\u00e3o Carlos Gomes","@id":"https:\/\/tribunademinas.audiencelabs.com.br\/#\/schema\/person\/37af466a64a722fadb8ef6841c52114f"},"headline":"Desde a pandemia, o pa\u00eds j\u00e1 destinou quase R$ 1,5 trilh\u00e3o a aux\u00edlios sociais","datePublished":"2025-11-08T15:00:00+00:00","dateModified":"2025-11-09T17:13:58+00:00","mainEntityOfPage":{"@id":"https:\/\/tribunademinas.audiencelabs.com.br\/desde-a-pandemia-o-pais-ja-destinou-quase-r-15-trilhao-a-auxilios-sociais\/"},"wordCount":400,"commentCount":0,"publisher":{"@id":"https:\/\/tribunademinas.audiencelabs.com.br\/#organization"},"image":{"@id":"https:\/\/tribunademinas.audiencelabs.com.br\/desde-a-pandemia-o-pais-ja-destinou-quase-r-15-trilhao-a-auxilios-sociais\/#primaryimage"},"thumbnailUrl":"https:\/\/tribunademinas.audiencelabs.com.br\/wp-content\/uploads\/2025\/11\/desde-pandemia-pais-destinou-quase-1-5-trilhao-auxilios-sociais.jpg","articleSection":["Cidadania"],"inLanguage":"pt-BR","potentialAction":[{"@type":"CommentAction","name":"Comment","target":["https:\/\/tribunademinas.audiencelabs.com.br\/desde-a-pandemia-o-pais-ja-destinou-quase-r-15-trilhao-a-auxilios-sociais\/#respond"]}]},{"@type":"WebPage","@id":"https:\/\/tribunademinas.audiencelabs.com.br\/desde-a-pandemia-o-pais-ja-destinou-quase-r-15-trilhao-a-auxilios-sociais\/","url":"https:\/\/tribunademinas.audiencelabs.com.br\/desde-a-pandemia-o-pais-ja-destinou-quase-r-15-trilhao-a-auxilios-sociais\/","name":"Desde a pandemia, o pa\u00eds j\u00e1 destinou quase R$ 1,5 trilh\u00e3o a aux\u00edlios sociais","isPartOf":{"@id":"https:\/\/tribunademinas.audiencelabs.com.br\/#website"},"primaryImageOfPage":{"@id":"https:\/\/tribunademinas.audiencelabs.com.br\/desde-a-pandemia-o-pais-ja-destinou-quase-r-15-trilhao-a-auxilios-sociais\/#primaryimage"},"image":{"@id":"https:\/\/tribunademinas.audiencelabs.com.br\/desde-a-pandemia-o-pais-ja-destinou-quase-r-15-trilhao-a-auxilios-sociais\/#primaryimage"},"thumbnailUrl":"https:\/\/tribunademinas.audiencelabs.com.br\/wp-content\/uploads\/2025\/11\/desde-pandemia-pais-destinou-quase-1-5-trilhao-auxilios-sociais.jpg","datePublished":"2025-11-08T15:00:00+00:00","dateModified":"2025-11-09T17:13:58+00:00","breadcrumb":{"@id":"https:\/\/tribunademinas.audiencelabs.com.br\/desde-a-pandemia-o-pais-ja-destinou-quase-r-15-trilhao-a-auxilios-sociais\/#breadcrumb"},"inLanguage":"pt-BR","potentialAction":[{"@type":"ReadAction","target":["https:\/\/tribunademinas.audiencelabs.com.br\/desde-a-pandemia-o-pais-ja-destinou-quase-r-15-trilhao-a-auxilios-sociais\/"]}]},{"@type":"ImageObject","inLanguage":"pt-BR","@id":"https:\/\/tribunademinas.audiencelabs.com.br\/desde-a-pandemia-o-pais-ja-destinou-quase-r-15-trilhao-a-auxilios-sociais\/#primaryimage","url":"https:\/\/tribunademinas.audiencelabs.com.br\/wp-content\/uploads\/2025\/11\/desde-pandemia-pais-destinou-quase-1-5-trilhao-auxilios-sociais.jpg","contentUrl":"https:\/\/tribunademinas.audiencelabs.com.br\/wp-content\/uploads\/2025\/11\/desde-pandemia-pais-destinou-quase-1-5-trilhao-auxilios-sociais.jpg","width":1280,"height":720,"caption":"Foto: Marcello Casal Jr\/Ag\u00eancia Brasil"},{"@type":"BreadcrumbList","@id":"https:\/\/tribunademinas.audiencelabs.com.br\/desde-a-pandemia-o-pais-ja-destinou-quase-r-15-trilhao-a-auxilios-sociais\/#breadcrumb","itemListElement":[{"@type":"ListItem","position":1,"name":"In\u00edcio","item":"https:\/\/tribunademinas.audiencelabs.com.br\/"},{"@type":"ListItem","position":2,"name":"Desde a pandemia, o pa\u00eds j\u00e1 destinou quase R$ 1,5 trilh\u00e3o a aux\u00edlios sociais"}]},{"@type":"WebSite","@id":"https:\/\/tribunademinas.audiencelabs.com.br\/#website","url":"https:\/\/tribunademinas.audiencelabs.com.br\/","name":"Tribuna de Minas - Dinheiro e Cidadania","description":"","publisher":{"@id":"https:\/\/tribunademinas.audiencelabs.com.br\/#organization"},"potentialAction":[{"@type":"SearchAction","target":{"@type":"EntryPoint","urlTemplate":"https:\/\/tribunademinas.audiencelabs.com.br\/?s={search_term_string}"},"query-input":{"@type":"PropertyValueSpecification","valueRequired":true,"valueName":"search_term_string"}}],"inLanguage":"pt-BR"},{"@type":"Organization","@id":"https:\/\/tribunademinas.audiencelabs.com.br\/#organization","name":"Tribuna de Minas - Dinheiro e Cidadania","url":"https:\/\/tribunademinas.audiencelabs.com.br\/","logo":{"@type":"ImageObject","inLanguage":"pt-BR","@id":"https:\/\/tribunademinas.audiencelabs.com.br\/#\/schema\/logo\/image\/","url":"https:\/\/tribunademinas.audiencelabs.com.br\/wp-content\/uploads\/2025\/08\/cropped-Tribuna_512x512-96x96-1.png","contentUrl":"https:\/\/tribunademinas.audiencelabs.com.br\/wp-content\/uploads\/2025\/08\/cropped-Tribuna_512x512-96x96-1.png","width":96,"height":96,"caption":"Tribuna de Minas - Dinheiro e Cidadania"},"image":{"@id":"https:\/\/tribunademinas.audiencelabs.com.br\/#\/schema\/logo\/image\/"},"sameAs":["https:\/\/www.facebook.com\/tribunademinas\/","https:\/\/x.com\/tribunademinas","https:\/\/www.instagram.com\/tribunademinas\/","https:\/\/www.youtube.com\/user\/TribunadeMinasJF"]},{"@type":"Person","@id":"https:\/\/tribunademinas.audiencelabs.com.br\/#\/schema\/person\/37af466a64a722fadb8ef6841c52114f","name":"Jo\u00e3o Carlos Gomes","image":{"@type":"ImageObject","inLanguage":"pt-BR","@id":"https:\/\/tribunademinas.audiencelabs.com.br\/#\/schema\/person\/image\/","url":"https:\/\/secure.gravatar.com\/avatar\/4ce4672dbdd694b329cd6fdb51bee7d1409be1f0ff76a537e4c4a737b2c7d1a9?s=96&d=mm&r=g","contentUrl":"https:\/\/secure.gravatar.com\/avatar\/4ce4672dbdd694b329cd6fdb51bee7d1409be1f0ff76a537e4c4a737b2c7d1a9?s=96&d=mm&r=g","caption":"Jo\u00e3o Carlos Gomes"},"description":"Jornalista formado pelo Centro Universit\u00e1rio Carioca, apreciador da Bossa Nova ao Metal Extremo, criador de conte\u00fado e m\u00fasico independente nas horas vagas.","url":"https:\/\/tribunademinas.audiencelabs.com.br\/author\/joaoc-junior\/"}]}},"amp_enabled":true,"_links":{"self":[{"href":"https:\/\/tribunademinas.audiencelabs.com.br\/wp-json\/wp\/v2\/posts\/3493","targetHints":{"allow":["GET"]}}],"collection":[{"href":"https:\/\/tribunademinas.audiencelabs.com.br\/wp-json\/wp\/v2\/posts"}],"about":[{"href":"https:\/\/tribunademinas.audiencelabs.com.br\/wp-json\/wp\/v2\/types\/post"}],"author":[{"embeddable":true,"href":"https:\/\/tribunademinas.audiencelabs.com.br\/wp-json\/wp\/v2\/users\/3"}],"replies":[{"embeddable":true,"href":"https:\/\/tribunademinas.audiencelabs.com.br\/wp-json\/wp\/v2\/comments?post=3493"}],"version-history":[{"count":4,"href":"https:\/\/tribunademinas.audiencelabs.com.br\/wp-json\/wp\/v2\/posts\/3493\/revisions"}],"predecessor-version":[{"id":3764,"href":"https:\/\/tribunademinas.audiencelabs.com.br\/wp-json\/wp\/v2\/posts\/3493\/revisions\/3764"}],"wp:featuredmedia":[{"embeddable":true,"href":"https:\/\/tribunademinas.audiencelabs.com.br\/wp-json\/wp\/v2\/media\/3494"}],"wp:attachment":[{"href":"https:\/\/tribunademinas.audiencelabs.com.br\/wp-json\/wp\/v2\/media?parent=3493"}],"wp:term":[{"taxonomy":"category","embeddable":true,"href":"https:\/\/tribunademinas.audiencelabs.com.br\/wp-json\/wp\/v2\/categories?post=3493"},{"taxonomy":"post_tag","embeddable":true,"href":"https:\/\/tribunademinas.audiencelabs.com.br\/wp-json\/wp\/v2\/tags?post=3493"}],"curies":[{"name":"wp","href":"https:\/\/api.w.org\/{rel}","templated":true}]}}