{"id":3491,"date":"2025-11-05T06:45:00","date_gmt":"2025-11-05T09:45:00","guid":{"rendered":"https:\/\/tribunademinas.audiencelabs.com.br\/?p=3491"},"modified":"2025-11-06T13:08:36","modified_gmt":"2025-11-06T16:08:36","slug":"lista-de-quem-tem-direito-ao-novo-programa-gas-do-povo","status":"publish","type":"post","link":"https:\/\/tribunademinas.audiencelabs.com.br\/lista-de-quem-tem-direito-ao-novo-programa-gas-do-povo\/","title":{"rendered":"Lista de quem tem direito ao novo programa G\u00e1s do Povo"},"content":{"rendered":"\n<p>O Governo Federal lan\u00e7ou recentemente o programa G\u00e1s do Povo, uma nova iniciativa social que substitui o antigo Aux\u00edlio G\u00e1s. A proposta \u00e9 garantir o acesso gratuito ao botij\u00e3o de g\u00e1s de cozinha de 13 kg para milh\u00f5es de fam\u00edlias em situa\u00e7\u00e3o de vulnerabilidade. <\/p>\n\n\n\n<p>A medida visa ampliar o alcance do benef\u00edcio, oferecendo mais seguran\u00e7a alimentar e dignidade \u00e0 popula\u00e7\u00e3o de baixa renda. No entanto, desde o an\u00fancio, surgiram d\u00favidas entre os benefici\u00e1rios, especialmente sobre quem, de fato, tem direito \u00e0 nova pol\u00edtica. <\/p>\n\n\n\n<p>O Minist\u00e9rio do Desenvolvimento e Assist\u00eancia Social (MDS) j\u00e1 esclareceu os <a href=\"https:\/\/www.gov.br\/mds\/pt-br\/noticias-e-conteudos\/desenvolvimento-social\/noticias-desenvolvimento-social\/gas-do-povo-saiba-como-funciona-a-nova-politica-social-que-amplia-o-acesso-ao-gas-de-cozinha-no-brasil\"><strong>crit\u00e9rios e as condi\u00e7\u00f5es<\/strong><\/a> para participa\u00e7\u00e3o no programa.<\/p>\n\n\n\n<h2 class=\"wp-block-heading\">Lista de quem tem direito ao novo programa G\u00e1s do Povo<\/h2>\n\n\n\n<p>O G\u00e1s do Povo foi criado para assegurar que as fam\u00edlias mais pobres do pa\u00eds n\u00e3o fiquem sem acesso ao g\u00e1s de cozinha, item essencial no dia a dia. <\/p>\n\n\n<style>@media (min-width: 992px) {\n    .recomendadorV2Area1 {\n        width: 280px;\n    }\n    .recomendadorV2Area2 {\n        padding: 0px 20px;\n        width: calc(100% - 280px);\n    }\n}\n\n@media (max-width: 992px) {\n    .recomendadorV2Button {\n        margin: 0 auto;\n    }\n    .recomendadorV2Area {\n        flex-direction: column;\n        text-align: center;\n    }\n    .recomendadorV2Area2 {\n        padding: 0px 20px;\n    }\n}\n\n.recomendadorV2Area {\n    background: #eeeeee3d;\n    border-radius: 10px;\n    padding: 15px;\n    display: flex;\n    margin: 15px auto;\n    border: 1px solid #00000014;\n    max-width: 800px;\n}\n\n.recomendadorV2Area1 img {\n    width: 280px;\n    height: auto;\n    border-radius: 8px;\n}\n\n.linkrecomendadorv2 {\n    text-decoration: none !important;\n}\n\n.recomendadorV2Area2 .recomendadorV2Type {\n    text-transform: uppercase;\n    font-weight: 500;\n    font-size: 11px;\n    letter-spacing: 2px;\n    color: #666;\n    margin: 12px 0;\n    display: block;\n}\n\n.recomendadorV2Title h2 {\n    padding-top: 0px !important;\n    margin: 0px !important;\n    border-left: none !important;\n    padding-left: 0px !important;\n    line-height: 1.3;\n    color: #000 !important;\n    font-size: 24px;\n    margin-bottom: 12px !important;\n}\n\n.recomendadorV2Desc {\n    color: #333;\n    margin: 12px 0px !important;\n    font-size: 15px;\n    line-height: 1.5;\n}\n\n.recomendadorV2Button {\n    width: auto;\n    max-width: 200px;\n    margin: 0;\n    display: inline-flex;\n    align-items: center;\n    background: #1D3557;\n    border-radius: 8px;\n    color: #fff;\n    height: 36px;\n    justify-content: center;\n    text-align: center;\n    font-size: 14px;\n    padding: 0 20px;\n    transition: background-color 0.2s ease;\n}\n\n.recomendadorV2Button:hover {\n    background: #2a4d7a;\n}\n\n.recomendadorV2Button:after {\n    margin-top: -2px;\n    content: \"\u2192\";\n    padding: 0px 0px 0px 8px;\n}\n\n.recomendadorV2Alert {\n    text-align: left;\n    font-size: 11px;\n    margin-top: 8px;\n    color: #666;\n}\n\n.recomendadorFixedArea {\n    width: 100%;\n    display: flex;\n    justify-content: center;\n    align-items: center;\n}\n\n@media (min-width: 992px) {\n    #recomendadorFixed {\n        width: 32% !important;\n        left: 5%;\n    }\n    .recomendadorCloseFixed{\n        right: inherit !important;\n        left: 378px !important;\n    }\n}\n\n#recomendadorFixed {\n    width: 90%;\n    box-shadow: 0 10px 20px 0px #00000057;\n    display: none;\n    height: 90px;\n    background: #F6F6F6;\n    position: fixed;\n    flex-direction: row;\n    bottom: 10px;\n    z-index: 9999;\n    border-radius: 16px;\n    padding: 7px 10px;\n}\n\n.recomendadorLeftArea {\n    width: 160px;\n}\n\n.recomendadorRightArea h2 {\n    padding-top: 0px;\n    margin: 2px 0px 4px 0px !important;\n    font-weight: 400;\n    text-align: center;\n    padding-left: 0px !important;\n    color: #000 !important;\n    border-left: none !important;\n    line-height: 20px;\n    font-size: 12px !important;\n}\n\n.recomendadorImgFixed {\n    overflow: hidden;\n    padding: 8px 6px;\n    height: 100%;\n}\n\n.recomendadorImgFixed img {\n    height: 100% !important;\n    border-radius: 16px;\n}\n\n.recomendadorRightArea {\n    padding-top: 6px;\n    display: flex;\n    width: calc(100% - 130px);\n    justify-content: space-between;\n    align-items: center;\n    flex-direction: column;\n}\n\n.recomendadorButtonFixed {\n    margin: 0 auto;\n    background: #1D3557;\n    width: 80%;\n    text-align: center;\n    font-size: 10px;\n    color: #FFF;\n    padding: 2px 10px;\n    border-radius: 3px;\n}\n\n.recomendadorButtonFixed:after {\n    margin-top: -3px;\n    content: \"\u2192\";\n    padding: 0px 0px 0px 10px;\n}\n\n.recomendadorAlertFixed {\n    font-weight: 400;\n    text-align: center;\n    color: #484848;\n    font-size: 8px;\n}\n\n.recomendadorCloseFixed {\n    z-index: 99999;\n    display: none;\n    right: 0px;\n    left: inherit;\n    bottom: 99px;\n    position: fixed;\n    justify-content: center;\n    background: #F6F6F6;\n    width: 25px;\n    align-items: center;\n    height: 25px;\n    font-weight: 800;\n    border-radius: 50%;\n    border: 1px solid #EBEBEB;\n}\n\n.recomendadorV2Desc{\n    color: #000000;\n    margin: 20px 0px;\n}\n\n@media (max-width: 576px) {\n    .recomendadorV2Area {\n      padding: 10px;\n      max-width: 100%;\n    }\n  \n    .recomendadorV2Area1 img {\n      width: 100%;\n      border-radius: 6px;\n    }\n  \n    .recomendadorV2Area2 .recomendadorV2Type {\n      font-size: 9px;\n      letter-spacing: 1px;\n      margin: 8px 0;\n    }\n  \n    .recomendadorV2Title h2 {\n      font-size: 18px !important;\n      margin-bottom: 8px !important;\n      line-height: 1.2;\n    }\n  \n    .recomendadorV2Desc {\n      font-size: 14px;\n      margin: 8px 0 !important;\n      line-height: 1.4;\n    }\n  \n    .recomendadorV2Button {\n      font-size: 12px;\n      height: 30px;\n      padding: 0 12px;\n      max-width: 160px;\n    }\n  \n    .recomendadorV2Button:after {\n      padding-left: 6px;\n    }\n  }\n  <\/style>\n        <div class=\"lazyblock-recomendador-v2-2jDGz wp-block-lazyblock-recomendador-v2\">\n        <a class=\"linkrecomendadorv2\" href=\"https:\/\/tribunademinas.com.br\/colunas\/dinheiroecidadania\/saiba-como-calcular-o-13o-salario-e-a-data-que-vai-cair-no-seu-banco\/?utm_source=lazy\">\n            <div class=\"recomendadorV2Area\">\n            <div class=\"recomendadorV2Area1\">\n                <div class=\"recomendadorV2Img\">\n                <img class=\"lazyloaded\" decoding=\"async\" src=\"https:\/\/tribunademinas.audiencelabs.com.br\/wp-content\/uploads\/2025\/10\/13o-salario-1.jpg\" data-src=\"https:\/\/tribunademinas.audiencelabs.com.br\/wp-content\/uploads\/2025\/10\/13o-salario-1.jpg\" alt=\"\">\n                <\/div>\n            <\/div>\n            <div class=\"recomendadorV2Area2\">\n                <div class=\"recomendadorV2Type\">\n                    <span>Gratifica\u00e7\u00e3o anual<\/span>\n                <\/div>\n                <div class=\"recomendadorV2Title\">\n                <h2><span>Como calcular o 13\u00ba sal\u00e1rio corretamente \ud83c\udfaf<\/span><\/h2>\n                <\/div>\n                <div class=\"recomendadorV2Desc\">\n                <span>F\u00f3rmula simples e prazos para receber<\/span>\n                <\/div>\n                <div class=\"recomendadorV2Button\">Confira o tutorial<\/div>\n                <div class=\"recomendadorV2Alert\"><\/div>\n            <\/div>\n            <\/div>\n        <\/a>\n        <div>\n            <div style=\"z-index:99999;\" id=\"buttonClose\" onclick=\"closeRecomendadorFixed()\">\n            <div class=\"recomendadorCloseFixed\">X<\/div>\n            <\/div>\n            <a href=\"https:\/\/tribunademinas.com.br\/colunas\/dinheiroecidadania\/saiba-como-calcular-o-13o-salario-e-a-data-que-vai-cair-no-seu-banco\/?utm_source=lazy\">\n            <div class=\"recomendadorFixedArea\">\n                <div id=\"recomendadorFixed\">\n                <div class=\"recomendadorLeftArea\">\n                    <div class=\"recomendadorImgFixed\">\n                    <img class=\"lazyload\" decoding=\"async\" src=\"https:\/\/tribunademinas.audiencelabs.com.br\/wp-content\/uploads\/2025\/10\/13o-salario-1.jpg\" alt=\"\">\n                    <\/div>\n                <\/div>\n                <div class=\"recomendadorRightArea\">\n                    <div class=\"recomendadorTitleFixed\">\n                    <h2><span>Como calcular o 13\u00ba sal\u00e1rio corretamente \ud83c\udfaf<\/span><\/h2>\n                    <\/div>\n                    <div class=\"recomendadorButtonFixed\">Confira o tutorial<\/div>\n                    <div class=\"recomendadorAlertFixed\"><\/div>\n                <\/div>\n                <\/div>\n            <\/div>\n            <\/a>\n        <\/div>\n        <\/div>\n\n\n\n<p>Diferente do modelo anterior, que transferia o valor do benef\u00edcio em dinheiro para os benefici\u00e1rios, a nova proposta garante a recarga gratuita diretamente nas revendas credenciadas. <\/p>\n\n\n\n<p>Isso elimina o risco de uso indevido do recurso e garante que o botij\u00e3o chegue efetivamente a quem precisa.<\/p>\n\n\n\n<p>De acordo com o MDS, podem participar do programa as fam\u00edlias que est\u00e3o inscritas no Cadastro \u00danico (Cad\u00danico), com dados atualizados h\u00e1, no m\u00e1ximo, dois anos. <\/p>\n\n\n\n<p>\u00c9 necess\u00e1rio tamb\u00e9m que a renda por pessoa do n\u00facleo familiar seja de at\u00e9 meio sal\u00e1rio-m\u00ednimo. Al\u00e9m disso, ter\u00e3o prioridade na concess\u00e3o do benef\u00edcio aquelas que j\u00e1 recebem o Bolsa Fam\u00edlia. <\/p>\n\n\n\n<p>A ades\u00e3o ao G\u00e1s do Povo, no entanto, n\u00e3o impede o ac\u00famulo com outros aux\u00edlios sociais, com exce\u00e7\u00e3o do Aux\u00edlio G\u00e1s anterior, que ser\u00e1 encerrado.<\/p>\n\n\n\n<h3 class=\"wp-block-heading\">Como o benef\u00edcio do G\u00e1s do povo ser\u00e1 entregue?<\/h3>\n\n\n\n<p>O benef\u00edcio ser\u00e1 disponibilizado na forma de vales-recarga, permitindo que as fam\u00edlias recarreguem seus botij\u00f5es sem custo nos pontos autorizados. A quantidade de recargas anuais varia conforme o tamanho da fam\u00edlia. <\/p>\n\n\n\n<p>N\u00facleos com at\u00e9 tr\u00eas pessoas poder\u00e3o contar com at\u00e9 quatro vales por ano, com validade de tr\u00eas meses entre cada um. J\u00e1 fam\u00edlias com quatro ou mais integrantes ter\u00e3o direito a at\u00e9 seis recargas por ano, v\u00e1lidas por dois meses cada.<\/p>\n\n\n\n<p>O acesso ao benef\u00edcio ser\u00e1 simples e direto. N\u00e3o haver\u00e1 pagamento em dinheiro. <\/p>\n\n\n\n<p>As fam\u00edlias eleg\u00edveis poder\u00e3o apresentar o CPF do respons\u00e1vel familiar, cart\u00e3o do Bolsa Fam\u00edlia, cart\u00e3o de d\u00e9bito da CAIXA ou um c\u00f3digo gerado pelo celular diretamente na revenda credenciada. <\/p>\n\n\n\n<p>A partir de fevereiro de 2026, ser\u00e1 poss\u00edvel tamb\u00e9m usar o aplicativo oficial G\u00e1s do Povo para gerar o c\u00f3digo de libera\u00e7\u00e3o da recarga.<\/p>\n\n\n\n<h3 class=\"wp-block-heading\">Outros detalhes sobre o Programa<\/h3>\n\n\n\n<p>Caso o munic\u00edpio n\u00e3o tenha nenhuma revenda autorizada, os distribuidores com grande participa\u00e7\u00e3o regional dever\u00e3o garantir o atendimento, mesmo que seja necess\u00e1rio deslocar o benefici\u00e1rio at\u00e9 o munic\u00edpio mais pr\u00f3ximo com revenda dispon\u00edvel.<\/p>\n\n\n\n<p>O G\u00e1s do Povo dever\u00e1 atender 15 milh\u00f5es de fam\u00edlias, mas somente a partir de mar\u00e7o de 2026. Contudo, o novo benef\u00edcio come\u00e7a a ser pago neste m\u00eas de novembro, mas somente para as atuais 5 milh\u00f5es de fam\u00edlias que j\u00e1 recebiam o antigo Aux\u00edlio G\u00e1s.<\/p>\n\n\n\n<p>O programa contar\u00e1 com uma fiscaliza\u00e7\u00e3o constante para garantir que apenas fam\u00edlias dentro dos crit\u00e9rios permane\u00e7am recebendo o benef\u00edcio. A exclus\u00e3o ser\u00e1 autom\u00e1tica para quem perder os requisitos de elegibilidade ou apresentar inconsist\u00eancias cadastrais.<\/p>\n\n\n\n<p>D\u00favidas sobre o G\u00e1s do Povo podem ser esclarecidas pelo telefone 121 ou pelo canal FalaBR, ambos dispon\u00edveis 24 horas por dia, todos os dias da semana.<\/p>\n\n\n\n<p><\/p>\n","protected":false},"excerpt":{"rendered":"<p>O Governo Federal lan\u00e7ou recentemente o programa G\u00e1s do Povo, uma nova iniciativa social que substitui o antigo Aux\u00edlio G\u00e1s. A proposta \u00e9 garantir o acesso gratuito ao botij\u00e3o de g\u00e1s de cozinha de 13 kg para milh\u00f5es de fam\u00edlias em situa\u00e7\u00e3o de vulnerabilidade. A medida visa ampliar o alcance do benef\u00edcio, oferecendo mais seguran\u00e7a [&hellip;]<\/p>\n","protected":false},"author":5,"featured_media":3492,"comment_status":"open","ping_status":"open","sticky":false,"template":"","format":"standard","meta":{"jnews-multi-image_gallery":[],"jnews_single_post":{"format":"standard"},"jnews_primary_category":[],"jnews_social_meta":[],"jnews_post_split":[],"footnotes":""},"categories":[159],"tags":[],"class_list":["post-3491","post","type-post","status-publish","format-standard","has-post-thumbnail","hentry","category-cidadania"],"yoast_head":"<!-- This site is optimized with the Yoast SEO plugin v25.6 - https:\/\/yoast.com\/wordpress\/plugins\/seo\/ -->\n<title>Lista de quem tem direito ao novo programa G\u00e1s do Povo<\/title>\n<meta name=\"description\" content=\"O Governo Federal lan\u00e7ou recentemente o programa G\u00e1s do Povo, uma nova iniciativa social que substitui o antigo Aux\u00edlio G\u00e1s.\" \/>\n<meta name=\"robots\" content=\"index, follow, max-snippet:-1, max-image-preview:large, max-video-preview:-1\" \/>\n<link rel=\"canonical\" href=\"https:\/\/tribunademinas.audiencelabs.com.br\/lista-de-quem-tem-direito-ao-novo-programa-gas-do-povo\/\" \/>\n<meta property=\"og:locale\" content=\"pt_BR\" \/>\n<meta property=\"og:type\" content=\"article\" \/>\n<meta property=\"og:title\" content=\"Lista de quem tem direito ao novo programa G\u00e1s do Povo\" \/>\n<meta property=\"og:description\" content=\"O Governo Federal lan\u00e7ou recentemente o programa G\u00e1s do Povo, uma nova iniciativa social que substitui o antigo Aux\u00edlio G\u00e1s.\" \/>\n<meta property=\"og:url\" content=\"https:\/\/tribunademinas.audiencelabs.com.br\/lista-de-quem-tem-direito-ao-novo-programa-gas-do-povo\/\" \/>\n<meta property=\"og:site_name\" content=\"Tribuna de Minas - Dinheiro e Cidadania\" \/>\n<meta property=\"article:publisher\" content=\"https:\/\/www.facebook.com\/tribunademinas\/\" \/>\n<meta property=\"article:published_time\" content=\"2025-11-05T09:45:00+00:00\" \/>\n<meta property=\"article:modified_time\" content=\"2025-11-06T16:08:36+00:00\" \/>\n<meta property=\"og:image\" content=\"https:\/\/tribunademinas.audiencelabs.com.br\/wp-content\/uploads\/2025\/11\/Gas-do-Povo.jpeg\" \/>\n\t<meta property=\"og:image:width\" content=\"768\" \/>\n\t<meta property=\"og:image:height\" content=\"512\" \/>\n\t<meta property=\"og:image:type\" content=\"image\/jpeg\" \/>\n<meta name=\"author\" content=\"Jeferson Carvalho\" \/>\n<meta name=\"twitter:card\" content=\"summary_large_image\" \/>\n<meta name=\"twitter:creator\" content=\"@tribunademinas\" \/>\n<meta name=\"twitter:site\" content=\"@tribunademinas\" \/>\n<meta name=\"twitter:label1\" content=\"Escrito por\" \/>\n\t<meta name=\"twitter:data1\" content=\"Jeferson Carvalho\" \/>\n\t<meta name=\"twitter:label2\" content=\"Est. tempo de leitura\" \/>\n\t<meta name=\"twitter:data2\" content=\"4 minutos\" \/>\n<!-- \/ Yoast SEO plugin. -->","yoast_head_json":{"title":"Lista de quem tem direito ao novo programa G\u00e1s do Povo","description":"O Governo Federal lan\u00e7ou recentemente o programa G\u00e1s do Povo, uma nova iniciativa social que substitui o antigo Aux\u00edlio G\u00e1s.","robots":{"index":"index","follow":"follow","max-snippet":"max-snippet:-1","max-image-preview":"max-image-preview:large","max-video-preview":"max-video-preview:-1"},"canonical":"https:\/\/tribunademinas.audiencelabs.com.br\/lista-de-quem-tem-direito-ao-novo-programa-gas-do-povo\/","og_locale":"pt_BR","og_type":"article","og_title":"Lista de quem tem direito ao novo programa G\u00e1s do Povo","og_description":"O Governo Federal lan\u00e7ou recentemente o programa G\u00e1s do Povo, uma nova iniciativa social que substitui o antigo Aux\u00edlio G\u00e1s.","og_url":"https:\/\/tribunademinas.audiencelabs.com.br\/lista-de-quem-tem-direito-ao-novo-programa-gas-do-povo\/","og_site_name":"Tribuna de Minas - Dinheiro e Cidadania","article_publisher":"https:\/\/www.facebook.com\/tribunademinas\/","article_published_time":"2025-11-05T09:45:00+00:00","article_modified_time":"2025-11-06T16:08:36+00:00","og_image":[{"width":768,"height":512,"url":"https:\/\/tribunademinas.audiencelabs.com.br\/wp-content\/uploads\/2025\/11\/Gas-do-Povo.jpeg","type":"image\/jpeg"}],"author":"Jeferson Carvalho","twitter_card":"summary_large_image","twitter_creator":"@tribunademinas","twitter_site":"@tribunademinas","twitter_misc":{"Escrito por":"Jeferson Carvalho","Est. tempo de leitura":"4 minutos"},"schema":{"@context":"https:\/\/schema.org","@graph":[{"@type":"Article","@id":"https:\/\/tribunademinas.audiencelabs.com.br\/lista-de-quem-tem-direito-ao-novo-programa-gas-do-povo\/#article","isPartOf":{"@id":"https:\/\/tribunademinas.audiencelabs.com.br\/lista-de-quem-tem-direito-ao-novo-programa-gas-do-povo\/"},"author":{"name":"Jeferson Carvalho","@id":"https:\/\/tribunademinas.audiencelabs.com.br\/#\/schema\/person\/db18fc40307804bacef94213aa68fd9d"},"headline":"Lista de quem tem direito ao novo programa G\u00e1s do Povo","datePublished":"2025-11-05T09:45:00+00:00","dateModified":"2025-11-06T16:08:36+00:00","mainEntityOfPage":{"@id":"https:\/\/tribunademinas.audiencelabs.com.br\/lista-de-quem-tem-direito-ao-novo-programa-gas-do-povo\/"},"wordCount":731,"commentCount":0,"publisher":{"@id":"https:\/\/tribunademinas.audiencelabs.com.br\/#organization"},"image":{"@id":"https:\/\/tribunademinas.audiencelabs.com.br\/lista-de-quem-tem-direito-ao-novo-programa-gas-do-povo\/#primaryimage"},"thumbnailUrl":"https:\/\/tribunademinas.audiencelabs.com.br\/wp-content\/uploads\/2025\/11\/Gas-do-Povo.jpeg","articleSection":["Cidadania"],"inLanguage":"pt-BR","potentialAction":[{"@type":"CommentAction","name":"Comment","target":["https:\/\/tribunademinas.audiencelabs.com.br\/lista-de-quem-tem-direito-ao-novo-programa-gas-do-povo\/#respond"]}]},{"@type":"WebPage","@id":"https:\/\/tribunademinas.audiencelabs.com.br\/lista-de-quem-tem-direito-ao-novo-programa-gas-do-povo\/","url":"https:\/\/tribunademinas.audiencelabs.com.br\/lista-de-quem-tem-direito-ao-novo-programa-gas-do-povo\/","name":"Lista de quem tem direito ao novo programa G\u00e1s do Povo","isPartOf":{"@id":"https:\/\/tribunademinas.audiencelabs.com.br\/#website"},"primaryImageOfPage":{"@id":"https:\/\/tribunademinas.audiencelabs.com.br\/lista-de-quem-tem-direito-ao-novo-programa-gas-do-povo\/#primaryimage"},"image":{"@id":"https:\/\/tribunademinas.audiencelabs.com.br\/lista-de-quem-tem-direito-ao-novo-programa-gas-do-povo\/#primaryimage"},"thumbnailUrl":"https:\/\/tribunademinas.audiencelabs.com.br\/wp-content\/uploads\/2025\/11\/Gas-do-Povo.jpeg","datePublished":"2025-11-05T09:45:00+00:00","dateModified":"2025-11-06T16:08:36+00:00","description":"O Governo Federal lan\u00e7ou recentemente o programa G\u00e1s do Povo, uma nova iniciativa social que substitui o antigo Aux\u00edlio G\u00e1s.","breadcrumb":{"@id":"https:\/\/tribunademinas.audiencelabs.com.br\/lista-de-quem-tem-direito-ao-novo-programa-gas-do-povo\/#breadcrumb"},"inLanguage":"pt-BR","potentialAction":[{"@type":"ReadAction","target":["https:\/\/tribunademinas.audiencelabs.com.br\/lista-de-quem-tem-direito-ao-novo-programa-gas-do-povo\/"]}]},{"@type":"ImageObject","inLanguage":"pt-BR","@id":"https:\/\/tribunademinas.audiencelabs.com.br\/lista-de-quem-tem-direito-ao-novo-programa-gas-do-povo\/#primaryimage","url":"https:\/\/tribunademinas.audiencelabs.com.br\/wp-content\/uploads\/2025\/11\/Gas-do-Povo.jpeg","contentUrl":"https:\/\/tribunademinas.audiencelabs.com.br\/wp-content\/uploads\/2025\/11\/Gas-do-Povo.jpeg","width":768,"height":512,"caption":"Lista de quem tem direito ao novo programa G\u00e1s do Povo - Imagem: Ricardo Botelho\/MME"},{"@type":"BreadcrumbList","@id":"https:\/\/tribunademinas.audiencelabs.com.br\/lista-de-quem-tem-direito-ao-novo-programa-gas-do-povo\/#breadcrumb","itemListElement":[{"@type":"ListItem","position":1,"name":"In\u00edcio","item":"https:\/\/tribunademinas.audiencelabs.com.br\/"},{"@type":"ListItem","position":2,"name":"Lista de quem tem direito ao novo programa G\u00e1s do Povo"}]},{"@type":"WebSite","@id":"https:\/\/tribunademinas.audiencelabs.com.br\/#website","url":"https:\/\/tribunademinas.audiencelabs.com.br\/","name":"Tribuna de Minas - Dinheiro e Cidadania","description":"","publisher":{"@id":"https:\/\/tribunademinas.audiencelabs.com.br\/#organization"},"potentialAction":[{"@type":"SearchAction","target":{"@type":"EntryPoint","urlTemplate":"https:\/\/tribunademinas.audiencelabs.com.br\/?s={search_term_string}"},"query-input":{"@type":"PropertyValueSpecification","valueRequired":true,"valueName":"search_term_string"}}],"inLanguage":"pt-BR"},{"@type":"Organization","@id":"https:\/\/tribunademinas.audiencelabs.com.br\/#organization","name":"Tribuna de Minas - Dinheiro e Cidadania","url":"https:\/\/tribunademinas.audiencelabs.com.br\/","logo":{"@type":"ImageObject","inLanguage":"pt-BR","@id":"https:\/\/tribunademinas.audiencelabs.com.br\/#\/schema\/logo\/image\/","url":"https:\/\/tribunademinas.audiencelabs.com.br\/wp-content\/uploads\/2025\/08\/cropped-Tribuna_512x512-96x96-1.png","contentUrl":"https:\/\/tribunademinas.audiencelabs.com.br\/wp-content\/uploads\/2025\/08\/cropped-Tribuna_512x512-96x96-1.png","width":96,"height":96,"caption":"Tribuna de Minas - Dinheiro e Cidadania"},"image":{"@id":"https:\/\/tribunademinas.audiencelabs.com.br\/#\/schema\/logo\/image\/"},"sameAs":["https:\/\/www.facebook.com\/tribunademinas\/","https:\/\/x.com\/tribunademinas","https:\/\/www.instagram.com\/tribunademinas\/","https:\/\/www.youtube.com\/user\/TribunadeMinasJF"]},{"@type":"Person","@id":"https:\/\/tribunademinas.audiencelabs.com.br\/#\/schema\/person\/db18fc40307804bacef94213aa68fd9d","name":"Jeferson Carvalho","image":{"@type":"ImageObject","inLanguage":"pt-BR","@id":"https:\/\/tribunademinas.audiencelabs.com.br\/#\/schema\/person\/image\/","url":"https:\/\/secure.gravatar.com\/avatar\/cd7646e328d9670dad7dea8698522e522745eeffcff5b9d08be858e377ce326b?s=96&d=mm&r=g","contentUrl":"https:\/\/secure.gravatar.com\/avatar\/cd7646e328d9670dad7dea8698522e522745eeffcff5b9d08be858e377ce326b?s=96&d=mm&r=g","caption":"Jeferson Carvalho"},"description":"Jornalista apaixonado pela profiss\u00e3o!","url":"https:\/\/tribunademinas.audiencelabs.com.br\/author\/jeferson\/"}]}},"amp_enabled":true,"_links":{"self":[{"href":"https:\/\/tribunademinas.audiencelabs.com.br\/wp-json\/wp\/v2\/posts\/3491","targetHints":{"allow":["GET"]}}],"collection":[{"href":"https:\/\/tribunademinas.audiencelabs.com.br\/wp-json\/wp\/v2\/posts"}],"about":[{"href":"https:\/\/tribunademinas.audiencelabs.com.br\/wp-json\/wp\/v2\/types\/post"}],"author":[{"embeddable":true,"href":"https:\/\/tribunademinas.audiencelabs.com.br\/wp-json\/wp\/v2\/users\/5"}],"replies":[{"embeddable":true,"href":"https:\/\/tribunademinas.audiencelabs.com.br\/wp-json\/wp\/v2\/comments?post=3491"}],"version-history":[{"count":3,"href":"https:\/\/tribunademinas.audiencelabs.com.br\/wp-json\/wp\/v2\/posts\/3491\/revisions"}],"predecessor-version":[{"id":3615,"href":"https:\/\/tribunademinas.audiencelabs.com.br\/wp-json\/wp\/v2\/posts\/3491\/revisions\/3615"}],"wp:featuredmedia":[{"embeddable":true,"href":"https:\/\/tribunademinas.audiencelabs.com.br\/wp-json\/wp\/v2\/media\/3492"}],"wp:attachment":[{"href":"https:\/\/tribunademinas.audiencelabs.com.br\/wp-json\/wp\/v2\/media?parent=3491"}],"wp:term":[{"taxonomy":"category","embeddable":true,"href":"https:\/\/tribunademinas.audiencelabs.com.br\/wp-json\/wp\/v2\/categories?post=3491"},{"taxonomy":"post_tag","embeddable":true,"href":"https:\/\/tribunademinas.audiencelabs.com.br\/wp-json\/wp\/v2\/tags?post=3491"}],"curies":[{"name":"wp","href":"https:\/\/api.w.org\/{rel}","templated":true}]}}