{"id":3486,"date":"2025-11-05T16:00:00","date_gmt":"2025-11-05T19:00:00","guid":{"rendered":"https:\/\/tribunademinas.audiencelabs.com.br\/?p=3486"},"modified":"2025-11-05T12:18:16","modified_gmt":"2025-11-05T15:18:16","slug":"ultimo-pagamento-do-bolsa-familia-cai-na-conta-antes-do-natal","status":"publish","type":"post","link":"https:\/\/tribunademinas.audiencelabs.com.br\/ultimo-pagamento-do-bolsa-familia-cai-na-conta-antes-do-natal\/","title":{"rendered":"\u00daltimo pagamento do Bolsa Fam\u00edlia cai na conta antes do Natal"},"content":{"rendered":"\n<p>Para assegurar que fam\u00edlias em situa\u00e7\u00e3o de vulnerabilidade consigam arcar com compromissos financeiros para garantirem sua subsist\u00eancia, o <strong>programa Bolsa Fam\u00edlia<\/strong> assegura dep\u00f3sitos mensais de, no m\u00ednimo, R$ 600.<\/p>\n\n\n\n<p>Geralmente, os pagamentos ocorrem nos \u00faltimos <strong>dez dias \u00fateis do m\u00eas<\/strong>. Contudo, vale ressaltar que os benefici\u00e1rios que est\u00e3o contando com o valor do Bolsa Fam\u00edlia para garantir tranquilidade durante as celebra\u00e7\u00f5es natalinas podem respirar aliviados.<\/p>\n\n\n\n<p>Isso porque, no pr\u00f3ximo m\u00eas, o cronograma divulgado pelo Minist\u00e9rio do Desenvolvimento e Assist\u00eancia Social, Fam\u00edlia e Combate \u00e0 Fome (MDS) seguir\u00e1 uma organiza\u00e7\u00e3o estrat\u00e9gica.<\/p>\n\n\n\n<p>Com o intuito de garantir que todas as fam\u00edlias recebam antes dos feriados, os pagamentos do Bolsa Fam\u00edlia ser\u00e3o <strong>iniciados a partir da segunda semana do m\u00eas<\/strong>. Seguindo a ordem do \u00faltimo d\u00edgito do N\u00famero de Identifica\u00e7\u00e3o Social (NIS), os dep\u00f3sitos foram programados para ocorrer nas seguintes datas:<\/p>\n\n\n\n<ul class=\"wp-block-list\">\n<li><strong>NIS final 1:<\/strong>&nbsp;10 de dezembro<\/li>\n\n\n\n<li><strong>NIS final 2:<\/strong>&nbsp;11 de dezembro<\/li>\n\n\n\n<li><strong>NIS final 3:<\/strong>&nbsp;13 de dezembro<\/li>\n\n\n\n<li><strong>NIS final 4:<\/strong>&nbsp;15 de dezembro<\/li>\n\n\n\n<li><strong>NIS final 5:<\/strong>&nbsp;16 de dezembro<\/li>\n\n\n\n<li><strong>NIS final 6:<\/strong>&nbsp;17 de dezembro<\/li>\n\n\n\n<li><strong>NIS final 7:<\/strong>&nbsp;18 de dezembro<\/li>\n\n\n\n<li><strong>NIS final 8:<\/strong>&nbsp;19 de dezembro<\/li>\n\n\n\n<li><strong>NIS final 9:<\/strong>&nbsp;22 de dezembro<\/li>\n\n\n\n<li><strong>NIS final 0:<\/strong>&nbsp;23 de dezembro<\/li>\n<\/ul>\n\n\n\n<h2 class=\"wp-block-heading\">Consultando informa\u00e7\u00f5es sobre o Bolsa Fam\u00edlia: como acompanhar os pagamentos?<\/h2>\n\n\n<style>@media (min-width: 992px) {\n    .recomendadorV2Area1 {\n        width: 280px;\n    }\n    .recomendadorV2Area2 {\n        padding: 0px 20px;\n        width: calc(100% - 280px);\n    }\n}\n\n@media (max-width: 992px) {\n    .recomendadorV2Button {\n        margin: 0 auto;\n    }\n    .recomendadorV2Area {\n        flex-direction: column;\n        text-align: center;\n    }\n    .recomendadorV2Area2 {\n        padding: 0px 20px;\n    }\n}\n\n.recomendadorV2Area {\n    background: #eeeeee3d;\n    border-radius: 10px;\n    padding: 15px;\n    display: flex;\n    margin: 15px auto;\n    border: 1px solid #00000014;\n    max-width: 800px;\n}\n\n.recomendadorV2Area1 img {\n    width: 280px;\n    height: auto;\n    border-radius: 8px;\n}\n\n.linkrecomendadorv2 {\n    text-decoration: none !important;\n}\n\n.recomendadorV2Area2 .recomendadorV2Type {\n    text-transform: uppercase;\n    font-weight: 500;\n    font-size: 11px;\n    letter-spacing: 2px;\n    color: #666;\n    margin: 12px 0;\n    display: block;\n}\n\n.recomendadorV2Title h2 {\n    padding-top: 0px !important;\n    margin: 0px !important;\n    border-left: none !important;\n    padding-left: 0px !important;\n    line-height: 1.3;\n    color: #000 !important;\n    font-size: 24px;\n    margin-bottom: 12px !important;\n}\n\n.recomendadorV2Desc {\n    color: #333;\n    margin: 12px 0px !important;\n    font-size: 15px;\n    line-height: 1.5;\n}\n\n.recomendadorV2Button {\n    width: auto;\n    max-width: 200px;\n    margin: 0;\n    display: inline-flex;\n    align-items: center;\n    background: #1D3557;\n    border-radius: 8px;\n    color: #fff;\n    height: 36px;\n    justify-content: center;\n    text-align: center;\n    font-size: 14px;\n    padding: 0 20px;\n    transition: background-color 0.2s ease;\n}\n\n.recomendadorV2Button:hover {\n    background: #2a4d7a;\n}\n\n.recomendadorV2Button:after {\n    margin-top: -2px;\n    content: \"\u2192\";\n    padding: 0px 0px 0px 8px;\n}\n\n.recomendadorV2Alert {\n    text-align: left;\n    font-size: 11px;\n    margin-top: 8px;\n    color: #666;\n}\n\n.recomendadorFixedArea {\n    width: 100%;\n    display: flex;\n    justify-content: center;\n    align-items: center;\n}\n\n@media (min-width: 992px) {\n    #recomendadorFixed {\n        width: 32% !important;\n        left: 5%;\n    }\n    .recomendadorCloseFixed{\n        right: inherit !important;\n        left: 378px !important;\n    }\n}\n\n#recomendadorFixed {\n    width: 90%;\n    box-shadow: 0 10px 20px 0px #00000057;\n    display: none;\n    height: 90px;\n    background: #F6F6F6;\n    position: fixed;\n    flex-direction: row;\n    bottom: 10px;\n    z-index: 9999;\n    border-radius: 16px;\n    padding: 7px 10px;\n}\n\n.recomendadorLeftArea {\n    width: 160px;\n}\n\n.recomendadorRightArea h2 {\n    padding-top: 0px;\n    margin: 2px 0px 4px 0px !important;\n    font-weight: 400;\n    text-align: center;\n    padding-left: 0px !important;\n    color: #000 !important;\n    border-left: none !important;\n    line-height: 20px;\n    font-size: 12px !important;\n}\n\n.recomendadorImgFixed {\n    overflow: hidden;\n    padding: 8px 6px;\n    height: 100%;\n}\n\n.recomendadorImgFixed img {\n    height: 100% !important;\n    border-radius: 16px;\n}\n\n.recomendadorRightArea {\n    padding-top: 6px;\n    display: flex;\n    width: calc(100% - 130px);\n    justify-content: space-between;\n    align-items: center;\n    flex-direction: column;\n}\n\n.recomendadorButtonFixed {\n    margin: 0 auto;\n    background: #1D3557;\n    width: 80%;\n    text-align: center;\n    font-size: 10px;\n    color: #FFF;\n    padding: 2px 10px;\n    border-radius: 3px;\n}\n\n.recomendadorButtonFixed:after {\n    margin-top: -3px;\n    content: \"\u2192\";\n    padding: 0px 0px 0px 10px;\n}\n\n.recomendadorAlertFixed {\n    font-weight: 400;\n    text-align: center;\n    color: #484848;\n    font-size: 8px;\n}\n\n.recomendadorCloseFixed {\n    z-index: 99999;\n    display: none;\n    right: 0px;\n    left: inherit;\n    bottom: 99px;\n    position: fixed;\n    justify-content: center;\n    background: #F6F6F6;\n    width: 25px;\n    align-items: center;\n    height: 25px;\n    font-weight: 800;\n    border-radius: 50%;\n    border: 1px solid #EBEBEB;\n}\n\n.recomendadorV2Desc{\n    color: #000000;\n    margin: 20px 0px;\n}\n\n@media (max-width: 576px) {\n    .recomendadorV2Area {\n      padding: 10px;\n      max-width: 100%;\n    }\n  \n    .recomendadorV2Area1 img {\n      width: 100%;\n      border-radius: 6px;\n    }\n  \n    .recomendadorV2Area2 .recomendadorV2Type {\n      font-size: 9px;\n      letter-spacing: 1px;\n      margin: 8px 0;\n    }\n  \n    .recomendadorV2Title h2 {\n      font-size: 18px !important;\n      margin-bottom: 8px !important;\n      line-height: 1.2;\n    }\n  \n    .recomendadorV2Desc {\n      font-size: 14px;\n      margin: 8px 0 !important;\n      line-height: 1.4;\n    }\n  \n    .recomendadorV2Button {\n      font-size: 12px;\n      height: 30px;\n      padding: 0 12px;\n      max-width: 160px;\n    }\n  \n    .recomendadorV2Button:after {\n      padding-left: 6px;\n    }\n  }\n  <\/style>\n        <div class=\"lazyblock-recomendador-v2-2jDGz wp-block-lazyblock-recomendador-v2\">\n        <a class=\"linkrecomendadorv2\" href=\"https:\/\/tribunademinas.com.br\/colunas\/dinheiroecidadania\/quem-tem-direito-aos-r-7-milhoes-que-estao-sendo-devolvidos-do-inss\/?utm_source=lazy\">\n            <div class=\"recomendadorV2Area\">\n            <div class=\"recomendadorV2Area1\">\n                <div class=\"recomendadorV2Img\">\n                <img class=\"lazyloaded\" decoding=\"async\" src=\"https:\/\/tribunademinas.audiencelabs.com.br\/wp-content\/uploads\/2025\/11\/quem-tem-direito-7-milhoes-estao-sendo-devolvidos-inss.jpg\" data-src=\"https:\/\/tribunademinas.audiencelabs.com.br\/wp-content\/uploads\/2025\/11\/quem-tem-direito-7-milhoes-estao-sendo-devolvidos-inss.jpg\" alt=\"\">\n                <\/div>\n            <\/div>\n            <div class=\"recomendadorV2Area2\">\n                <div class=\"recomendadorV2Type\">\n                    <span>Reembolso INSS<\/span>\n                <\/div>\n                <div class=\"recomendadorV2Title\">\n                <h2><span>Quem tem direito aos R$ 7 milh\u00f5es devolvidos? \ud83d\udcb8<\/span><\/h2>\n                <\/div>\n                <div class=\"recomendadorV2Desc\">\n                <span>Veja se voc\u00ea \u00e9 contemplado pelo acordo<\/span>\n                <\/div>\n                <div class=\"recomendadorV2Button\">Verifique agora<\/div>\n                <div class=\"recomendadorV2Alert\"><\/div>\n            <\/div>\n            <\/div>\n        <\/a>\n        <div>\n            <div style=\"z-index:99999;\" id=\"buttonClose\" onclick=\"closeRecomendadorFixed()\">\n            <div class=\"recomendadorCloseFixed\">X<\/div>\n            <\/div>\n            <a href=\"https:\/\/tribunademinas.com.br\/colunas\/dinheiroecidadania\/quem-tem-direito-aos-r-7-milhoes-que-estao-sendo-devolvidos-do-inss\/?utm_source=lazy\">\n            <div class=\"recomendadorFixedArea\">\n                <div id=\"recomendadorFixed\">\n                <div class=\"recomendadorLeftArea\">\n                    <div class=\"recomendadorImgFixed\">\n                    <img class=\"lazyload\" decoding=\"async\" src=\"https:\/\/tribunademinas.audiencelabs.com.br\/wp-content\/uploads\/2025\/11\/quem-tem-direito-7-milhoes-estao-sendo-devolvidos-inss.jpg\" alt=\"\">\n                    <\/div>\n                <\/div>\n                <div class=\"recomendadorRightArea\">\n                    <div class=\"recomendadorTitleFixed\">\n                    <h2><span>Quem tem direito aos R$ 7 milh\u00f5es devolvidos? \ud83d\udcb8<\/span><\/h2>\n                    <\/div>\n                    <div class=\"recomendadorButtonFixed\">Verifique agora<\/div>\n                    <div class=\"recomendadorAlertFixed\"><\/div>\n                <\/div>\n                <\/div>\n            <\/div>\n            <\/a>\n        <\/div>\n        <\/div>\n\n\n\n<p>Os benefici\u00e1rios do Bolsa Fam\u00edlia podem contar com diferentes meios oficiais para acompanhar todos os detalhes sobre o benef\u00edcio, incluindo datas de pagamento, extrato detalhado e diversas outras informa\u00e7\u00f5es. S\u00e3o eles:<\/p>\n\n\n\n<ul class=\"wp-block-list\">\n<li><strong>Aplicativo Bolsa Fam\u00edlia;<\/strong><\/li>\n\n\n\n<li><strong>Aplicativo Caixa Tem;<\/strong><\/li>\n\n\n\n<li><strong>Portal Cidad\u00e3o Caixa;<\/strong><\/li>\n\n\n\n<li><strong>Central de atendimento da Caixa (n\u00famero 111).<\/strong><\/li>\n<\/ul>\n\n\n\n<p>J\u00e1 para verificar informa\u00e7\u00f5es gerais e, se necess\u00e1rio, resolver pend\u00eancias relacionadas ao programa ou a outros aspectos do Cadastro \u00danico para Programas Sociais (Cad\u00danico), tamb\u00e9m \u00e9 poss\u00edvel utilizar os seguintes canais:<\/p>\n\n\n\n<ul class=\"wp-block-list\">\n<li><strong>Disque Social (n\u00famero 121);<\/strong><\/li>\n\n\n\n<li><strong>Centros de Refer\u00eancia de Assist\u00eancia Social (CRAS);<\/strong><\/li>\n\n\n\n<li><strong>Gest\u00e3o Municipal do Bolsa Fam\u00edlia.<\/strong><\/li>\n<\/ul>\n","protected":false},"excerpt":{"rendered":"<p>Para assegurar que fam\u00edlias em situa\u00e7\u00e3o de vulnerabilidade consigam arcar com compromissos financeiros para garantirem sua subsist\u00eancia, o programa Bolsa Fam\u00edlia assegura dep\u00f3sitos mensais de, no m\u00ednimo, R$ 600. Geralmente, os pagamentos ocorrem nos \u00faltimos dez dias \u00fateis do m\u00eas. Contudo, vale ressaltar que os benefici\u00e1rios que est\u00e3o contando com o valor do Bolsa Fam\u00edlia [&hellip;]<\/p>\n","protected":false},"author":3,"featured_media":3487,"comment_status":"open","ping_status":"open","sticky":false,"template":"","format":"standard","meta":{"jnews-multi-image_gallery":[],"jnews_single_post":{"format":"standard"},"jnews_primary_category":[],"jnews_social_meta":[],"jnews_post_split":[],"footnotes":""},"categories":[159],"tags":[],"class_list":["post-3486","post","type-post","status-publish","format-standard","has-post-thumbnail","hentry","category-cidadania"],"yoast_head":"<!-- This site is optimized with the Yoast SEO plugin v25.6 - https:\/\/yoast.com\/wordpress\/plugins\/seo\/ -->\n<title>\u00daltimo pagamento do Bolsa Fam\u00edlia cai na conta antes do Natal<\/title>\n<meta name=\"robots\" content=\"index, follow, max-snippet:-1, max-image-preview:large, max-video-preview:-1\" \/>\n<link rel=\"canonical\" href=\"https:\/\/tribunademinas.audiencelabs.com.br\/ultimo-pagamento-do-bolsa-familia-cai-na-conta-antes-do-natal\/\" \/>\n<meta property=\"og:locale\" content=\"pt_BR\" \/>\n<meta property=\"og:type\" content=\"article\" \/>\n<meta property=\"og:title\" content=\"\u00daltimo pagamento do Bolsa Fam\u00edlia cai na conta antes do Natal\" \/>\n<meta property=\"og:description\" content=\"Para assegurar que fam\u00edlias em situa\u00e7\u00e3o de vulnerabilidade consigam arcar com compromissos financeiros para garantirem sua subsist\u00eancia, o programa Bolsa Fam\u00edlia assegura dep\u00f3sitos mensais de, no m\u00ednimo, R$ 600. Geralmente, os pagamentos ocorrem nos \u00faltimos dez dias \u00fateis do m\u00eas. Contudo, vale ressaltar que os benefici\u00e1rios que est\u00e3o contando com o valor do Bolsa Fam\u00edlia [&hellip;]\" \/>\n<meta property=\"og:url\" content=\"https:\/\/tribunademinas.audiencelabs.com.br\/ultimo-pagamento-do-bolsa-familia-cai-na-conta-antes-do-natal\/\" \/>\n<meta property=\"og:site_name\" content=\"Tribuna de Minas - Dinheiro e Cidadania\" \/>\n<meta property=\"article:publisher\" content=\"https:\/\/www.facebook.com\/tribunademinas\/\" \/>\n<meta property=\"article:published_time\" content=\"2025-11-05T19:00:00+00:00\" \/>\n<meta property=\"og:image\" content=\"https:\/\/tribunademinas.audiencelabs.com.br\/wp-content\/uploads\/2025\/11\/ultimo-pagamento-bolsa-familia-cai-conta-antes-natal.webp\" \/>\n\t<meta property=\"og:image:width\" content=\"1280\" \/>\n\t<meta property=\"og:image:height\" content=\"720\" \/>\n\t<meta property=\"og:image:type\" content=\"image\/webp\" \/>\n<meta name=\"author\" content=\"Jo\u00e3o Carlos Gomes\" \/>\n<meta name=\"twitter:card\" content=\"summary_large_image\" \/>\n<meta name=\"twitter:creator\" content=\"@tribunademinas\" \/>\n<meta name=\"twitter:site\" content=\"@tribunademinas\" \/>\n<meta name=\"twitter:label1\" content=\"Escrito por\" \/>\n\t<meta name=\"twitter:data1\" content=\"Jo\u00e3o Carlos Gomes\" \/>\n\t<meta name=\"twitter:label2\" content=\"Est. tempo de leitura\" \/>\n\t<meta name=\"twitter:data2\" content=\"3 minutos\" \/>\n<!-- \/ Yoast SEO plugin. -->","yoast_head_json":{"title":"\u00daltimo pagamento do Bolsa Fam\u00edlia cai na conta antes do Natal","robots":{"index":"index","follow":"follow","max-snippet":"max-snippet:-1","max-image-preview":"max-image-preview:large","max-video-preview":"max-video-preview:-1"},"canonical":"https:\/\/tribunademinas.audiencelabs.com.br\/ultimo-pagamento-do-bolsa-familia-cai-na-conta-antes-do-natal\/","og_locale":"pt_BR","og_type":"article","og_title":"\u00daltimo pagamento do Bolsa Fam\u00edlia cai na conta antes do Natal","og_description":"Para assegurar que fam\u00edlias em situa\u00e7\u00e3o de vulnerabilidade consigam arcar com compromissos financeiros para garantirem sua subsist\u00eancia, o programa Bolsa Fam\u00edlia assegura dep\u00f3sitos mensais de, no m\u00ednimo, R$ 600. Geralmente, os pagamentos ocorrem nos \u00faltimos dez dias \u00fateis do m\u00eas. Contudo, vale ressaltar que os benefici\u00e1rios que est\u00e3o contando com o valor do Bolsa Fam\u00edlia [&hellip;]","og_url":"https:\/\/tribunademinas.audiencelabs.com.br\/ultimo-pagamento-do-bolsa-familia-cai-na-conta-antes-do-natal\/","og_site_name":"Tribuna de Minas - Dinheiro e Cidadania","article_publisher":"https:\/\/www.facebook.com\/tribunademinas\/","article_published_time":"2025-11-05T19:00:00+00:00","og_image":[{"width":1280,"height":720,"url":"https:\/\/tribunademinas.audiencelabs.com.br\/wp-content\/uploads\/2025\/11\/ultimo-pagamento-bolsa-familia-cai-conta-antes-natal.webp","type":"image\/webp"}],"author":"Jo\u00e3o Carlos Gomes","twitter_card":"summary_large_image","twitter_creator":"@tribunademinas","twitter_site":"@tribunademinas","twitter_misc":{"Escrito por":"Jo\u00e3o Carlos Gomes","Est. tempo de leitura":"3 minutos"},"schema":{"@context":"https:\/\/schema.org","@graph":[{"@type":"Article","@id":"https:\/\/tribunademinas.audiencelabs.com.br\/ultimo-pagamento-do-bolsa-familia-cai-na-conta-antes-do-natal\/#article","isPartOf":{"@id":"https:\/\/tribunademinas.audiencelabs.com.br\/ultimo-pagamento-do-bolsa-familia-cai-na-conta-antes-do-natal\/"},"author":{"name":"Jo\u00e3o Carlos Gomes","@id":"https:\/\/tribunademinas.audiencelabs.com.br\/#\/schema\/person\/37af466a64a722fadb8ef6841c52114f"},"headline":"\u00daltimo pagamento do Bolsa Fam\u00edlia cai na conta antes do Natal","datePublished":"2025-11-05T19:00:00+00:00","mainEntityOfPage":{"@id":"https:\/\/tribunademinas.audiencelabs.com.br\/ultimo-pagamento-do-bolsa-familia-cai-na-conta-antes-do-natal\/"},"wordCount":403,"commentCount":0,"publisher":{"@id":"https:\/\/tribunademinas.audiencelabs.com.br\/#organization"},"image":{"@id":"https:\/\/tribunademinas.audiencelabs.com.br\/ultimo-pagamento-do-bolsa-familia-cai-na-conta-antes-do-natal\/#primaryimage"},"thumbnailUrl":"https:\/\/tribunademinas.audiencelabs.com.br\/wp-content\/uploads\/2025\/11\/ultimo-pagamento-bolsa-familia-cai-conta-antes-natal.webp","articleSection":["Cidadania"],"inLanguage":"pt-BR","potentialAction":[{"@type":"CommentAction","name":"Comment","target":["https:\/\/tribunademinas.audiencelabs.com.br\/ultimo-pagamento-do-bolsa-familia-cai-na-conta-antes-do-natal\/#respond"]}]},{"@type":"WebPage","@id":"https:\/\/tribunademinas.audiencelabs.com.br\/ultimo-pagamento-do-bolsa-familia-cai-na-conta-antes-do-natal\/","url":"https:\/\/tribunademinas.audiencelabs.com.br\/ultimo-pagamento-do-bolsa-familia-cai-na-conta-antes-do-natal\/","name":"\u00daltimo pagamento do Bolsa Fam\u00edlia cai na conta antes do Natal","isPartOf":{"@id":"https:\/\/tribunademinas.audiencelabs.com.br\/#website"},"primaryImageOfPage":{"@id":"https:\/\/tribunademinas.audiencelabs.com.br\/ultimo-pagamento-do-bolsa-familia-cai-na-conta-antes-do-natal\/#primaryimage"},"image":{"@id":"https:\/\/tribunademinas.audiencelabs.com.br\/ultimo-pagamento-do-bolsa-familia-cai-na-conta-antes-do-natal\/#primaryimage"},"thumbnailUrl":"https:\/\/tribunademinas.audiencelabs.com.br\/wp-content\/uploads\/2025\/11\/ultimo-pagamento-bolsa-familia-cai-conta-antes-natal.webp","datePublished":"2025-11-05T19:00:00+00:00","breadcrumb":{"@id":"https:\/\/tribunademinas.audiencelabs.com.br\/ultimo-pagamento-do-bolsa-familia-cai-na-conta-antes-do-natal\/#breadcrumb"},"inLanguage":"pt-BR","potentialAction":[{"@type":"ReadAction","target":["https:\/\/tribunademinas.audiencelabs.com.br\/ultimo-pagamento-do-bolsa-familia-cai-na-conta-antes-do-natal\/"]}]},{"@type":"ImageObject","inLanguage":"pt-BR","@id":"https:\/\/tribunademinas.audiencelabs.com.br\/ultimo-pagamento-do-bolsa-familia-cai-na-conta-antes-do-natal\/#primaryimage","url":"https:\/\/tribunademinas.audiencelabs.com.br\/wp-content\/uploads\/2025\/11\/ultimo-pagamento-bolsa-familia-cai-conta-antes-natal.webp","contentUrl":"https:\/\/tribunademinas.audiencelabs.com.br\/wp-content\/uploads\/2025\/11\/ultimo-pagamento-bolsa-familia-cai-conta-antes-natal.webp","width":1280,"height":720,"caption":"Foto: Lyon Santos\/MDS"},{"@type":"BreadcrumbList","@id":"https:\/\/tribunademinas.audiencelabs.com.br\/ultimo-pagamento-do-bolsa-familia-cai-na-conta-antes-do-natal\/#breadcrumb","itemListElement":[{"@type":"ListItem","position":1,"name":"In\u00edcio","item":"https:\/\/tribunademinas.audiencelabs.com.br\/"},{"@type":"ListItem","position":2,"name":"\u00daltimo pagamento do Bolsa Fam\u00edlia cai na conta antes do Natal"}]},{"@type":"WebSite","@id":"https:\/\/tribunademinas.audiencelabs.com.br\/#website","url":"https:\/\/tribunademinas.audiencelabs.com.br\/","name":"Tribuna de Minas - Dinheiro e Cidadania","description":"","publisher":{"@id":"https:\/\/tribunademinas.audiencelabs.com.br\/#organization"},"potentialAction":[{"@type":"SearchAction","target":{"@type":"EntryPoint","urlTemplate":"https:\/\/tribunademinas.audiencelabs.com.br\/?s={search_term_string}"},"query-input":{"@type":"PropertyValueSpecification","valueRequired":true,"valueName":"search_term_string"}}],"inLanguage":"pt-BR"},{"@type":"Organization","@id":"https:\/\/tribunademinas.audiencelabs.com.br\/#organization","name":"Tribuna de Minas - Dinheiro e Cidadania","url":"https:\/\/tribunademinas.audiencelabs.com.br\/","logo":{"@type":"ImageObject","inLanguage":"pt-BR","@id":"https:\/\/tribunademinas.audiencelabs.com.br\/#\/schema\/logo\/image\/","url":"https:\/\/tribunademinas.audiencelabs.com.br\/wp-content\/uploads\/2025\/08\/cropped-Tribuna_512x512-96x96-1.png","contentUrl":"https:\/\/tribunademinas.audiencelabs.com.br\/wp-content\/uploads\/2025\/08\/cropped-Tribuna_512x512-96x96-1.png","width":96,"height":96,"caption":"Tribuna de Minas - Dinheiro e Cidadania"},"image":{"@id":"https:\/\/tribunademinas.audiencelabs.com.br\/#\/schema\/logo\/image\/"},"sameAs":["https:\/\/www.facebook.com\/tribunademinas\/","https:\/\/x.com\/tribunademinas","https:\/\/www.instagram.com\/tribunademinas\/","https:\/\/www.youtube.com\/user\/TribunadeMinasJF"]},{"@type":"Person","@id":"https:\/\/tribunademinas.audiencelabs.com.br\/#\/schema\/person\/37af466a64a722fadb8ef6841c52114f","name":"Jo\u00e3o Carlos Gomes","image":{"@type":"ImageObject","inLanguage":"pt-BR","@id":"https:\/\/tribunademinas.audiencelabs.com.br\/#\/schema\/person\/image\/","url":"https:\/\/secure.gravatar.com\/avatar\/4ce4672dbdd694b329cd6fdb51bee7d1409be1f0ff76a537e4c4a737b2c7d1a9?s=96&d=mm&r=g","contentUrl":"https:\/\/secure.gravatar.com\/avatar\/4ce4672dbdd694b329cd6fdb51bee7d1409be1f0ff76a537e4c4a737b2c7d1a9?s=96&d=mm&r=g","caption":"Jo\u00e3o Carlos Gomes"},"description":"Jornalista formado pelo Centro Universit\u00e1rio Carioca, apreciador da Bossa Nova ao Metal Extremo, criador de conte\u00fado e m\u00fasico independente nas horas vagas.","url":"https:\/\/tribunademinas.audiencelabs.com.br\/author\/joaoc-junior\/"}]}},"amp_enabled":true,"_links":{"self":[{"href":"https:\/\/tribunademinas.audiencelabs.com.br\/wp-json\/wp\/v2\/posts\/3486","targetHints":{"allow":["GET"]}}],"collection":[{"href":"https:\/\/tribunademinas.audiencelabs.com.br\/wp-json\/wp\/v2\/posts"}],"about":[{"href":"https:\/\/tribunademinas.audiencelabs.com.br\/wp-json\/wp\/v2\/types\/post"}],"author":[{"embeddable":true,"href":"https:\/\/tribunademinas.audiencelabs.com.br\/wp-json\/wp\/v2\/users\/3"}],"replies":[{"embeddable":true,"href":"https:\/\/tribunademinas.audiencelabs.com.br\/wp-json\/wp\/v2\/comments?post=3486"}],"version-history":[{"count":4,"href":"https:\/\/tribunademinas.audiencelabs.com.br\/wp-json\/wp\/v2\/posts\/3486\/revisions"}],"predecessor-version":[{"id":3540,"href":"https:\/\/tribunademinas.audiencelabs.com.br\/wp-json\/wp\/v2\/posts\/3486\/revisions\/3540"}],"wp:featuredmedia":[{"embeddable":true,"href":"https:\/\/tribunademinas.audiencelabs.com.br\/wp-json\/wp\/v2\/media\/3487"}],"wp:attachment":[{"href":"https:\/\/tribunademinas.audiencelabs.com.br\/wp-json\/wp\/v2\/media?parent=3486"}],"wp:term":[{"taxonomy":"category","embeddable":true,"href":"https:\/\/tribunademinas.audiencelabs.com.br\/wp-json\/wp\/v2\/categories?post=3486"},{"taxonomy":"post_tag","embeddable":true,"href":"https:\/\/tribunademinas.audiencelabs.com.br\/wp-json\/wp\/v2\/tags?post=3486"}],"curies":[{"name":"wp","href":"https:\/\/api.w.org\/{rel}","templated":true}]}}