{"id":3485,"date":"2025-11-04T16:15:35","date_gmt":"2025-11-04T19:15:35","guid":{"rendered":"https:\/\/tribunademinas.audiencelabs.com.br\/?p=3485"},"modified":"2025-11-04T17:19:11","modified_gmt":"2025-11-04T20:19:11","slug":"43-dos-brasileiros-nao-tem-reserva-financeira-e-numero-e-preocupante","status":"publish","type":"post","link":"https:\/\/tribunademinas.audiencelabs.com.br\/43-dos-brasileiros-nao-tem-reserva-financeira-e-numero-e-preocupante\/","title":{"rendered":"43% dos brasileiros n\u00e3o t\u00eam reserva financeira e n\u00famero \u00e9 preocupante"},"content":{"rendered":"\n<p>Uma pesquisa recente do instituto <a href=\"https:\/\/www1.folha.uol.com.br\/mercado\/2025\/11\/quase-metade-dos-brasileiros-nao-tem-dinheiro-guardado-para-imprevistos-diz-datafolha.shtml\"><strong>Datafolha<\/strong><\/a> trouxe \u00e0 tona um dado alarmante sobre a sa\u00fade financeira da popula\u00e7\u00e3o brasileira: 43% dos entrevistados afirmaram n\u00e3o ter nenhuma reserva financeira de emerg\u00eancia. <\/p>\n\n\n\n<p>Para especialistas, a aus\u00eancia desse tipo de prote\u00e7\u00e3o financeira representa um risco elevado, j\u00e1 que imprevistos como doen\u00e7as, perda de emprego ou aumento repentino de despesas podem comprometer gravemente o or\u00e7amento de fam\u00edlias que j\u00e1 vivem no limite.<\/p>\n\n\n\n<h2 class=\"wp-block-heading\">43% dos brasileiros n\u00e3o tem reserva financeira e n\u00famero \u00e9 preocupante<\/h2>\n\n\n\n<p>O levantamento foi encomendado pela Planejar, que \u00e9 a Associa\u00e7\u00e3o Brasileira de Planejamento Financeiro, e realizado entre os dias 16 e 29 de julho, com 2.000 pessoas de todas as regi\u00f5es do pa\u00eds, pertencentes \u00e0s classes A, B e C, todas com mais de 18 anos e acesso \u00e0 internet. <\/p>\n\n\n\n<p>A margem de erro \u00e9 de dois pontos percentuais para mais ou para menos. <\/p>\n\n\n\n<p>Embora 59% dos entrevistados tenham se definido como pessoas financeiramente planejadas, a realidade revelada pelos dados mostra um descompasso preocupante entre percep\u00e7\u00e3o e pr\u00e1tica.<\/p>\n\n\n\n<p>Quase dois ter\u00e7os dos brasileiros afirmam planejar seus gastos mensais, mas esse h\u00e1bito n\u00e3o tem se traduzido em seguran\u00e7a de m\u00e9dio e longo prazo. <\/p>\n\n\n\n<h3 class=\"wp-block-heading\">Brasileiros gastam mais do que ganham, e 84% enfrentou emerg\u00eancia no \u00faltimo ano<\/h3>\n\n\n\n<p>Al\u00e9m da falta de reservas, 84% enfrentaram ao menos uma situa\u00e7\u00e3o emergencial nos \u00faltimos 12 meses, como atraso no pagamento de contas, necessidade de empr\u00e9stimos ou negativa\u00e7\u00e3o do nome. <\/p>\n\n\n\n<p>A dificuldade em lidar com imprevistos refor\u00e7a a fragilidade financeira das fam\u00edlias.<\/p>\n\n\n\n<p>A pesquisa tamb\u00e9m revelou que muitos brasileiros gastaram mais do que receberam no \u00faltimo ano, uma situa\u00e7\u00e3o relatada por 39% dos entrevistados. Esse n\u00famero sobe para mais da metade entre os que n\u00e3o se consideram organizados financeiramente. <\/p>\n\n\n\n<p>Outro dado revelador \u00e9 que 52% dizem ter no\u00e7\u00e3o dos pr\u00f3prios gastos, mas n\u00e3o sabem exatamente quanto gastam por m\u00eas, o que dificulta qualquer tipo de controle mais efetivo.<\/p>\n\n\n\n<h3 class=\"wp-block-heading\">Como montar uma reserva financeira para emerg\u00eancias?<\/h3>\n\n\n\n<p>Montar uma reserva financeira exige disciplina, mas \u00e9 poss\u00edvel mesmo com renda apertada. <\/p>\n\n\n\n<p>O primeiro passo \u00e9 entender quanto se gasta por m\u00eas com itens essenciais, como moradia, alimenta\u00e7\u00e3o, transporte e sa\u00fade. A partir da\u00ed, a meta \u00e9 guardar o suficiente para cobrir de tr\u00eas a seis meses dessas despesas. <\/p>\n\n\n\n<p>Comece aos poucos: separe um valor fixo, mesmo que pequeno, logo que receber o sal\u00e1rio. Trate isso como prioridade, n\u00e3o como sobra. <\/p>\n\n\n\n<p>Abrir uma conta separada, como uma poupan\u00e7a ou aplica\u00e7\u00e3o de liquidez di\u00e1ria, ajuda a n\u00e3o misturar esse dinheiro com o do dia a dia. Evite resgatar o valor guardado a menos que seja uma real emerg\u00eancia. <\/p>\n\n\n\n<p>Reduzir gastos sup\u00e9rfluos, renegociar d\u00edvidas e buscar renda extra tamb\u00e9m aceleram o processo. Usar aplicativos de controle financeiro pode facilitar o acompanhamento. <\/p>\n\n\n\n<p>O mais importante \u00e9 transformar o h\u00e1bito de poupar em parte da rotina. Const\u00e2ncia \u00e9 mais importante do que o valor guardado.<\/p>\n\n\n\n<p><\/p>\n","protected":false},"excerpt":{"rendered":"<p>Uma pesquisa recente do instituto Datafolha trouxe \u00e0 tona um dado alarmante sobre a sa\u00fade financeira da popula\u00e7\u00e3o brasileira: 43% dos entrevistados afirmaram n\u00e3o ter nenhuma reserva financeira de emerg\u00eancia. Para especialistas, a aus\u00eancia desse tipo de prote\u00e7\u00e3o financeira representa um risco elevado, j\u00e1 que imprevistos como doen\u00e7as, perda de emprego ou aumento repentino de [&hellip;]<\/p>\n","protected":false},"author":5,"featured_media":3488,"comment_status":"open","ping_status":"open","sticky":false,"template":"","format":"standard","meta":{"jnews-multi-image_gallery":[],"jnews_single_post":{"format":"standard"},"jnews_primary_category":[],"jnews_social_meta":[],"jnews_post_split":[],"footnotes":""},"categories":[1],"tags":[],"class_list":["post-3485","post","type-post","status-publish","format-standard","has-post-thumbnail","hentry","category-dinheiro"],"yoast_head":"<!-- This site is optimized with the Yoast SEO plugin v25.6 - https:\/\/yoast.com\/wordpress\/plugins\/seo\/ -->\n<title>43% dos brasileiros n\u00e3o t\u00eam reserva financeira e n\u00famero \u00e9 preocupante<\/title>\n<meta name=\"description\" content=\"Em pesquisa recente do instituto Datafolha, 43% dos entrevistados afirmaram n\u00e3o ter nenhuma reserva financeira de emerg\u00eancia.\" \/>\n<meta name=\"robots\" content=\"index, follow, max-snippet:-1, max-image-preview:large, max-video-preview:-1\" \/>\n<link rel=\"canonical\" href=\"https:\/\/tribunademinas.audiencelabs.com.br\/43-dos-brasileiros-nao-tem-reserva-financeira-e-numero-e-preocupante\/\" \/>\n<meta property=\"og:locale\" content=\"pt_BR\" \/>\n<meta property=\"og:type\" content=\"article\" \/>\n<meta property=\"og:title\" content=\"43% dos brasileiros n\u00e3o t\u00eam reserva financeira e n\u00famero \u00e9 preocupante\" \/>\n<meta property=\"og:description\" content=\"Em pesquisa recente do instituto Datafolha, 43% dos entrevistados afirmaram n\u00e3o ter nenhuma reserva financeira de emerg\u00eancia.\" \/>\n<meta property=\"og:url\" content=\"https:\/\/tribunademinas.audiencelabs.com.br\/43-dos-brasileiros-nao-tem-reserva-financeira-e-numero-e-preocupante\/\" \/>\n<meta property=\"og:site_name\" content=\"Tribuna de Minas - Dinheiro e Cidadania\" \/>\n<meta property=\"article:publisher\" content=\"https:\/\/www.facebook.com\/tribunademinas\/\" \/>\n<meta property=\"article:published_time\" content=\"2025-11-04T19:15:35+00:00\" \/>\n<meta property=\"article:modified_time\" content=\"2025-11-04T20:19:11+00:00\" \/>\n<meta property=\"og:image\" content=\"https:\/\/tribunademinas.audiencelabs.com.br\/wp-content\/uploads\/2025\/11\/reserva-financeira.webp\" \/>\n\t<meta property=\"og:image:width\" content=\"1170\" \/>\n\t<meta property=\"og:image:height\" content=\"700\" \/>\n\t<meta property=\"og:image:type\" content=\"image\/webp\" \/>\n<meta name=\"author\" content=\"Jeferson Carvalho\" \/>\n<meta name=\"twitter:card\" content=\"summary_large_image\" \/>\n<meta name=\"twitter:creator\" content=\"@tribunademinas\" \/>\n<meta name=\"twitter:site\" content=\"@tribunademinas\" \/>\n<meta name=\"twitter:label1\" content=\"Escrito por\" \/>\n\t<meta name=\"twitter:data1\" content=\"Jeferson Carvalho\" \/>\n\t<meta name=\"twitter:label2\" content=\"Est. tempo de leitura\" \/>\n\t<meta name=\"twitter:data2\" content=\"3 minutos\" \/>\n<!-- \/ Yoast SEO plugin. -->","yoast_head_json":{"title":"43% dos brasileiros n\u00e3o t\u00eam reserva financeira e n\u00famero \u00e9 preocupante","description":"Em pesquisa recente do instituto Datafolha, 43% dos entrevistados afirmaram n\u00e3o ter nenhuma reserva financeira de emerg\u00eancia.","robots":{"index":"index","follow":"follow","max-snippet":"max-snippet:-1","max-image-preview":"max-image-preview:large","max-video-preview":"max-video-preview:-1"},"canonical":"https:\/\/tribunademinas.audiencelabs.com.br\/43-dos-brasileiros-nao-tem-reserva-financeira-e-numero-e-preocupante\/","og_locale":"pt_BR","og_type":"article","og_title":"43% dos brasileiros n\u00e3o t\u00eam reserva financeira e n\u00famero \u00e9 preocupante","og_description":"Em pesquisa recente do instituto Datafolha, 43% dos entrevistados afirmaram n\u00e3o ter nenhuma reserva financeira de emerg\u00eancia.","og_url":"https:\/\/tribunademinas.audiencelabs.com.br\/43-dos-brasileiros-nao-tem-reserva-financeira-e-numero-e-preocupante\/","og_site_name":"Tribuna de Minas - Dinheiro e Cidadania","article_publisher":"https:\/\/www.facebook.com\/tribunademinas\/","article_published_time":"2025-11-04T19:15:35+00:00","article_modified_time":"2025-11-04T20:19:11+00:00","og_image":[{"width":1170,"height":700,"url":"https:\/\/tribunademinas.audiencelabs.com.br\/wp-content\/uploads\/2025\/11\/reserva-financeira.webp","type":"image\/webp"}],"author":"Jeferson Carvalho","twitter_card":"summary_large_image","twitter_creator":"@tribunademinas","twitter_site":"@tribunademinas","twitter_misc":{"Escrito por":"Jeferson Carvalho","Est. tempo de leitura":"3 minutos"},"schema":{"@context":"https:\/\/schema.org","@graph":[{"@type":"Article","@id":"https:\/\/tribunademinas.audiencelabs.com.br\/43-dos-brasileiros-nao-tem-reserva-financeira-e-numero-e-preocupante\/#article","isPartOf":{"@id":"https:\/\/tribunademinas.audiencelabs.com.br\/43-dos-brasileiros-nao-tem-reserva-financeira-e-numero-e-preocupante\/"},"author":{"name":"Jeferson Carvalho","@id":"https:\/\/tribunademinas.audiencelabs.com.br\/#\/schema\/person\/db18fc40307804bacef94213aa68fd9d"},"headline":"43% dos brasileiros n\u00e3o t\u00eam reserva financeira e n\u00famero \u00e9 preocupante","datePublished":"2025-11-04T19:15:35+00:00","dateModified":"2025-11-04T20:19:11+00:00","mainEntityOfPage":{"@id":"https:\/\/tribunademinas.audiencelabs.com.br\/43-dos-brasileiros-nao-tem-reserva-financeira-e-numero-e-preocupante\/"},"wordCount":513,"commentCount":0,"publisher":{"@id":"https:\/\/tribunademinas.audiencelabs.com.br\/#organization"},"image":{"@id":"https:\/\/tribunademinas.audiencelabs.com.br\/43-dos-brasileiros-nao-tem-reserva-financeira-e-numero-e-preocupante\/#primaryimage"},"thumbnailUrl":"https:\/\/tribunademinas.audiencelabs.com.br\/wp-content\/uploads\/2025\/11\/reserva-financeira.webp","articleSection":["Dinheiro"],"inLanguage":"pt-BR","potentialAction":[{"@type":"CommentAction","name":"Comment","target":["https:\/\/tribunademinas.audiencelabs.com.br\/43-dos-brasileiros-nao-tem-reserva-financeira-e-numero-e-preocupante\/#respond"]}]},{"@type":"WebPage","@id":"https:\/\/tribunademinas.audiencelabs.com.br\/43-dos-brasileiros-nao-tem-reserva-financeira-e-numero-e-preocupante\/","url":"https:\/\/tribunademinas.audiencelabs.com.br\/43-dos-brasileiros-nao-tem-reserva-financeira-e-numero-e-preocupante\/","name":"43% dos brasileiros n\u00e3o t\u00eam reserva financeira e n\u00famero \u00e9 preocupante","isPartOf":{"@id":"https:\/\/tribunademinas.audiencelabs.com.br\/#website"},"primaryImageOfPage":{"@id":"https:\/\/tribunademinas.audiencelabs.com.br\/43-dos-brasileiros-nao-tem-reserva-financeira-e-numero-e-preocupante\/#primaryimage"},"image":{"@id":"https:\/\/tribunademinas.audiencelabs.com.br\/43-dos-brasileiros-nao-tem-reserva-financeira-e-numero-e-preocupante\/#primaryimage"},"thumbnailUrl":"https:\/\/tribunademinas.audiencelabs.com.br\/wp-content\/uploads\/2025\/11\/reserva-financeira.webp","datePublished":"2025-11-04T19:15:35+00:00","dateModified":"2025-11-04T20:19:11+00:00","description":"Em pesquisa recente do instituto Datafolha, 43% dos entrevistados afirmaram n\u00e3o ter nenhuma reserva financeira de emerg\u00eancia.","breadcrumb":{"@id":"https:\/\/tribunademinas.audiencelabs.com.br\/43-dos-brasileiros-nao-tem-reserva-financeira-e-numero-e-preocupante\/#breadcrumb"},"inLanguage":"pt-BR","potentialAction":[{"@type":"ReadAction","target":["https:\/\/tribunademinas.audiencelabs.com.br\/43-dos-brasileiros-nao-tem-reserva-financeira-e-numero-e-preocupante\/"]}]},{"@type":"ImageObject","inLanguage":"pt-BR","@id":"https:\/\/tribunademinas.audiencelabs.com.br\/43-dos-brasileiros-nao-tem-reserva-financeira-e-numero-e-preocupante\/#primaryimage","url":"https:\/\/tribunademinas.audiencelabs.com.br\/wp-content\/uploads\/2025\/11\/reserva-financeira.webp","contentUrl":"https:\/\/tribunademinas.audiencelabs.com.br\/wp-content\/uploads\/2025\/11\/reserva-financeira.webp","width":1170,"height":700,"caption":"43% dos brasileiros n\u00e3o tem reserva financeira e n\u00famero \u00e9 preocupante - Imagem: Marcello Casal jr\/Ag\u00eancia Brasil"},{"@type":"BreadcrumbList","@id":"https:\/\/tribunademinas.audiencelabs.com.br\/43-dos-brasileiros-nao-tem-reserva-financeira-e-numero-e-preocupante\/#breadcrumb","itemListElement":[{"@type":"ListItem","position":1,"name":"In\u00edcio","item":"https:\/\/tribunademinas.audiencelabs.com.br\/"},{"@type":"ListItem","position":2,"name":"43% dos brasileiros n\u00e3o t\u00eam reserva financeira e n\u00famero \u00e9 preocupante"}]},{"@type":"WebSite","@id":"https:\/\/tribunademinas.audiencelabs.com.br\/#website","url":"https:\/\/tribunademinas.audiencelabs.com.br\/","name":"Tribuna de Minas - Dinheiro e Cidadania","description":"","publisher":{"@id":"https:\/\/tribunademinas.audiencelabs.com.br\/#organization"},"potentialAction":[{"@type":"SearchAction","target":{"@type":"EntryPoint","urlTemplate":"https:\/\/tribunademinas.audiencelabs.com.br\/?s={search_term_string}"},"query-input":{"@type":"PropertyValueSpecification","valueRequired":true,"valueName":"search_term_string"}}],"inLanguage":"pt-BR"},{"@type":"Organization","@id":"https:\/\/tribunademinas.audiencelabs.com.br\/#organization","name":"Tribuna de Minas - Dinheiro e Cidadania","url":"https:\/\/tribunademinas.audiencelabs.com.br\/","logo":{"@type":"ImageObject","inLanguage":"pt-BR","@id":"https:\/\/tribunademinas.audiencelabs.com.br\/#\/schema\/logo\/image\/","url":"https:\/\/tribunademinas.audiencelabs.com.br\/wp-content\/uploads\/2025\/08\/cropped-Tribuna_512x512-96x96-1.png","contentUrl":"https:\/\/tribunademinas.audiencelabs.com.br\/wp-content\/uploads\/2025\/08\/cropped-Tribuna_512x512-96x96-1.png","width":96,"height":96,"caption":"Tribuna de Minas - Dinheiro e Cidadania"},"image":{"@id":"https:\/\/tribunademinas.audiencelabs.com.br\/#\/schema\/logo\/image\/"},"sameAs":["https:\/\/www.facebook.com\/tribunademinas\/","https:\/\/x.com\/tribunademinas","https:\/\/www.instagram.com\/tribunademinas\/","https:\/\/www.youtube.com\/user\/TribunadeMinasJF"]},{"@type":"Person","@id":"https:\/\/tribunademinas.audiencelabs.com.br\/#\/schema\/person\/db18fc40307804bacef94213aa68fd9d","name":"Jeferson Carvalho","image":{"@type":"ImageObject","inLanguage":"pt-BR","@id":"https:\/\/tribunademinas.audiencelabs.com.br\/#\/schema\/person\/image\/","url":"https:\/\/secure.gravatar.com\/avatar\/cd7646e328d9670dad7dea8698522e522745eeffcff5b9d08be858e377ce326b?s=96&d=mm&r=g","contentUrl":"https:\/\/secure.gravatar.com\/avatar\/cd7646e328d9670dad7dea8698522e522745eeffcff5b9d08be858e377ce326b?s=96&d=mm&r=g","caption":"Jeferson Carvalho"},"description":"Jornalista apaixonado pela profiss\u00e3o!","url":"https:\/\/tribunademinas.audiencelabs.com.br\/author\/jeferson\/"}]}},"amp_enabled":true,"_links":{"self":[{"href":"https:\/\/tribunademinas.audiencelabs.com.br\/wp-json\/wp\/v2\/posts\/3485","targetHints":{"allow":["GET"]}}],"collection":[{"href":"https:\/\/tribunademinas.audiencelabs.com.br\/wp-json\/wp\/v2\/posts"}],"about":[{"href":"https:\/\/tribunademinas.audiencelabs.com.br\/wp-json\/wp\/v2\/types\/post"}],"author":[{"embeddable":true,"href":"https:\/\/tribunademinas.audiencelabs.com.br\/wp-json\/wp\/v2\/users\/5"}],"replies":[{"embeddable":true,"href":"https:\/\/tribunademinas.audiencelabs.com.br\/wp-json\/wp\/v2\/comments?post=3485"}],"version-history":[{"count":2,"href":"https:\/\/tribunademinas.audiencelabs.com.br\/wp-json\/wp\/v2\/posts\/3485\/revisions"}],"predecessor-version":[{"id":3501,"href":"https:\/\/tribunademinas.audiencelabs.com.br\/wp-json\/wp\/v2\/posts\/3485\/revisions\/3501"}],"wp:featuredmedia":[{"embeddable":true,"href":"https:\/\/tribunademinas.audiencelabs.com.br\/wp-json\/wp\/v2\/media\/3488"}],"wp:attachment":[{"href":"https:\/\/tribunademinas.audiencelabs.com.br\/wp-json\/wp\/v2\/media?parent=3485"}],"wp:term":[{"taxonomy":"category","embeddable":true,"href":"https:\/\/tribunademinas.audiencelabs.com.br\/wp-json\/wp\/v2\/categories?post=3485"},{"taxonomy":"post_tag","embeddable":true,"href":"https:\/\/tribunademinas.audiencelabs.com.br\/wp-json\/wp\/v2\/tags?post=3485"}],"curies":[{"name":"wp","href":"https:\/\/api.w.org\/{rel}","templated":true}]}}