{"id":3441,"date":"2025-11-04T07:45:00","date_gmt":"2025-11-04T10:45:00","guid":{"rendered":"https:\/\/tribunademinas.audiencelabs.com.br\/?p=3441"},"modified":"2025-11-03T18:29:04","modified_gmt":"2025-11-03T21:29:04","slug":"calendario-de-novembro-2025-do-bolsa-familia-atualizado-com-datas-e-nis","status":"publish","type":"post","link":"https:\/\/tribunademinas.audiencelabs.com.br\/calendario-de-novembro-2025-do-bolsa-familia-atualizado-com-datas-e-nis\/","title":{"rendered":"Calend\u00e1rio de novembro 2025 do Bolsa Fam\u00edlia atualizado com datas e NIS"},"content":{"rendered":"\n<p>Com a chegada de novembro, mais de 19 milh\u00f5es de fam\u00edlias brasileiras que dependem do Bolsa Fam\u00edlia j\u00e1 est\u00e3o em busca de informa\u00e7\u00f5es sobre os repasses do m\u00eas. <\/p>\n\n\n\n<p>A boa not\u00edcia \u00e9 que o Minist\u00e9rio do Desenvolvimento e Assist\u00eancia Social (<a href=\"https:\/\/www.gov.br\/mds\/pt-br\"><strong>MDS<\/strong><\/a>), em parceria com a Caixa Econ\u00f4mica Federal, confirmou o cronograma oficial de pagamentos, al\u00e9m dos valores previstos e os crit\u00e9rios para recebimento.<\/p>\n\n\n\n<h2 class=\"wp-block-heading\">Calend\u00e1rio de novembro 2025 do Bolsa Fam\u00edlia atualizado com datas e NIS<\/h2>\n\n\n\n<p>Como j\u00e1 \u00e9 tradi\u00e7\u00e3o, os dep\u00f3sitos seguem um modelo escalonado que considera o \u00faltimo d\u00edgito do N\u00famero de Identifica\u00e7\u00e3o Social (NIS) de cada benefici\u00e1rio. <\/p>\n\n\n\n<p>Isso significa que os pagamentos n\u00e3o acontecem todos no mesmo dia, mas sim de forma progressiva, para garantir organiza\u00e7\u00e3o e evitar filas nas ag\u00eancias banc\u00e1rias. <\/p>\n\n\n\n<p>Em novembro de 2025, os primeiros cr\u00e9ditos est\u00e3o previstos para come\u00e7ar no dia 17, e a rodada ser\u00e1 encerrada no dia 28. <\/p>\n\n\n\n<p>Por\u00e9m, a Caixa costuma adiantar para o s\u00e1bado anterior os repasses agendados para segunda-feira, o que pode influenciar o cronograma pr\u00e1tico para algumas fam\u00edlias.<\/p>\n\n\n\n<p>A seguir, confira a tabela com as datas atualizadas dos repasses de novembro:<\/p>\n\n\n\n<figure class=\"wp-block-table is-style-stripes\"><table class=\"has-fixed-layout\"><thead><tr><th>Final do NIS<\/th><th>Data do Pagamento<\/th><\/tr><\/thead><tbody><tr><td>1<\/td><td>17\/11 (segunda-feira) ou 15\/11 (antecipado)<\/td><\/tr><tr><td>2<\/td><td>18\/11 (ter\u00e7a-feira)<\/td><\/tr><tr><td>3<\/td><td>19\/11 (quarta-feira)<\/td><\/tr><tr><td>4<\/td><td>20\/11 (quinta-feira)<\/td><\/tr><tr><td>5<\/td><td>21\/11 (sexta-feira)<\/td><\/tr><tr><td>6<\/td><td>24\/11 (segunda-feira) ou 22\/11 (antecipado)<\/td><\/tr><tr><td>7<\/td><td>25\/11 (ter\u00e7a-feira)<\/td><\/tr><tr><td>8<\/td><td>26\/11 (quarta-feira)<\/td><\/tr><tr><td>9<\/td><td>27\/11 (quinta-feira)<\/td><\/tr><tr><td>0<\/td><td>28\/11 (sexta-feira)<\/td><\/tr><\/tbody><\/table><\/figure>\n\n\n\n<h3 class=\"wp-block-heading\">Quem recebe o Bolsa Fam\u00edlia em novembro de 2025 e quais s\u00e3o os valores?<\/h3>\n\n\n\n<p>Para receber o benef\u00edcio, \u00e9 necess\u00e1rio estar inscrito no Cadastro \u00danico e ter renda mensal por pessoa de at\u00e9 R$ 218. <\/p>\n\n\n\n<p>Al\u00e9m disso, as fam\u00edlias precisam cumprir compromissos nas \u00e1reas de sa\u00fade e educa\u00e7\u00e3o, como manter as vacinas em dia, garantir a frequ\u00eancia escolar de crian\u00e7as e adolescentes e, no caso de gestantes, realizar o pr\u00e9-natal.<\/p>\n\n\n\n<p>O valor m\u00ednimo garantido continua sendo de R$ 600. No entanto, fam\u00edlias com crian\u00e7as de at\u00e9 6 anos recebem um adicional de R$ 150 por crian\u00e7a. Tamb\u00e9m h\u00e1 acr\u00e9scimos de R$ 50 para gestantes, lactantes e jovens entre 7 e 18 anos. <\/p>\n\n\n\n<p>Com esses complementos, o valor m\u00e9dio por fam\u00edlia costuma chegar a cerca de R$ 685.<\/p>\n\n\n\n<p><\/p>\n","protected":false},"excerpt":{"rendered":"<p>Com a chegada de novembro, mais de 19 milh\u00f5es de fam\u00edlias brasileiras que dependem do Bolsa Fam\u00edlia j\u00e1 est\u00e3o em busca de informa\u00e7\u00f5es sobre os repasses do m\u00eas. A boa not\u00edcia \u00e9 que o Minist\u00e9rio do Desenvolvimento e Assist\u00eancia Social (MDS), em parceria com a Caixa Econ\u00f4mica Federal, confirmou o cronograma oficial de pagamentos, al\u00e9m [&hellip;]<\/p>\n","protected":false},"author":5,"featured_media":3442,"comment_status":"open","ping_status":"open","sticky":false,"template":"","format":"standard","meta":{"jnews-multi-image_gallery":[],"jnews_single_post":{"format":"standard"},"jnews_primary_category":[],"jnews_social_meta":[],"jnews_post_split":[],"footnotes":""},"categories":[159],"tags":[],"class_list":["post-3441","post","type-post","status-publish","format-standard","has-post-thumbnail","hentry","category-cidadania"],"yoast_head":"<!-- This site is optimized with the Yoast SEO plugin v25.6 - https:\/\/yoast.com\/wordpress\/plugins\/seo\/ -->\n<title>Calend\u00e1rio de novembro 2025 do Bolsa Fam\u00edlia atualizado com datas e NIS<\/title>\n<meta name=\"description\" content=\"Com a chegada de novembro, mais de 19 milh\u00f5es de fam\u00edlias brasileiras que dependem do Bolsa Fam\u00edlia j\u00e1 est\u00e3o em busca de informa\u00e7\u00f5es.\" \/>\n<meta name=\"robots\" content=\"index, follow, max-snippet:-1, max-image-preview:large, max-video-preview:-1\" \/>\n<link rel=\"canonical\" href=\"https:\/\/tribunademinas.audiencelabs.com.br\/calendario-de-novembro-2025-do-bolsa-familia-atualizado-com-datas-e-nis\/\" \/>\n<meta property=\"og:locale\" content=\"pt_BR\" \/>\n<meta property=\"og:type\" content=\"article\" \/>\n<meta property=\"og:title\" content=\"Calend\u00e1rio de novembro 2025 do Bolsa Fam\u00edlia atualizado com datas e NIS\" \/>\n<meta property=\"og:description\" content=\"Com a chegada de novembro, mais de 19 milh\u00f5es de fam\u00edlias brasileiras que dependem do Bolsa Fam\u00edlia j\u00e1 est\u00e3o em busca de informa\u00e7\u00f5es.\" \/>\n<meta property=\"og:url\" content=\"https:\/\/tribunademinas.audiencelabs.com.br\/calendario-de-novembro-2025-do-bolsa-familia-atualizado-com-datas-e-nis\/\" \/>\n<meta property=\"og:site_name\" content=\"Tribuna de Minas - Dinheiro e Cidadania\" \/>\n<meta property=\"article:publisher\" content=\"https:\/\/www.facebook.com\/tribunademinas\/\" \/>\n<meta property=\"article:published_time\" content=\"2025-11-04T10:45:00+00:00\" \/>\n<meta property=\"og:image\" content=\"https:\/\/tribunademinas.audiencelabs.com.br\/wp-content\/uploads\/2025\/11\/Bolsa-Familia.webp\" \/>\n\t<meta property=\"og:image:width\" content=\"1600\" \/>\n\t<meta property=\"og:image:height\" content=\"800\" \/>\n\t<meta property=\"og:image:type\" content=\"image\/webp\" \/>\n<meta name=\"author\" content=\"Jeferson Carvalho\" \/>\n<meta name=\"twitter:card\" content=\"summary_large_image\" \/>\n<meta name=\"twitter:creator\" content=\"@tribunademinas\" \/>\n<meta name=\"twitter:site\" content=\"@tribunademinas\" \/>\n<meta name=\"twitter:label1\" content=\"Escrito por\" \/>\n\t<meta name=\"twitter:data1\" content=\"Jeferson Carvalho\" \/>\n\t<meta name=\"twitter:label2\" content=\"Est. tempo de leitura\" \/>\n\t<meta name=\"twitter:data2\" content=\"3 minutos\" \/>\n<!-- \/ Yoast SEO plugin. -->","yoast_head_json":{"title":"Calend\u00e1rio de novembro 2025 do Bolsa Fam\u00edlia atualizado com datas e NIS","description":"Com a chegada de novembro, mais de 19 milh\u00f5es de fam\u00edlias brasileiras que dependem do Bolsa Fam\u00edlia j\u00e1 est\u00e3o em busca de informa\u00e7\u00f5es.","robots":{"index":"index","follow":"follow","max-snippet":"max-snippet:-1","max-image-preview":"max-image-preview:large","max-video-preview":"max-video-preview:-1"},"canonical":"https:\/\/tribunademinas.audiencelabs.com.br\/calendario-de-novembro-2025-do-bolsa-familia-atualizado-com-datas-e-nis\/","og_locale":"pt_BR","og_type":"article","og_title":"Calend\u00e1rio de novembro 2025 do Bolsa Fam\u00edlia atualizado com datas e NIS","og_description":"Com a chegada de novembro, mais de 19 milh\u00f5es de fam\u00edlias brasileiras que dependem do Bolsa Fam\u00edlia j\u00e1 est\u00e3o em busca de informa\u00e7\u00f5es.","og_url":"https:\/\/tribunademinas.audiencelabs.com.br\/calendario-de-novembro-2025-do-bolsa-familia-atualizado-com-datas-e-nis\/","og_site_name":"Tribuna de Minas - Dinheiro e Cidadania","article_publisher":"https:\/\/www.facebook.com\/tribunademinas\/","article_published_time":"2025-11-04T10:45:00+00:00","og_image":[{"width":1600,"height":800,"url":"https:\/\/tribunademinas.audiencelabs.com.br\/wp-content\/uploads\/2025\/11\/Bolsa-Familia.webp","type":"image\/webp"}],"author":"Jeferson Carvalho","twitter_card":"summary_large_image","twitter_creator":"@tribunademinas","twitter_site":"@tribunademinas","twitter_misc":{"Escrito por":"Jeferson Carvalho","Est. tempo de leitura":"3 minutos"},"schema":{"@context":"https:\/\/schema.org","@graph":[{"@type":"Article","@id":"https:\/\/tribunademinas.audiencelabs.com.br\/calendario-de-novembro-2025-do-bolsa-familia-atualizado-com-datas-e-nis\/#article","isPartOf":{"@id":"https:\/\/tribunademinas.audiencelabs.com.br\/calendario-de-novembro-2025-do-bolsa-familia-atualizado-com-datas-e-nis\/"},"author":{"name":"Jeferson Carvalho","@id":"https:\/\/tribunademinas.audiencelabs.com.br\/#\/schema\/person\/db18fc40307804bacef94213aa68fd9d"},"headline":"Calend\u00e1rio de novembro 2025 do Bolsa Fam\u00edlia atualizado com datas e NIS","datePublished":"2025-11-04T10:45:00+00:00","mainEntityOfPage":{"@id":"https:\/\/tribunademinas.audiencelabs.com.br\/calendario-de-novembro-2025-do-bolsa-familia-atualizado-com-datas-e-nis\/"},"wordCount":378,"commentCount":0,"publisher":{"@id":"https:\/\/tribunademinas.audiencelabs.com.br\/#organization"},"image":{"@id":"https:\/\/tribunademinas.audiencelabs.com.br\/calendario-de-novembro-2025-do-bolsa-familia-atualizado-com-datas-e-nis\/#primaryimage"},"thumbnailUrl":"https:\/\/tribunademinas.audiencelabs.com.br\/wp-content\/uploads\/2025\/11\/Bolsa-Familia.webp","articleSection":["Cidadania"],"inLanguage":"pt-BR","potentialAction":[{"@type":"CommentAction","name":"Comment","target":["https:\/\/tribunademinas.audiencelabs.com.br\/calendario-de-novembro-2025-do-bolsa-familia-atualizado-com-datas-e-nis\/#respond"]}]},{"@type":"WebPage","@id":"https:\/\/tribunademinas.audiencelabs.com.br\/calendario-de-novembro-2025-do-bolsa-familia-atualizado-com-datas-e-nis\/","url":"https:\/\/tribunademinas.audiencelabs.com.br\/calendario-de-novembro-2025-do-bolsa-familia-atualizado-com-datas-e-nis\/","name":"Calend\u00e1rio de novembro 2025 do Bolsa Fam\u00edlia atualizado com datas e NIS","isPartOf":{"@id":"https:\/\/tribunademinas.audiencelabs.com.br\/#website"},"primaryImageOfPage":{"@id":"https:\/\/tribunademinas.audiencelabs.com.br\/calendario-de-novembro-2025-do-bolsa-familia-atualizado-com-datas-e-nis\/#primaryimage"},"image":{"@id":"https:\/\/tribunademinas.audiencelabs.com.br\/calendario-de-novembro-2025-do-bolsa-familia-atualizado-com-datas-e-nis\/#primaryimage"},"thumbnailUrl":"https:\/\/tribunademinas.audiencelabs.com.br\/wp-content\/uploads\/2025\/11\/Bolsa-Familia.webp","datePublished":"2025-11-04T10:45:00+00:00","description":"Com a chegada de novembro, mais de 19 milh\u00f5es de fam\u00edlias brasileiras que dependem do Bolsa Fam\u00edlia j\u00e1 est\u00e3o em busca de informa\u00e7\u00f5es.","breadcrumb":{"@id":"https:\/\/tribunademinas.audiencelabs.com.br\/calendario-de-novembro-2025-do-bolsa-familia-atualizado-com-datas-e-nis\/#breadcrumb"},"inLanguage":"pt-BR","potentialAction":[{"@type":"ReadAction","target":["https:\/\/tribunademinas.audiencelabs.com.br\/calendario-de-novembro-2025-do-bolsa-familia-atualizado-com-datas-e-nis\/"]}]},{"@type":"ImageObject","inLanguage":"pt-BR","@id":"https:\/\/tribunademinas.audiencelabs.com.br\/calendario-de-novembro-2025-do-bolsa-familia-atualizado-com-datas-e-nis\/#primaryimage","url":"https:\/\/tribunademinas.audiencelabs.com.br\/wp-content\/uploads\/2025\/11\/Bolsa-Familia.webp","contentUrl":"https:\/\/tribunademinas.audiencelabs.com.br\/wp-content\/uploads\/2025\/11\/Bolsa-Familia.webp","width":1600,"height":800,"caption":"Calend\u00e1rio de novembro 2025 do Bolsa Fam\u00edlia atualizado com datas e NIS - Imagem: Lyon Santos\/MDS"},{"@type":"BreadcrumbList","@id":"https:\/\/tribunademinas.audiencelabs.com.br\/calendario-de-novembro-2025-do-bolsa-familia-atualizado-com-datas-e-nis\/#breadcrumb","itemListElement":[{"@type":"ListItem","position":1,"name":"In\u00edcio","item":"https:\/\/tribunademinas.audiencelabs.com.br\/"},{"@type":"ListItem","position":2,"name":"Calend\u00e1rio de novembro 2025 do Bolsa Fam\u00edlia atualizado com datas e NIS"}]},{"@type":"WebSite","@id":"https:\/\/tribunademinas.audiencelabs.com.br\/#website","url":"https:\/\/tribunademinas.audiencelabs.com.br\/","name":"Tribuna de Minas - Dinheiro e Cidadania","description":"","publisher":{"@id":"https:\/\/tribunademinas.audiencelabs.com.br\/#organization"},"potentialAction":[{"@type":"SearchAction","target":{"@type":"EntryPoint","urlTemplate":"https:\/\/tribunademinas.audiencelabs.com.br\/?s={search_term_string}"},"query-input":{"@type":"PropertyValueSpecification","valueRequired":true,"valueName":"search_term_string"}}],"inLanguage":"pt-BR"},{"@type":"Organization","@id":"https:\/\/tribunademinas.audiencelabs.com.br\/#organization","name":"Tribuna de Minas - Dinheiro e Cidadania","url":"https:\/\/tribunademinas.audiencelabs.com.br\/","logo":{"@type":"ImageObject","inLanguage":"pt-BR","@id":"https:\/\/tribunademinas.audiencelabs.com.br\/#\/schema\/logo\/image\/","url":"https:\/\/tribunademinas.audiencelabs.com.br\/wp-content\/uploads\/2025\/08\/cropped-Tribuna_512x512-96x96-1.png","contentUrl":"https:\/\/tribunademinas.audiencelabs.com.br\/wp-content\/uploads\/2025\/08\/cropped-Tribuna_512x512-96x96-1.png","width":96,"height":96,"caption":"Tribuna de Minas - Dinheiro e Cidadania"},"image":{"@id":"https:\/\/tribunademinas.audiencelabs.com.br\/#\/schema\/logo\/image\/"},"sameAs":["https:\/\/www.facebook.com\/tribunademinas\/","https:\/\/x.com\/tribunademinas","https:\/\/www.instagram.com\/tribunademinas\/","https:\/\/www.youtube.com\/user\/TribunadeMinasJF"]},{"@type":"Person","@id":"https:\/\/tribunademinas.audiencelabs.com.br\/#\/schema\/person\/db18fc40307804bacef94213aa68fd9d","name":"Jeferson Carvalho","image":{"@type":"ImageObject","inLanguage":"pt-BR","@id":"https:\/\/tribunademinas.audiencelabs.com.br\/#\/schema\/person\/image\/","url":"https:\/\/secure.gravatar.com\/avatar\/cd7646e328d9670dad7dea8698522e522745eeffcff5b9d08be858e377ce326b?s=96&d=mm&r=g","contentUrl":"https:\/\/secure.gravatar.com\/avatar\/cd7646e328d9670dad7dea8698522e522745eeffcff5b9d08be858e377ce326b?s=96&d=mm&r=g","caption":"Jeferson Carvalho"},"description":"Jornalista apaixonado pela profiss\u00e3o!","url":"https:\/\/tribunademinas.audiencelabs.com.br\/author\/jeferson\/"}]}},"amp_enabled":true,"_links":{"self":[{"href":"https:\/\/tribunademinas.audiencelabs.com.br\/wp-json\/wp\/v2\/posts\/3441","targetHints":{"allow":["GET"]}}],"collection":[{"href":"https:\/\/tribunademinas.audiencelabs.com.br\/wp-json\/wp\/v2\/posts"}],"about":[{"href":"https:\/\/tribunademinas.audiencelabs.com.br\/wp-json\/wp\/v2\/types\/post"}],"author":[{"embeddable":true,"href":"https:\/\/tribunademinas.audiencelabs.com.br\/wp-json\/wp\/v2\/users\/5"}],"replies":[{"embeddable":true,"href":"https:\/\/tribunademinas.audiencelabs.com.br\/wp-json\/wp\/v2\/comments?post=3441"}],"version-history":[{"count":1,"href":"https:\/\/tribunademinas.audiencelabs.com.br\/wp-json\/wp\/v2\/posts\/3441\/revisions"}],"predecessor-version":[{"id":3443,"href":"https:\/\/tribunademinas.audiencelabs.com.br\/wp-json\/wp\/v2\/posts\/3441\/revisions\/3443"}],"wp:featuredmedia":[{"embeddable":true,"href":"https:\/\/tribunademinas.audiencelabs.com.br\/wp-json\/wp\/v2\/media\/3442"}],"wp:attachment":[{"href":"https:\/\/tribunademinas.audiencelabs.com.br\/wp-json\/wp\/v2\/media?parent=3441"}],"wp:term":[{"taxonomy":"category","embeddable":true,"href":"https:\/\/tribunademinas.audiencelabs.com.br\/wp-json\/wp\/v2\/categories?post=3441"},{"taxonomy":"post_tag","embeddable":true,"href":"https:\/\/tribunademinas.audiencelabs.com.br\/wp-json\/wp\/v2\/tags?post=3441"}],"curies":[{"name":"wp","href":"https:\/\/api.w.org\/{rel}","templated":true}]}}