{"id":3424,"date":"2025-11-09T08:00:00","date_gmt":"2025-11-09T11:00:00","guid":{"rendered":"https:\/\/tribunademinas.audiencelabs.com.br\/?p=3424"},"modified":"2025-11-07T13:48:20","modified_gmt":"2025-11-07T16:48:20","slug":"conta-de-luz-dispara-com-bandeira-vermelha-e-exige-economia-urgente","status":"publish","type":"post","link":"https:\/\/tribunademinas.audiencelabs.com.br\/conta-de-luz-dispara-com-bandeira-vermelha-e-exige-economia-urgente\/","title":{"rendered":"Conta de luz dispara com bandeira vermelha e exige economia urgente"},"content":{"rendered":"\n<p>Na \u00faltima sexta-feira (31), a Ag\u00eancia Nacional de Energia El\u00e9trica (Aneel) fez um alerta preocupante sobre a conta de luz. De acordo com o \u00f3rg\u00e3o, o volume de chuva segue abaixo do esperado e os n\u00edveis dos reservat\u00f3rios continuam em queda, o que mant\u00e9m o cen\u00e1rio desfavor\u00e1vel.<\/p>\n\n\n\n<p>Por conta disso, a bandeira vermelha patamar 1 ser\u00e1 mantida nas contas de energia no m\u00eas de novembro, acrescentando <strong>um custo adicional de R$ 4,46<\/strong> para cada 100 kWh consumidos na conta de luz.<\/p>\n\n\n\n<p>A cobran\u00e7a come\u00e7ou a valer desde o dia 1\u00ba de novembro, e segundo a Aneel, precisou ser aplicada para compensar os <strong>custos de acionamento das usinas termel\u00e9tricas<\/strong>, que garantem o abastecimento, mas demandam mais gastos para operar.<\/p>\n\n\n\n<p>Vale lembrar que, apesar do quadro preocupante, a situa\u00e7\u00e3o ainda n\u00e3o chegou a um ponto cr\u00edtico. Afinal, ainda h\u00e1 a bandeira vermelha patamar 2, que acrescenta R$ 7,87 a cada 100 kWh de consumo. No entanto, o cen\u00e1rio atual j\u00e1 refor\u00e7a a import\u00e2ncia da <strong>economia e do consumo consciente de energia <\/strong>para evitar gastos excessivos.<\/p>\n\n\n\n<h2 class=\"wp-block-heading\">Dicas de economia: como evitar altas cobran\u00e7as na conta de luz<\/h2>\n\n\n\n<p>Por se tratar de um insumo essencial, \u00e9 praticamente imposs\u00edvel abrir m\u00e3o do uso de energia el\u00e9trica nos dias atuais. No entanto, \u00e9 poss\u00edvel adotar boas pr\u00e1ticas de consumo que ajudam a evitar cobran\u00e7as elevadas na conta de luz, principalmente em momentos cr\u00edticos, tais como:<\/p>\n\n\n\n<ul class=\"wp-block-list\">\n<li><strong>Utilizar aparelhos que consomem muita energia de forma consciente<\/strong>, limitando o tempo de uso e ajustando-os para recomenda\u00e7\u00f5es mais econ\u00f4micas;<\/li>\n\n\n\n<li><strong>Aproveitar a luz natural<\/strong>, evitando o consumo excessivo de energia durante o dia;<\/li>\n\n\n\n<li><strong>Investir em tecnologias eficientes<\/strong>, adotando o uso de l\u00e2mpadas de LED, eletrodom\u00e9sticos mais modernos e filtros de linha;<\/li>\n\n\n\n<li><strong>Se atentar aos hor\u00e1rios de pico de energia <\/strong>(entre 18h \u00e0s 21h dos dias \u00fateis), deixando de utilizar aparelhos de maior consumo durante o per\u00edodo;<\/li>\n<\/ul>\n","protected":false},"excerpt":{"rendered":"<p>Na \u00faltima sexta-feira (31), a Ag\u00eancia Nacional de Energia El\u00e9trica (Aneel) fez um alerta preocupante sobre a conta de luz. De acordo com o \u00f3rg\u00e3o, o volume de chuva segue abaixo do esperado e os n\u00edveis dos reservat\u00f3rios continuam em queda, o que mant\u00e9m o cen\u00e1rio desfavor\u00e1vel. Por conta disso, a bandeira vermelha patamar 1 [&hellip;]<\/p>\n","protected":false},"author":3,"featured_media":3425,"comment_status":"open","ping_status":"open","sticky":false,"template":"","format":"standard","meta":{"jnews-multi-image_gallery":[],"jnews_single_post":{"format":"standard"},"jnews_primary_category":[],"jnews_social_meta":[],"jnews_post_split":[],"footnotes":""},"categories":[1],"tags":[],"class_list":["post-3424","post","type-post","status-publish","format-standard","has-post-thumbnail","hentry","category-dinheiro"],"yoast_head":"<!-- This site is optimized with the Yoast SEO plugin v25.6 - https:\/\/yoast.com\/wordpress\/plugins\/seo\/ -->\n<title>Conta de luz dispara com bandeira vermelha e exige economia urgente<\/title>\n<meta name=\"description\" content=\"Na \u00faltima sexta-feira (31), a Ag\u00eancia Nacional de Energia El\u00e9trica (Aneel) fez um alerta preocupante sobre a conta de luz.\" \/>\n<meta name=\"robots\" content=\"index, follow, max-snippet:-1, max-image-preview:large, max-video-preview:-1\" \/>\n<link rel=\"canonical\" href=\"https:\/\/tribunademinas.audiencelabs.com.br\/conta-de-luz-dispara-com-bandeira-vermelha-e-exige-economia-urgente\/\" \/>\n<meta property=\"og:locale\" content=\"pt_BR\" \/>\n<meta property=\"og:type\" content=\"article\" \/>\n<meta property=\"og:title\" content=\"Conta de luz dispara com bandeira vermelha e exige economia urgente\" \/>\n<meta property=\"og:description\" content=\"Na \u00faltima sexta-feira (31), a Ag\u00eancia Nacional de Energia El\u00e9trica (Aneel) fez um alerta preocupante sobre a conta de luz.\" \/>\n<meta property=\"og:url\" content=\"https:\/\/tribunademinas.audiencelabs.com.br\/conta-de-luz-dispara-com-bandeira-vermelha-e-exige-economia-urgente\/\" \/>\n<meta property=\"og:site_name\" content=\"Tribuna de Minas - Dinheiro e Cidadania\" \/>\n<meta property=\"article:publisher\" content=\"https:\/\/www.facebook.com\/tribunademinas\/\" \/>\n<meta property=\"article:published_time\" content=\"2025-11-09T11:00:00+00:00\" \/>\n<meta property=\"og:image\" content=\"https:\/\/tribunademinas.audiencelabs.com.br\/wp-content\/uploads\/2025\/11\/conta-de-luz-dispara-bandeira-vermelha-exige-economia-energia-urgente.jpg\" \/>\n\t<meta property=\"og:image:width\" content=\"1920\" \/>\n\t<meta property=\"og:image:height\" content=\"1080\" \/>\n\t<meta property=\"og:image:type\" content=\"image\/jpeg\" \/>\n<meta name=\"author\" content=\"Jo\u00e3o Carlos Gomes\" \/>\n<meta name=\"twitter:card\" content=\"summary_large_image\" \/>\n<meta name=\"twitter:creator\" content=\"@tribunademinas\" \/>\n<meta name=\"twitter:site\" content=\"@tribunademinas\" \/>\n<meta name=\"twitter:label1\" content=\"Escrito por\" \/>\n\t<meta name=\"twitter:data1\" content=\"Jo\u00e3o Carlos Gomes\" \/>\n\t<meta name=\"twitter:label2\" content=\"Est. tempo de leitura\" \/>\n\t<meta name=\"twitter:data2\" content=\"2 minutos\" \/>\n<!-- \/ Yoast SEO plugin. -->","yoast_head_json":{"title":"Conta de luz dispara com bandeira vermelha e exige economia urgente","description":"Na \u00faltima sexta-feira (31), a Ag\u00eancia Nacional de Energia El\u00e9trica (Aneel) fez um alerta preocupante sobre a conta de luz.","robots":{"index":"index","follow":"follow","max-snippet":"max-snippet:-1","max-image-preview":"max-image-preview:large","max-video-preview":"max-video-preview:-1"},"canonical":"https:\/\/tribunademinas.audiencelabs.com.br\/conta-de-luz-dispara-com-bandeira-vermelha-e-exige-economia-urgente\/","og_locale":"pt_BR","og_type":"article","og_title":"Conta de luz dispara com bandeira vermelha e exige economia urgente","og_description":"Na \u00faltima sexta-feira (31), a Ag\u00eancia Nacional de Energia El\u00e9trica (Aneel) fez um alerta preocupante sobre a conta de luz.","og_url":"https:\/\/tribunademinas.audiencelabs.com.br\/conta-de-luz-dispara-com-bandeira-vermelha-e-exige-economia-urgente\/","og_site_name":"Tribuna de Minas - Dinheiro e Cidadania","article_publisher":"https:\/\/www.facebook.com\/tribunademinas\/","article_published_time":"2025-11-09T11:00:00+00:00","og_image":[{"width":1920,"height":1080,"url":"https:\/\/tribunademinas.audiencelabs.com.br\/wp-content\/uploads\/2025\/11\/conta-de-luz-dispara-bandeira-vermelha-exige-economia-energia-urgente.jpg","type":"image\/jpeg"}],"author":"Jo\u00e3o Carlos Gomes","twitter_card":"summary_large_image","twitter_creator":"@tribunademinas","twitter_site":"@tribunademinas","twitter_misc":{"Escrito por":"Jo\u00e3o Carlos Gomes","Est. tempo de leitura":"2 minutos"},"schema":{"@context":"https:\/\/schema.org","@graph":[{"@type":"Article","@id":"https:\/\/tribunademinas.audiencelabs.com.br\/conta-de-luz-dispara-com-bandeira-vermelha-e-exige-economia-urgente\/#article","isPartOf":{"@id":"https:\/\/tribunademinas.audiencelabs.com.br\/conta-de-luz-dispara-com-bandeira-vermelha-e-exige-economia-urgente\/"},"author":{"name":"Jo\u00e3o Carlos Gomes","@id":"https:\/\/tribunademinas.audiencelabs.com.br\/#\/schema\/person\/37af466a64a722fadb8ef6841c52114f"},"headline":"Conta de luz dispara com bandeira vermelha e exige economia urgente","datePublished":"2025-11-09T11:00:00+00:00","mainEntityOfPage":{"@id":"https:\/\/tribunademinas.audiencelabs.com.br\/conta-de-luz-dispara-com-bandeira-vermelha-e-exige-economia-urgente\/"},"wordCount":338,"commentCount":0,"publisher":{"@id":"https:\/\/tribunademinas.audiencelabs.com.br\/#organization"},"image":{"@id":"https:\/\/tribunademinas.audiencelabs.com.br\/conta-de-luz-dispara-com-bandeira-vermelha-e-exige-economia-urgente\/#primaryimage"},"thumbnailUrl":"https:\/\/tribunademinas.audiencelabs.com.br\/wp-content\/uploads\/2025\/11\/conta-de-luz-dispara-bandeira-vermelha-exige-economia-energia-urgente.jpg","articleSection":["Dinheiro"],"inLanguage":"pt-BR","potentialAction":[{"@type":"CommentAction","name":"Comment","target":["https:\/\/tribunademinas.audiencelabs.com.br\/conta-de-luz-dispara-com-bandeira-vermelha-e-exige-economia-urgente\/#respond"]}]},{"@type":"WebPage","@id":"https:\/\/tribunademinas.audiencelabs.com.br\/conta-de-luz-dispara-com-bandeira-vermelha-e-exige-economia-urgente\/","url":"https:\/\/tribunademinas.audiencelabs.com.br\/conta-de-luz-dispara-com-bandeira-vermelha-e-exige-economia-urgente\/","name":"Conta de luz dispara com bandeira vermelha e exige economia urgente","isPartOf":{"@id":"https:\/\/tribunademinas.audiencelabs.com.br\/#website"},"primaryImageOfPage":{"@id":"https:\/\/tribunademinas.audiencelabs.com.br\/conta-de-luz-dispara-com-bandeira-vermelha-e-exige-economia-urgente\/#primaryimage"},"image":{"@id":"https:\/\/tribunademinas.audiencelabs.com.br\/conta-de-luz-dispara-com-bandeira-vermelha-e-exige-economia-urgente\/#primaryimage"},"thumbnailUrl":"https:\/\/tribunademinas.audiencelabs.com.br\/wp-content\/uploads\/2025\/11\/conta-de-luz-dispara-bandeira-vermelha-exige-economia-energia-urgente.jpg","datePublished":"2025-11-09T11:00:00+00:00","description":"Na \u00faltima sexta-feira (31), a Ag\u00eancia Nacional de Energia El\u00e9trica (Aneel) fez um alerta preocupante sobre a conta de luz.","breadcrumb":{"@id":"https:\/\/tribunademinas.audiencelabs.com.br\/conta-de-luz-dispara-com-bandeira-vermelha-e-exige-economia-urgente\/#breadcrumb"},"inLanguage":"pt-BR","potentialAction":[{"@type":"ReadAction","target":["https:\/\/tribunademinas.audiencelabs.com.br\/conta-de-luz-dispara-com-bandeira-vermelha-e-exige-economia-urgente\/"]}]},{"@type":"ImageObject","inLanguage":"pt-BR","@id":"https:\/\/tribunademinas.audiencelabs.com.br\/conta-de-luz-dispara-com-bandeira-vermelha-e-exige-economia-urgente\/#primaryimage","url":"https:\/\/tribunademinas.audiencelabs.com.br\/wp-content\/uploads\/2025\/11\/conta-de-luz-dispara-bandeira-vermelha-exige-economia-energia-urgente.jpg","contentUrl":"https:\/\/tribunademinas.audiencelabs.com.br\/wp-content\/uploads\/2025\/11\/conta-de-luz-dispara-bandeira-vermelha-exige-economia-energia-urgente.jpg","width":1920,"height":1080,"caption":"Foto: Anthony Indraus\/Unsplash"},{"@type":"BreadcrumbList","@id":"https:\/\/tribunademinas.audiencelabs.com.br\/conta-de-luz-dispara-com-bandeira-vermelha-e-exige-economia-urgente\/#breadcrumb","itemListElement":[{"@type":"ListItem","position":1,"name":"In\u00edcio","item":"https:\/\/tribunademinas.audiencelabs.com.br\/"},{"@type":"ListItem","position":2,"name":"Conta de luz dispara com bandeira vermelha e exige economia urgente"}]},{"@type":"WebSite","@id":"https:\/\/tribunademinas.audiencelabs.com.br\/#website","url":"https:\/\/tribunademinas.audiencelabs.com.br\/","name":"Tribuna de Minas - Dinheiro e Cidadania","description":"","publisher":{"@id":"https:\/\/tribunademinas.audiencelabs.com.br\/#organization"},"potentialAction":[{"@type":"SearchAction","target":{"@type":"EntryPoint","urlTemplate":"https:\/\/tribunademinas.audiencelabs.com.br\/?s={search_term_string}"},"query-input":{"@type":"PropertyValueSpecification","valueRequired":true,"valueName":"search_term_string"}}],"inLanguage":"pt-BR"},{"@type":"Organization","@id":"https:\/\/tribunademinas.audiencelabs.com.br\/#organization","name":"Tribuna de Minas - Dinheiro e Cidadania","url":"https:\/\/tribunademinas.audiencelabs.com.br\/","logo":{"@type":"ImageObject","inLanguage":"pt-BR","@id":"https:\/\/tribunademinas.audiencelabs.com.br\/#\/schema\/logo\/image\/","url":"https:\/\/tribunademinas.audiencelabs.com.br\/wp-content\/uploads\/2025\/08\/cropped-Tribuna_512x512-96x96-1.png","contentUrl":"https:\/\/tribunademinas.audiencelabs.com.br\/wp-content\/uploads\/2025\/08\/cropped-Tribuna_512x512-96x96-1.png","width":96,"height":96,"caption":"Tribuna de Minas - Dinheiro e Cidadania"},"image":{"@id":"https:\/\/tribunademinas.audiencelabs.com.br\/#\/schema\/logo\/image\/"},"sameAs":["https:\/\/www.facebook.com\/tribunademinas\/","https:\/\/x.com\/tribunademinas","https:\/\/www.instagram.com\/tribunademinas\/","https:\/\/www.youtube.com\/user\/TribunadeMinasJF"]},{"@type":"Person","@id":"https:\/\/tribunademinas.audiencelabs.com.br\/#\/schema\/person\/37af466a64a722fadb8ef6841c52114f","name":"Jo\u00e3o Carlos Gomes","image":{"@type":"ImageObject","inLanguage":"pt-BR","@id":"https:\/\/tribunademinas.audiencelabs.com.br\/#\/schema\/person\/image\/","url":"https:\/\/secure.gravatar.com\/avatar\/4ce4672dbdd694b329cd6fdb51bee7d1409be1f0ff76a537e4c4a737b2c7d1a9?s=96&d=mm&r=g","contentUrl":"https:\/\/secure.gravatar.com\/avatar\/4ce4672dbdd694b329cd6fdb51bee7d1409be1f0ff76a537e4c4a737b2c7d1a9?s=96&d=mm&r=g","caption":"Jo\u00e3o Carlos Gomes"},"description":"Jornalista formado pelo Centro Universit\u00e1rio Carioca, apreciador da Bossa Nova ao Metal Extremo, criador de conte\u00fado e m\u00fasico independente nas horas vagas.","url":"https:\/\/tribunademinas.audiencelabs.com.br\/author\/joaoc-junior\/"}]}},"amp_enabled":true,"_links":{"self":[{"href":"https:\/\/tribunademinas.audiencelabs.com.br\/wp-json\/wp\/v2\/posts\/3424","targetHints":{"allow":["GET"]}}],"collection":[{"href":"https:\/\/tribunademinas.audiencelabs.com.br\/wp-json\/wp\/v2\/posts"}],"about":[{"href":"https:\/\/tribunademinas.audiencelabs.com.br\/wp-json\/wp\/v2\/types\/post"}],"author":[{"embeddable":true,"href":"https:\/\/tribunademinas.audiencelabs.com.br\/wp-json\/wp\/v2\/users\/3"}],"replies":[{"embeddable":true,"href":"https:\/\/tribunademinas.audiencelabs.com.br\/wp-json\/wp\/v2\/comments?post=3424"}],"version-history":[{"count":2,"href":"https:\/\/tribunademinas.audiencelabs.com.br\/wp-json\/wp\/v2\/posts\/3424\/revisions"}],"predecessor-version":[{"id":3713,"href":"https:\/\/tribunademinas.audiencelabs.com.br\/wp-json\/wp\/v2\/posts\/3424\/revisions\/3713"}],"wp:featuredmedia":[{"embeddable":true,"href":"https:\/\/tribunademinas.audiencelabs.com.br\/wp-json\/wp\/v2\/media\/3425"}],"wp:attachment":[{"href":"https:\/\/tribunademinas.audiencelabs.com.br\/wp-json\/wp\/v2\/media?parent=3424"}],"wp:term":[{"taxonomy":"category","embeddable":true,"href":"https:\/\/tribunademinas.audiencelabs.com.br\/wp-json\/wp\/v2\/categories?post=3424"},{"taxonomy":"post_tag","embeddable":true,"href":"https:\/\/tribunademinas.audiencelabs.com.br\/wp-json\/wp\/v2\/tags?post=3424"}],"curies":[{"name":"wp","href":"https:\/\/api.w.org\/{rel}","templated":true}]}}