{"id":3422,"date":"2025-11-03T16:42:38","date_gmt":"2025-11-03T19:42:38","guid":{"rendered":"https:\/\/tribunademinas.audiencelabs.com.br\/?p=3422"},"modified":"2025-11-04T11:56:23","modified_gmt":"2025-11-04T14:56:23","slug":"calendario-pis-pasep-2026-deve-sair-neste-mes-de-novembro","status":"publish","type":"post","link":"https:\/\/tribunademinas.audiencelabs.com.br\/calendario-pis-pasep-2026-deve-sair-neste-mes-de-novembro\/","title":{"rendered":"Calend\u00e1rio PIS\/Pasep 2026 deve sair neste m\u00eas de novembro"},"content":{"rendered":"\n<p>O Abono Salarial PIS\/Pasep \u00e9 um benef\u00edcio anual pago a trabalhadores com carteira assinada que recebem, em m\u00e9dia, at\u00e9 dois sal\u00e1rios m\u00ednimos mensais. Criado como uma forma de distribui\u00e7\u00e3o de renda, o abono tem valores proporcionais ao tempo de trabalho no ano-base. <\/p>\n\n\n\n<p>Apesar do interesse crescente sobre o calend\u00e1rio de pagamentos referente ao ano-base 2024, os trabalhadores ainda aguardam a divulga\u00e7\u00e3o oficial das datas para 2026, que devem ser anunciadas ainda neste m\u00eas de novembro.<\/p>\n\n\n\n<h2 class=\"wp-block-heading\">Calend\u00e1rio PIS\/Pasep 2026 deve sair neste m\u00eas de novembro<\/h2>\n\n\n\n<p>A libera\u00e7\u00e3o do cronograma de pagamentos est\u00e1 condicionada \u00e0 aprova\u00e7\u00e3o do Conselho Deliberativo do Fundo de Amparo ao Trabalhador (<a href=\"https:\/\/portalfat.mte.gov.br\/\"><strong>Codefat<\/strong><\/a>), que re\u00fane representantes do governo federal, das empresas e dos trabalhadores. <\/p>\n\n\n\n<p>Essa reuni\u00e3o est\u00e1 marcada para o final de novembro e, uma vez definido o calend\u00e1rio, a publica\u00e7\u00e3o ocorre no Di\u00e1rio Oficial da Uni\u00e3o, o que deve acontecer ainda antes do fim do ano. <\/p>\n\n\n<style>@media (min-width: 992px) {\n    .recomendadorV2Area1 {\n        width: 280px;\n    }\n    .recomendadorV2Area2 {\n        padding: 0px 20px;\n        width: calc(100% - 280px);\n    }\n}\n\n@media (max-width: 992px) {\n    .recomendadorV2Button {\n        margin: 0 auto;\n    }\n    .recomendadorV2Area {\n        flex-direction: column;\n        text-align: center;\n    }\n    .recomendadorV2Area2 {\n        padding: 0px 20px;\n    }\n}\n\n.recomendadorV2Area {\n    background: #eeeeee3d;\n    border-radius: 10px;\n    padding: 15px;\n    display: flex;\n    margin: 15px auto;\n    border: 1px solid #00000014;\n    max-width: 800px;\n}\n\n.recomendadorV2Area1 img {\n    width: 280px;\n    height: auto;\n    border-radius: 8px;\n}\n\n.linkrecomendadorv2 {\n    text-decoration: none !important;\n}\n\n.recomendadorV2Area2 .recomendadorV2Type {\n    text-transform: uppercase;\n    font-weight: 500;\n    font-size: 11px;\n    letter-spacing: 2px;\n    color: #666;\n    margin: 12px 0;\n    display: block;\n}\n\n.recomendadorV2Title h2 {\n    padding-top: 0px !important;\n    margin: 0px !important;\n    border-left: none !important;\n    padding-left: 0px !important;\n    line-height: 1.3;\n    color: #000 !important;\n    font-size: 24px;\n    margin-bottom: 12px !important;\n}\n\n.recomendadorV2Desc {\n    color: #333;\n    margin: 12px 0px !important;\n    font-size: 15px;\n    line-height: 1.5;\n}\n\n.recomendadorV2Button {\n    width: auto;\n    max-width: 200px;\n    margin: 0;\n    display: inline-flex;\n    align-items: center;\n    background: #1D3557;\n    border-radius: 8px;\n    color: #fff;\n    height: 36px;\n    justify-content: center;\n    text-align: center;\n    font-size: 14px;\n    padding: 0 20px;\n    transition: background-color 0.2s ease;\n}\n\n.recomendadorV2Button:hover {\n    background: #2a4d7a;\n}\n\n.recomendadorV2Button:after {\n    margin-top: -2px;\n    content: \"\u2192\";\n    padding: 0px 0px 0px 8px;\n}\n\n.recomendadorV2Alert {\n    text-align: left;\n    font-size: 11px;\n    margin-top: 8px;\n    color: #666;\n}\n\n.recomendadorFixedArea {\n    width: 100%;\n    display: flex;\n    justify-content: center;\n    align-items: center;\n}\n\n@media (min-width: 992px) {\n    #recomendadorFixed {\n        width: 32% !important;\n        left: 5%;\n    }\n    .recomendadorCloseFixed{\n        right: inherit !important;\n        left: 378px !important;\n    }\n}\n\n#recomendadorFixed {\n    width: 90%;\n    box-shadow: 0 10px 20px 0px #00000057;\n    display: none;\n    height: 90px;\n    background: #F6F6F6;\n    position: fixed;\n    flex-direction: row;\n    bottom: 10px;\n    z-index: 9999;\n    border-radius: 16px;\n    padding: 7px 10px;\n}\n\n.recomendadorLeftArea {\n    width: 160px;\n}\n\n.recomendadorRightArea h2 {\n    padding-top: 0px;\n    margin: 2px 0px 4px 0px !important;\n    font-weight: 400;\n    text-align: center;\n    padding-left: 0px !important;\n    color: #000 !important;\n    border-left: none !important;\n    line-height: 20px;\n    font-size: 12px !important;\n}\n\n.recomendadorImgFixed {\n    overflow: hidden;\n    padding: 8px 6px;\n    height: 100%;\n}\n\n.recomendadorImgFixed img {\n    height: 100% !important;\n    border-radius: 16px;\n}\n\n.recomendadorRightArea {\n    padding-top: 6px;\n    display: flex;\n    width: calc(100% - 130px);\n    justify-content: space-between;\n    align-items: center;\n    flex-direction: column;\n}\n\n.recomendadorButtonFixed {\n    margin: 0 auto;\n    background: #1D3557;\n    width: 80%;\n    text-align: center;\n    font-size: 10px;\n    color: #FFF;\n    padding: 2px 10px;\n    border-radius: 3px;\n}\n\n.recomendadorButtonFixed:after {\n    margin-top: -3px;\n    content: \"\u2192\";\n    padding: 0px 0px 0px 10px;\n}\n\n.recomendadorAlertFixed {\n    font-weight: 400;\n    text-align: center;\n    color: #484848;\n    font-size: 8px;\n}\n\n.recomendadorCloseFixed {\n    z-index: 99999;\n    display: none;\n    right: 0px;\n    left: inherit;\n    bottom: 99px;\n    position: fixed;\n    justify-content: center;\n    background: #F6F6F6;\n    width: 25px;\n    align-items: center;\n    height: 25px;\n    font-weight: 800;\n    border-radius: 50%;\n    border: 1px solid #EBEBEB;\n}\n\n.recomendadorV2Desc{\n    color: #000000;\n    margin: 20px 0px;\n}\n\n@media (max-width: 576px) {\n    .recomendadorV2Area {\n      padding: 10px;\n      max-width: 100%;\n    }\n  \n    .recomendadorV2Area1 img {\n      width: 100%;\n      border-radius: 6px;\n    }\n  \n    .recomendadorV2Area2 .recomendadorV2Type {\n      font-size: 9px;\n      letter-spacing: 1px;\n      margin: 8px 0;\n    }\n  \n    .recomendadorV2Title h2 {\n      font-size: 18px !important;\n      margin-bottom: 8px !important;\n      line-height: 1.2;\n    }\n  \n    .recomendadorV2Desc {\n      font-size: 14px;\n      margin: 8px 0 !important;\n      line-height: 1.4;\n    }\n  \n    .recomendadorV2Button {\n      font-size: 12px;\n      height: 30px;\n      padding: 0 12px;\n      max-width: 160px;\n    }\n  \n    .recomendadorV2Button:after {\n      padding-left: 6px;\n    }\n  }\n  <\/style>\n        <div class=\"lazyblock-recomendador-v2-2jDGz wp-block-lazyblock-recomendador-v2\">\n        <a class=\"linkrecomendadorv2\" href=\"https:\/\/tribunademinas.com.br\/colunas\/dinheiroecidadania\/cobrancas-de-emprestimos-ganham-pausa-de-120-dias-para-muitos\/?utm_source=lazy\">\n            <div class=\"recomendadorV2Area\">\n            <div class=\"recomendadorV2Area1\">\n                <div class=\"recomendadorV2Img\">\n                <img class=\"lazyloaded\" decoding=\"async\" src=\"https:\/\/tribunademinas.audiencelabs.com.br\/wp-content\/uploads\/2025\/11\/emprestimos.jpg\" data-src=\"https:\/\/tribunademinas.audiencelabs.com.br\/wp-content\/uploads\/2025\/11\/emprestimos.jpg\" alt=\"\">\n                <\/div>\n            <\/div>\n            <div class=\"recomendadorV2Area2\">\n                <div class=\"recomendadorV2Type\">\n                    <span>Pausa empr\u00e9stimos<\/span>\n                <\/div>\n                <div class=\"recomendadorV2Title\">\n                <h2><span>Cobran\u00e7as paralisadas por 120 dias \ud83d\udcb3<\/span><\/h2>\n                <\/div>\n                <div class=\"recomendadorV2Desc\">\n                <span>Muitos t\u00eam tr\u00e9gua nas parcelas dos empr\u00e9stimos<\/span>\n                <\/div>\n                <div class=\"recomendadorV2Button\">Entenda a medida<\/div>\n                <div class=\"recomendadorV2Alert\"><\/div>\n            <\/div>\n            <\/div>\n        <\/a>\n        <div>\n            <div style=\"z-index:99999;\" id=\"buttonClose\" onclick=\"closeRecomendadorFixed()\">\n            <div class=\"recomendadorCloseFixed\">X<\/div>\n            <\/div>\n            <a href=\"https:\/\/tribunademinas.com.br\/colunas\/dinheiroecidadania\/cobrancas-de-emprestimos-ganham-pausa-de-120-dias-para-muitos\/?utm_source=lazy\">\n            <div class=\"recomendadorFixedArea\">\n                <div id=\"recomendadorFixed\">\n                <div class=\"recomendadorLeftArea\">\n                    <div class=\"recomendadorImgFixed\">\n                    <img class=\"lazyload\" decoding=\"async\" src=\"https:\/\/tribunademinas.audiencelabs.com.br\/wp-content\/uploads\/2025\/11\/emprestimos.jpg\" alt=\"\">\n                    <\/div>\n                <\/div>\n                <div class=\"recomendadorRightArea\">\n                    <div class=\"recomendadorTitleFixed\">\n                    <h2><span>Cobran\u00e7as paralisadas por 120 dias \ud83d\udcb3<\/span><\/h2>\n                    <\/div>\n                    <div class=\"recomendadorButtonFixed\">Entenda a medida<\/div>\n                    <div class=\"recomendadorAlertFixed\"><\/div>\n                <\/div>\n                <\/div>\n            <\/div>\n            <\/a>\n        <\/div>\n        <\/div>\n\n\n\n<p>O valor a ser pago tamb\u00e9m depende da defini\u00e7\u00e3o do sal\u00e1rio m\u00ednimo de 2026, cujo reajuste \u00e9 normalmente anunciado em dezembro com base nos \u00edndices de infla\u00e7\u00e3o e no crescimento da economia.<\/p>\n\n\n\n<p>O benef\u00edcio se divide em dois grupos distintos: o PIS, que \u00e9 pago pela Caixa Econ\u00f4mica Federal aos empregados do setor privado, e o Pasep, repassado pelo Banco do Brasil aos servidores p\u00fablicos. <\/p>\n\n\n\n<p>Embora ambos tenham as mesmas regras b\u00e1sicas, a forma de recebimento difere. Os pagamentos do PIS seguem a data de nascimento do trabalhador, enquanto os do Pasep consideram o n\u00famero final de inscri\u00e7\u00e3o do servidor.<\/p>\n\n\n\n<h3 class=\"wp-block-heading\">Quem recebe o PIS\/Pasep em 2026?<\/h3>\n\n\n\n<p>Para ter direito ao abono em 2026, \u00e9 necess\u00e1rio que o trabalhador tenha atuado com carteira assinada por pelo menos 30 dias em 2024, esteja inscrito no PIS\/Pasep h\u00e1, no m\u00ednimo, cinco anos, e tenha recebido at\u00e9 dois sal\u00e1rios m\u00ednimos mensais, em m\u00e9dia. <\/p>\n\n\n\n<p>Al\u00e9m disso, o empregador precisa ter informado corretamente os dados do funcion\u00e1rio nos sistemas oficiais do governo, como o eSocial ou a RAIS.<\/p>\n\n\n\n<p>Enquanto os repasses para 2026 ainda est\u00e3o em fase de defini\u00e7\u00e3o, os valores referentes ao ano-base de 2023 j\u00e1 est\u00e3o dispon\u00edveis para saque. <\/p>\n\n\n\n<p>Quem ainda n\u00e3o retirou o benef\u00edcio de 2025 tem at\u00e9 o dia 29 de dezembro para faz\u00ea-lo, utilizando o aplicativo da Carteira de Trabalho Digital ou acessando o portal Gov.br com login unificado.<\/p>\n\n\n\n<p><\/p>\n","protected":false},"excerpt":{"rendered":"<p>O Abono Salarial PIS\/Pasep \u00e9 um benef\u00edcio anual pago a trabalhadores com carteira assinada que recebem, em m\u00e9dia, at\u00e9 dois sal\u00e1rios m\u00ednimos mensais. Criado como uma forma de distribui\u00e7\u00e3o de renda, o abono tem valores proporcionais ao tempo de trabalho no ano-base. Apesar do interesse crescente sobre o calend\u00e1rio de pagamentos referente ao ano-base 2024, [&hellip;]<\/p>\n","protected":false},"author":5,"featured_media":3426,"comment_status":"open","ping_status":"open","sticky":false,"template":"","format":"standard","meta":{"jnews-multi-image_gallery":[],"jnews_single_post":{"format":"standard"},"jnews_primary_category":[],"jnews_social_meta":[],"jnews_post_split":[],"footnotes":""},"categories":[159],"tags":[],"class_list":["post-3422","post","type-post","status-publish","format-standard","has-post-thumbnail","hentry","category-cidadania"],"yoast_head":"<!-- This site is optimized with the Yoast SEO plugin v25.6 - https:\/\/yoast.com\/wordpress\/plugins\/seo\/ -->\n<title>Calend\u00e1rio PIS\/Pasep 2026 deve sair neste m\u00eas de novembro<\/title>\n<meta name=\"description\" content=\"O Abono Salarial PIS\/Pasep \u00e9 um benef\u00edcio anual pago a trabalhadores com carteira assinada que recebem, em m\u00e9dia, at\u00e9 dois sal\u00e1rios m\u00ednimos.\" \/>\n<meta name=\"robots\" content=\"index, follow, max-snippet:-1, max-image-preview:large, max-video-preview:-1\" \/>\n<link rel=\"canonical\" href=\"https:\/\/tribunademinas.audiencelabs.com.br\/calendario-pis-pasep-2026-deve-sair-neste-mes-de-novembro\/\" \/>\n<meta property=\"og:locale\" content=\"pt_BR\" \/>\n<meta property=\"og:type\" content=\"article\" \/>\n<meta property=\"og:title\" content=\"Calend\u00e1rio PIS\/Pasep 2026 deve sair neste m\u00eas de novembro\" \/>\n<meta property=\"og:description\" content=\"O Abono Salarial PIS\/Pasep \u00e9 um benef\u00edcio anual pago a trabalhadores com carteira assinada que recebem, em m\u00e9dia, at\u00e9 dois sal\u00e1rios m\u00ednimos.\" \/>\n<meta property=\"og:url\" content=\"https:\/\/tribunademinas.audiencelabs.com.br\/calendario-pis-pasep-2026-deve-sair-neste-mes-de-novembro\/\" \/>\n<meta property=\"og:site_name\" content=\"Tribuna de Minas - Dinheiro e Cidadania\" \/>\n<meta property=\"article:publisher\" content=\"https:\/\/www.facebook.com\/tribunademinas\/\" \/>\n<meta property=\"article:published_time\" content=\"2025-11-03T19:42:38+00:00\" \/>\n<meta property=\"article:modified_time\" content=\"2025-11-04T14:56:23+00:00\" \/>\n<meta property=\"og:image\" content=\"https:\/\/tribunademinas.audiencelabs.com.br\/wp-content\/uploads\/2025\/11\/PIS.webp\" \/>\n\t<meta property=\"og:image:width\" content=\"1170\" \/>\n\t<meta property=\"og:image:height\" content=\"700\" \/>\n\t<meta property=\"og:image:type\" content=\"image\/webp\" \/>\n<meta name=\"author\" content=\"Jeferson Carvalho\" \/>\n<meta name=\"twitter:card\" content=\"summary_large_image\" \/>\n<meta name=\"twitter:creator\" content=\"@tribunademinas\" \/>\n<meta name=\"twitter:site\" content=\"@tribunademinas\" \/>\n<meta name=\"twitter:label1\" content=\"Escrito por\" \/>\n\t<meta name=\"twitter:data1\" content=\"Jeferson Carvalho\" \/>\n\t<meta name=\"twitter:label2\" content=\"Est. tempo de leitura\" \/>\n\t<meta name=\"twitter:data2\" content=\"3 minutos\" \/>\n<!-- \/ Yoast SEO plugin. -->","yoast_head_json":{"title":"Calend\u00e1rio PIS\/Pasep 2026 deve sair neste m\u00eas de novembro","description":"O Abono Salarial PIS\/Pasep \u00e9 um benef\u00edcio anual pago a trabalhadores com carteira assinada que recebem, em m\u00e9dia, at\u00e9 dois sal\u00e1rios m\u00ednimos.","robots":{"index":"index","follow":"follow","max-snippet":"max-snippet:-1","max-image-preview":"max-image-preview:large","max-video-preview":"max-video-preview:-1"},"canonical":"https:\/\/tribunademinas.audiencelabs.com.br\/calendario-pis-pasep-2026-deve-sair-neste-mes-de-novembro\/","og_locale":"pt_BR","og_type":"article","og_title":"Calend\u00e1rio PIS\/Pasep 2026 deve sair neste m\u00eas de novembro","og_description":"O Abono Salarial PIS\/Pasep \u00e9 um benef\u00edcio anual pago a trabalhadores com carteira assinada que recebem, em m\u00e9dia, at\u00e9 dois sal\u00e1rios m\u00ednimos.","og_url":"https:\/\/tribunademinas.audiencelabs.com.br\/calendario-pis-pasep-2026-deve-sair-neste-mes-de-novembro\/","og_site_name":"Tribuna de Minas - Dinheiro e Cidadania","article_publisher":"https:\/\/www.facebook.com\/tribunademinas\/","article_published_time":"2025-11-03T19:42:38+00:00","article_modified_time":"2025-11-04T14:56:23+00:00","og_image":[{"width":1170,"height":700,"url":"https:\/\/tribunademinas.audiencelabs.com.br\/wp-content\/uploads\/2025\/11\/PIS.webp","type":"image\/webp"}],"author":"Jeferson Carvalho","twitter_card":"summary_large_image","twitter_creator":"@tribunademinas","twitter_site":"@tribunademinas","twitter_misc":{"Escrito por":"Jeferson Carvalho","Est. tempo de leitura":"3 minutos"},"schema":{"@context":"https:\/\/schema.org","@graph":[{"@type":"Article","@id":"https:\/\/tribunademinas.audiencelabs.com.br\/calendario-pis-pasep-2026-deve-sair-neste-mes-de-novembro\/#article","isPartOf":{"@id":"https:\/\/tribunademinas.audiencelabs.com.br\/calendario-pis-pasep-2026-deve-sair-neste-mes-de-novembro\/"},"author":{"name":"Jeferson Carvalho","@id":"https:\/\/tribunademinas.audiencelabs.com.br\/#\/schema\/person\/db18fc40307804bacef94213aa68fd9d"},"headline":"Calend\u00e1rio PIS\/Pasep 2026 deve sair neste m\u00eas de novembro","datePublished":"2025-11-03T19:42:38+00:00","dateModified":"2025-11-04T14:56:23+00:00","mainEntityOfPage":{"@id":"https:\/\/tribunademinas.audiencelabs.com.br\/calendario-pis-pasep-2026-deve-sair-neste-mes-de-novembro\/"},"wordCount":477,"commentCount":0,"publisher":{"@id":"https:\/\/tribunademinas.audiencelabs.com.br\/#organization"},"image":{"@id":"https:\/\/tribunademinas.audiencelabs.com.br\/calendario-pis-pasep-2026-deve-sair-neste-mes-de-novembro\/#primaryimage"},"thumbnailUrl":"https:\/\/tribunademinas.audiencelabs.com.br\/wp-content\/uploads\/2025\/11\/PIS.webp","articleSection":["Cidadania"],"inLanguage":"pt-BR","potentialAction":[{"@type":"CommentAction","name":"Comment","target":["https:\/\/tribunademinas.audiencelabs.com.br\/calendario-pis-pasep-2026-deve-sair-neste-mes-de-novembro\/#respond"]}]},{"@type":"WebPage","@id":"https:\/\/tribunademinas.audiencelabs.com.br\/calendario-pis-pasep-2026-deve-sair-neste-mes-de-novembro\/","url":"https:\/\/tribunademinas.audiencelabs.com.br\/calendario-pis-pasep-2026-deve-sair-neste-mes-de-novembro\/","name":"Calend\u00e1rio PIS\/Pasep 2026 deve sair neste m\u00eas de novembro","isPartOf":{"@id":"https:\/\/tribunademinas.audiencelabs.com.br\/#website"},"primaryImageOfPage":{"@id":"https:\/\/tribunademinas.audiencelabs.com.br\/calendario-pis-pasep-2026-deve-sair-neste-mes-de-novembro\/#primaryimage"},"image":{"@id":"https:\/\/tribunademinas.audiencelabs.com.br\/calendario-pis-pasep-2026-deve-sair-neste-mes-de-novembro\/#primaryimage"},"thumbnailUrl":"https:\/\/tribunademinas.audiencelabs.com.br\/wp-content\/uploads\/2025\/11\/PIS.webp","datePublished":"2025-11-03T19:42:38+00:00","dateModified":"2025-11-04T14:56:23+00:00","description":"O Abono Salarial PIS\/Pasep \u00e9 um benef\u00edcio anual pago a trabalhadores com carteira assinada que recebem, em m\u00e9dia, at\u00e9 dois sal\u00e1rios m\u00ednimos.","breadcrumb":{"@id":"https:\/\/tribunademinas.audiencelabs.com.br\/calendario-pis-pasep-2026-deve-sair-neste-mes-de-novembro\/#breadcrumb"},"inLanguage":"pt-BR","potentialAction":[{"@type":"ReadAction","target":["https:\/\/tribunademinas.audiencelabs.com.br\/calendario-pis-pasep-2026-deve-sair-neste-mes-de-novembro\/"]}]},{"@type":"ImageObject","inLanguage":"pt-BR","@id":"https:\/\/tribunademinas.audiencelabs.com.br\/calendario-pis-pasep-2026-deve-sair-neste-mes-de-novembro\/#primaryimage","url":"https:\/\/tribunademinas.audiencelabs.com.br\/wp-content\/uploads\/2025\/11\/PIS.webp","contentUrl":"https:\/\/tribunademinas.audiencelabs.com.br\/wp-content\/uploads\/2025\/11\/PIS.webp","width":1170,"height":700,"caption":"Calend\u00e1rio PIS\/Pasep 2026 deve sair neste m\u00eas de novembro - Imagem: Marcelo Camargo\/Ag\u00eancia Brasil"},{"@type":"BreadcrumbList","@id":"https:\/\/tribunademinas.audiencelabs.com.br\/calendario-pis-pasep-2026-deve-sair-neste-mes-de-novembro\/#breadcrumb","itemListElement":[{"@type":"ListItem","position":1,"name":"In\u00edcio","item":"https:\/\/tribunademinas.audiencelabs.com.br\/"},{"@type":"ListItem","position":2,"name":"Calend\u00e1rio PIS\/Pasep 2026 deve sair neste m\u00eas de novembro"}]},{"@type":"WebSite","@id":"https:\/\/tribunademinas.audiencelabs.com.br\/#website","url":"https:\/\/tribunademinas.audiencelabs.com.br\/","name":"Tribuna de Minas - Dinheiro e Cidadania","description":"","publisher":{"@id":"https:\/\/tribunademinas.audiencelabs.com.br\/#organization"},"potentialAction":[{"@type":"SearchAction","target":{"@type":"EntryPoint","urlTemplate":"https:\/\/tribunademinas.audiencelabs.com.br\/?s={search_term_string}"},"query-input":{"@type":"PropertyValueSpecification","valueRequired":true,"valueName":"search_term_string"}}],"inLanguage":"pt-BR"},{"@type":"Organization","@id":"https:\/\/tribunademinas.audiencelabs.com.br\/#organization","name":"Tribuna de Minas - Dinheiro e Cidadania","url":"https:\/\/tribunademinas.audiencelabs.com.br\/","logo":{"@type":"ImageObject","inLanguage":"pt-BR","@id":"https:\/\/tribunademinas.audiencelabs.com.br\/#\/schema\/logo\/image\/","url":"https:\/\/tribunademinas.audiencelabs.com.br\/wp-content\/uploads\/2025\/08\/cropped-Tribuna_512x512-96x96-1.png","contentUrl":"https:\/\/tribunademinas.audiencelabs.com.br\/wp-content\/uploads\/2025\/08\/cropped-Tribuna_512x512-96x96-1.png","width":96,"height":96,"caption":"Tribuna de Minas - Dinheiro e Cidadania"},"image":{"@id":"https:\/\/tribunademinas.audiencelabs.com.br\/#\/schema\/logo\/image\/"},"sameAs":["https:\/\/www.facebook.com\/tribunademinas\/","https:\/\/x.com\/tribunademinas","https:\/\/www.instagram.com\/tribunademinas\/","https:\/\/www.youtube.com\/user\/TribunadeMinasJF"]},{"@type":"Person","@id":"https:\/\/tribunademinas.audiencelabs.com.br\/#\/schema\/person\/db18fc40307804bacef94213aa68fd9d","name":"Jeferson Carvalho","image":{"@type":"ImageObject","inLanguage":"pt-BR","@id":"https:\/\/tribunademinas.audiencelabs.com.br\/#\/schema\/person\/image\/","url":"https:\/\/secure.gravatar.com\/avatar\/cd7646e328d9670dad7dea8698522e522745eeffcff5b9d08be858e377ce326b?s=96&d=mm&r=g","contentUrl":"https:\/\/secure.gravatar.com\/avatar\/cd7646e328d9670dad7dea8698522e522745eeffcff5b9d08be858e377ce326b?s=96&d=mm&r=g","caption":"Jeferson Carvalho"},"description":"Jornalista apaixonado pela profiss\u00e3o!","url":"https:\/\/tribunademinas.audiencelabs.com.br\/author\/jeferson\/"}]}},"amp_enabled":true,"_links":{"self":[{"href":"https:\/\/tribunademinas.audiencelabs.com.br\/wp-json\/wp\/v2\/posts\/3422","targetHints":{"allow":["GET"]}}],"collection":[{"href":"https:\/\/tribunademinas.audiencelabs.com.br\/wp-json\/wp\/v2\/posts"}],"about":[{"href":"https:\/\/tribunademinas.audiencelabs.com.br\/wp-json\/wp\/v2\/types\/post"}],"author":[{"embeddable":true,"href":"https:\/\/tribunademinas.audiencelabs.com.br\/wp-json\/wp\/v2\/users\/5"}],"replies":[{"embeddable":true,"href":"https:\/\/tribunademinas.audiencelabs.com.br\/wp-json\/wp\/v2\/comments?post=3422"}],"version-history":[{"count":2,"href":"https:\/\/tribunademinas.audiencelabs.com.br\/wp-json\/wp\/v2\/posts\/3422\/revisions"}],"predecessor-version":[{"id":3469,"href":"https:\/\/tribunademinas.audiencelabs.com.br\/wp-json\/wp\/v2\/posts\/3422\/revisions\/3469"}],"wp:featuredmedia":[{"embeddable":true,"href":"https:\/\/tribunademinas.audiencelabs.com.br\/wp-json\/wp\/v2\/media\/3426"}],"wp:attachment":[{"href":"https:\/\/tribunademinas.audiencelabs.com.br\/wp-json\/wp\/v2\/media?parent=3422"}],"wp:term":[{"taxonomy":"category","embeddable":true,"href":"https:\/\/tribunademinas.audiencelabs.com.br\/wp-json\/wp\/v2\/categories?post=3422"},{"taxonomy":"post_tag","embeddable":true,"href":"https:\/\/tribunademinas.audiencelabs.com.br\/wp-json\/wp\/v2\/tags?post=3422"}],"curies":[{"name":"wp","href":"https:\/\/api.w.org\/{rel}","templated":true}]}}