{"id":3403,"date":"2025-11-01T22:45:00","date_gmt":"2025-11-02T01:45:00","guid":{"rendered":"https:\/\/tribunademinas.audiencelabs.com.br\/?p=3403"},"modified":"2025-10-31T20:14:46","modified_gmt":"2025-10-31T23:14:46","slug":"mais-de-60-anos-dividas-podem-nao-ser-mais-sua-prioridade-legal","status":"publish","type":"post","link":"https:\/\/tribunademinas.audiencelabs.com.br\/mais-de-60-anos-dividas-podem-nao-ser-mais-sua-prioridade-legal\/","title":{"rendered":"Mais de 60 anos? D\u00edvidas podem n\u00e3o ser mais sua prioridade legal"},"content":{"rendered":"\n<p>Ao longo da vida adulta, lidar com d\u00edvidas \u00e9 praticamente inevit\u00e1vel. Cart\u00f5es de cr\u00e9dito, financiamentos, contas de consumo, tudo isso faz parte da rotina financeira de milh\u00f5es de brasileiros. <\/p>\n\n\n\n<p>No entanto, quando a terceira idade chega, outras preocupa\u00e7\u00f5es ganham destaque, especialmente a sa\u00fade e o bem-estar. <\/p>\n\n\n\n<p>\u00c9 nesse contexto que surge uma not\u00edcia positiva para quem tem mais de 60 anos: a legisla\u00e7\u00e3o brasileira oferece mecanismos que aliviam a press\u00e3o das d\u00edvidas para os idosos, permitindo que essa etapa da vida seja vivida com mais dignidade e menos preocupa\u00e7\u00e3o financeira.<\/p>\n\n\n\n<h2 class=\"wp-block-heading\">Mais de 60 anos? D\u00edvidas podem n\u00e3o ser mais sua prioridade legal<\/h2>\n\n\n\n<p>A chamada <a href=\"https:\/\/www.planalto.gov.br\/ccivil_03\/_ato2019-2022\/2021\/lei\/l14181.htm\"><strong>Lei do Superendividamento<\/strong><\/a>, sancionada em 2021, veio justamente para criar uma rede de prote\u00e7\u00e3o a consumidores em situa\u00e7\u00e3o de vulnerabilidade, e os idosos est\u00e3o entre os principais beneficiados. <\/p>\n\n\n\n<p>A legisla\u00e7\u00e3o foi incorporada ao C\u00f3digo de Defesa do Consumidor e estabelece regras que impedem pr\u00e1ticas abusivas por parte de institui\u00e7\u00f5es financeiras, al\u00e9m de facilitar a renegocia\u00e7\u00e3o de d\u00e9bitos acumulados.<\/p>\n\n\n\n<p>Para quem passou dos 60 anos, a lei representa uma mudan\u00e7a significativa. Ela garante que a renda m\u00ednima necess\u00e1ria para uma vida digna n\u00e3o seja comprometida por cobran\u00e7as excessivas ou juros abusivos. <\/p>\n\n\n\n<p>Ou seja, o idoso n\u00e3o \u00e9 obrigado a escolher entre pagar uma d\u00edvida ou comprar rem\u00e9dios, alimentos e manter o b\u00e1sico de sua rotina. A lei protege essa faixa da renda, tornando ilegal qualquer negocia\u00e7\u00e3o que comprometa a subsist\u00eancia.<\/p>\n\n\n\n<h3 class=\"wp-block-heading\">Renegocia\u00e7\u00e3o de d\u00edvidas fica mais f\u00e1cil para idosos ap\u00f3s nova lei<\/h3>\n\n\n\n<p>Al\u00e9m disso, o processo de renegocia\u00e7\u00e3o ficou mais acess\u00edvel. O consumidor pode procurar os \u00f3rg\u00e3os de defesa do consumidor ou o pr\u00f3prio Judici\u00e1rio para apresentar um plano de pagamento que seja poss\u00edvel dentro de sua realidade financeira. <\/p>\n\n\n\n<p>As institui\u00e7\u00f5es credoras s\u00e3o incentivadas a aceitar propostas vi\u00e1veis, sob pena de n\u00e3o conseguirem cobrar judicialmente os valores devidos.<\/p>\n\n\n\n<p>Outro ponto importante \u00e9 que qualquer d\u00edvida contra\u00edda de boa-f\u00e9 ,ou seja, sem m\u00e1 inten\u00e7\u00e3o ou tentativa de fraude, pode ser renegociada. Isso inclui desde contas de consumo, como \u00e1gua e energia, at\u00e9 faturas de cart\u00e3o de cr\u00e9dito ou empr\u00e9stimos pessoais.<\/p>\n\n\n\n<p>Na pr\u00e1tica, a Lei do Superendividamento oferece mais do que al\u00edvio financeiro: ela devolve ao idoso o direito de viver sem o peso insustent\u00e1vel das d\u00edvidas, focando no que realmente importa nessa fase da vida, sa\u00fade, seguran\u00e7a e qualidade de vida.<\/p>\n\n\n\n<p><\/p>\n","protected":false},"excerpt":{"rendered":"<p>Ao longo da vida adulta, lidar com d\u00edvidas \u00e9 praticamente inevit\u00e1vel. Cart\u00f5es de cr\u00e9dito, financiamentos, contas de consumo, tudo isso faz parte da rotina financeira de milh\u00f5es de brasileiros. No entanto, quando a terceira idade chega, outras preocupa\u00e7\u00f5es ganham destaque, especialmente a sa\u00fade e o bem-estar. \u00c9 nesse contexto que surge uma not\u00edcia positiva para [&hellip;]<\/p>\n","protected":false},"author":5,"featured_media":3404,"comment_status":"open","ping_status":"open","sticky":false,"template":"","format":"standard","meta":{"jnews-multi-image_gallery":[],"jnews_single_post":{"format":"standard"},"jnews_primary_category":[],"jnews_social_meta":[],"jnews_post_split":[],"footnotes":""},"categories":[1],"tags":[],"class_list":["post-3403","post","type-post","status-publish","format-standard","has-post-thumbnail","hentry","category-dinheiro"],"yoast_head":"<!-- This site is optimized with the Yoast SEO plugin v25.6 - https:\/\/yoast.com\/wordpress\/plugins\/seo\/ -->\n<title>Mais de 60 anos? D\u00edvidas podem n\u00e3o ser mais sua prioridade legal<\/title>\n<meta name=\"description\" content=\"Quando a terceira idade chega, outras preocupa\u00e7\u00f5es ganham destaque, al\u00e9m das d\u00edvidas, especialmente a sa\u00fade e o bem-estar.\" \/>\n<meta name=\"robots\" content=\"index, follow, max-snippet:-1, max-image-preview:large, max-video-preview:-1\" \/>\n<link rel=\"canonical\" href=\"https:\/\/tribunademinas.audiencelabs.com.br\/mais-de-60-anos-dividas-podem-nao-ser-mais-sua-prioridade-legal\/\" \/>\n<meta property=\"og:locale\" content=\"pt_BR\" \/>\n<meta property=\"og:type\" content=\"article\" \/>\n<meta property=\"og:title\" content=\"Mais de 60 anos? D\u00edvidas podem n\u00e3o ser mais sua prioridade legal\" \/>\n<meta property=\"og:description\" content=\"Quando a terceira idade chega, outras preocupa\u00e7\u00f5es ganham destaque, al\u00e9m das d\u00edvidas, especialmente a sa\u00fade e o bem-estar.\" \/>\n<meta property=\"og:url\" content=\"https:\/\/tribunademinas.audiencelabs.com.br\/mais-de-60-anos-dividas-podem-nao-ser-mais-sua-prioridade-legal\/\" \/>\n<meta property=\"og:site_name\" content=\"Tribuna de Minas - Dinheiro e Cidadania\" \/>\n<meta property=\"article:publisher\" content=\"https:\/\/www.facebook.com\/tribunademinas\/\" \/>\n<meta property=\"article:published_time\" content=\"2025-11-02T01:45:00+00:00\" \/>\n<meta property=\"og:image\" content=\"https:\/\/tribunademinas.audiencelabs.com.br\/wp-content\/uploads\/2025\/10\/divida.webp\" \/>\n\t<meta property=\"og:image:width\" content=\"1170\" \/>\n\t<meta property=\"og:image:height\" content=\"700\" \/>\n\t<meta property=\"og:image:type\" content=\"image\/webp\" \/>\n<meta name=\"author\" content=\"Jeferson Carvalho\" \/>\n<meta name=\"twitter:card\" content=\"summary_large_image\" \/>\n<meta name=\"twitter:creator\" content=\"@tribunademinas\" \/>\n<meta name=\"twitter:site\" content=\"@tribunademinas\" \/>\n<meta name=\"twitter:label1\" content=\"Escrito por\" \/>\n\t<meta name=\"twitter:data1\" content=\"Jeferson Carvalho\" \/>\n\t<meta name=\"twitter:label2\" content=\"Est. tempo de leitura\" \/>\n\t<meta name=\"twitter:data2\" content=\"3 minutos\" \/>\n<!-- \/ Yoast SEO plugin. -->","yoast_head_json":{"title":"Mais de 60 anos? D\u00edvidas podem n\u00e3o ser mais sua prioridade legal","description":"Quando a terceira idade chega, outras preocupa\u00e7\u00f5es ganham destaque, al\u00e9m das d\u00edvidas, especialmente a sa\u00fade e o bem-estar.","robots":{"index":"index","follow":"follow","max-snippet":"max-snippet:-1","max-image-preview":"max-image-preview:large","max-video-preview":"max-video-preview:-1"},"canonical":"https:\/\/tribunademinas.audiencelabs.com.br\/mais-de-60-anos-dividas-podem-nao-ser-mais-sua-prioridade-legal\/","og_locale":"pt_BR","og_type":"article","og_title":"Mais de 60 anos? D\u00edvidas podem n\u00e3o ser mais sua prioridade legal","og_description":"Quando a terceira idade chega, outras preocupa\u00e7\u00f5es ganham destaque, al\u00e9m das d\u00edvidas, especialmente a sa\u00fade e o bem-estar.","og_url":"https:\/\/tribunademinas.audiencelabs.com.br\/mais-de-60-anos-dividas-podem-nao-ser-mais-sua-prioridade-legal\/","og_site_name":"Tribuna de Minas - Dinheiro e Cidadania","article_publisher":"https:\/\/www.facebook.com\/tribunademinas\/","article_published_time":"2025-11-02T01:45:00+00:00","og_image":[{"width":1170,"height":700,"url":"https:\/\/tribunademinas.audiencelabs.com.br\/wp-content\/uploads\/2025\/10\/divida.webp","type":"image\/webp"}],"author":"Jeferson Carvalho","twitter_card":"summary_large_image","twitter_creator":"@tribunademinas","twitter_site":"@tribunademinas","twitter_misc":{"Escrito por":"Jeferson Carvalho","Est. tempo de leitura":"3 minutos"},"schema":{"@context":"https:\/\/schema.org","@graph":[{"@type":"Article","@id":"https:\/\/tribunademinas.audiencelabs.com.br\/mais-de-60-anos-dividas-podem-nao-ser-mais-sua-prioridade-legal\/#article","isPartOf":{"@id":"https:\/\/tribunademinas.audiencelabs.com.br\/mais-de-60-anos-dividas-podem-nao-ser-mais-sua-prioridade-legal\/"},"author":{"name":"Jeferson Carvalho","@id":"https:\/\/tribunademinas.audiencelabs.com.br\/#\/schema\/person\/db18fc40307804bacef94213aa68fd9d"},"headline":"Mais de 60 anos? D\u00edvidas podem n\u00e3o ser mais sua prioridade legal","datePublished":"2025-11-02T01:45:00+00:00","mainEntityOfPage":{"@id":"https:\/\/tribunademinas.audiencelabs.com.br\/mais-de-60-anos-dividas-podem-nao-ser-mais-sua-prioridade-legal\/"},"wordCount":449,"commentCount":0,"publisher":{"@id":"https:\/\/tribunademinas.audiencelabs.com.br\/#organization"},"image":{"@id":"https:\/\/tribunademinas.audiencelabs.com.br\/mais-de-60-anos-dividas-podem-nao-ser-mais-sua-prioridade-legal\/#primaryimage"},"thumbnailUrl":"https:\/\/tribunademinas.audiencelabs.com.br\/wp-content\/uploads\/2025\/10\/divida.webp","articleSection":["Dinheiro"],"inLanguage":"pt-BR","potentialAction":[{"@type":"CommentAction","name":"Comment","target":["https:\/\/tribunademinas.audiencelabs.com.br\/mais-de-60-anos-dividas-podem-nao-ser-mais-sua-prioridade-legal\/#respond"]}]},{"@type":"WebPage","@id":"https:\/\/tribunademinas.audiencelabs.com.br\/mais-de-60-anos-dividas-podem-nao-ser-mais-sua-prioridade-legal\/","url":"https:\/\/tribunademinas.audiencelabs.com.br\/mais-de-60-anos-dividas-podem-nao-ser-mais-sua-prioridade-legal\/","name":"Mais de 60 anos? D\u00edvidas podem n\u00e3o ser mais sua prioridade legal","isPartOf":{"@id":"https:\/\/tribunademinas.audiencelabs.com.br\/#website"},"primaryImageOfPage":{"@id":"https:\/\/tribunademinas.audiencelabs.com.br\/mais-de-60-anos-dividas-podem-nao-ser-mais-sua-prioridade-legal\/#primaryimage"},"image":{"@id":"https:\/\/tribunademinas.audiencelabs.com.br\/mais-de-60-anos-dividas-podem-nao-ser-mais-sua-prioridade-legal\/#primaryimage"},"thumbnailUrl":"https:\/\/tribunademinas.audiencelabs.com.br\/wp-content\/uploads\/2025\/10\/divida.webp","datePublished":"2025-11-02T01:45:00+00:00","description":"Quando a terceira idade chega, outras preocupa\u00e7\u00f5es ganham destaque, al\u00e9m das d\u00edvidas, especialmente a sa\u00fade e o bem-estar.","breadcrumb":{"@id":"https:\/\/tribunademinas.audiencelabs.com.br\/mais-de-60-anos-dividas-podem-nao-ser-mais-sua-prioridade-legal\/#breadcrumb"},"inLanguage":"pt-BR","potentialAction":[{"@type":"ReadAction","target":["https:\/\/tribunademinas.audiencelabs.com.br\/mais-de-60-anos-dividas-podem-nao-ser-mais-sua-prioridade-legal\/"]}]},{"@type":"ImageObject","inLanguage":"pt-BR","@id":"https:\/\/tribunademinas.audiencelabs.com.br\/mais-de-60-anos-dividas-podem-nao-ser-mais-sua-prioridade-legal\/#primaryimage","url":"https:\/\/tribunademinas.audiencelabs.com.br\/wp-content\/uploads\/2025\/10\/divida.webp","contentUrl":"https:\/\/tribunademinas.audiencelabs.com.br\/wp-content\/uploads\/2025\/10\/divida.webp","width":1170,"height":700,"caption":"Mais de 60 anos? D\u00edvidas podem n\u00e3o ser mais sua prioridade legal - Imagem: Jo\u00e9dson Alves\/Ag\u00eancia Brasil"},{"@type":"BreadcrumbList","@id":"https:\/\/tribunademinas.audiencelabs.com.br\/mais-de-60-anos-dividas-podem-nao-ser-mais-sua-prioridade-legal\/#breadcrumb","itemListElement":[{"@type":"ListItem","position":1,"name":"In\u00edcio","item":"https:\/\/tribunademinas.audiencelabs.com.br\/"},{"@type":"ListItem","position":2,"name":"Mais de 60 anos? D\u00edvidas podem n\u00e3o ser mais sua prioridade legal"}]},{"@type":"WebSite","@id":"https:\/\/tribunademinas.audiencelabs.com.br\/#website","url":"https:\/\/tribunademinas.audiencelabs.com.br\/","name":"Tribuna de Minas - Dinheiro e Cidadania","description":"","publisher":{"@id":"https:\/\/tribunademinas.audiencelabs.com.br\/#organization"},"potentialAction":[{"@type":"SearchAction","target":{"@type":"EntryPoint","urlTemplate":"https:\/\/tribunademinas.audiencelabs.com.br\/?s={search_term_string}"},"query-input":{"@type":"PropertyValueSpecification","valueRequired":true,"valueName":"search_term_string"}}],"inLanguage":"pt-BR"},{"@type":"Organization","@id":"https:\/\/tribunademinas.audiencelabs.com.br\/#organization","name":"Tribuna de Minas - Dinheiro e Cidadania","url":"https:\/\/tribunademinas.audiencelabs.com.br\/","logo":{"@type":"ImageObject","inLanguage":"pt-BR","@id":"https:\/\/tribunademinas.audiencelabs.com.br\/#\/schema\/logo\/image\/","url":"https:\/\/tribunademinas.audiencelabs.com.br\/wp-content\/uploads\/2025\/08\/cropped-Tribuna_512x512-96x96-1.png","contentUrl":"https:\/\/tribunademinas.audiencelabs.com.br\/wp-content\/uploads\/2025\/08\/cropped-Tribuna_512x512-96x96-1.png","width":96,"height":96,"caption":"Tribuna de Minas - Dinheiro e Cidadania"},"image":{"@id":"https:\/\/tribunademinas.audiencelabs.com.br\/#\/schema\/logo\/image\/"},"sameAs":["https:\/\/www.facebook.com\/tribunademinas\/","https:\/\/x.com\/tribunademinas","https:\/\/www.instagram.com\/tribunademinas\/","https:\/\/www.youtube.com\/user\/TribunadeMinasJF"]},{"@type":"Person","@id":"https:\/\/tribunademinas.audiencelabs.com.br\/#\/schema\/person\/db18fc40307804bacef94213aa68fd9d","name":"Jeferson Carvalho","image":{"@type":"ImageObject","inLanguage":"pt-BR","@id":"https:\/\/tribunademinas.audiencelabs.com.br\/#\/schema\/person\/image\/","url":"https:\/\/secure.gravatar.com\/avatar\/cd7646e328d9670dad7dea8698522e522745eeffcff5b9d08be858e377ce326b?s=96&d=mm&r=g","contentUrl":"https:\/\/secure.gravatar.com\/avatar\/cd7646e328d9670dad7dea8698522e522745eeffcff5b9d08be858e377ce326b?s=96&d=mm&r=g","caption":"Jeferson Carvalho"},"description":"Jornalista apaixonado pela profiss\u00e3o!","url":"https:\/\/tribunademinas.audiencelabs.com.br\/author\/jeferson\/"}]}},"amp_enabled":true,"_links":{"self":[{"href":"https:\/\/tribunademinas.audiencelabs.com.br\/wp-json\/wp\/v2\/posts\/3403","targetHints":{"allow":["GET"]}}],"collection":[{"href":"https:\/\/tribunademinas.audiencelabs.com.br\/wp-json\/wp\/v2\/posts"}],"about":[{"href":"https:\/\/tribunademinas.audiencelabs.com.br\/wp-json\/wp\/v2\/types\/post"}],"author":[{"embeddable":true,"href":"https:\/\/tribunademinas.audiencelabs.com.br\/wp-json\/wp\/v2\/users\/5"}],"replies":[{"embeddable":true,"href":"https:\/\/tribunademinas.audiencelabs.com.br\/wp-json\/wp\/v2\/comments?post=3403"}],"version-history":[{"count":1,"href":"https:\/\/tribunademinas.audiencelabs.com.br\/wp-json\/wp\/v2\/posts\/3403\/revisions"}],"predecessor-version":[{"id":3405,"href":"https:\/\/tribunademinas.audiencelabs.com.br\/wp-json\/wp\/v2\/posts\/3403\/revisions\/3405"}],"wp:featuredmedia":[{"embeddable":true,"href":"https:\/\/tribunademinas.audiencelabs.com.br\/wp-json\/wp\/v2\/media\/3404"}],"wp:attachment":[{"href":"https:\/\/tribunademinas.audiencelabs.com.br\/wp-json\/wp\/v2\/media?parent=3403"}],"wp:term":[{"taxonomy":"category","embeddable":true,"href":"https:\/\/tribunademinas.audiencelabs.com.br\/wp-json\/wp\/v2\/categories?post=3403"},{"taxonomy":"post_tag","embeddable":true,"href":"https:\/\/tribunademinas.audiencelabs.com.br\/wp-json\/wp\/v2\/tags?post=3403"}],"curies":[{"name":"wp","href":"https:\/\/api.w.org\/{rel}","templated":true}]}}