{"id":3397,"date":"2025-11-01T21:45:00","date_gmt":"2025-11-02T00:45:00","guid":{"rendered":"https:\/\/tribunademinas.audiencelabs.com.br\/?p=3397"},"modified":"2025-10-31T19:57:16","modified_gmt":"2025-10-31T22:57:16","slug":"bolsa-familia-de-novembro-vai-ser-pago-em-10-dias-uteis-para-todos-nis","status":"publish","type":"post","link":"https:\/\/tribunademinas.audiencelabs.com.br\/bolsa-familia-de-novembro-vai-ser-pago-em-10-dias-uteis-para-todos-nis\/","title":{"rendered":"Bolsa Fam\u00edlia de novembro vai ser pago em 10 dias \u00fateis para todos NIS"},"content":{"rendered":"\n<p>O pagamento de novembro do Bolsa Fam\u00edlia ser\u00e1 realizado ao longo de 10 dias \u00fateis, seguindo o mesmo modelo de escalonamento adotado nos meses anteriores. <\/p>\n\n\n\n<p>A medida garante a distribui\u00e7\u00e3o organizada dos recursos entre os benefici\u00e1rios, conforme o \u00faltimo n\u00famero do N\u00famero de Identifica\u00e7\u00e3o Social (NIS). <\/p>\n\n\n\n<p>Estima-se que cerca de 19 milh\u00f5es de fam\u00edlias em situa\u00e7\u00e3o de vulnerabilidade social sejam atendidas neste m\u00eas, com um valor m\u00ednimo garantido de R$ 600 por grupo familiar.<\/p>\n\n\n\n<h2 class=\"wp-block-heading\">Bolsa Fam\u00edlia de novembro vai ser pago em 10 dias \u00fateis para todos NIS<\/h2>\n\n\n\n<p>A libera\u00e7\u00e3o dos recursos ser\u00e1 feita pela Caixa Econ\u00f4mica Federal, com in\u00edcio no dia 14 de novembro. <\/p>\n\n\n\n<p>O cronograma segue uma sequ\u00eancia progressiva baseada no final do NIS de cada benefici\u00e1rio, o que significa que quem possui NIS terminado em 1 ser\u00e1 o primeiro a receber. <\/p>\n\n\n\n<p>As transfer\u00eancias seguir\u00e3o at\u00e9 o dia 28 de novembro, quando os repasses chegam aos benefici\u00e1rios com NIS final 0. Esse modelo tem sido usado pelo governo federal para evitar aglomera\u00e7\u00f5es e facilitar o acesso ao benef\u00edcio.<\/p>\n\n\n\n<p>Confira o calend\u00e1rio completo dos repasses de novembro:<\/p>\n\n\n\n<figure class=\"wp-block-table is-style-stripes\"><table class=\"has-fixed-layout\"><thead><tr><th>Final do NIS<\/th><th>Data do Pagamento<\/th><\/tr><\/thead><tbody><tr><td>1<\/td><td>14\/11<\/td><\/tr><tr><td>2<\/td><td>17\/11<\/td><\/tr><tr><td>3<\/td><td>18\/11<\/td><\/tr><tr><td>4<\/td><td>19\/11<\/td><\/tr><tr><td>5<\/td><td>21\/11<\/td><\/tr><tr><td>6<\/td><td>24\/11<\/td><\/tr><tr><td>7<\/td><td>25\/11<\/td><\/tr><tr><td>8<\/td><td>26\/11<\/td><\/tr><tr><td>9<\/td><td>27\/11<\/td><\/tr><tr><td>0<\/td><td>28\/11<\/td><\/tr><\/tbody><\/table><\/figure>\n\n\n\n<h3 class=\"wp-block-heading\">Bolsa Fam\u00edlia de novembro: onde receber e quem recebe?<\/h3>\n\n\n\n<p>O valor do benef\u00edcio \u00e9 depositado automaticamente em contas digitais da Caixa, podendo ser acessado pelo aplicativo Caixa TEM. <\/p>\n\n\n\n<p>Com ele, os usu\u00e1rios conseguem pagar contas, fazer transfer\u00eancias, efetuar compras com cart\u00e3o virtual ou QR Code, e tamb\u00e9m realizar saques em terminais de autoatendimento, casas lot\u00e9ricas, correspondentes Caixa Aqui ou diretamente nas ag\u00eancias, caso necess\u00e1rio. <\/p>\n\n\n\n<p>Quem j\u00e1 possui o cart\u00e3o do programa pode us\u00e1-lo na fun\u00e7\u00e3o d\u00e9bito.<\/p>\n\n\n\n<p>Para ter direito ao Bolsa Fam\u00edlia, a principal exig\u00eancia \u00e9 que a renda por pessoa da fam\u00edlia n\u00e3o ultrapasse R$ 218 mensais. <\/p>\n\n\n\n<p>O c\u00e1lculo leva em conta a renda total da casa dividida pelo n\u00famero de moradores. Al\u00e9m disso, \u00e9 necess\u00e1rio estar inscrito no Cadastro \u00danico (Cad\u00danico), e cumprir compromissos nas \u00e1reas de sa\u00fade e educa\u00e7\u00e3o, como manter vacina\u00e7\u00e3o em dia, garantir presen\u00e7a escolar de crian\u00e7as e adolescentes e, no caso de gestantes, realizar o pr\u00e9-natal.<\/p>\n\n\n\n<p>O valor m\u00ednimo \u00e9 de R$ 600, podendo ser acrescido de <a href=\"https:\/\/tribunademinas.com.br\/colunas\/dinheiroecidadania\/beneficiarios-do-bolsa-familia-vao-perder-r-108-do-valor-em-novembro\/\"><strong>benef\u00edcios extras<\/strong><\/a> conforme a composi\u00e7\u00e3o familiar.<\/p>\n\n\n\n<p><\/p>\n","protected":false},"excerpt":{"rendered":"<p>O pagamento de novembro do Bolsa Fam\u00edlia ser\u00e1 realizado ao longo de 10 dias \u00fateis, seguindo o mesmo modelo de escalonamento adotado nos meses anteriores. A medida garante a distribui\u00e7\u00e3o organizada dos recursos entre os benefici\u00e1rios, conforme o \u00faltimo n\u00famero do N\u00famero de Identifica\u00e7\u00e3o Social (NIS). Estima-se que cerca de 19 milh\u00f5es de fam\u00edlias em [&hellip;]<\/p>\n","protected":false},"author":5,"featured_media":3398,"comment_status":"open","ping_status":"open","sticky":false,"template":"","format":"standard","meta":{"jnews-multi-image_gallery":[],"jnews_single_post":{"format":"standard"},"jnews_primary_category":[],"jnews_social_meta":[],"jnews_post_split":[],"footnotes":""},"categories":[159],"tags":[],"class_list":["post-3397","post","type-post","status-publish","format-standard","has-post-thumbnail","hentry","category-cidadania"],"yoast_head":"<!-- This site is optimized with the Yoast SEO plugin v25.6 - https:\/\/yoast.com\/wordpress\/plugins\/seo\/ -->\n<title>Bolsa Fam\u00edlia de novembro vai ser pago em 10 dias \u00fateis para todos NIS<\/title>\n<meta name=\"description\" content=\"O pagamento de novembro do Bolsa Fam\u00edlia ser\u00e1 realizado ao longo de 10 dias \u00fateis, seguindo o mesmo modelo adotado nos meses anteriores.\" \/>\n<meta name=\"robots\" content=\"index, follow, max-snippet:-1, max-image-preview:large, max-video-preview:-1\" \/>\n<link rel=\"canonical\" href=\"https:\/\/tribunademinas.audiencelabs.com.br\/bolsa-familia-de-novembro-vai-ser-pago-em-10-dias-uteis-para-todos-nis\/\" \/>\n<meta property=\"og:locale\" content=\"pt_BR\" \/>\n<meta property=\"og:type\" content=\"article\" \/>\n<meta property=\"og:title\" content=\"Bolsa Fam\u00edlia de novembro vai ser pago em 10 dias \u00fateis para todos NIS\" \/>\n<meta property=\"og:description\" content=\"O pagamento de novembro do Bolsa Fam\u00edlia ser\u00e1 realizado ao longo de 10 dias \u00fateis, seguindo o mesmo modelo adotado nos meses anteriores.\" \/>\n<meta property=\"og:url\" content=\"https:\/\/tribunademinas.audiencelabs.com.br\/bolsa-familia-de-novembro-vai-ser-pago-em-10-dias-uteis-para-todos-nis\/\" \/>\n<meta property=\"og:site_name\" content=\"Tribuna de Minas - Dinheiro e Cidadania\" \/>\n<meta property=\"article:publisher\" content=\"https:\/\/www.facebook.com\/tribunademinas\/\" \/>\n<meta property=\"article:published_time\" content=\"2025-11-02T00:45:00+00:00\" \/>\n<meta property=\"og:image\" content=\"https:\/\/tribunademinas.audiencelabs.com.br\/wp-content\/uploads\/2025\/10\/Bolsa-Familia-20.webp\" \/>\n\t<meta property=\"og:image:width\" content=\"1170\" \/>\n\t<meta property=\"og:image:height\" content=\"700\" \/>\n\t<meta property=\"og:image:type\" content=\"image\/webp\" \/>\n<meta name=\"author\" content=\"Jeferson Carvalho\" \/>\n<meta name=\"twitter:card\" content=\"summary_large_image\" \/>\n<meta name=\"twitter:creator\" content=\"@tribunademinas\" \/>\n<meta name=\"twitter:site\" content=\"@tribunademinas\" \/>\n<meta name=\"twitter:label1\" content=\"Escrito por\" \/>\n\t<meta name=\"twitter:data1\" content=\"Jeferson Carvalho\" \/>\n\t<meta name=\"twitter:label2\" content=\"Est. tempo de leitura\" \/>\n\t<meta name=\"twitter:data2\" content=\"3 minutos\" \/>\n<!-- \/ Yoast SEO plugin. -->","yoast_head_json":{"title":"Bolsa Fam\u00edlia de novembro vai ser pago em 10 dias \u00fateis para todos NIS","description":"O pagamento de novembro do Bolsa Fam\u00edlia ser\u00e1 realizado ao longo de 10 dias \u00fateis, seguindo o mesmo modelo adotado nos meses anteriores.","robots":{"index":"index","follow":"follow","max-snippet":"max-snippet:-1","max-image-preview":"max-image-preview:large","max-video-preview":"max-video-preview:-1"},"canonical":"https:\/\/tribunademinas.audiencelabs.com.br\/bolsa-familia-de-novembro-vai-ser-pago-em-10-dias-uteis-para-todos-nis\/","og_locale":"pt_BR","og_type":"article","og_title":"Bolsa Fam\u00edlia de novembro vai ser pago em 10 dias \u00fateis para todos NIS","og_description":"O pagamento de novembro do Bolsa Fam\u00edlia ser\u00e1 realizado ao longo de 10 dias \u00fateis, seguindo o mesmo modelo adotado nos meses anteriores.","og_url":"https:\/\/tribunademinas.audiencelabs.com.br\/bolsa-familia-de-novembro-vai-ser-pago-em-10-dias-uteis-para-todos-nis\/","og_site_name":"Tribuna de Minas - Dinheiro e Cidadania","article_publisher":"https:\/\/www.facebook.com\/tribunademinas\/","article_published_time":"2025-11-02T00:45:00+00:00","og_image":[{"width":1170,"height":700,"url":"https:\/\/tribunademinas.audiencelabs.com.br\/wp-content\/uploads\/2025\/10\/Bolsa-Familia-20.webp","type":"image\/webp"}],"author":"Jeferson Carvalho","twitter_card":"summary_large_image","twitter_creator":"@tribunademinas","twitter_site":"@tribunademinas","twitter_misc":{"Escrito por":"Jeferson Carvalho","Est. tempo de leitura":"3 minutos"},"schema":{"@context":"https:\/\/schema.org","@graph":[{"@type":"Article","@id":"https:\/\/tribunademinas.audiencelabs.com.br\/bolsa-familia-de-novembro-vai-ser-pago-em-10-dias-uteis-para-todos-nis\/#article","isPartOf":{"@id":"https:\/\/tribunademinas.audiencelabs.com.br\/bolsa-familia-de-novembro-vai-ser-pago-em-10-dias-uteis-para-todos-nis\/"},"author":{"name":"Jeferson Carvalho","@id":"https:\/\/tribunademinas.audiencelabs.com.br\/#\/schema\/person\/db18fc40307804bacef94213aa68fd9d"},"headline":"Bolsa Fam\u00edlia de novembro vai ser pago em 10 dias \u00fateis para todos NIS","datePublished":"2025-11-02T00:45:00+00:00","mainEntityOfPage":{"@id":"https:\/\/tribunademinas.audiencelabs.com.br\/bolsa-familia-de-novembro-vai-ser-pago-em-10-dias-uteis-para-todos-nis\/"},"wordCount":407,"commentCount":0,"publisher":{"@id":"https:\/\/tribunademinas.audiencelabs.com.br\/#organization"},"image":{"@id":"https:\/\/tribunademinas.audiencelabs.com.br\/bolsa-familia-de-novembro-vai-ser-pago-em-10-dias-uteis-para-todos-nis\/#primaryimage"},"thumbnailUrl":"https:\/\/tribunademinas.audiencelabs.com.br\/wp-content\/uploads\/2025\/10\/Bolsa-Familia-20.webp","articleSection":["Cidadania"],"inLanguage":"pt-BR","potentialAction":[{"@type":"CommentAction","name":"Comment","target":["https:\/\/tribunademinas.audiencelabs.com.br\/bolsa-familia-de-novembro-vai-ser-pago-em-10-dias-uteis-para-todos-nis\/#respond"]}]},{"@type":"WebPage","@id":"https:\/\/tribunademinas.audiencelabs.com.br\/bolsa-familia-de-novembro-vai-ser-pago-em-10-dias-uteis-para-todos-nis\/","url":"https:\/\/tribunademinas.audiencelabs.com.br\/bolsa-familia-de-novembro-vai-ser-pago-em-10-dias-uteis-para-todos-nis\/","name":"Bolsa Fam\u00edlia de novembro vai ser pago em 10 dias \u00fateis para todos NIS","isPartOf":{"@id":"https:\/\/tribunademinas.audiencelabs.com.br\/#website"},"primaryImageOfPage":{"@id":"https:\/\/tribunademinas.audiencelabs.com.br\/bolsa-familia-de-novembro-vai-ser-pago-em-10-dias-uteis-para-todos-nis\/#primaryimage"},"image":{"@id":"https:\/\/tribunademinas.audiencelabs.com.br\/bolsa-familia-de-novembro-vai-ser-pago-em-10-dias-uteis-para-todos-nis\/#primaryimage"},"thumbnailUrl":"https:\/\/tribunademinas.audiencelabs.com.br\/wp-content\/uploads\/2025\/10\/Bolsa-Familia-20.webp","datePublished":"2025-11-02T00:45:00+00:00","description":"O pagamento de novembro do Bolsa Fam\u00edlia ser\u00e1 realizado ao longo de 10 dias \u00fateis, seguindo o mesmo modelo adotado nos meses anteriores.","breadcrumb":{"@id":"https:\/\/tribunademinas.audiencelabs.com.br\/bolsa-familia-de-novembro-vai-ser-pago-em-10-dias-uteis-para-todos-nis\/#breadcrumb"},"inLanguage":"pt-BR","potentialAction":[{"@type":"ReadAction","target":["https:\/\/tribunademinas.audiencelabs.com.br\/bolsa-familia-de-novembro-vai-ser-pago-em-10-dias-uteis-para-todos-nis\/"]}]},{"@type":"ImageObject","inLanguage":"pt-BR","@id":"https:\/\/tribunademinas.audiencelabs.com.br\/bolsa-familia-de-novembro-vai-ser-pago-em-10-dias-uteis-para-todos-nis\/#primaryimage","url":"https:\/\/tribunademinas.audiencelabs.com.br\/wp-content\/uploads\/2025\/10\/Bolsa-Familia-20.webp","contentUrl":"https:\/\/tribunademinas.audiencelabs.com.br\/wp-content\/uploads\/2025\/10\/Bolsa-Familia-20.webp","width":1170,"height":700,"caption":"Bolsa Fam\u00edlia de novembro vai ser pago em 10 dias \u00fateis para todos NIS - Imagem: MDS\/Divulga\u00e7\u00e3o"},{"@type":"BreadcrumbList","@id":"https:\/\/tribunademinas.audiencelabs.com.br\/bolsa-familia-de-novembro-vai-ser-pago-em-10-dias-uteis-para-todos-nis\/#breadcrumb","itemListElement":[{"@type":"ListItem","position":1,"name":"In\u00edcio","item":"https:\/\/tribunademinas.audiencelabs.com.br\/"},{"@type":"ListItem","position":2,"name":"Bolsa Fam\u00edlia de novembro vai ser pago em 10 dias \u00fateis para todos NIS"}]},{"@type":"WebSite","@id":"https:\/\/tribunademinas.audiencelabs.com.br\/#website","url":"https:\/\/tribunademinas.audiencelabs.com.br\/","name":"Tribuna de Minas - Dinheiro e Cidadania","description":"","publisher":{"@id":"https:\/\/tribunademinas.audiencelabs.com.br\/#organization"},"potentialAction":[{"@type":"SearchAction","target":{"@type":"EntryPoint","urlTemplate":"https:\/\/tribunademinas.audiencelabs.com.br\/?s={search_term_string}"},"query-input":{"@type":"PropertyValueSpecification","valueRequired":true,"valueName":"search_term_string"}}],"inLanguage":"pt-BR"},{"@type":"Organization","@id":"https:\/\/tribunademinas.audiencelabs.com.br\/#organization","name":"Tribuna de Minas - Dinheiro e Cidadania","url":"https:\/\/tribunademinas.audiencelabs.com.br\/","logo":{"@type":"ImageObject","inLanguage":"pt-BR","@id":"https:\/\/tribunademinas.audiencelabs.com.br\/#\/schema\/logo\/image\/","url":"https:\/\/tribunademinas.audiencelabs.com.br\/wp-content\/uploads\/2025\/08\/cropped-Tribuna_512x512-96x96-1.png","contentUrl":"https:\/\/tribunademinas.audiencelabs.com.br\/wp-content\/uploads\/2025\/08\/cropped-Tribuna_512x512-96x96-1.png","width":96,"height":96,"caption":"Tribuna de Minas - Dinheiro e Cidadania"},"image":{"@id":"https:\/\/tribunademinas.audiencelabs.com.br\/#\/schema\/logo\/image\/"},"sameAs":["https:\/\/www.facebook.com\/tribunademinas\/","https:\/\/x.com\/tribunademinas","https:\/\/www.instagram.com\/tribunademinas\/","https:\/\/www.youtube.com\/user\/TribunadeMinasJF"]},{"@type":"Person","@id":"https:\/\/tribunademinas.audiencelabs.com.br\/#\/schema\/person\/db18fc40307804bacef94213aa68fd9d","name":"Jeferson Carvalho","image":{"@type":"ImageObject","inLanguage":"pt-BR","@id":"https:\/\/tribunademinas.audiencelabs.com.br\/#\/schema\/person\/image\/","url":"https:\/\/secure.gravatar.com\/avatar\/cd7646e328d9670dad7dea8698522e522745eeffcff5b9d08be858e377ce326b?s=96&d=mm&r=g","contentUrl":"https:\/\/secure.gravatar.com\/avatar\/cd7646e328d9670dad7dea8698522e522745eeffcff5b9d08be858e377ce326b?s=96&d=mm&r=g","caption":"Jeferson Carvalho"},"description":"Jornalista apaixonado pela profiss\u00e3o!","url":"https:\/\/tribunademinas.audiencelabs.com.br\/author\/jeferson\/"}]}},"amp_enabled":true,"_links":{"self":[{"href":"https:\/\/tribunademinas.audiencelabs.com.br\/wp-json\/wp\/v2\/posts\/3397","targetHints":{"allow":["GET"]}}],"collection":[{"href":"https:\/\/tribunademinas.audiencelabs.com.br\/wp-json\/wp\/v2\/posts"}],"about":[{"href":"https:\/\/tribunademinas.audiencelabs.com.br\/wp-json\/wp\/v2\/types\/post"}],"author":[{"embeddable":true,"href":"https:\/\/tribunademinas.audiencelabs.com.br\/wp-json\/wp\/v2\/users\/5"}],"replies":[{"embeddable":true,"href":"https:\/\/tribunademinas.audiencelabs.com.br\/wp-json\/wp\/v2\/comments?post=3397"}],"version-history":[{"count":1,"href":"https:\/\/tribunademinas.audiencelabs.com.br\/wp-json\/wp\/v2\/posts\/3397\/revisions"}],"predecessor-version":[{"id":3399,"href":"https:\/\/tribunademinas.audiencelabs.com.br\/wp-json\/wp\/v2\/posts\/3397\/revisions\/3399"}],"wp:featuredmedia":[{"embeddable":true,"href":"https:\/\/tribunademinas.audiencelabs.com.br\/wp-json\/wp\/v2\/media\/3398"}],"wp:attachment":[{"href":"https:\/\/tribunademinas.audiencelabs.com.br\/wp-json\/wp\/v2\/media?parent=3397"}],"wp:term":[{"taxonomy":"category","embeddable":true,"href":"https:\/\/tribunademinas.audiencelabs.com.br\/wp-json\/wp\/v2\/categories?post=3397"},{"taxonomy":"post_tag","embeddable":true,"href":"https:\/\/tribunademinas.audiencelabs.com.br\/wp-json\/wp\/v2\/tags?post=3397"}],"curies":[{"name":"wp","href":"https:\/\/api.w.org\/{rel}","templated":true}]}}