{"id":3391,"date":"2025-11-03T08:45:00","date_gmt":"2025-11-03T11:45:00","guid":{"rendered":"https:\/\/tribunademinas.audiencelabs.com.br\/?p=3391"},"modified":"2025-11-06T13:03:37","modified_gmt":"2025-11-06T16:03:37","slug":"saiba-como-calcular-o-13o-salario-e-a-data-que-vai-cair-no-seu-banco","status":"publish","type":"post","link":"https:\/\/tribunademinas.audiencelabs.com.br\/saiba-como-calcular-o-13o-salario-e-a-data-que-vai-cair-no-seu-banco\/","title":{"rendered":"Saiba como calcular o 13\u00ba sal\u00e1rio e a data que vai cair no seu banco"},"content":{"rendered":"\n<p>Com a chegada de novembro, tamb\u00e9m se aproxima um dos momentos mais aguardados do ano pelos trabalhadores brasileiros: o pagamento do 13\u00ba sal\u00e1rio. <\/p>\n\n\n\n<p>A primeira parcela da gratifica\u00e7\u00e3o deve ser depositada at\u00e9 o fim do m\u00eas, e junto com a expectativa pelo valor extra, surgem d\u00favidas comuns sobre o c\u00e1lculo, os descontos e as datas exatas em que o dinheiro ser\u00e1 creditado.<\/p>\n\n\n\n<h2 class=\"wp-block-heading\">Saiba como calcular o 13\u00ba sal\u00e1rio e a data que vai cair no seu banco<\/h2>\n\n\n\n<p>O d\u00e9cimo terceiro sal\u00e1rio, tamb\u00e9m chamado de abono natalino, \u00e9 um direito garantido a todos os trabalhadores com carteira assinada que tenham exercido suas fun\u00e7\u00f5es por pelo menos 15 dias em um determinado m\u00eas ao longo do ano. <\/p>\n\n\n\n<p>Aposentados e pensionistas do INSS tamb\u00e9m t\u00eam direito ao benef\u00edcio, embora em 2025 a maioria j\u00e1 tenha recebido o valor antecipadamente, entre abril e maio. Apenas quem come\u00e7ou a receber ap\u00f3s julho deve receber a gratifica\u00e7\u00e3o proporcional no fim do ano.<\/p>\n\n\n\n<p>O valor do 13\u00ba corresponde a 1\/12 (um doze avos) da remunera\u00e7\u00e3o mensal multiplicado pelo n\u00famero de meses trabalhados. Para quem esteve empregado o ano inteiro, o valor equivale a um sal\u00e1rio cheio. <\/p>\n\n\n\n<p>No caso de contratos iniciados ou encerrados ao longo do ano, o c\u00e1lculo \u00e9 proporcional aos meses de servi\u00e7o, desde que o funcion\u00e1rio tenha atuado ao menos 15 dias em cada um deles. <\/p>\n\n\n\n<p>O total apurado \u00e9 dividido em duas parcelas: a primeira \u00e9 paga de forma integral, sem descontos; <a href=\"https:\/\/tribunademinas.com.br\/colunas\/maistendencias\/13o-salario-tem-desconto-do-inss-saiba-quando-recebe-abono-salarial\/\"><strong>a segunda sofre as dedu\u00e7\u00f5es de INSS<\/strong><\/a> e, para quem se enquadra, do Imposto de Renda.<\/p>\n\n\n\n<h3 class=\"wp-block-heading\">Horas extras aumentam valor do pagamento<\/h3>\n\n\n\n<p>Os trabalhadores que costumam fazer horas extras com frequ\u00eancia tamb\u00e9m ver\u00e3o esse esfor\u00e7o refletido na gratifica\u00e7\u00e3o, j\u00e1 que a m\u00e9dia dessas horas \u00e9 somada ao valor-base do 13\u00ba.<\/p>\n\n\n\n<p> J\u00e1 quem foi demitido ou pediu desligamento recebe o valor proporcional junto com as verbas rescis\u00f3rias, em pagamento \u00fanico.<\/p>\n\n\n\n<p>Em rela\u00e7\u00e3o ao cronograma, a primeira parcela deve estar na conta at\u00e9 30 de novembro. A segunda, com os devidos descontos aplicados, ser\u00e1 depositada at\u00e9 o dia 20 de dezembro. <\/p>\n\n\n\n<p>No entanto, algumas empresas podem optar por antecipar a primeira metade junto com as f\u00e9rias ou realizar o pagamento completo de uma s\u00f3 vez, desde que respeitem os prazos legais.<\/p>\n\n\n\n<p>O 13\u00ba \u00e9, al\u00e9m de um direito, uma oportunidade de aliviar o or\u00e7amento no fim do ano, seja para quitar d\u00edvidas, planejar festas ou refor\u00e7ar a poupan\u00e7a.<\/p>\n\n\n\n<p><\/p>\n","protected":false},"excerpt":{"rendered":"<p>Com a chegada de novembro, tamb\u00e9m se aproxima um dos momentos mais aguardados do ano pelos trabalhadores brasileiros: o pagamento do 13\u00ba sal\u00e1rio. A primeira parcela da gratifica\u00e7\u00e3o deve ser depositada at\u00e9 o fim do m\u00eas, e junto com a expectativa pelo valor extra, surgem d\u00favidas comuns sobre o c\u00e1lculo, os descontos e as datas [&hellip;]<\/p>\n","protected":false},"author":5,"featured_media":3392,"comment_status":"open","ping_status":"open","sticky":false,"template":"","format":"standard","meta":{"jnews-multi-image_gallery":[],"jnews_single_post":{"format":"standard"},"jnews_primary_category":[],"jnews_social_meta":[],"jnews_post_split":[],"footnotes":""},"categories":[1],"tags":[],"class_list":["post-3391","post","type-post","status-publish","format-standard","has-post-thumbnail","hentry","category-dinheiro"],"yoast_head":"<!-- This site is optimized with the Yoast SEO plugin v25.6 - https:\/\/yoast.com\/wordpress\/plugins\/seo\/ -->\n<title>Saiba como calcular o 13\u00ba sal\u00e1rio e a data que vai cair no seu banco<\/title>\n<meta name=\"description\" content=\"Com a chegada de novembro, tamb\u00e9m se aproxima um dos momentos mais aguardados do ano pelos trabalhadores: o pagamento do 13\u00ba sal\u00e1rio.\" \/>\n<meta name=\"robots\" content=\"index, follow, max-snippet:-1, max-image-preview:large, max-video-preview:-1\" \/>\n<link rel=\"canonical\" href=\"https:\/\/tribunademinas.audiencelabs.com.br\/saiba-como-calcular-o-13o-salario-e-a-data-que-vai-cair-no-seu-banco\/\" \/>\n<meta property=\"og:locale\" content=\"pt_BR\" \/>\n<meta property=\"og:type\" content=\"article\" \/>\n<meta property=\"og:title\" content=\"Saiba como calcular o 13\u00ba sal\u00e1rio e a data que vai cair no seu banco\" \/>\n<meta property=\"og:description\" content=\"Com a chegada de novembro, tamb\u00e9m se aproxima um dos momentos mais aguardados do ano pelos trabalhadores: o pagamento do 13\u00ba sal\u00e1rio.\" \/>\n<meta property=\"og:url\" content=\"https:\/\/tribunademinas.audiencelabs.com.br\/saiba-como-calcular-o-13o-salario-e-a-data-que-vai-cair-no-seu-banco\/\" \/>\n<meta property=\"og:site_name\" content=\"Tribuna de Minas - Dinheiro e Cidadania\" \/>\n<meta property=\"article:publisher\" content=\"https:\/\/www.facebook.com\/tribunademinas\/\" \/>\n<meta property=\"article:published_time\" content=\"2025-11-03T11:45:00+00:00\" \/>\n<meta property=\"article:modified_time\" content=\"2025-11-06T16:03:37+00:00\" \/>\n<meta property=\"og:image\" content=\"https:\/\/tribunademinas.audiencelabs.com.br\/wp-content\/uploads\/2025\/10\/13o-salario-1.webp\" \/>\n\t<meta property=\"og:image:width\" content=\"1170\" \/>\n\t<meta property=\"og:image:height\" content=\"700\" \/>\n\t<meta property=\"og:image:type\" content=\"image\/webp\" \/>\n<meta name=\"author\" content=\"Jeferson Carvalho\" \/>\n<meta name=\"twitter:card\" content=\"summary_large_image\" \/>\n<meta name=\"twitter:creator\" content=\"@tribunademinas\" \/>\n<meta name=\"twitter:site\" content=\"@tribunademinas\" \/>\n<meta name=\"twitter:label1\" content=\"Escrito por\" \/>\n\t<meta name=\"twitter:data1\" content=\"Jeferson Carvalho\" \/>\n\t<meta name=\"twitter:label2\" content=\"Est. tempo de leitura\" \/>\n\t<meta name=\"twitter:data2\" content=\"3 minutos\" \/>\n<!-- \/ Yoast SEO plugin. -->","yoast_head_json":{"title":"Saiba como calcular o 13\u00ba sal\u00e1rio e a data que vai cair no seu banco","description":"Com a chegada de novembro, tamb\u00e9m se aproxima um dos momentos mais aguardados do ano pelos trabalhadores: o pagamento do 13\u00ba sal\u00e1rio.","robots":{"index":"index","follow":"follow","max-snippet":"max-snippet:-1","max-image-preview":"max-image-preview:large","max-video-preview":"max-video-preview:-1"},"canonical":"https:\/\/tribunademinas.audiencelabs.com.br\/saiba-como-calcular-o-13o-salario-e-a-data-que-vai-cair-no-seu-banco\/","og_locale":"pt_BR","og_type":"article","og_title":"Saiba como calcular o 13\u00ba sal\u00e1rio e a data que vai cair no seu banco","og_description":"Com a chegada de novembro, tamb\u00e9m se aproxima um dos momentos mais aguardados do ano pelos trabalhadores: o pagamento do 13\u00ba sal\u00e1rio.","og_url":"https:\/\/tribunademinas.audiencelabs.com.br\/saiba-como-calcular-o-13o-salario-e-a-data-que-vai-cair-no-seu-banco\/","og_site_name":"Tribuna de Minas - Dinheiro e Cidadania","article_publisher":"https:\/\/www.facebook.com\/tribunademinas\/","article_published_time":"2025-11-03T11:45:00+00:00","article_modified_time":"2025-11-06T16:03:37+00:00","og_image":[{"width":1170,"height":700,"url":"https:\/\/tribunademinas.audiencelabs.com.br\/wp-content\/uploads\/2025\/10\/13o-salario-1.webp","type":"image\/webp"}],"author":"Jeferson Carvalho","twitter_card":"summary_large_image","twitter_creator":"@tribunademinas","twitter_site":"@tribunademinas","twitter_misc":{"Escrito por":"Jeferson Carvalho","Est. tempo de leitura":"3 minutos"},"schema":{"@context":"https:\/\/schema.org","@graph":[{"@type":"Article","@id":"https:\/\/tribunademinas.audiencelabs.com.br\/saiba-como-calcular-o-13o-salario-e-a-data-que-vai-cair-no-seu-banco\/#article","isPartOf":{"@id":"https:\/\/tribunademinas.audiencelabs.com.br\/saiba-como-calcular-o-13o-salario-e-a-data-que-vai-cair-no-seu-banco\/"},"author":{"name":"Jeferson Carvalho","@id":"https:\/\/tribunademinas.audiencelabs.com.br\/#\/schema\/person\/db18fc40307804bacef94213aa68fd9d"},"headline":"Saiba como calcular o 13\u00ba sal\u00e1rio e a data que vai cair no seu banco","datePublished":"2025-11-03T11:45:00+00:00","dateModified":"2025-11-06T16:03:37+00:00","mainEntityOfPage":{"@id":"https:\/\/tribunademinas.audiencelabs.com.br\/saiba-como-calcular-o-13o-salario-e-a-data-que-vai-cair-no-seu-banco\/"},"wordCount":432,"commentCount":0,"publisher":{"@id":"https:\/\/tribunademinas.audiencelabs.com.br\/#organization"},"image":{"@id":"https:\/\/tribunademinas.audiencelabs.com.br\/saiba-como-calcular-o-13o-salario-e-a-data-que-vai-cair-no-seu-banco\/#primaryimage"},"thumbnailUrl":"https:\/\/tribunademinas.audiencelabs.com.br\/wp-content\/uploads\/2025\/10\/13o-salario-1.webp","articleSection":["Dinheiro"],"inLanguage":"pt-BR","potentialAction":[{"@type":"CommentAction","name":"Comment","target":["https:\/\/tribunademinas.audiencelabs.com.br\/saiba-como-calcular-o-13o-salario-e-a-data-que-vai-cair-no-seu-banco\/#respond"]}]},{"@type":"WebPage","@id":"https:\/\/tribunademinas.audiencelabs.com.br\/saiba-como-calcular-o-13o-salario-e-a-data-que-vai-cair-no-seu-banco\/","url":"https:\/\/tribunademinas.audiencelabs.com.br\/saiba-como-calcular-o-13o-salario-e-a-data-que-vai-cair-no-seu-banco\/","name":"Saiba como calcular o 13\u00ba sal\u00e1rio e a data que vai cair no seu banco","isPartOf":{"@id":"https:\/\/tribunademinas.audiencelabs.com.br\/#website"},"primaryImageOfPage":{"@id":"https:\/\/tribunademinas.audiencelabs.com.br\/saiba-como-calcular-o-13o-salario-e-a-data-que-vai-cair-no-seu-banco\/#primaryimage"},"image":{"@id":"https:\/\/tribunademinas.audiencelabs.com.br\/saiba-como-calcular-o-13o-salario-e-a-data-que-vai-cair-no-seu-banco\/#primaryimage"},"thumbnailUrl":"https:\/\/tribunademinas.audiencelabs.com.br\/wp-content\/uploads\/2025\/10\/13o-salario-1.webp","datePublished":"2025-11-03T11:45:00+00:00","dateModified":"2025-11-06T16:03:37+00:00","description":"Com a chegada de novembro, tamb\u00e9m se aproxima um dos momentos mais aguardados do ano pelos trabalhadores: o pagamento do 13\u00ba sal\u00e1rio.","breadcrumb":{"@id":"https:\/\/tribunademinas.audiencelabs.com.br\/saiba-como-calcular-o-13o-salario-e-a-data-que-vai-cair-no-seu-banco\/#breadcrumb"},"inLanguage":"pt-BR","potentialAction":[{"@type":"ReadAction","target":["https:\/\/tribunademinas.audiencelabs.com.br\/saiba-como-calcular-o-13o-salario-e-a-data-que-vai-cair-no-seu-banco\/"]}]},{"@type":"ImageObject","inLanguage":"pt-BR","@id":"https:\/\/tribunademinas.audiencelabs.com.br\/saiba-como-calcular-o-13o-salario-e-a-data-que-vai-cair-no-seu-banco\/#primaryimage","url":"https:\/\/tribunademinas.audiencelabs.com.br\/wp-content\/uploads\/2025\/10\/13o-salario-1.webp","contentUrl":"https:\/\/tribunademinas.audiencelabs.com.br\/wp-content\/uploads\/2025\/10\/13o-salario-1.webp","width":1170,"height":700,"caption":"Saiba como calcular o 13\u00ba sal\u00e1rio e a data que vai cair no seu banco - Imagem: Marcello Casal jr\/Ag\u00eancia Brasil"},{"@type":"BreadcrumbList","@id":"https:\/\/tribunademinas.audiencelabs.com.br\/saiba-como-calcular-o-13o-salario-e-a-data-que-vai-cair-no-seu-banco\/#breadcrumb","itemListElement":[{"@type":"ListItem","position":1,"name":"In\u00edcio","item":"https:\/\/tribunademinas.audiencelabs.com.br\/"},{"@type":"ListItem","position":2,"name":"Saiba como calcular o 13\u00ba sal\u00e1rio e a data que vai cair no seu banco"}]},{"@type":"WebSite","@id":"https:\/\/tribunademinas.audiencelabs.com.br\/#website","url":"https:\/\/tribunademinas.audiencelabs.com.br\/","name":"Tribuna de Minas - Dinheiro e Cidadania","description":"","publisher":{"@id":"https:\/\/tribunademinas.audiencelabs.com.br\/#organization"},"potentialAction":[{"@type":"SearchAction","target":{"@type":"EntryPoint","urlTemplate":"https:\/\/tribunademinas.audiencelabs.com.br\/?s={search_term_string}"},"query-input":{"@type":"PropertyValueSpecification","valueRequired":true,"valueName":"search_term_string"}}],"inLanguage":"pt-BR"},{"@type":"Organization","@id":"https:\/\/tribunademinas.audiencelabs.com.br\/#organization","name":"Tribuna de Minas - Dinheiro e Cidadania","url":"https:\/\/tribunademinas.audiencelabs.com.br\/","logo":{"@type":"ImageObject","inLanguage":"pt-BR","@id":"https:\/\/tribunademinas.audiencelabs.com.br\/#\/schema\/logo\/image\/","url":"https:\/\/tribunademinas.audiencelabs.com.br\/wp-content\/uploads\/2025\/08\/cropped-Tribuna_512x512-96x96-1.png","contentUrl":"https:\/\/tribunademinas.audiencelabs.com.br\/wp-content\/uploads\/2025\/08\/cropped-Tribuna_512x512-96x96-1.png","width":96,"height":96,"caption":"Tribuna de Minas - Dinheiro e Cidadania"},"image":{"@id":"https:\/\/tribunademinas.audiencelabs.com.br\/#\/schema\/logo\/image\/"},"sameAs":["https:\/\/www.facebook.com\/tribunademinas\/","https:\/\/x.com\/tribunademinas","https:\/\/www.instagram.com\/tribunademinas\/","https:\/\/www.youtube.com\/user\/TribunadeMinasJF"]},{"@type":"Person","@id":"https:\/\/tribunademinas.audiencelabs.com.br\/#\/schema\/person\/db18fc40307804bacef94213aa68fd9d","name":"Jeferson Carvalho","image":{"@type":"ImageObject","inLanguage":"pt-BR","@id":"https:\/\/tribunademinas.audiencelabs.com.br\/#\/schema\/person\/image\/","url":"https:\/\/secure.gravatar.com\/avatar\/cd7646e328d9670dad7dea8698522e522745eeffcff5b9d08be858e377ce326b?s=96&d=mm&r=g","contentUrl":"https:\/\/secure.gravatar.com\/avatar\/cd7646e328d9670dad7dea8698522e522745eeffcff5b9d08be858e377ce326b?s=96&d=mm&r=g","caption":"Jeferson Carvalho"},"description":"Jornalista apaixonado pela profiss\u00e3o!","url":"https:\/\/tribunademinas.audiencelabs.com.br\/author\/jeferson\/"}]}},"amp_enabled":true,"_links":{"self":[{"href":"https:\/\/tribunademinas.audiencelabs.com.br\/wp-json\/wp\/v2\/posts\/3391","targetHints":{"allow":["GET"]}}],"collection":[{"href":"https:\/\/tribunademinas.audiencelabs.com.br\/wp-json\/wp\/v2\/posts"}],"about":[{"href":"https:\/\/tribunademinas.audiencelabs.com.br\/wp-json\/wp\/v2\/types\/post"}],"author":[{"embeddable":true,"href":"https:\/\/tribunademinas.audiencelabs.com.br\/wp-json\/wp\/v2\/users\/5"}],"replies":[{"embeddable":true,"href":"https:\/\/tribunademinas.audiencelabs.com.br\/wp-json\/wp\/v2\/comments?post=3391"}],"version-history":[{"count":2,"href":"https:\/\/tribunademinas.audiencelabs.com.br\/wp-json\/wp\/v2\/posts\/3391\/revisions"}],"predecessor-version":[{"id":3613,"href":"https:\/\/tribunademinas.audiencelabs.com.br\/wp-json\/wp\/v2\/posts\/3391\/revisions\/3613"}],"wp:featuredmedia":[{"embeddable":true,"href":"https:\/\/tribunademinas.audiencelabs.com.br\/wp-json\/wp\/v2\/media\/3392"}],"wp:attachment":[{"href":"https:\/\/tribunademinas.audiencelabs.com.br\/wp-json\/wp\/v2\/media?parent=3391"}],"wp:term":[{"taxonomy":"category","embeddable":true,"href":"https:\/\/tribunademinas.audiencelabs.com.br\/wp-json\/wp\/v2\/categories?post=3391"},{"taxonomy":"post_tag","embeddable":true,"href":"https:\/\/tribunademinas.audiencelabs.com.br\/wp-json\/wp\/v2\/tags?post=3391"}],"curies":[{"name":"wp","href":"https:\/\/api.w.org\/{rel}","templated":true}]}}