{"id":3388,"date":"2025-11-03T07:45:00","date_gmt":"2025-11-03T10:45:00","guid":{"rendered":"https:\/\/tribunademinas.audiencelabs.com.br\/?p=3388"},"modified":"2025-10-31T19:03:05","modified_gmt":"2025-10-31T22:03:05","slug":"novo-decreto-assegura-vantagem-para-quem-optar-por-previdencia-estadual","status":"publish","type":"post","link":"https:\/\/tribunademinas.audiencelabs.com.br\/novo-decreto-assegura-vantagem-para-quem-optar-por-previdencia-estadual\/","title":{"rendered":"Novo decreto assegura vantagem para quem optar por previd\u00eancia estadual"},"content":{"rendered":"\n<p>Um novo decreto publicado pelo Governo da Bahia garante uma vantagem financeira importante para servidores p\u00fablicos estaduais que optarem pela previd\u00eancia complementar. <\/p>\n\n\n\n<p>A medida, oficializada no Di\u00e1rio Oficial do Estado da \u00faltima quarta-feira (29\/10), regulamenta o chamado benef\u00edcio especial, voltado a quem decidir migrar para o Regime de Previd\u00eancia Complementar (RPC).<\/p>\n\n\n\n<h2 class=\"wp-block-heading\">Novo decreto assegura vantagem para quem optar por previd\u00eancia estadual<\/h2>\n\n\n\n<p>Esse benef\u00edcio funciona como uma compensa\u00e7\u00e3o para os servidores que contribu\u00edram com valores acima do teto da previd\u00eancia p\u00fablica tradicional, o Regime Geral de Previd\u00eancia Social (RGPS), e que ingressaram no servi\u00e7o p\u00fablico antes de 29 de julho de 2016. <\/p>\n\n\n\n<p>Na pr\u00e1tica, trata-se de uma forma de n\u00e3o penalizar quem j\u00e1 vinha contribuindo com valores superiores ao limite m\u00e1ximo da previd\u00eancia comum, assegurando que esses servidores n\u00e3o percam recursos ao aderirem ao novo modelo.<\/p>\n\n\n\n<p>A norma, estabelecida pelo decreto n\u00ba 24.083\/25, detalha os crit\u00e9rios e procedimentos para acessar o benef\u00edcio. <\/p>\n\n\n\n<p>Servidores ativos que ainda n\u00e3o migraram, assim como aqueles que j\u00e1 optaram pelo novo regime antes da publica\u00e7\u00e3o da lei que instituiu o benef\u00edcio (Lei n\u00ba 14.807\/2024), est\u00e3o inclu\u00eddos nas regras e podem solicitar o c\u00e1lculo do valor estimado a receber. <\/p>\n\n\n\n<p>A concess\u00e3o do benef\u00edcio \u00e9 vinculada automaticamente \u00e0 ades\u00e3o a um plano de previd\u00eancia gerido pela PrevNordeste, funda\u00e7\u00e3o respons\u00e1vel pela administra\u00e7\u00e3o da previd\u00eancia complementar dos servidores de estados do Nordeste, incluindo a Bahia.<\/p>\n\n\n\n<p>O valor do benef\u00edcio especial \u00e9 definido a partir da m\u00e9dia das maiores remunera\u00e7\u00f5es sobre as quais houve contribui\u00e7\u00e3o desde julho de 1994, e leva em conta o tempo de contribui\u00e7\u00e3o ao Regime Pr\u00f3prio de Previd\u00eancia Social (RPPS). <\/p>\n\n\n\n<p>A f\u00f3rmula de c\u00e1lculo considera apenas as parcelas que excederam o teto do RGPS, e o valor pago n\u00e3o sofre descontos previdenci\u00e1rios, pois n\u00e3o \u00e9 considerado um benef\u00edcio previdenci\u00e1rio, e sim compensat\u00f3rio.<\/p>\n\n\n\n<h3 class=\"wp-block-heading\">Como servidores da Bahia podem aderir ao benef\u00edcio especial da previd\u00eancia estadual?<\/h3>\n\n\n\n<p>Para aderir, o servidor deve acessar o <a href=\"https:\/\/rhbahia.ba.gov.br\/\"><strong>Portal RH Bahia<\/strong><\/a>, onde est\u00e1 dispon\u00edvel um simulador que permite solicitar o levantamento das contribui\u00e7\u00f5es j\u00e1 feitas. <\/p>\n\n\n\n<p>Ap\u00f3s a libera\u00e7\u00e3o do c\u00e1lculo pela \u00e1rea de recursos humanos do \u00f3rg\u00e3o de origem, o servidor precisa validar os dados e, se necess\u00e1rio, corrigir informa\u00e7\u00f5es via processo no Sistema Eletr\u00f4nico de Informa\u00e7\u00f5es (SEI).<\/p>\n\n\n\n<p>O pagamento do benef\u00edcio ser\u00e1 vital\u00edcio e custeado integralmente pelo Estado, abrangendo todos os Poderes e \u00f3rg\u00e3os estaduais. <\/p>\n\n\n\n<p>A medida representa um avan\u00e7o na busca por equil\u00edbrio financeiro no sistema previdenci\u00e1rio estadual, ao mesmo tempo em que preserva direitos adquiridos dos servidores.<\/p>\n\n\n\n<p><\/p>\n","protected":false},"excerpt":{"rendered":"<p>Um novo decreto publicado pelo Governo da Bahia garante uma vantagem financeira importante para servidores p\u00fablicos estaduais que optarem pela previd\u00eancia complementar. A medida, oficializada no Di\u00e1rio Oficial do Estado da \u00faltima quarta-feira (29\/10), regulamenta o chamado benef\u00edcio especial, voltado a quem decidir migrar para o Regime de Previd\u00eancia Complementar (RPC). Novo decreto assegura vantagem [&hellip;]<\/p>\n","protected":false},"author":5,"featured_media":3389,"comment_status":"open","ping_status":"open","sticky":false,"template":"","format":"standard","meta":{"jnews-multi-image_gallery":[],"jnews_single_post":{"format":"standard"},"jnews_primary_category":[],"jnews_social_meta":[],"jnews_post_split":[],"footnotes":""},"categories":[159],"tags":[],"class_list":["post-3388","post","type-post","status-publish","format-standard","has-post-thumbnail","hentry","category-cidadania"],"yoast_head":"<!-- This site is optimized with the Yoast SEO plugin v25.6 - https:\/\/yoast.com\/wordpress\/plugins\/seo\/ -->\n<title>Novo decreto assegura vantagem para quem optar por previd\u00eancia estadual<\/title>\n<meta name=\"description\" content=\"Um novo decreto garante uma vantagem financeira importante para servidores p\u00fablicos estaduais que optarem pela previd\u00eancia complementar.\" \/>\n<meta name=\"robots\" content=\"index, follow, max-snippet:-1, max-image-preview:large, max-video-preview:-1\" \/>\n<link rel=\"canonical\" href=\"https:\/\/tribunademinas.audiencelabs.com.br\/novo-decreto-assegura-vantagem-para-quem-optar-por-previdencia-estadual\/\" \/>\n<meta property=\"og:locale\" content=\"pt_BR\" \/>\n<meta property=\"og:type\" content=\"article\" \/>\n<meta property=\"og:title\" content=\"Novo decreto assegura vantagem para quem optar por previd\u00eancia estadual\" \/>\n<meta property=\"og:description\" content=\"Um novo decreto garante uma vantagem financeira importante para servidores p\u00fablicos estaduais que optarem pela previd\u00eancia complementar.\" \/>\n<meta property=\"og:url\" content=\"https:\/\/tribunademinas.audiencelabs.com.br\/novo-decreto-assegura-vantagem-para-quem-optar-por-previdencia-estadual\/\" \/>\n<meta property=\"og:site_name\" content=\"Tribuna de Minas - Dinheiro e Cidadania\" \/>\n<meta property=\"article:publisher\" content=\"https:\/\/www.facebook.com\/tribunademinas\/\" \/>\n<meta property=\"article:published_time\" content=\"2025-11-03T10:45:00+00:00\" \/>\n<meta property=\"og:image\" content=\"https:\/\/tribunademinas.audiencelabs.com.br\/wp-content\/uploads\/2025\/10\/previdencia.webp\" \/>\n\t<meta property=\"og:image:width\" content=\"1170\" \/>\n\t<meta property=\"og:image:height\" content=\"700\" \/>\n\t<meta property=\"og:image:type\" content=\"image\/webp\" \/>\n<meta name=\"author\" content=\"Jeferson Carvalho\" \/>\n<meta name=\"twitter:card\" content=\"summary_large_image\" \/>\n<meta name=\"twitter:creator\" content=\"@tribunademinas\" \/>\n<meta name=\"twitter:site\" content=\"@tribunademinas\" \/>\n<meta name=\"twitter:label1\" content=\"Escrito por\" \/>\n\t<meta name=\"twitter:data1\" content=\"Jeferson Carvalho\" \/>\n\t<meta name=\"twitter:label2\" content=\"Est. tempo de leitura\" \/>\n\t<meta name=\"twitter:data2\" content=\"3 minutos\" \/>\n<!-- \/ Yoast SEO plugin. -->","yoast_head_json":{"title":"Novo decreto assegura vantagem para quem optar por previd\u00eancia estadual","description":"Um novo decreto garante uma vantagem financeira importante para servidores p\u00fablicos estaduais que optarem pela previd\u00eancia complementar.","robots":{"index":"index","follow":"follow","max-snippet":"max-snippet:-1","max-image-preview":"max-image-preview:large","max-video-preview":"max-video-preview:-1"},"canonical":"https:\/\/tribunademinas.audiencelabs.com.br\/novo-decreto-assegura-vantagem-para-quem-optar-por-previdencia-estadual\/","og_locale":"pt_BR","og_type":"article","og_title":"Novo decreto assegura vantagem para quem optar por previd\u00eancia estadual","og_description":"Um novo decreto garante uma vantagem financeira importante para servidores p\u00fablicos estaduais que optarem pela previd\u00eancia complementar.","og_url":"https:\/\/tribunademinas.audiencelabs.com.br\/novo-decreto-assegura-vantagem-para-quem-optar-por-previdencia-estadual\/","og_site_name":"Tribuna de Minas - Dinheiro e Cidadania","article_publisher":"https:\/\/www.facebook.com\/tribunademinas\/","article_published_time":"2025-11-03T10:45:00+00:00","og_image":[{"width":1170,"height":700,"url":"https:\/\/tribunademinas.audiencelabs.com.br\/wp-content\/uploads\/2025\/10\/previdencia.webp","type":"image\/webp"}],"author":"Jeferson Carvalho","twitter_card":"summary_large_image","twitter_creator":"@tribunademinas","twitter_site":"@tribunademinas","twitter_misc":{"Escrito por":"Jeferson Carvalho","Est. tempo de leitura":"3 minutos"},"schema":{"@context":"https:\/\/schema.org","@graph":[{"@type":"Article","@id":"https:\/\/tribunademinas.audiencelabs.com.br\/novo-decreto-assegura-vantagem-para-quem-optar-por-previdencia-estadual\/#article","isPartOf":{"@id":"https:\/\/tribunademinas.audiencelabs.com.br\/novo-decreto-assegura-vantagem-para-quem-optar-por-previdencia-estadual\/"},"author":{"name":"Jeferson Carvalho","@id":"https:\/\/tribunademinas.audiencelabs.com.br\/#\/schema\/person\/db18fc40307804bacef94213aa68fd9d"},"headline":"Novo decreto assegura vantagem para quem optar por previd\u00eancia estadual","datePublished":"2025-11-03T10:45:00+00:00","mainEntityOfPage":{"@id":"https:\/\/tribunademinas.audiencelabs.com.br\/novo-decreto-assegura-vantagem-para-quem-optar-por-previdencia-estadual\/"},"wordCount":475,"commentCount":0,"publisher":{"@id":"https:\/\/tribunademinas.audiencelabs.com.br\/#organization"},"image":{"@id":"https:\/\/tribunademinas.audiencelabs.com.br\/novo-decreto-assegura-vantagem-para-quem-optar-por-previdencia-estadual\/#primaryimage"},"thumbnailUrl":"https:\/\/tribunademinas.audiencelabs.com.br\/wp-content\/uploads\/2025\/10\/previdencia.webp","articleSection":["Cidadania"],"inLanguage":"pt-BR","potentialAction":[{"@type":"CommentAction","name":"Comment","target":["https:\/\/tribunademinas.audiencelabs.com.br\/novo-decreto-assegura-vantagem-para-quem-optar-por-previdencia-estadual\/#respond"]}]},{"@type":"WebPage","@id":"https:\/\/tribunademinas.audiencelabs.com.br\/novo-decreto-assegura-vantagem-para-quem-optar-por-previdencia-estadual\/","url":"https:\/\/tribunademinas.audiencelabs.com.br\/novo-decreto-assegura-vantagem-para-quem-optar-por-previdencia-estadual\/","name":"Novo decreto assegura vantagem para quem optar por previd\u00eancia estadual","isPartOf":{"@id":"https:\/\/tribunademinas.audiencelabs.com.br\/#website"},"primaryImageOfPage":{"@id":"https:\/\/tribunademinas.audiencelabs.com.br\/novo-decreto-assegura-vantagem-para-quem-optar-por-previdencia-estadual\/#primaryimage"},"image":{"@id":"https:\/\/tribunademinas.audiencelabs.com.br\/novo-decreto-assegura-vantagem-para-quem-optar-por-previdencia-estadual\/#primaryimage"},"thumbnailUrl":"https:\/\/tribunademinas.audiencelabs.com.br\/wp-content\/uploads\/2025\/10\/previdencia.webp","datePublished":"2025-11-03T10:45:00+00:00","description":"Um novo decreto garante uma vantagem financeira importante para servidores p\u00fablicos estaduais que optarem pela previd\u00eancia complementar.","breadcrumb":{"@id":"https:\/\/tribunademinas.audiencelabs.com.br\/novo-decreto-assegura-vantagem-para-quem-optar-por-previdencia-estadual\/#breadcrumb"},"inLanguage":"pt-BR","potentialAction":[{"@type":"ReadAction","target":["https:\/\/tribunademinas.audiencelabs.com.br\/novo-decreto-assegura-vantagem-para-quem-optar-por-previdencia-estadual\/"]}]},{"@type":"ImageObject","inLanguage":"pt-BR","@id":"https:\/\/tribunademinas.audiencelabs.com.br\/novo-decreto-assegura-vantagem-para-quem-optar-por-previdencia-estadual\/#primaryimage","url":"https:\/\/tribunademinas.audiencelabs.com.br\/wp-content\/uploads\/2025\/10\/previdencia.webp","contentUrl":"https:\/\/tribunademinas.audiencelabs.com.br\/wp-content\/uploads\/2025\/10\/previdencia.webp","width":1170,"height":700,"caption":"Novo decreto assegura vantagem para quem optar por previd\u00eancia estadual - Imagem: Valter Campanato\/Ag\u00eancia Brasil"},{"@type":"BreadcrumbList","@id":"https:\/\/tribunademinas.audiencelabs.com.br\/novo-decreto-assegura-vantagem-para-quem-optar-por-previdencia-estadual\/#breadcrumb","itemListElement":[{"@type":"ListItem","position":1,"name":"In\u00edcio","item":"https:\/\/tribunademinas.audiencelabs.com.br\/"},{"@type":"ListItem","position":2,"name":"Novo decreto assegura vantagem para quem optar por previd\u00eancia estadual"}]},{"@type":"WebSite","@id":"https:\/\/tribunademinas.audiencelabs.com.br\/#website","url":"https:\/\/tribunademinas.audiencelabs.com.br\/","name":"Tribuna de Minas - Dinheiro e Cidadania","description":"","publisher":{"@id":"https:\/\/tribunademinas.audiencelabs.com.br\/#organization"},"potentialAction":[{"@type":"SearchAction","target":{"@type":"EntryPoint","urlTemplate":"https:\/\/tribunademinas.audiencelabs.com.br\/?s={search_term_string}"},"query-input":{"@type":"PropertyValueSpecification","valueRequired":true,"valueName":"search_term_string"}}],"inLanguage":"pt-BR"},{"@type":"Organization","@id":"https:\/\/tribunademinas.audiencelabs.com.br\/#organization","name":"Tribuna de Minas - Dinheiro e Cidadania","url":"https:\/\/tribunademinas.audiencelabs.com.br\/","logo":{"@type":"ImageObject","inLanguage":"pt-BR","@id":"https:\/\/tribunademinas.audiencelabs.com.br\/#\/schema\/logo\/image\/","url":"https:\/\/tribunademinas.audiencelabs.com.br\/wp-content\/uploads\/2025\/08\/cropped-Tribuna_512x512-96x96-1.png","contentUrl":"https:\/\/tribunademinas.audiencelabs.com.br\/wp-content\/uploads\/2025\/08\/cropped-Tribuna_512x512-96x96-1.png","width":96,"height":96,"caption":"Tribuna de Minas - Dinheiro e Cidadania"},"image":{"@id":"https:\/\/tribunademinas.audiencelabs.com.br\/#\/schema\/logo\/image\/"},"sameAs":["https:\/\/www.facebook.com\/tribunademinas\/","https:\/\/x.com\/tribunademinas","https:\/\/www.instagram.com\/tribunademinas\/","https:\/\/www.youtube.com\/user\/TribunadeMinasJF"]},{"@type":"Person","@id":"https:\/\/tribunademinas.audiencelabs.com.br\/#\/schema\/person\/db18fc40307804bacef94213aa68fd9d","name":"Jeferson Carvalho","image":{"@type":"ImageObject","inLanguage":"pt-BR","@id":"https:\/\/tribunademinas.audiencelabs.com.br\/#\/schema\/person\/image\/","url":"https:\/\/secure.gravatar.com\/avatar\/cd7646e328d9670dad7dea8698522e522745eeffcff5b9d08be858e377ce326b?s=96&d=mm&r=g","contentUrl":"https:\/\/secure.gravatar.com\/avatar\/cd7646e328d9670dad7dea8698522e522745eeffcff5b9d08be858e377ce326b?s=96&d=mm&r=g","caption":"Jeferson Carvalho"},"description":"Jornalista apaixonado pela profiss\u00e3o!","url":"https:\/\/tribunademinas.audiencelabs.com.br\/author\/jeferson\/"}]}},"amp_enabled":true,"_links":{"self":[{"href":"https:\/\/tribunademinas.audiencelabs.com.br\/wp-json\/wp\/v2\/posts\/3388","targetHints":{"allow":["GET"]}}],"collection":[{"href":"https:\/\/tribunademinas.audiencelabs.com.br\/wp-json\/wp\/v2\/posts"}],"about":[{"href":"https:\/\/tribunademinas.audiencelabs.com.br\/wp-json\/wp\/v2\/types\/post"}],"author":[{"embeddable":true,"href":"https:\/\/tribunademinas.audiencelabs.com.br\/wp-json\/wp\/v2\/users\/5"}],"replies":[{"embeddable":true,"href":"https:\/\/tribunademinas.audiencelabs.com.br\/wp-json\/wp\/v2\/comments?post=3388"}],"version-history":[{"count":1,"href":"https:\/\/tribunademinas.audiencelabs.com.br\/wp-json\/wp\/v2\/posts\/3388\/revisions"}],"predecessor-version":[{"id":3390,"href":"https:\/\/tribunademinas.audiencelabs.com.br\/wp-json\/wp\/v2\/posts\/3388\/revisions\/3390"}],"wp:featuredmedia":[{"embeddable":true,"href":"https:\/\/tribunademinas.audiencelabs.com.br\/wp-json\/wp\/v2\/media\/3389"}],"wp:attachment":[{"href":"https:\/\/tribunademinas.audiencelabs.com.br\/wp-json\/wp\/v2\/media?parent=3388"}],"wp:term":[{"taxonomy":"category","embeddable":true,"href":"https:\/\/tribunademinas.audiencelabs.com.br\/wp-json\/wp\/v2\/categories?post=3388"},{"taxonomy":"post_tag","embeddable":true,"href":"https:\/\/tribunademinas.audiencelabs.com.br\/wp-json\/wp\/v2\/tags?post=3388"}],"curies":[{"name":"wp","href":"https:\/\/api.w.org\/{rel}","templated":true}]}}