{"id":3381,"date":"2025-10-31T18:18:21","date_gmt":"2025-10-31T21:18:21","guid":{"rendered":"https:\/\/tribunademinas.audiencelabs.com.br\/?p=3381"},"modified":"2025-10-31T18:18:26","modified_gmt":"2025-10-31T21:18:26","slug":"amanha-1o-e-o-dia-oficial-para-o-novo-saque-aniversario-do-fgts","status":"publish","type":"post","link":"https:\/\/tribunademinas.audiencelabs.com.br\/amanha-1o-e-o-dia-oficial-para-o-novo-saque-aniversario-do-fgts\/","title":{"rendered":"Amanh\u00e3 (1\u00ba) \u00e9 o dia oficial para o novo saque-anivers\u00e1rio do FGTS"},"content":{"rendered":"\n<p>Com a chegada de um novo m\u00eas nesta quarta-feira, 1\u00ba de novembro, os trabalhadores nascidos em novembro que aderiram ao saque-anivers\u00e1rio do FGTS poder\u00e3o acessar os valores dispon\u00edveis em suas contas do fundo. <\/p>\n\n\n\n<p>A modalidade, que permite retiradas anuais no m\u00eas de nascimento do benefici\u00e1rio, segue ativa, mas passa a funcionar com novas regras a partir desta mesma data, especialmente no que diz respeito \u00e0 antecipa\u00e7\u00e3o dos valores por meio de empr\u00e9stimos banc\u00e1rios.<\/p>\n\n\n\n<h2 class=\"wp-block-heading\">Amanh\u00e3 (1\u00ba) \u00e9 o dia oficial para o novo saque-anivers\u00e1rio do FGTS<\/h2>\n\n\n\n<p>O saque-anivers\u00e1rio foi criado em 2019 como uma alternativa ao modelo tradicional do Fundo de Garantia por Tempo de Servi\u00e7o. <\/p>\n\n\n\n<p>Nessa op\u00e7\u00e3o, o trabalhador pode retirar, todos os anos, uma parte do saldo do FGTS, mas abre m\u00e3o de sacar o valor total em caso de demiss\u00e3o sem justa causa, mantendo apenas o direito \u00e0 multa rescis\u00f3ria de 40%. <\/p>\n\n\n\n<p>A ades\u00e3o \u00e9 volunt\u00e1ria e feita digitalmente, por aplicativo ou site oficial.<\/p>\n\n\n\n<p>Nos \u00faltimos anos, essa modalidade ganhou ainda mais for\u00e7a com a possibilidade de antecipar parcelas futuras por meio de institui\u00e7\u00f5es financeiras. <\/p>\n\n\n\n<p>Com esse mecanismo, o trabalhador conseguia contratar empr\u00e9stimos com base no valor que receberia nos pr\u00f3ximos anos, geralmente com juros mais baixos, j\u00e1 que o pagamento era garantido pelo pr\u00f3prio saldo do FGTS. <\/p>\n\n\n\n<p>Em alguns casos, era poss\u00edvel antecipar at\u00e9 dez anos de saque em uma \u00fanica opera\u00e7\u00e3o, o que tornava essa linha de cr\u00e9dito uma das mais acess\u00edveis do mercado, inclusive para negativados ou desempregados.<\/p>\n\n\n\n<p>A partir de amanh\u00e3, no entanto, esse cen\u00e1rio muda. O governo federal e o Conselho Curador do FGTS definiram um novo conjunto de regras que passa a valer j\u00e1 neste 1\u00ba de novembro. <\/p>\n\n\n\n<h3 class=\"wp-block-heading\">Novas regras para o empr\u00e9stimo do saque-anivers\u00e1rio do FGTS<\/h3>\n\n\n\n<p>Agora, ser\u00e1 necess\u00e1rio aguardar um intervalo m\u00ednimo de 90 dias ap\u00f3s a ades\u00e3o ao <a href=\"https:\/\/tribunademinas.com.br\/colunas\/dinheiroecidadania\/20-milhoes-de-brasileiros-foram-pegos-de-surpresa-com-decisao-do-fgts\/\"><strong>saque-anivers\u00e1rio<\/strong><\/a> para contratar qualquer antecipa\u00e7\u00e3o. <\/p>\n\n\n\n<p>Al\u00e9m disso, o valor de cada parcela antecipada n\u00e3o poder\u00e1 ultrapassar R$ 500, e o limite de parcelas foi reduzido para cinco por opera\u00e7\u00e3o. Ou seja, o valor m\u00e1ximo que poder\u00e1 ser antecipado ser\u00e1 de R$ 2.500 por contrato. <\/p>\n\n\n\n<p>A partir de novembro de 2026, esse teto ser\u00e1 ainda menor, limitado a tr\u00eas parcelas por ano. Outra mudan\u00e7a importante: s\u00f3 ser\u00e1 permitida uma opera\u00e7\u00e3o ativa por trabalhador, impedindo m\u00faltiplos contratos.<\/p>\n\n\n\n<p>As novas regras t\u00eam como objetivo, segundo o governo, proteger os trabalhadores do superendividamento e refor\u00e7ar o papel social do FGTS, utilizado tamb\u00e9m para investimentos em habita\u00e7\u00e3o e infraestrutura.<\/p>\n\n\n\n<p><\/p>\n","protected":false},"excerpt":{"rendered":"<p>Com a chegada de um novo m\u00eas nesta quarta-feira, 1\u00ba de novembro, os trabalhadores nascidos em novembro que aderiram ao saque-anivers\u00e1rio do FGTS poder\u00e3o acessar os valores dispon\u00edveis em suas contas do fundo. A modalidade, que permite retiradas anuais no m\u00eas de nascimento do benefici\u00e1rio, segue ativa, mas passa a funcionar com novas regras a [&hellip;]<\/p>\n","protected":false},"author":5,"featured_media":3382,"comment_status":"open","ping_status":"open","sticky":false,"template":"","format":"standard","meta":{"jnews-multi-image_gallery":[],"jnews_single_post":{"format":"standard"},"jnews_primary_category":[],"jnews_social_meta":[],"jnews_post_split":[],"footnotes":""},"categories":[1],"tags":[],"class_list":["post-3381","post","type-post","status-publish","format-standard","has-post-thumbnail","hentry","category-dinheiro"],"yoast_head":"<!-- This site is optimized with the Yoast SEO plugin v25.6 - https:\/\/yoast.com\/wordpress\/plugins\/seo\/ -->\n<title>Amanh\u00e3 (1\u00ba) \u00e9 o dia oficial para o novo saque-anivers\u00e1rio do FGTS<\/title>\n<meta name=\"description\" content=\"Com a chegada de novembro, trabalhadores que aderiram ao saque-anivers\u00e1rio do FGTS poder\u00e3o acessar os valores dispon\u00edveis em suas contas.\" \/>\n<meta name=\"robots\" content=\"index, follow, max-snippet:-1, max-image-preview:large, max-video-preview:-1\" \/>\n<link rel=\"canonical\" href=\"https:\/\/tribunademinas.audiencelabs.com.br\/amanha-1o-e-o-dia-oficial-para-o-novo-saque-aniversario-do-fgts\/\" \/>\n<meta property=\"og:locale\" content=\"pt_BR\" \/>\n<meta property=\"og:type\" content=\"article\" \/>\n<meta property=\"og:title\" content=\"Amanh\u00e3 (1\u00ba) \u00e9 o dia oficial para o novo saque-anivers\u00e1rio do FGTS\" \/>\n<meta property=\"og:description\" content=\"Com a chegada de novembro, trabalhadores que aderiram ao saque-anivers\u00e1rio do FGTS poder\u00e3o acessar os valores dispon\u00edveis em suas contas.\" \/>\n<meta property=\"og:url\" content=\"https:\/\/tribunademinas.audiencelabs.com.br\/amanha-1o-e-o-dia-oficial-para-o-novo-saque-aniversario-do-fgts\/\" \/>\n<meta property=\"og:site_name\" content=\"Tribuna de Minas - Dinheiro e Cidadania\" \/>\n<meta property=\"article:publisher\" content=\"https:\/\/www.facebook.com\/tribunademinas\/\" \/>\n<meta property=\"article:published_time\" content=\"2025-10-31T21:18:21+00:00\" \/>\n<meta property=\"article:modified_time\" content=\"2025-10-31T21:18:26+00:00\" \/>\n<meta property=\"og:image\" content=\"https:\/\/tribunademinas.audiencelabs.com.br\/wp-content\/uploads\/2025\/10\/FGTS-5.webp\" \/>\n\t<meta property=\"og:image:width\" content=\"1170\" \/>\n\t<meta property=\"og:image:height\" content=\"700\" \/>\n\t<meta property=\"og:image:type\" content=\"image\/webp\" \/>\n<meta name=\"author\" content=\"Jeferson Carvalho\" \/>\n<meta name=\"twitter:card\" content=\"summary_large_image\" \/>\n<meta name=\"twitter:creator\" content=\"@tribunademinas\" \/>\n<meta name=\"twitter:site\" content=\"@tribunademinas\" \/>\n<meta name=\"twitter:label1\" content=\"Escrito por\" \/>\n\t<meta name=\"twitter:data1\" content=\"Jeferson Carvalho\" \/>\n\t<meta name=\"twitter:label2\" content=\"Est. tempo de leitura\" \/>\n\t<meta name=\"twitter:data2\" content=\"3 minutos\" \/>\n<!-- \/ Yoast SEO plugin. -->","yoast_head_json":{"title":"Amanh\u00e3 (1\u00ba) \u00e9 o dia oficial para o novo saque-anivers\u00e1rio do FGTS","description":"Com a chegada de novembro, trabalhadores que aderiram ao saque-anivers\u00e1rio do FGTS poder\u00e3o acessar os valores dispon\u00edveis em suas contas.","robots":{"index":"index","follow":"follow","max-snippet":"max-snippet:-1","max-image-preview":"max-image-preview:large","max-video-preview":"max-video-preview:-1"},"canonical":"https:\/\/tribunademinas.audiencelabs.com.br\/amanha-1o-e-o-dia-oficial-para-o-novo-saque-aniversario-do-fgts\/","og_locale":"pt_BR","og_type":"article","og_title":"Amanh\u00e3 (1\u00ba) \u00e9 o dia oficial para o novo saque-anivers\u00e1rio do FGTS","og_description":"Com a chegada de novembro, trabalhadores que aderiram ao saque-anivers\u00e1rio do FGTS poder\u00e3o acessar os valores dispon\u00edveis em suas contas.","og_url":"https:\/\/tribunademinas.audiencelabs.com.br\/amanha-1o-e-o-dia-oficial-para-o-novo-saque-aniversario-do-fgts\/","og_site_name":"Tribuna de Minas - Dinheiro e Cidadania","article_publisher":"https:\/\/www.facebook.com\/tribunademinas\/","article_published_time":"2025-10-31T21:18:21+00:00","article_modified_time":"2025-10-31T21:18:26+00:00","og_image":[{"width":1170,"height":700,"url":"https:\/\/tribunademinas.audiencelabs.com.br\/wp-content\/uploads\/2025\/10\/FGTS-5.webp","type":"image\/webp"}],"author":"Jeferson Carvalho","twitter_card":"summary_large_image","twitter_creator":"@tribunademinas","twitter_site":"@tribunademinas","twitter_misc":{"Escrito por":"Jeferson Carvalho","Est. tempo de leitura":"3 minutos"},"schema":{"@context":"https:\/\/schema.org","@graph":[{"@type":"Article","@id":"https:\/\/tribunademinas.audiencelabs.com.br\/amanha-1o-e-o-dia-oficial-para-o-novo-saque-aniversario-do-fgts\/#article","isPartOf":{"@id":"https:\/\/tribunademinas.audiencelabs.com.br\/amanha-1o-e-o-dia-oficial-para-o-novo-saque-aniversario-do-fgts\/"},"author":{"name":"Jeferson Carvalho","@id":"https:\/\/tribunademinas.audiencelabs.com.br\/#\/schema\/person\/db18fc40307804bacef94213aa68fd9d"},"headline":"Amanh\u00e3 (1\u00ba) \u00e9 o dia oficial para o novo saque-anivers\u00e1rio do FGTS","datePublished":"2025-10-31T21:18:21+00:00","dateModified":"2025-10-31T21:18:26+00:00","mainEntityOfPage":{"@id":"https:\/\/tribunademinas.audiencelabs.com.br\/amanha-1o-e-o-dia-oficial-para-o-novo-saque-aniversario-do-fgts\/"},"wordCount":449,"commentCount":0,"publisher":{"@id":"https:\/\/tribunademinas.audiencelabs.com.br\/#organization"},"image":{"@id":"https:\/\/tribunademinas.audiencelabs.com.br\/amanha-1o-e-o-dia-oficial-para-o-novo-saque-aniversario-do-fgts\/#primaryimage"},"thumbnailUrl":"https:\/\/tribunademinas.audiencelabs.com.br\/wp-content\/uploads\/2025\/10\/FGTS-5.webp","articleSection":["Dinheiro"],"inLanguage":"pt-BR","potentialAction":[{"@type":"CommentAction","name":"Comment","target":["https:\/\/tribunademinas.audiencelabs.com.br\/amanha-1o-e-o-dia-oficial-para-o-novo-saque-aniversario-do-fgts\/#respond"]}]},{"@type":"WebPage","@id":"https:\/\/tribunademinas.audiencelabs.com.br\/amanha-1o-e-o-dia-oficial-para-o-novo-saque-aniversario-do-fgts\/","url":"https:\/\/tribunademinas.audiencelabs.com.br\/amanha-1o-e-o-dia-oficial-para-o-novo-saque-aniversario-do-fgts\/","name":"Amanh\u00e3 (1\u00ba) \u00e9 o dia oficial para o novo saque-anivers\u00e1rio do FGTS","isPartOf":{"@id":"https:\/\/tribunademinas.audiencelabs.com.br\/#website"},"primaryImageOfPage":{"@id":"https:\/\/tribunademinas.audiencelabs.com.br\/amanha-1o-e-o-dia-oficial-para-o-novo-saque-aniversario-do-fgts\/#primaryimage"},"image":{"@id":"https:\/\/tribunademinas.audiencelabs.com.br\/amanha-1o-e-o-dia-oficial-para-o-novo-saque-aniversario-do-fgts\/#primaryimage"},"thumbnailUrl":"https:\/\/tribunademinas.audiencelabs.com.br\/wp-content\/uploads\/2025\/10\/FGTS-5.webp","datePublished":"2025-10-31T21:18:21+00:00","dateModified":"2025-10-31T21:18:26+00:00","description":"Com a chegada de novembro, trabalhadores que aderiram ao saque-anivers\u00e1rio do FGTS poder\u00e3o acessar os valores dispon\u00edveis em suas contas.","breadcrumb":{"@id":"https:\/\/tribunademinas.audiencelabs.com.br\/amanha-1o-e-o-dia-oficial-para-o-novo-saque-aniversario-do-fgts\/#breadcrumb"},"inLanguage":"pt-BR","potentialAction":[{"@type":"ReadAction","target":["https:\/\/tribunademinas.audiencelabs.com.br\/amanha-1o-e-o-dia-oficial-para-o-novo-saque-aniversario-do-fgts\/"]}]},{"@type":"ImageObject","inLanguage":"pt-BR","@id":"https:\/\/tribunademinas.audiencelabs.com.br\/amanha-1o-e-o-dia-oficial-para-o-novo-saque-aniversario-do-fgts\/#primaryimage","url":"https:\/\/tribunademinas.audiencelabs.com.br\/wp-content\/uploads\/2025\/10\/FGTS-5.webp","contentUrl":"https:\/\/tribunademinas.audiencelabs.com.br\/wp-content\/uploads\/2025\/10\/FGTS-5.webp","width":1170,"height":700,"caption":"Amanh\u00e3 (1\u00ba) \u00e9 o dia oficial para o novo saque-anivers\u00e1rio do FGTS - Imagem: Marcelo Camargo\/Ag\u00eancia Brasil"},{"@type":"BreadcrumbList","@id":"https:\/\/tribunademinas.audiencelabs.com.br\/amanha-1o-e-o-dia-oficial-para-o-novo-saque-aniversario-do-fgts\/#breadcrumb","itemListElement":[{"@type":"ListItem","position":1,"name":"In\u00edcio","item":"https:\/\/tribunademinas.audiencelabs.com.br\/"},{"@type":"ListItem","position":2,"name":"Amanh\u00e3 (1\u00ba) \u00e9 o dia oficial para o novo saque-anivers\u00e1rio do FGTS"}]},{"@type":"WebSite","@id":"https:\/\/tribunademinas.audiencelabs.com.br\/#website","url":"https:\/\/tribunademinas.audiencelabs.com.br\/","name":"Tribuna de Minas - Dinheiro e Cidadania","description":"","publisher":{"@id":"https:\/\/tribunademinas.audiencelabs.com.br\/#organization"},"potentialAction":[{"@type":"SearchAction","target":{"@type":"EntryPoint","urlTemplate":"https:\/\/tribunademinas.audiencelabs.com.br\/?s={search_term_string}"},"query-input":{"@type":"PropertyValueSpecification","valueRequired":true,"valueName":"search_term_string"}}],"inLanguage":"pt-BR"},{"@type":"Organization","@id":"https:\/\/tribunademinas.audiencelabs.com.br\/#organization","name":"Tribuna de Minas - Dinheiro e Cidadania","url":"https:\/\/tribunademinas.audiencelabs.com.br\/","logo":{"@type":"ImageObject","inLanguage":"pt-BR","@id":"https:\/\/tribunademinas.audiencelabs.com.br\/#\/schema\/logo\/image\/","url":"https:\/\/tribunademinas.audiencelabs.com.br\/wp-content\/uploads\/2025\/08\/cropped-Tribuna_512x512-96x96-1.png","contentUrl":"https:\/\/tribunademinas.audiencelabs.com.br\/wp-content\/uploads\/2025\/08\/cropped-Tribuna_512x512-96x96-1.png","width":96,"height":96,"caption":"Tribuna de Minas - Dinheiro e Cidadania"},"image":{"@id":"https:\/\/tribunademinas.audiencelabs.com.br\/#\/schema\/logo\/image\/"},"sameAs":["https:\/\/www.facebook.com\/tribunademinas\/","https:\/\/x.com\/tribunademinas","https:\/\/www.instagram.com\/tribunademinas\/","https:\/\/www.youtube.com\/user\/TribunadeMinasJF"]},{"@type":"Person","@id":"https:\/\/tribunademinas.audiencelabs.com.br\/#\/schema\/person\/db18fc40307804bacef94213aa68fd9d","name":"Jeferson Carvalho","image":{"@type":"ImageObject","inLanguage":"pt-BR","@id":"https:\/\/tribunademinas.audiencelabs.com.br\/#\/schema\/person\/image\/","url":"https:\/\/secure.gravatar.com\/avatar\/cd7646e328d9670dad7dea8698522e522745eeffcff5b9d08be858e377ce326b?s=96&d=mm&r=g","contentUrl":"https:\/\/secure.gravatar.com\/avatar\/cd7646e328d9670dad7dea8698522e522745eeffcff5b9d08be858e377ce326b?s=96&d=mm&r=g","caption":"Jeferson Carvalho"},"description":"Jornalista apaixonado pela profiss\u00e3o!","url":"https:\/\/tribunademinas.audiencelabs.com.br\/author\/jeferson\/"}]}},"amp_enabled":true,"_links":{"self":[{"href":"https:\/\/tribunademinas.audiencelabs.com.br\/wp-json\/wp\/v2\/posts\/3381","targetHints":{"allow":["GET"]}}],"collection":[{"href":"https:\/\/tribunademinas.audiencelabs.com.br\/wp-json\/wp\/v2\/posts"}],"about":[{"href":"https:\/\/tribunademinas.audiencelabs.com.br\/wp-json\/wp\/v2\/types\/post"}],"author":[{"embeddable":true,"href":"https:\/\/tribunademinas.audiencelabs.com.br\/wp-json\/wp\/v2\/users\/5"}],"replies":[{"embeddable":true,"href":"https:\/\/tribunademinas.audiencelabs.com.br\/wp-json\/wp\/v2\/comments?post=3381"}],"version-history":[{"count":1,"href":"https:\/\/tribunademinas.audiencelabs.com.br\/wp-json\/wp\/v2\/posts\/3381\/revisions"}],"predecessor-version":[{"id":3383,"href":"https:\/\/tribunademinas.audiencelabs.com.br\/wp-json\/wp\/v2\/posts\/3381\/revisions\/3383"}],"wp:featuredmedia":[{"embeddable":true,"href":"https:\/\/tribunademinas.audiencelabs.com.br\/wp-json\/wp\/v2\/media\/3382"}],"wp:attachment":[{"href":"https:\/\/tribunademinas.audiencelabs.com.br\/wp-json\/wp\/v2\/media?parent=3381"}],"wp:term":[{"taxonomy":"category","embeddable":true,"href":"https:\/\/tribunademinas.audiencelabs.com.br\/wp-json\/wp\/v2\/categories?post=3381"},{"taxonomy":"post_tag","embeddable":true,"href":"https:\/\/tribunademinas.audiencelabs.com.br\/wp-json\/wp\/v2\/tags?post=3381"}],"curies":[{"name":"wp","href":"https:\/\/api.w.org\/{rel}","templated":true}]}}