{"id":3375,"date":"2025-11-01T20:45:00","date_gmt":"2025-11-01T23:45:00","guid":{"rendered":"https:\/\/tribunademinas.audiencelabs.com.br\/?p=3375"},"modified":"2025-10-31T17:43:39","modified_gmt":"2025-10-31T20:43:39","slug":"esperar-5-anos-apaga-a-divida-a-resposta-surpreende","status":"publish","type":"post","link":"https:\/\/tribunademinas.audiencelabs.com.br\/esperar-5-anos-apaga-a-divida-a-resposta-surpreende\/","title":{"rendered":"Esperar 5 anos apaga a d\u00edvida? A resposta surpreende"},"content":{"rendered":"\n<p>Quando d\u00edvidas de cart\u00e3o ou empr\u00e9stimos n\u00e3o pagos se acumulam, o nome dos devedores acaba sendo <strong>negativado em \u00f3rg\u00e3os de prote\u00e7\u00e3o ao cr\u00e9dito<\/strong> como o SPC e Serasa, o que pode restringir o acesso a cr\u00e9dito no futuro.<\/p>\n\n\n\n<p>Mas, considerando que legisla\u00e7\u00f5es como o C\u00f3digo de Defesa do Consumidor e o C\u00f3digo Civil determinam que <strong>o prazo m\u00e1ximo para a negativa\u00e7\u00e3o de dados \u00e9 de cinco anos<\/strong>, muitos consumidores optam por deixar a d\u00edvida prescrever, acreditando estar se livrando definitivamente dela.<\/p>\n\n\n\n<p>Entretanto, a situa\u00e7\u00e3o n\u00e3o \u00e9 t\u00e3o simples. Ainda que o nome volte a ficar limpo, <strong>a d\u00edvida n\u00e3o s\u00f3 permanece ativa<\/strong>, como ainda pode continuar acumulando juros, al\u00e9m de dificultar novas contrata\u00e7\u00f5es ou financiamentos por conta do aumento do risco percebido pelo mercado.<\/p>\n\n\n\n<p>Al\u00e9m disso, vale destacar que, embora a d\u00edvida n\u00e3o apare\u00e7a mais como &#8220;negativada&#8221; e nem possa mais ser cobrada legalmente, ela ainda pode constar em sistemas internos de institui\u00e7\u00f5es financeiras, podendo afetar negocia\u00e7\u00f5es com outros bancos.<\/p>\n\n\n\n<p>Tamb\u00e9m \u00e9 importante lembrar que durante todo o per\u00edodo at\u00e9 a prescri\u00e7\u00e3o, a institui\u00e7\u00e3o ainda pode cobrar o devedor judicialmente, o que pode levar \u00e0 abertura de processos e at\u00e9 bloqueios de bens ou valores.<\/p>\n\n\n\n<h2 class=\"wp-block-heading\">Resolvendo d\u00edvidas negativadas: conhe\u00e7a as melhores alternativas<\/h2>\n\n\n\n<p>Para fugir dos problemas que uma d\u00edvida negativada pode trazer, quita\u00e7\u00e3o do d\u00e9bito pode ser a alternativa mais adequada. E a boa not\u00edcia \u00e9 que, atualmente, existem diversas alternativas para regularizar o d\u00e9bito de maneira pr\u00e1tica, como:<\/p>\n\n\n\n<ul class=\"wp-block-list\">\n<li>Parcelar o total, caso o valor fique mais confort\u00e1vel;<\/li>\n\n\n\n<li>Negociar novos valores diretamente com a empresa credora, buscando acordos mais favor\u00e1veis;<\/li>\n\n\n\n<li>Recorrer aos \u00f3rg\u00e3os de prote\u00e7\u00e3o ao cr\u00e9dito, que podem oferecer condi\u00e7\u00f5es ainda mais satisfat\u00f3rias para resolver a situa\u00e7\u00e3o.<\/li>\n<\/ul>\n\n\n\n<p>Desta forma, al\u00e9m de garantir mais seguran\u00e7a jur\u00eddica e melhorar o bem-estar mental, ainda \u00e9 poss\u00edvel restaurar o acesso total ao cr\u00e9dito, elevando a confian\u00e7a das institui\u00e7\u00f5es.<\/p>\n","protected":false},"excerpt":{"rendered":"<p>Quando d\u00edvidas de cart\u00e3o ou empr\u00e9stimos n\u00e3o pagos se acumulam, o nome dos devedores acaba sendo negativado em \u00f3rg\u00e3os de prote\u00e7\u00e3o ao cr\u00e9dito como o SPC e Serasa, o que pode restringir o acesso a cr\u00e9dito no futuro. Mas, considerando que legisla\u00e7\u00f5es como o C\u00f3digo de Defesa do Consumidor e o C\u00f3digo Civil determinam que [&hellip;]<\/p>\n","protected":false},"author":3,"featured_media":3376,"comment_status":"open","ping_status":"open","sticky":false,"template":"","format":"standard","meta":{"jnews-multi-image_gallery":[],"jnews_single_post":{"format":"standard"},"jnews_primary_category":[],"jnews_social_meta":[],"jnews_post_split":[],"footnotes":""},"categories":[1],"tags":[],"class_list":["post-3375","post","type-post","status-publish","format-standard","has-post-thumbnail","hentry","category-dinheiro"],"yoast_head":"<!-- This site is optimized with the Yoast SEO plugin v25.6 - https:\/\/yoast.com\/wordpress\/plugins\/seo\/ -->\n<title>Esperar 5 anos apaga a d\u00edvida? A resposta surpreende<\/title>\n<meta name=\"robots\" content=\"index, follow, max-snippet:-1, max-image-preview:large, max-video-preview:-1\" \/>\n<link rel=\"canonical\" href=\"https:\/\/tribunademinas.audiencelabs.com.br\/esperar-5-anos-apaga-a-divida-a-resposta-surpreende\/\" \/>\n<meta property=\"og:locale\" content=\"pt_BR\" \/>\n<meta property=\"og:type\" content=\"article\" \/>\n<meta property=\"og:title\" content=\"Esperar 5 anos apaga a d\u00edvida? A resposta surpreende\" \/>\n<meta property=\"og:description\" content=\"Quando d\u00edvidas de cart\u00e3o ou empr\u00e9stimos n\u00e3o pagos se acumulam, o nome dos devedores acaba sendo negativado em \u00f3rg\u00e3os de prote\u00e7\u00e3o ao cr\u00e9dito como o SPC e Serasa, o que pode restringir o acesso a cr\u00e9dito no futuro. Mas, considerando que legisla\u00e7\u00f5es como o C\u00f3digo de Defesa do Consumidor e o C\u00f3digo Civil determinam que [&hellip;]\" \/>\n<meta property=\"og:url\" content=\"https:\/\/tribunademinas.audiencelabs.com.br\/esperar-5-anos-apaga-a-divida-a-resposta-surpreende\/\" \/>\n<meta property=\"og:site_name\" content=\"Tribuna de Minas - Dinheiro e Cidadania\" \/>\n<meta property=\"article:publisher\" content=\"https:\/\/www.facebook.com\/tribunademinas\/\" \/>\n<meta property=\"article:published_time\" content=\"2025-11-01T23:45:00+00:00\" \/>\n<meta property=\"og:image\" content=\"https:\/\/tribunademinas.audiencelabs.com.br\/wp-content\/uploads\/2025\/10\/esperar-5-anos-apaga-divida-resposta-surpreende.jpg\" \/>\n\t<meta property=\"og:image:width\" content=\"1920\" \/>\n\t<meta property=\"og:image:height\" content=\"1080\" \/>\n\t<meta property=\"og:image:type\" content=\"image\/jpeg\" \/>\n<meta name=\"author\" content=\"Jo\u00e3o Carlos Gomes\" \/>\n<meta name=\"twitter:card\" content=\"summary_large_image\" \/>\n<meta name=\"twitter:creator\" content=\"@tribunademinas\" \/>\n<meta name=\"twitter:site\" content=\"@tribunademinas\" \/>\n<meta name=\"twitter:label1\" content=\"Escrito por\" \/>\n\t<meta name=\"twitter:data1\" content=\"Jo\u00e3o Carlos Gomes\" \/>\n\t<meta name=\"twitter:label2\" content=\"Est. tempo de leitura\" \/>\n\t<meta name=\"twitter:data2\" content=\"2 minutos\" \/>\n<!-- \/ Yoast SEO plugin. -->","yoast_head_json":{"title":"Esperar 5 anos apaga a d\u00edvida? A resposta surpreende","robots":{"index":"index","follow":"follow","max-snippet":"max-snippet:-1","max-image-preview":"max-image-preview:large","max-video-preview":"max-video-preview:-1"},"canonical":"https:\/\/tribunademinas.audiencelabs.com.br\/esperar-5-anos-apaga-a-divida-a-resposta-surpreende\/","og_locale":"pt_BR","og_type":"article","og_title":"Esperar 5 anos apaga a d\u00edvida? A resposta surpreende","og_description":"Quando d\u00edvidas de cart\u00e3o ou empr\u00e9stimos n\u00e3o pagos se acumulam, o nome dos devedores acaba sendo negativado em \u00f3rg\u00e3os de prote\u00e7\u00e3o ao cr\u00e9dito como o SPC e Serasa, o que pode restringir o acesso a cr\u00e9dito no futuro. Mas, considerando que legisla\u00e7\u00f5es como o C\u00f3digo de Defesa do Consumidor e o C\u00f3digo Civil determinam que [&hellip;]","og_url":"https:\/\/tribunademinas.audiencelabs.com.br\/esperar-5-anos-apaga-a-divida-a-resposta-surpreende\/","og_site_name":"Tribuna de Minas - Dinheiro e Cidadania","article_publisher":"https:\/\/www.facebook.com\/tribunademinas\/","article_published_time":"2025-11-01T23:45:00+00:00","og_image":[{"width":1920,"height":1080,"url":"https:\/\/tribunademinas.audiencelabs.com.br\/wp-content\/uploads\/2025\/10\/esperar-5-anos-apaga-divida-resposta-surpreende.jpg","type":"image\/jpeg"}],"author":"Jo\u00e3o Carlos Gomes","twitter_card":"summary_large_image","twitter_creator":"@tribunademinas","twitter_site":"@tribunademinas","twitter_misc":{"Escrito por":"Jo\u00e3o Carlos Gomes","Est. tempo de leitura":"2 minutos"},"schema":{"@context":"https:\/\/schema.org","@graph":[{"@type":"Article","@id":"https:\/\/tribunademinas.audiencelabs.com.br\/esperar-5-anos-apaga-a-divida-a-resposta-surpreende\/#article","isPartOf":{"@id":"https:\/\/tribunademinas.audiencelabs.com.br\/esperar-5-anos-apaga-a-divida-a-resposta-surpreende\/"},"author":{"name":"Jo\u00e3o Carlos Gomes","@id":"https:\/\/tribunademinas.audiencelabs.com.br\/#\/schema\/person\/37af466a64a722fadb8ef6841c52114f"},"headline":"Esperar 5 anos apaga a d\u00edvida? A resposta surpreende","datePublished":"2025-11-01T23:45:00+00:00","mainEntityOfPage":{"@id":"https:\/\/tribunademinas.audiencelabs.com.br\/esperar-5-anos-apaga-a-divida-a-resposta-surpreende\/"},"wordCount":362,"commentCount":0,"publisher":{"@id":"https:\/\/tribunademinas.audiencelabs.com.br\/#organization"},"image":{"@id":"https:\/\/tribunademinas.audiencelabs.com.br\/esperar-5-anos-apaga-a-divida-a-resposta-surpreende\/#primaryimage"},"thumbnailUrl":"https:\/\/tribunademinas.audiencelabs.com.br\/wp-content\/uploads\/2025\/10\/esperar-5-anos-apaga-divida-resposta-surpreende.jpg","articleSection":["Dinheiro"],"inLanguage":"pt-BR","potentialAction":[{"@type":"CommentAction","name":"Comment","target":["https:\/\/tribunademinas.audiencelabs.com.br\/esperar-5-anos-apaga-a-divida-a-resposta-surpreende\/#respond"]}]},{"@type":"WebPage","@id":"https:\/\/tribunademinas.audiencelabs.com.br\/esperar-5-anos-apaga-a-divida-a-resposta-surpreende\/","url":"https:\/\/tribunademinas.audiencelabs.com.br\/esperar-5-anos-apaga-a-divida-a-resposta-surpreende\/","name":"Esperar 5 anos apaga a d\u00edvida? A resposta surpreende","isPartOf":{"@id":"https:\/\/tribunademinas.audiencelabs.com.br\/#website"},"primaryImageOfPage":{"@id":"https:\/\/tribunademinas.audiencelabs.com.br\/esperar-5-anos-apaga-a-divida-a-resposta-surpreende\/#primaryimage"},"image":{"@id":"https:\/\/tribunademinas.audiencelabs.com.br\/esperar-5-anos-apaga-a-divida-a-resposta-surpreende\/#primaryimage"},"thumbnailUrl":"https:\/\/tribunademinas.audiencelabs.com.br\/wp-content\/uploads\/2025\/10\/esperar-5-anos-apaga-divida-resposta-surpreende.jpg","datePublished":"2025-11-01T23:45:00+00:00","breadcrumb":{"@id":"https:\/\/tribunademinas.audiencelabs.com.br\/esperar-5-anos-apaga-a-divida-a-resposta-surpreende\/#breadcrumb"},"inLanguage":"pt-BR","potentialAction":[{"@type":"ReadAction","target":["https:\/\/tribunademinas.audiencelabs.com.br\/esperar-5-anos-apaga-a-divida-a-resposta-surpreende\/"]}]},{"@type":"ImageObject","inLanguage":"pt-BR","@id":"https:\/\/tribunademinas.audiencelabs.com.br\/esperar-5-anos-apaga-a-divida-a-resposta-surpreende\/#primaryimage","url":"https:\/\/tribunademinas.audiencelabs.com.br\/wp-content\/uploads\/2025\/10\/esperar-5-anos-apaga-divida-resposta-surpreende.jpg","contentUrl":"https:\/\/tribunademinas.audiencelabs.com.br\/wp-content\/uploads\/2025\/10\/esperar-5-anos-apaga-divida-resposta-surpreende.jpg","width":1920,"height":1080,"caption":"Foto: Mikhail Nilov\/Pexels"},{"@type":"BreadcrumbList","@id":"https:\/\/tribunademinas.audiencelabs.com.br\/esperar-5-anos-apaga-a-divida-a-resposta-surpreende\/#breadcrumb","itemListElement":[{"@type":"ListItem","position":1,"name":"In\u00edcio","item":"https:\/\/tribunademinas.audiencelabs.com.br\/"},{"@type":"ListItem","position":2,"name":"Esperar 5 anos apaga a d\u00edvida? A resposta surpreende"}]},{"@type":"WebSite","@id":"https:\/\/tribunademinas.audiencelabs.com.br\/#website","url":"https:\/\/tribunademinas.audiencelabs.com.br\/","name":"Tribuna de Minas - Dinheiro e Cidadania","description":"","publisher":{"@id":"https:\/\/tribunademinas.audiencelabs.com.br\/#organization"},"potentialAction":[{"@type":"SearchAction","target":{"@type":"EntryPoint","urlTemplate":"https:\/\/tribunademinas.audiencelabs.com.br\/?s={search_term_string}"},"query-input":{"@type":"PropertyValueSpecification","valueRequired":true,"valueName":"search_term_string"}}],"inLanguage":"pt-BR"},{"@type":"Organization","@id":"https:\/\/tribunademinas.audiencelabs.com.br\/#organization","name":"Tribuna de Minas - Dinheiro e Cidadania","url":"https:\/\/tribunademinas.audiencelabs.com.br\/","logo":{"@type":"ImageObject","inLanguage":"pt-BR","@id":"https:\/\/tribunademinas.audiencelabs.com.br\/#\/schema\/logo\/image\/","url":"https:\/\/tribunademinas.audiencelabs.com.br\/wp-content\/uploads\/2025\/08\/cropped-Tribuna_512x512-96x96-1.png","contentUrl":"https:\/\/tribunademinas.audiencelabs.com.br\/wp-content\/uploads\/2025\/08\/cropped-Tribuna_512x512-96x96-1.png","width":96,"height":96,"caption":"Tribuna de Minas - Dinheiro e Cidadania"},"image":{"@id":"https:\/\/tribunademinas.audiencelabs.com.br\/#\/schema\/logo\/image\/"},"sameAs":["https:\/\/www.facebook.com\/tribunademinas\/","https:\/\/x.com\/tribunademinas","https:\/\/www.instagram.com\/tribunademinas\/","https:\/\/www.youtube.com\/user\/TribunadeMinasJF"]},{"@type":"Person","@id":"https:\/\/tribunademinas.audiencelabs.com.br\/#\/schema\/person\/37af466a64a722fadb8ef6841c52114f","name":"Jo\u00e3o Carlos Gomes","image":{"@type":"ImageObject","inLanguage":"pt-BR","@id":"https:\/\/tribunademinas.audiencelabs.com.br\/#\/schema\/person\/image\/","url":"https:\/\/secure.gravatar.com\/avatar\/4ce4672dbdd694b329cd6fdb51bee7d1409be1f0ff76a537e4c4a737b2c7d1a9?s=96&d=mm&r=g","contentUrl":"https:\/\/secure.gravatar.com\/avatar\/4ce4672dbdd694b329cd6fdb51bee7d1409be1f0ff76a537e4c4a737b2c7d1a9?s=96&d=mm&r=g","caption":"Jo\u00e3o Carlos Gomes"},"description":"Jornalista formado pelo Centro Universit\u00e1rio Carioca, apreciador da Bossa Nova ao Metal Extremo, criador de conte\u00fado e m\u00fasico independente nas horas vagas.","url":"https:\/\/tribunademinas.audiencelabs.com.br\/author\/joaoc-junior\/"}]}},"amp_enabled":true,"_links":{"self":[{"href":"https:\/\/tribunademinas.audiencelabs.com.br\/wp-json\/wp\/v2\/posts\/3375","targetHints":{"allow":["GET"]}}],"collection":[{"href":"https:\/\/tribunademinas.audiencelabs.com.br\/wp-json\/wp\/v2\/posts"}],"about":[{"href":"https:\/\/tribunademinas.audiencelabs.com.br\/wp-json\/wp\/v2\/types\/post"}],"author":[{"embeddable":true,"href":"https:\/\/tribunademinas.audiencelabs.com.br\/wp-json\/wp\/v2\/users\/3"}],"replies":[{"embeddable":true,"href":"https:\/\/tribunademinas.audiencelabs.com.br\/wp-json\/wp\/v2\/comments?post=3375"}],"version-history":[{"count":1,"href":"https:\/\/tribunademinas.audiencelabs.com.br\/wp-json\/wp\/v2\/posts\/3375\/revisions"}],"predecessor-version":[{"id":3377,"href":"https:\/\/tribunademinas.audiencelabs.com.br\/wp-json\/wp\/v2\/posts\/3375\/revisions\/3377"}],"wp:featuredmedia":[{"embeddable":true,"href":"https:\/\/tribunademinas.audiencelabs.com.br\/wp-json\/wp\/v2\/media\/3376"}],"wp:attachment":[{"href":"https:\/\/tribunademinas.audiencelabs.com.br\/wp-json\/wp\/v2\/media?parent=3375"}],"wp:term":[{"taxonomy":"category","embeddable":true,"href":"https:\/\/tribunademinas.audiencelabs.com.br\/wp-json\/wp\/v2\/categories?post=3375"},{"taxonomy":"post_tag","embeddable":true,"href":"https:\/\/tribunademinas.audiencelabs.com.br\/wp-json\/wp\/v2\/tags?post=3375"}],"curies":[{"name":"wp","href":"https:\/\/api.w.org\/{rel}","templated":true}]}}