{"id":3373,"date":"2025-10-31T18:04:32","date_gmt":"2025-10-31T21:04:32","guid":{"rendered":"https:\/\/tribunademinas.audiencelabs.com.br\/?p=3373"},"modified":"2025-10-31T18:04:37","modified_gmt":"2025-10-31T21:04:37","slug":"beneficiarios-do-bolsa-familia-vao-perder-r-108-do-valor-em-novembro","status":"publish","type":"post","link":"https:\/\/tribunademinas.audiencelabs.com.br\/beneficiarios-do-bolsa-familia-vao-perder-r-108-do-valor-em-novembro\/","title":{"rendered":"Benefici\u00e1rios do Bolsa Fam\u00edlia v\u00e3o perder R$ 108 do valor em novembro"},"content":{"rendered":"\n<p>O governo federal concluiu nesta sexta-feira, 31 de outubro, o calend\u00e1rio de pagamentos do Bolsa Fam\u00edlia referente ao m\u00eas de outubro de 2025. <\/p>\n\n\n\n<p>Neste ciclo, mais de 19 milh\u00f5es de fam\u00edlias em todo o pa\u00eds receberam no m\u00ednimo R$ 600, valor base do programa, al\u00e9m de adicionais previstos para crian\u00e7as, gestantes e adolescentes. <\/p>\n\n\n\n<p>Outro valor extra que entrou na conta de parte dos benefici\u00e1rios foi o Aux\u00edlio G\u00e1s, que pagou R$ 108 neste m\u00eas para cerca de 5 milh\u00f5es de fam\u00edlias.<\/p>\n\n\n\n<p>No entanto, com a virada do m\u00eas, muitos benefici\u00e1rios v\u00e3o notar uma diferen\u00e7a importante: em novembro, o valor de R$ 108 n\u00e3o ser\u00e1 mais depositado. <\/p>\n\n\n\n<h2 class=\"wp-block-heading\">Benefici\u00e1rios do Bolsa Fam\u00edlia v\u00e3o perder R$ 108 do valor em novembro<\/h2>\n\n\n\n<p>A aus\u00eancia desse valor n\u00e3o significa um corte nos pagamentos do Bolsa Fam\u00edlia, mas est\u00e1 relacionada \u00e0 din\u00e2mica do Aux\u00edlio G\u00e1s, que \u00e9 um benef\u00edcio bimestral. Ou seja, ele \u00e9 pago a cada dois meses, e como foi liberado em outubro, n\u00e3o ser\u00e1 repetido em novembro.<\/p>\n\n\n\n<p>Al\u00e9m disso, outubro marcou a \u00faltima libera\u00e7\u00e3o em dinheiro do Aux\u00edlio G\u00e1s. A partir de dezembro, o benef\u00edcio ser\u00e1 substitu\u00eddo por um novo programa, o <strong><a href=\"https:\/\/www.gov.br\/planalto\/pt-br\/acompanhe-o-planalto\/noticias\/2025\/09\/perguntas-e-respostas-sobre-o-programa-gas-do-povo\">G\u00e1s do Povo<\/a><\/strong>, que prev\u00ea a entrega de vouchers digitais.<\/p>\n\n\n\n<p> Esses vouchers permitir\u00e3o \u00e0s fam\u00edlias retirar diretamente o botij\u00e3o de g\u00e1s em pontos de revenda credenciados, sem receber o valor em conta. Portanto, o que muda \u00e9 a forma de acesso ao benef\u00edcio, e n\u00e3o o apoio em si.<\/p>\n\n\n\n<p>Os valores seguem sendo pagos por meio da conta digital no aplicativo Caixa Tem, onde os benefici\u00e1rios podem movimentar o dinheiro, pagar contas, fazer transfer\u00eancias ou realizar saques.<\/p>\n\n\n\n<h3 class=\"wp-block-heading\">Datas dos pagamentos do Bolsa Fam\u00edlia em novembro<\/h3>\n\n\n\n<p>O Bolsa Fam\u00edlia segue normalmente com os pagamentos em novembro, que come\u00e7am no dia 14 e v\u00e3o at\u00e9 o dia 28. As datas s\u00e3o organizadas de acordo com o final do N\u00famero de Identifica\u00e7\u00e3o Social (NIS) de cada titular.<\/p>\n\n\n\n<p>Veja abaixo o calend\u00e1rio completo de novembro de 2025:<\/p>\n\n\n\n<figure class=\"wp-block-table is-style-stripes\"><table class=\"has-fixed-layout\"><thead><tr><th>Final do NIS<\/th><th>Data de Pagamento<\/th><\/tr><\/thead><tbody><tr><td>1<\/td><td>14 de novembro (sexta)<\/td><\/tr><tr><td>2<\/td><td>17 de novembro (segunda)<\/td><\/tr><tr><td>3<\/td><td>18 de novembro (ter\u00e7a)<\/td><\/tr><tr><td>4<\/td><td>19 de novembro (quarta)<\/td><\/tr><tr><td>5<\/td><td>21 de novembro (sexta)<\/td><\/tr><tr><td>6<\/td><td>24 de novembro (segunda)<\/td><\/tr><tr><td>7<\/td><td>25 de novembro (ter\u00e7a)<\/td><\/tr><tr><td>8<\/td><td>26 de novembro (quarta)<\/td><\/tr><tr><td>9<\/td><td>27 de novembro (quinta)<\/td><\/tr><tr><td>0<\/td><td>28 de novembro (sexta)<\/td><\/tr><\/tbody><\/table><\/figure>\n\n\n\n<p><\/p>\n","protected":false},"excerpt":{"rendered":"<p>O governo federal concluiu nesta sexta-feira, 31 de outubro, o calend\u00e1rio de pagamentos do Bolsa Fam\u00edlia referente ao m\u00eas de outubro de 2025. Neste ciclo, mais de 19 milh\u00f5es de fam\u00edlias em todo o pa\u00eds receberam no m\u00ednimo R$ 600, valor base do programa, al\u00e9m de adicionais previstos para crian\u00e7as, gestantes e adolescentes. Outro valor [&hellip;]<\/p>\n","protected":false},"author":5,"featured_media":3374,"comment_status":"open","ping_status":"open","sticky":false,"template":"","format":"standard","meta":{"jnews-multi-image_gallery":[],"jnews_single_post":{"format":"standard"},"jnews_primary_category":[],"jnews_social_meta":[],"jnews_post_split":[],"footnotes":""},"categories":[1],"tags":[],"class_list":["post-3373","post","type-post","status-publish","format-standard","has-post-thumbnail","hentry","category-dinheiro"],"yoast_head":"<!-- This site is optimized with the Yoast SEO plugin v25.6 - https:\/\/yoast.com\/wordpress\/plugins\/seo\/ -->\n<title>Benefici\u00e1rios do Bolsa Fam\u00edlia v\u00e3o perder R$ 108 do valor em novembro<\/title>\n<meta name=\"description\" content=\"O governo federal concluiu nesta sexta-feira, 31 de outubro, o calend\u00e1rio de pagamentos do Bolsa Fam\u00edlia referente ao m\u00eas de outubro de 2025.\" \/>\n<meta name=\"robots\" content=\"index, follow, max-snippet:-1, max-image-preview:large, max-video-preview:-1\" \/>\n<link rel=\"canonical\" href=\"https:\/\/tribunademinas.audiencelabs.com.br\/beneficiarios-do-bolsa-familia-vao-perder-r-108-do-valor-em-novembro\/\" \/>\n<meta property=\"og:locale\" content=\"pt_BR\" \/>\n<meta property=\"og:type\" content=\"article\" \/>\n<meta property=\"og:title\" content=\"Benefici\u00e1rios do Bolsa Fam\u00edlia v\u00e3o perder R$ 108 do valor em novembro\" \/>\n<meta property=\"og:description\" content=\"O governo federal concluiu nesta sexta-feira, 31 de outubro, o calend\u00e1rio de pagamentos do Bolsa Fam\u00edlia referente ao m\u00eas de outubro de 2025.\" \/>\n<meta property=\"og:url\" content=\"https:\/\/tribunademinas.audiencelabs.com.br\/beneficiarios-do-bolsa-familia-vao-perder-r-108-do-valor-em-novembro\/\" \/>\n<meta property=\"og:site_name\" content=\"Tribuna de Minas - Dinheiro e Cidadania\" \/>\n<meta property=\"article:publisher\" content=\"https:\/\/www.facebook.com\/tribunademinas\/\" \/>\n<meta property=\"article:published_time\" content=\"2025-10-31T21:04:32+00:00\" \/>\n<meta property=\"article:modified_time\" content=\"2025-10-31T21:04:37+00:00\" \/>\n<meta property=\"og:image\" content=\"https:\/\/tribunademinas.audiencelabs.com.br\/wp-content\/uploads\/2025\/10\/Bolsa-Familia-2.jpeg\" \/>\n\t<meta property=\"og:image:width\" content=\"1170\" \/>\n\t<meta property=\"og:image:height\" content=\"700\" \/>\n\t<meta property=\"og:image:type\" content=\"image\/jpeg\" \/>\n<meta name=\"author\" content=\"Jeferson Carvalho\" \/>\n<meta name=\"twitter:card\" content=\"summary_large_image\" \/>\n<meta name=\"twitter:creator\" content=\"@tribunademinas\" \/>\n<meta name=\"twitter:site\" content=\"@tribunademinas\" \/>\n<meta name=\"twitter:label1\" content=\"Escrito por\" \/>\n\t<meta name=\"twitter:data1\" content=\"Jeferson Carvalho\" \/>\n\t<meta name=\"twitter:label2\" content=\"Est. tempo de leitura\" \/>\n\t<meta name=\"twitter:data2\" content=\"3 minutos\" \/>\n<!-- \/ Yoast SEO plugin. -->","yoast_head_json":{"title":"Benefici\u00e1rios do Bolsa Fam\u00edlia v\u00e3o perder R$ 108 do valor em novembro","description":"O governo federal concluiu nesta sexta-feira, 31 de outubro, o calend\u00e1rio de pagamentos do Bolsa Fam\u00edlia referente ao m\u00eas de outubro de 2025.","robots":{"index":"index","follow":"follow","max-snippet":"max-snippet:-1","max-image-preview":"max-image-preview:large","max-video-preview":"max-video-preview:-1"},"canonical":"https:\/\/tribunademinas.audiencelabs.com.br\/beneficiarios-do-bolsa-familia-vao-perder-r-108-do-valor-em-novembro\/","og_locale":"pt_BR","og_type":"article","og_title":"Benefici\u00e1rios do Bolsa Fam\u00edlia v\u00e3o perder R$ 108 do valor em novembro","og_description":"O governo federal concluiu nesta sexta-feira, 31 de outubro, o calend\u00e1rio de pagamentos do Bolsa Fam\u00edlia referente ao m\u00eas de outubro de 2025.","og_url":"https:\/\/tribunademinas.audiencelabs.com.br\/beneficiarios-do-bolsa-familia-vao-perder-r-108-do-valor-em-novembro\/","og_site_name":"Tribuna de Minas - Dinheiro e Cidadania","article_publisher":"https:\/\/www.facebook.com\/tribunademinas\/","article_published_time":"2025-10-31T21:04:32+00:00","article_modified_time":"2025-10-31T21:04:37+00:00","og_image":[{"width":1170,"height":700,"url":"https:\/\/tribunademinas.audiencelabs.com.br\/wp-content\/uploads\/2025\/10\/Bolsa-Familia-2.jpeg","type":"image\/jpeg"}],"author":"Jeferson Carvalho","twitter_card":"summary_large_image","twitter_creator":"@tribunademinas","twitter_site":"@tribunademinas","twitter_misc":{"Escrito por":"Jeferson Carvalho","Est. tempo de leitura":"3 minutos"},"schema":{"@context":"https:\/\/schema.org","@graph":[{"@type":"Article","@id":"https:\/\/tribunademinas.audiencelabs.com.br\/beneficiarios-do-bolsa-familia-vao-perder-r-108-do-valor-em-novembro\/#article","isPartOf":{"@id":"https:\/\/tribunademinas.audiencelabs.com.br\/beneficiarios-do-bolsa-familia-vao-perder-r-108-do-valor-em-novembro\/"},"author":{"name":"Jeferson Carvalho","@id":"https:\/\/tribunademinas.audiencelabs.com.br\/#\/schema\/person\/db18fc40307804bacef94213aa68fd9d"},"headline":"Benefici\u00e1rios do Bolsa Fam\u00edlia v\u00e3o perder R$ 108 do valor em novembro","datePublished":"2025-10-31T21:04:32+00:00","dateModified":"2025-10-31T21:04:37+00:00","mainEntityOfPage":{"@id":"https:\/\/tribunademinas.audiencelabs.com.br\/beneficiarios-do-bolsa-familia-vao-perder-r-108-do-valor-em-novembro\/"},"wordCount":413,"commentCount":0,"publisher":{"@id":"https:\/\/tribunademinas.audiencelabs.com.br\/#organization"},"image":{"@id":"https:\/\/tribunademinas.audiencelabs.com.br\/beneficiarios-do-bolsa-familia-vao-perder-r-108-do-valor-em-novembro\/#primaryimage"},"thumbnailUrl":"https:\/\/tribunademinas.audiencelabs.com.br\/wp-content\/uploads\/2025\/10\/Bolsa-Familia-2.jpeg","articleSection":["Dinheiro"],"inLanguage":"pt-BR","potentialAction":[{"@type":"CommentAction","name":"Comment","target":["https:\/\/tribunademinas.audiencelabs.com.br\/beneficiarios-do-bolsa-familia-vao-perder-r-108-do-valor-em-novembro\/#respond"]}]},{"@type":"WebPage","@id":"https:\/\/tribunademinas.audiencelabs.com.br\/beneficiarios-do-bolsa-familia-vao-perder-r-108-do-valor-em-novembro\/","url":"https:\/\/tribunademinas.audiencelabs.com.br\/beneficiarios-do-bolsa-familia-vao-perder-r-108-do-valor-em-novembro\/","name":"Benefici\u00e1rios do Bolsa Fam\u00edlia v\u00e3o perder R$ 108 do valor em novembro","isPartOf":{"@id":"https:\/\/tribunademinas.audiencelabs.com.br\/#website"},"primaryImageOfPage":{"@id":"https:\/\/tribunademinas.audiencelabs.com.br\/beneficiarios-do-bolsa-familia-vao-perder-r-108-do-valor-em-novembro\/#primaryimage"},"image":{"@id":"https:\/\/tribunademinas.audiencelabs.com.br\/beneficiarios-do-bolsa-familia-vao-perder-r-108-do-valor-em-novembro\/#primaryimage"},"thumbnailUrl":"https:\/\/tribunademinas.audiencelabs.com.br\/wp-content\/uploads\/2025\/10\/Bolsa-Familia-2.jpeg","datePublished":"2025-10-31T21:04:32+00:00","dateModified":"2025-10-31T21:04:37+00:00","description":"O governo federal concluiu nesta sexta-feira, 31 de outubro, o calend\u00e1rio de pagamentos do Bolsa Fam\u00edlia referente ao m\u00eas de outubro de 2025.","breadcrumb":{"@id":"https:\/\/tribunademinas.audiencelabs.com.br\/beneficiarios-do-bolsa-familia-vao-perder-r-108-do-valor-em-novembro\/#breadcrumb"},"inLanguage":"pt-BR","potentialAction":[{"@type":"ReadAction","target":["https:\/\/tribunademinas.audiencelabs.com.br\/beneficiarios-do-bolsa-familia-vao-perder-r-108-do-valor-em-novembro\/"]}]},{"@type":"ImageObject","inLanguage":"pt-BR","@id":"https:\/\/tribunademinas.audiencelabs.com.br\/beneficiarios-do-bolsa-familia-vao-perder-r-108-do-valor-em-novembro\/#primaryimage","url":"https:\/\/tribunademinas.audiencelabs.com.br\/wp-content\/uploads\/2025\/10\/Bolsa-Familia-2.jpeg","contentUrl":"https:\/\/tribunademinas.audiencelabs.com.br\/wp-content\/uploads\/2025\/10\/Bolsa-Familia-2.jpeg","width":1170,"height":700,"caption":"Benefici\u00e1rios do Bolsa Fam\u00edlia v\u00e3o perder R$ 108 do valor em novembro - Imagem: Roberta Aline\/MDS"},{"@type":"BreadcrumbList","@id":"https:\/\/tribunademinas.audiencelabs.com.br\/beneficiarios-do-bolsa-familia-vao-perder-r-108-do-valor-em-novembro\/#breadcrumb","itemListElement":[{"@type":"ListItem","position":1,"name":"In\u00edcio","item":"https:\/\/tribunademinas.audiencelabs.com.br\/"},{"@type":"ListItem","position":2,"name":"Benefici\u00e1rios do Bolsa Fam\u00edlia v\u00e3o perder R$ 108 do valor em novembro"}]},{"@type":"WebSite","@id":"https:\/\/tribunademinas.audiencelabs.com.br\/#website","url":"https:\/\/tribunademinas.audiencelabs.com.br\/","name":"Tribuna de Minas - Dinheiro e Cidadania","description":"","publisher":{"@id":"https:\/\/tribunademinas.audiencelabs.com.br\/#organization"},"potentialAction":[{"@type":"SearchAction","target":{"@type":"EntryPoint","urlTemplate":"https:\/\/tribunademinas.audiencelabs.com.br\/?s={search_term_string}"},"query-input":{"@type":"PropertyValueSpecification","valueRequired":true,"valueName":"search_term_string"}}],"inLanguage":"pt-BR"},{"@type":"Organization","@id":"https:\/\/tribunademinas.audiencelabs.com.br\/#organization","name":"Tribuna de Minas - Dinheiro e Cidadania","url":"https:\/\/tribunademinas.audiencelabs.com.br\/","logo":{"@type":"ImageObject","inLanguage":"pt-BR","@id":"https:\/\/tribunademinas.audiencelabs.com.br\/#\/schema\/logo\/image\/","url":"https:\/\/tribunademinas.audiencelabs.com.br\/wp-content\/uploads\/2025\/08\/cropped-Tribuna_512x512-96x96-1.png","contentUrl":"https:\/\/tribunademinas.audiencelabs.com.br\/wp-content\/uploads\/2025\/08\/cropped-Tribuna_512x512-96x96-1.png","width":96,"height":96,"caption":"Tribuna de Minas - Dinheiro e Cidadania"},"image":{"@id":"https:\/\/tribunademinas.audiencelabs.com.br\/#\/schema\/logo\/image\/"},"sameAs":["https:\/\/www.facebook.com\/tribunademinas\/","https:\/\/x.com\/tribunademinas","https:\/\/www.instagram.com\/tribunademinas\/","https:\/\/www.youtube.com\/user\/TribunadeMinasJF"]},{"@type":"Person","@id":"https:\/\/tribunademinas.audiencelabs.com.br\/#\/schema\/person\/db18fc40307804bacef94213aa68fd9d","name":"Jeferson Carvalho","image":{"@type":"ImageObject","inLanguage":"pt-BR","@id":"https:\/\/tribunademinas.audiencelabs.com.br\/#\/schema\/person\/image\/","url":"https:\/\/secure.gravatar.com\/avatar\/cd7646e328d9670dad7dea8698522e522745eeffcff5b9d08be858e377ce326b?s=96&d=mm&r=g","contentUrl":"https:\/\/secure.gravatar.com\/avatar\/cd7646e328d9670dad7dea8698522e522745eeffcff5b9d08be858e377ce326b?s=96&d=mm&r=g","caption":"Jeferson Carvalho"},"description":"Jornalista apaixonado pela profiss\u00e3o!","url":"https:\/\/tribunademinas.audiencelabs.com.br\/author\/jeferson\/"}]}},"amp_enabled":true,"_links":{"self":[{"href":"https:\/\/tribunademinas.audiencelabs.com.br\/wp-json\/wp\/v2\/posts\/3373","targetHints":{"allow":["GET"]}}],"collection":[{"href":"https:\/\/tribunademinas.audiencelabs.com.br\/wp-json\/wp\/v2\/posts"}],"about":[{"href":"https:\/\/tribunademinas.audiencelabs.com.br\/wp-json\/wp\/v2\/types\/post"}],"author":[{"embeddable":true,"href":"https:\/\/tribunademinas.audiencelabs.com.br\/wp-json\/wp\/v2\/users\/5"}],"replies":[{"embeddable":true,"href":"https:\/\/tribunademinas.audiencelabs.com.br\/wp-json\/wp\/v2\/comments?post=3373"}],"version-history":[{"count":1,"href":"https:\/\/tribunademinas.audiencelabs.com.br\/wp-json\/wp\/v2\/posts\/3373\/revisions"}],"predecessor-version":[{"id":3380,"href":"https:\/\/tribunademinas.audiencelabs.com.br\/wp-json\/wp\/v2\/posts\/3373\/revisions\/3380"}],"wp:featuredmedia":[{"embeddable":true,"href":"https:\/\/tribunademinas.audiencelabs.com.br\/wp-json\/wp\/v2\/media\/3374"}],"wp:attachment":[{"href":"https:\/\/tribunademinas.audiencelabs.com.br\/wp-json\/wp\/v2\/media?parent=3373"}],"wp:term":[{"taxonomy":"category","embeddable":true,"href":"https:\/\/tribunademinas.audiencelabs.com.br\/wp-json\/wp\/v2\/categories?post=3373"},{"taxonomy":"post_tag","embeddable":true,"href":"https:\/\/tribunademinas.audiencelabs.com.br\/wp-json\/wp\/v2\/tags?post=3373"}],"curies":[{"name":"wp","href":"https:\/\/api.w.org\/{rel}","templated":true}]}}