{"id":3369,"date":"2025-10-31T16:56:32","date_gmt":"2025-10-31T19:56:32","guid":{"rendered":"https:\/\/tribunademinas.audiencelabs.com.br\/?p=3369"},"modified":"2025-10-31T16:56:37","modified_gmt":"2025-10-31T19:56:37","slug":"este-grupo-de-trabalhadores-precisa-regularizar-o-fgts","status":"publish","type":"post","link":"https:\/\/tribunademinas.audiencelabs.com.br\/este-grupo-de-trabalhadores-precisa-regularizar-o-fgts\/","title":{"rendered":"Este grupo de trabalhadores precisa regularizar o FGTS"},"content":{"rendered":"\n<p>Termina nesta sexta-feira, 31 de outubro, o prazo final para que empregadores dom\u00e9sticos quitem pend\u00eancias relacionadas ao Fundo de Garantia do Tempo de Servi\u00e7o (FGTS) de seus funcion\u00e1rios. <\/p>\n\n\n\n<p>A data marca o fim do per\u00edodo concedido para regulariza\u00e7\u00e3o espont\u00e2nea. A partir de amanh\u00e3, casos n\u00e3o resolvidos poder\u00e3o ser alvo de fiscaliza\u00e7\u00e3o por parte do Minist\u00e9rio do Trabalho, com a possibilidade de abertura de processos administrativos para a cobran\u00e7a dos valores devidos.<\/p>\n\n\n\n<h2 class=\"wp-block-heading\">Este grupo de trabalhadores precisa regularizar o FGTS<\/h2>\n\n\n\n<p>O FGTS \u00e9 um direito garantido a todos os trabalhadores com carteira assinada. <\/p>\n\n\n\n<p>Criado para funcionar como uma esp\u00e9cie de poupan\u00e7a compuls\u00f3ria, ele visa dar suporte financeiro em momentos importantes da vida, como demiss\u00e3o sem justa causa, aquisi\u00e7\u00e3o da casa pr\u00f3pria, aposentadoria ou tratamento de doen\u00e7as graves. <\/p>\n\n\n\n<p>Todo m\u00eas, o empregador deve depositar o equivalente a 8% do sal\u00e1rio bruto do empregado em uma conta vinculada, administrada pela Caixa Econ\u00f4mica Federal.<\/p>\n\n\n\n<p>No caso dos trabalhadores dom\u00e9sticos, como bab\u00e1s, cuidadores, faxineiras, jardineiros e cozinheiras, essa obriga\u00e7\u00e3o tamb\u00e9m se aplica. <\/p>\n\n\n\n<p>Os empregadores respons\u00e1veis por esse grupo devem verificar, at\u00e9 o final do dia, se h\u00e1 meses em que os dep\u00f3sitos deixaram de ser realizados ou foram feitos com valores incorretos. <\/p>\n\n\n\n<p>A confer\u00eancia pode ser feita por meio do sistema eSocial, na aba espec\u00edfica de consulta de guias pagas. <\/p>\n\n\n\n<p>J\u00e1 a comunica\u00e7\u00e3o oficial entre o Minist\u00e9rio do Trabalho e o empregador acontece pelo Domic\u00edlio Eletr\u00f4nico Trabalhista (DET), onde s\u00e3o disponibilizadas notifica\u00e7\u00f5es e informa\u00e7\u00f5es sobre pend\u00eancias.<\/p>\n\n\n\n<p>Caso identifique que h\u00e1 d\u00e9bitos, o empregador pode gerar as guias e efetuar o pagamento direto pelo eSocial. A regulariza\u00e7\u00e3o evita complica\u00e7\u00f5es legais, como multas e cobran\u00e7as judiciais.<\/p>\n\n\n\n<h3 class=\"wp-block-heading\">O que funcion\u00e1rios devem fazer se n\u00e3o houver dep\u00f3sito do FGTS?<\/h3>\n\n\n\n<p>Do outro lado da rela\u00e7\u00e3o trabalhista, o empregado dom\u00e9stico tamb\u00e9m precisa ficar atento. \u00c9 essencial acompanhar o extrato do FGTS pelo aplicativo oficial da Caixa para verificar se os dep\u00f3sitos est\u00e3o em dia. <\/p>\n\n\n\n<p>Se houver <a href=\"https:\/\/tribunademinas.com.br\/colunas\/maistendencias\/seu-deposito-do-fgts-nao-caiu-saiba-o-que-todo-clt-precisa-fazer\/\"><strong>falhas ou aus\u00eancia de dep\u00f3sitos<\/strong><\/a>, o ideal \u00e9 procurar primeiro o empregador e pedir esclarecimentos. <\/p>\n\n\n\n<p>Persistindo o problema, o trabalhador pode denunciar a situa\u00e7\u00e3o ao Minist\u00e9rio do Trabalho. O anonimato do denunciante \u00e9 preservado, e a fiscaliza\u00e7\u00e3o poder\u00e1 exigir o pagamento dos valores atrasados.<\/p>\n\n\n\n<p>O cumprimento dessa obriga\u00e7\u00e3o garante prote\u00e7\u00e3o ao trabalhador e evita preju\u00edzos legais aos empregadores.<\/p>\n\n\n\n<p><\/p>\n","protected":false},"excerpt":{"rendered":"<p>Termina nesta sexta-feira, 31 de outubro, o prazo final para que empregadores dom\u00e9sticos quitem pend\u00eancias relacionadas ao Fundo de Garantia do Tempo de Servi\u00e7o (FGTS) de seus funcion\u00e1rios. A data marca o fim do per\u00edodo concedido para regulariza\u00e7\u00e3o espont\u00e2nea. A partir de amanh\u00e3, casos n\u00e3o resolvidos poder\u00e3o ser alvo de fiscaliza\u00e7\u00e3o por parte do Minist\u00e9rio [&hellip;]<\/p>\n","protected":false},"author":5,"featured_media":3370,"comment_status":"open","ping_status":"open","sticky":false,"template":"","format":"standard","meta":{"jnews-multi-image_gallery":[],"jnews_single_post":{"format":"standard"},"jnews_primary_category":[],"jnews_social_meta":[],"jnews_post_split":[],"footnotes":""},"categories":[159],"tags":[],"class_list":["post-3369","post","type-post","status-publish","format-standard","has-post-thumbnail","hentry","category-cidadania"],"yoast_head":"<!-- This site is optimized with the Yoast SEO plugin v25.6 - https:\/\/yoast.com\/wordpress\/plugins\/seo\/ -->\n<title>Este grupo de trabalhadores precisa regularizar o FGTS<\/title>\n<meta name=\"description\" content=\"Termina hoje o prazo final para que empregadores dom\u00e9sticos quitem pend\u00eancias relacionadas ao FGTS de seus funcion\u00e1rios.\" \/>\n<meta name=\"robots\" content=\"index, follow, max-snippet:-1, max-image-preview:large, max-video-preview:-1\" \/>\n<link rel=\"canonical\" href=\"https:\/\/tribunademinas.audiencelabs.com.br\/este-grupo-de-trabalhadores-precisa-regularizar-o-fgts\/\" \/>\n<meta property=\"og:locale\" content=\"pt_BR\" \/>\n<meta property=\"og:type\" content=\"article\" \/>\n<meta property=\"og:title\" content=\"Este grupo de trabalhadores precisa regularizar o FGTS\" \/>\n<meta property=\"og:description\" content=\"Termina hoje o prazo final para que empregadores dom\u00e9sticos quitem pend\u00eancias relacionadas ao FGTS de seus funcion\u00e1rios.\" \/>\n<meta property=\"og:url\" content=\"https:\/\/tribunademinas.audiencelabs.com.br\/este-grupo-de-trabalhadores-precisa-regularizar-o-fgts\/\" \/>\n<meta property=\"og:site_name\" content=\"Tribuna de Minas - Dinheiro e Cidadania\" \/>\n<meta property=\"article:publisher\" content=\"https:\/\/www.facebook.com\/tribunademinas\/\" \/>\n<meta property=\"article:published_time\" content=\"2025-10-31T19:56:32+00:00\" \/>\n<meta property=\"article:modified_time\" content=\"2025-10-31T19:56:37+00:00\" \/>\n<meta property=\"og:image\" content=\"https:\/\/tribunademinas.audiencelabs.com.br\/wp-content\/uploads\/2025\/10\/FGTS.jpg\" \/>\n\t<meta property=\"og:image:width\" content=\"1600\" \/>\n\t<meta property=\"og:image:height\" content=\"800\" \/>\n\t<meta property=\"og:image:type\" content=\"image\/jpeg\" \/>\n<meta name=\"author\" content=\"Jeferson Carvalho\" \/>\n<meta name=\"twitter:card\" content=\"summary_large_image\" \/>\n<meta name=\"twitter:creator\" content=\"@tribunademinas\" \/>\n<meta name=\"twitter:site\" content=\"@tribunademinas\" \/>\n<meta name=\"twitter:label1\" content=\"Escrito por\" \/>\n\t<meta name=\"twitter:data1\" content=\"Jeferson Carvalho\" \/>\n\t<meta name=\"twitter:label2\" content=\"Est. tempo de leitura\" \/>\n\t<meta name=\"twitter:data2\" content=\"3 minutos\" \/>\n<!-- \/ Yoast SEO plugin. -->","yoast_head_json":{"title":"Este grupo de trabalhadores precisa regularizar o FGTS","description":"Termina hoje o prazo final para que empregadores dom\u00e9sticos quitem pend\u00eancias relacionadas ao FGTS de seus funcion\u00e1rios.","robots":{"index":"index","follow":"follow","max-snippet":"max-snippet:-1","max-image-preview":"max-image-preview:large","max-video-preview":"max-video-preview:-1"},"canonical":"https:\/\/tribunademinas.audiencelabs.com.br\/este-grupo-de-trabalhadores-precisa-regularizar-o-fgts\/","og_locale":"pt_BR","og_type":"article","og_title":"Este grupo de trabalhadores precisa regularizar o FGTS","og_description":"Termina hoje o prazo final para que empregadores dom\u00e9sticos quitem pend\u00eancias relacionadas ao FGTS de seus funcion\u00e1rios.","og_url":"https:\/\/tribunademinas.audiencelabs.com.br\/este-grupo-de-trabalhadores-precisa-regularizar-o-fgts\/","og_site_name":"Tribuna de Minas - Dinheiro e Cidadania","article_publisher":"https:\/\/www.facebook.com\/tribunademinas\/","article_published_time":"2025-10-31T19:56:32+00:00","article_modified_time":"2025-10-31T19:56:37+00:00","og_image":[{"width":1600,"height":800,"url":"https:\/\/tribunademinas.audiencelabs.com.br\/wp-content\/uploads\/2025\/10\/FGTS.jpg","type":"image\/jpeg"}],"author":"Jeferson Carvalho","twitter_card":"summary_large_image","twitter_creator":"@tribunademinas","twitter_site":"@tribunademinas","twitter_misc":{"Escrito por":"Jeferson Carvalho","Est. tempo de leitura":"3 minutos"},"schema":{"@context":"https:\/\/schema.org","@graph":[{"@type":"Article","@id":"https:\/\/tribunademinas.audiencelabs.com.br\/este-grupo-de-trabalhadores-precisa-regularizar-o-fgts\/#article","isPartOf":{"@id":"https:\/\/tribunademinas.audiencelabs.com.br\/este-grupo-de-trabalhadores-precisa-regularizar-o-fgts\/"},"author":{"name":"Jeferson Carvalho","@id":"https:\/\/tribunademinas.audiencelabs.com.br\/#\/schema\/person\/db18fc40307804bacef94213aa68fd9d"},"headline":"Este grupo de trabalhadores precisa regularizar o FGTS","datePublished":"2025-10-31T19:56:32+00:00","dateModified":"2025-10-31T19:56:37+00:00","mainEntityOfPage":{"@id":"https:\/\/tribunademinas.audiencelabs.com.br\/este-grupo-de-trabalhadores-precisa-regularizar-o-fgts\/"},"wordCount":433,"commentCount":0,"publisher":{"@id":"https:\/\/tribunademinas.audiencelabs.com.br\/#organization"},"image":{"@id":"https:\/\/tribunademinas.audiencelabs.com.br\/este-grupo-de-trabalhadores-precisa-regularizar-o-fgts\/#primaryimage"},"thumbnailUrl":"https:\/\/tribunademinas.audiencelabs.com.br\/wp-content\/uploads\/2025\/10\/FGTS.jpg","articleSection":["Cidadania"],"inLanguage":"pt-BR","potentialAction":[{"@type":"CommentAction","name":"Comment","target":["https:\/\/tribunademinas.audiencelabs.com.br\/este-grupo-de-trabalhadores-precisa-regularizar-o-fgts\/#respond"]}]},{"@type":"WebPage","@id":"https:\/\/tribunademinas.audiencelabs.com.br\/este-grupo-de-trabalhadores-precisa-regularizar-o-fgts\/","url":"https:\/\/tribunademinas.audiencelabs.com.br\/este-grupo-de-trabalhadores-precisa-regularizar-o-fgts\/","name":"Este grupo de trabalhadores precisa regularizar o FGTS","isPartOf":{"@id":"https:\/\/tribunademinas.audiencelabs.com.br\/#website"},"primaryImageOfPage":{"@id":"https:\/\/tribunademinas.audiencelabs.com.br\/este-grupo-de-trabalhadores-precisa-regularizar-o-fgts\/#primaryimage"},"image":{"@id":"https:\/\/tribunademinas.audiencelabs.com.br\/este-grupo-de-trabalhadores-precisa-regularizar-o-fgts\/#primaryimage"},"thumbnailUrl":"https:\/\/tribunademinas.audiencelabs.com.br\/wp-content\/uploads\/2025\/10\/FGTS.jpg","datePublished":"2025-10-31T19:56:32+00:00","dateModified":"2025-10-31T19:56:37+00:00","description":"Termina hoje o prazo final para que empregadores dom\u00e9sticos quitem pend\u00eancias relacionadas ao FGTS de seus funcion\u00e1rios.","breadcrumb":{"@id":"https:\/\/tribunademinas.audiencelabs.com.br\/este-grupo-de-trabalhadores-precisa-regularizar-o-fgts\/#breadcrumb"},"inLanguage":"pt-BR","potentialAction":[{"@type":"ReadAction","target":["https:\/\/tribunademinas.audiencelabs.com.br\/este-grupo-de-trabalhadores-precisa-regularizar-o-fgts\/"]}]},{"@type":"ImageObject","inLanguage":"pt-BR","@id":"https:\/\/tribunademinas.audiencelabs.com.br\/este-grupo-de-trabalhadores-precisa-regularizar-o-fgts\/#primaryimage","url":"https:\/\/tribunademinas.audiencelabs.com.br\/wp-content\/uploads\/2025\/10\/FGTS.jpg","contentUrl":"https:\/\/tribunademinas.audiencelabs.com.br\/wp-content\/uploads\/2025\/10\/FGTS.jpg","width":1600,"height":800,"caption":"Este grupo de trabalhadores precisa regularizar o FGTS - Imagem: Marcello Camargo\/Ag\u00eancia Brasil"},{"@type":"BreadcrumbList","@id":"https:\/\/tribunademinas.audiencelabs.com.br\/este-grupo-de-trabalhadores-precisa-regularizar-o-fgts\/#breadcrumb","itemListElement":[{"@type":"ListItem","position":1,"name":"In\u00edcio","item":"https:\/\/tribunademinas.audiencelabs.com.br\/"},{"@type":"ListItem","position":2,"name":"Este grupo de trabalhadores precisa regularizar o FGTS"}]},{"@type":"WebSite","@id":"https:\/\/tribunademinas.audiencelabs.com.br\/#website","url":"https:\/\/tribunademinas.audiencelabs.com.br\/","name":"Tribuna de Minas - Dinheiro e Cidadania","description":"","publisher":{"@id":"https:\/\/tribunademinas.audiencelabs.com.br\/#organization"},"potentialAction":[{"@type":"SearchAction","target":{"@type":"EntryPoint","urlTemplate":"https:\/\/tribunademinas.audiencelabs.com.br\/?s={search_term_string}"},"query-input":{"@type":"PropertyValueSpecification","valueRequired":true,"valueName":"search_term_string"}}],"inLanguage":"pt-BR"},{"@type":"Organization","@id":"https:\/\/tribunademinas.audiencelabs.com.br\/#organization","name":"Tribuna de Minas - Dinheiro e Cidadania","url":"https:\/\/tribunademinas.audiencelabs.com.br\/","logo":{"@type":"ImageObject","inLanguage":"pt-BR","@id":"https:\/\/tribunademinas.audiencelabs.com.br\/#\/schema\/logo\/image\/","url":"https:\/\/tribunademinas.audiencelabs.com.br\/wp-content\/uploads\/2025\/08\/cropped-Tribuna_512x512-96x96-1.png","contentUrl":"https:\/\/tribunademinas.audiencelabs.com.br\/wp-content\/uploads\/2025\/08\/cropped-Tribuna_512x512-96x96-1.png","width":96,"height":96,"caption":"Tribuna de Minas - Dinheiro e Cidadania"},"image":{"@id":"https:\/\/tribunademinas.audiencelabs.com.br\/#\/schema\/logo\/image\/"},"sameAs":["https:\/\/www.facebook.com\/tribunademinas\/","https:\/\/x.com\/tribunademinas","https:\/\/www.instagram.com\/tribunademinas\/","https:\/\/www.youtube.com\/user\/TribunadeMinasJF"]},{"@type":"Person","@id":"https:\/\/tribunademinas.audiencelabs.com.br\/#\/schema\/person\/db18fc40307804bacef94213aa68fd9d","name":"Jeferson Carvalho","image":{"@type":"ImageObject","inLanguage":"pt-BR","@id":"https:\/\/tribunademinas.audiencelabs.com.br\/#\/schema\/person\/image\/","url":"https:\/\/secure.gravatar.com\/avatar\/cd7646e328d9670dad7dea8698522e522745eeffcff5b9d08be858e377ce326b?s=96&d=mm&r=g","contentUrl":"https:\/\/secure.gravatar.com\/avatar\/cd7646e328d9670dad7dea8698522e522745eeffcff5b9d08be858e377ce326b?s=96&d=mm&r=g","caption":"Jeferson Carvalho"},"description":"Jornalista apaixonado pela profiss\u00e3o!","url":"https:\/\/tribunademinas.audiencelabs.com.br\/author\/jeferson\/"}]}},"amp_enabled":true,"_links":{"self":[{"href":"https:\/\/tribunademinas.audiencelabs.com.br\/wp-json\/wp\/v2\/posts\/3369","targetHints":{"allow":["GET"]}}],"collection":[{"href":"https:\/\/tribunademinas.audiencelabs.com.br\/wp-json\/wp\/v2\/posts"}],"about":[{"href":"https:\/\/tribunademinas.audiencelabs.com.br\/wp-json\/wp\/v2\/types\/post"}],"author":[{"embeddable":true,"href":"https:\/\/tribunademinas.audiencelabs.com.br\/wp-json\/wp\/v2\/users\/5"}],"replies":[{"embeddable":true,"href":"https:\/\/tribunademinas.audiencelabs.com.br\/wp-json\/wp\/v2\/comments?post=3369"}],"version-history":[{"count":1,"href":"https:\/\/tribunademinas.audiencelabs.com.br\/wp-json\/wp\/v2\/posts\/3369\/revisions"}],"predecessor-version":[{"id":3372,"href":"https:\/\/tribunademinas.audiencelabs.com.br\/wp-json\/wp\/v2\/posts\/3369\/revisions\/3372"}],"wp:featuredmedia":[{"embeddable":true,"href":"https:\/\/tribunademinas.audiencelabs.com.br\/wp-json\/wp\/v2\/media\/3370"}],"wp:attachment":[{"href":"https:\/\/tribunademinas.audiencelabs.com.br\/wp-json\/wp\/v2\/media?parent=3369"}],"wp:term":[{"taxonomy":"category","embeddable":true,"href":"https:\/\/tribunademinas.audiencelabs.com.br\/wp-json\/wp\/v2\/categories?post=3369"},{"taxonomy":"post_tag","embeddable":true,"href":"https:\/\/tribunademinas.audiencelabs.com.br\/wp-json\/wp\/v2\/tags?post=3369"}],"curies":[{"name":"wp","href":"https:\/\/api.w.org\/{rel}","templated":true}]}}