{"id":3364,"date":"2025-11-03T16:00:00","date_gmt":"2025-11-03T19:00:00","guid":{"rendered":"https:\/\/tribunademinas.audiencelabs.com.br\/?p=3364"},"modified":"2025-10-31T16:15:17","modified_gmt":"2025-10-31T19:15:17","slug":"banco-exclusivo-para-pcds-firma-alianca-com-visa-para-inclusao","status":"publish","type":"post","link":"https:\/\/tribunademinas.audiencelabs.com.br\/banco-exclusivo-para-pcds-firma-alianca-com-visa-para-inclusao\/","title":{"rendered":"Banco exclusivo para PCDs firma alian\u00e7a com Visa para inclus\u00e3o"},"content":{"rendered":"\n<p>Com o objetivo de impulsionar a inclus\u00e3o financeira das pessoas com defici\u00eancia (PCDs), <strong>a fintech Parabank<\/strong> anunciou recentemente a expans\u00e3o de sua parceria com a Visa para o desenvolvimento de diversas novidades promissoras.<\/p>\n\n\n\n<p>Entre as iniciativas confirmadas, foi confirmada uma campanha de incentivo \u00e0 abertura de contas e ao uso do<strong> Parabank Visa<\/strong>, que \u00e9 um cart\u00e3o de cr\u00e9dito desenvolvido especialmente para pessoas com defici\u00eancia, lan\u00e7ado originalmente em agosto do ano passado.<\/p>\n\n\n\n<p>Vale ressaltar que os cart\u00f5es contam com diversos recursos diferenciais como leitura em braile e recursos t\u00e1teis, que n\u00e3o s\u00f3 facilitam a utiliza\u00e7\u00e3o como ainda refor\u00e7am a independ\u00eancia e qualidade de vida para PCDs.<\/p>\n\n\n\n<p>Embora a parceria entre a Parabank e a Visa tamb\u00e9m busque ampliar ainda mais o p\u00fablico da fintech, \u00e9 relevante destacar que, atualmente, a institui\u00e7\u00e3o j\u00e1 possui <strong>mais de 75 mil contas abertas<\/strong>, tendo quadruplicado sua base nos \u00faltimos anos.<\/p>\n\n\n\n<h2 class=\"wp-block-heading\">Outras iniciativas da parceria Parabank e Visa<\/h2>\n\n\n\n<p>Conforme mencionado anteriormente, o est\u00edmulo ao uso do cart\u00e3o Parabank Visa \u00e9 apenas uma das iniciativas que as empresas definiram para cumprir o objetivo central e, dessa forma, se consolidar como uma iniciativa altamente ben\u00e9fica para PCDs.<\/p>\n\n\n\n<p>De acordo com o que foi divulgado, <strong>o aplicativo da fintech passar\u00e1 por atualiza\u00e7\u00f5es<\/strong>, tornando-se mais acess\u00edvel e intuitivo. Al\u00e9m disso, tamb\u00e9m h\u00e1 planos para iniciar a<strong> opera\u00e7\u00e3o da Sociedade de Cr\u00e9dito Direto (SCD)<\/strong>.<\/p>\n\n\n\n<p>Tamb\u00e9m vale destacar que a alian\u00e7a ter\u00e1 um impacto social significativo, considerando que parte das receitas provenientes da expans\u00e3o do cart\u00e3o Parabank Visa \u00e9 destinada ao<strong> ParaInstituto<\/strong>, uma entidade social vinculada ao Parabank.<\/p>\n\n\n\n<p>Em parceria com o programa Visa Causas, a iniciativa proporciona capacita\u00e7\u00e3o profissional a jovens com defici\u00eancia, visando n\u00e3o apenas aprimorar suas habilidades, mas tamb\u00e9m ampliar seu acesso ao mercado de trabalho formal, corroborando novamente o ideal de inclus\u00e3o social que integra as diretrizes da fintech.<\/p>\n","protected":false},"excerpt":{"rendered":"<p>Com o objetivo de impulsionar a inclus\u00e3o financeira das pessoas com defici\u00eancia (PCDs), a fintech Parabank anunciou recentemente a expans\u00e3o de sua parceria com a Visa para o desenvolvimento de diversas novidades promissoras. Entre as iniciativas confirmadas, foi confirmada uma campanha de incentivo \u00e0 abertura de contas e ao uso do Parabank Visa, que \u00e9 [&hellip;]<\/p>\n","protected":false},"author":3,"featured_media":3365,"comment_status":"open","ping_status":"open","sticky":false,"template":"","format":"standard","meta":{"jnews-multi-image_gallery":[],"jnews_single_post":{"format":"standard"},"jnews_primary_category":[],"jnews_social_meta":[],"jnews_post_split":[],"footnotes":""},"categories":[1],"tags":[],"class_list":["post-3364","post","type-post","status-publish","format-standard","has-post-thumbnail","hentry","category-dinheiro"],"yoast_head":"<!-- This site is optimized with the Yoast SEO plugin v25.6 - https:\/\/yoast.com\/wordpress\/plugins\/seo\/ -->\n<title>Banco exclusivo para PCDs firma alian\u00e7a com Visa para inclus\u00e3o<\/title>\n<meta name=\"robots\" content=\"index, follow, max-snippet:-1, max-image-preview:large, max-video-preview:-1\" \/>\n<link rel=\"canonical\" href=\"https:\/\/tribunademinas.audiencelabs.com.br\/banco-exclusivo-para-pcds-firma-alianca-com-visa-para-inclusao\/\" \/>\n<meta property=\"og:locale\" content=\"pt_BR\" \/>\n<meta property=\"og:type\" content=\"article\" \/>\n<meta property=\"og:title\" content=\"Banco exclusivo para PCDs firma alian\u00e7a com Visa para inclus\u00e3o\" \/>\n<meta property=\"og:description\" content=\"Com o objetivo de impulsionar a inclus\u00e3o financeira das pessoas com defici\u00eancia (PCDs), a fintech Parabank anunciou recentemente a expans\u00e3o de sua parceria com a Visa para o desenvolvimento de diversas novidades promissoras. Entre as iniciativas confirmadas, foi confirmada uma campanha de incentivo \u00e0 abertura de contas e ao uso do Parabank Visa, que \u00e9 [&hellip;]\" \/>\n<meta property=\"og:url\" content=\"https:\/\/tribunademinas.audiencelabs.com.br\/banco-exclusivo-para-pcds-firma-alianca-com-visa-para-inclusao\/\" \/>\n<meta property=\"og:site_name\" content=\"Tribuna de Minas - Dinheiro e Cidadania\" \/>\n<meta property=\"article:publisher\" content=\"https:\/\/www.facebook.com\/tribunademinas\/\" \/>\n<meta property=\"article:published_time\" content=\"2025-11-03T19:00:00+00:00\" \/>\n<meta property=\"og:image\" content=\"https:\/\/tribunademinas.audiencelabs.com.br\/wp-content\/uploads\/2025\/10\/banco-exclusivo-pcds-firma-alianca-visa-inclusao.jpg\" \/>\n\t<meta property=\"og:image:width\" content=\"2000\" \/>\n\t<meta property=\"og:image:height\" content=\"1125\" \/>\n\t<meta property=\"og:image:type\" content=\"image\/jpeg\" \/>\n<meta name=\"author\" content=\"Jo\u00e3o Carlos Gomes\" \/>\n<meta name=\"twitter:card\" content=\"summary_large_image\" \/>\n<meta name=\"twitter:creator\" content=\"@tribunademinas\" \/>\n<meta name=\"twitter:site\" content=\"@tribunademinas\" \/>\n<meta name=\"twitter:label1\" content=\"Escrito por\" \/>\n\t<meta name=\"twitter:data1\" content=\"Jo\u00e3o Carlos Gomes\" \/>\n\t<meta name=\"twitter:label2\" content=\"Est. tempo de leitura\" \/>\n\t<meta name=\"twitter:data2\" content=\"2 minutos\" \/>\n<!-- \/ Yoast SEO plugin. -->","yoast_head_json":{"title":"Banco exclusivo para PCDs firma alian\u00e7a com Visa para inclus\u00e3o","robots":{"index":"index","follow":"follow","max-snippet":"max-snippet:-1","max-image-preview":"max-image-preview:large","max-video-preview":"max-video-preview:-1"},"canonical":"https:\/\/tribunademinas.audiencelabs.com.br\/banco-exclusivo-para-pcds-firma-alianca-com-visa-para-inclusao\/","og_locale":"pt_BR","og_type":"article","og_title":"Banco exclusivo para PCDs firma alian\u00e7a com Visa para inclus\u00e3o","og_description":"Com o objetivo de impulsionar a inclus\u00e3o financeira das pessoas com defici\u00eancia (PCDs), a fintech Parabank anunciou recentemente a expans\u00e3o de sua parceria com a Visa para o desenvolvimento de diversas novidades promissoras. Entre as iniciativas confirmadas, foi confirmada uma campanha de incentivo \u00e0 abertura de contas e ao uso do Parabank Visa, que \u00e9 [&hellip;]","og_url":"https:\/\/tribunademinas.audiencelabs.com.br\/banco-exclusivo-para-pcds-firma-alianca-com-visa-para-inclusao\/","og_site_name":"Tribuna de Minas - Dinheiro e Cidadania","article_publisher":"https:\/\/www.facebook.com\/tribunademinas\/","article_published_time":"2025-11-03T19:00:00+00:00","og_image":[{"width":2000,"height":1125,"url":"https:\/\/tribunademinas.audiencelabs.com.br\/wp-content\/uploads\/2025\/10\/banco-exclusivo-pcds-firma-alianca-visa-inclusao.jpg","type":"image\/jpeg"}],"author":"Jo\u00e3o Carlos Gomes","twitter_card":"summary_large_image","twitter_creator":"@tribunademinas","twitter_site":"@tribunademinas","twitter_misc":{"Escrito por":"Jo\u00e3o Carlos Gomes","Est. tempo de leitura":"2 minutos"},"schema":{"@context":"https:\/\/schema.org","@graph":[{"@type":"Article","@id":"https:\/\/tribunademinas.audiencelabs.com.br\/banco-exclusivo-para-pcds-firma-alianca-com-visa-para-inclusao\/#article","isPartOf":{"@id":"https:\/\/tribunademinas.audiencelabs.com.br\/banco-exclusivo-para-pcds-firma-alianca-com-visa-para-inclusao\/"},"author":{"name":"Jo\u00e3o Carlos Gomes","@id":"https:\/\/tribunademinas.audiencelabs.com.br\/#\/schema\/person\/37af466a64a722fadb8ef6841c52114f"},"headline":"Banco exclusivo para PCDs firma alian\u00e7a com Visa para inclus\u00e3o","datePublished":"2025-11-03T19:00:00+00:00","mainEntityOfPage":{"@id":"https:\/\/tribunademinas.audiencelabs.com.br\/banco-exclusivo-para-pcds-firma-alianca-com-visa-para-inclusao\/"},"wordCount":342,"commentCount":0,"publisher":{"@id":"https:\/\/tribunademinas.audiencelabs.com.br\/#organization"},"image":{"@id":"https:\/\/tribunademinas.audiencelabs.com.br\/banco-exclusivo-para-pcds-firma-alianca-com-visa-para-inclusao\/#primaryimage"},"thumbnailUrl":"https:\/\/tribunademinas.audiencelabs.com.br\/wp-content\/uploads\/2025\/10\/banco-exclusivo-pcds-firma-alianca-visa-inclusao.jpg","articleSection":["Dinheiro"],"inLanguage":"pt-BR","potentialAction":[{"@type":"CommentAction","name":"Comment","target":["https:\/\/tribunademinas.audiencelabs.com.br\/banco-exclusivo-para-pcds-firma-alianca-com-visa-para-inclusao\/#respond"]}]},{"@type":"WebPage","@id":"https:\/\/tribunademinas.audiencelabs.com.br\/banco-exclusivo-para-pcds-firma-alianca-com-visa-para-inclusao\/","url":"https:\/\/tribunademinas.audiencelabs.com.br\/banco-exclusivo-para-pcds-firma-alianca-com-visa-para-inclusao\/","name":"Banco exclusivo para PCDs firma alian\u00e7a com Visa para inclus\u00e3o","isPartOf":{"@id":"https:\/\/tribunademinas.audiencelabs.com.br\/#website"},"primaryImageOfPage":{"@id":"https:\/\/tribunademinas.audiencelabs.com.br\/banco-exclusivo-para-pcds-firma-alianca-com-visa-para-inclusao\/#primaryimage"},"image":{"@id":"https:\/\/tribunademinas.audiencelabs.com.br\/banco-exclusivo-para-pcds-firma-alianca-com-visa-para-inclusao\/#primaryimage"},"thumbnailUrl":"https:\/\/tribunademinas.audiencelabs.com.br\/wp-content\/uploads\/2025\/10\/banco-exclusivo-pcds-firma-alianca-visa-inclusao.jpg","datePublished":"2025-11-03T19:00:00+00:00","breadcrumb":{"@id":"https:\/\/tribunademinas.audiencelabs.com.br\/banco-exclusivo-para-pcds-firma-alianca-com-visa-para-inclusao\/#breadcrumb"},"inLanguage":"pt-BR","potentialAction":[{"@type":"ReadAction","target":["https:\/\/tribunademinas.audiencelabs.com.br\/banco-exclusivo-para-pcds-firma-alianca-com-visa-para-inclusao\/"]}]},{"@type":"ImageObject","inLanguage":"pt-BR","@id":"https:\/\/tribunademinas.audiencelabs.com.br\/banco-exclusivo-para-pcds-firma-alianca-com-visa-para-inclusao\/#primaryimage","url":"https:\/\/tribunademinas.audiencelabs.com.br\/wp-content\/uploads\/2025\/10\/banco-exclusivo-pcds-firma-alianca-visa-inclusao.jpg","contentUrl":"https:\/\/tribunademinas.audiencelabs.com.br\/wp-content\/uploads\/2025\/10\/banco-exclusivo-pcds-firma-alianca-visa-inclusao.jpg","width":2000,"height":1125,"caption":"Foto: Freepik"},{"@type":"BreadcrumbList","@id":"https:\/\/tribunademinas.audiencelabs.com.br\/banco-exclusivo-para-pcds-firma-alianca-com-visa-para-inclusao\/#breadcrumb","itemListElement":[{"@type":"ListItem","position":1,"name":"In\u00edcio","item":"https:\/\/tribunademinas.audiencelabs.com.br\/"},{"@type":"ListItem","position":2,"name":"Banco exclusivo para PCDs firma alian\u00e7a com Visa para inclus\u00e3o"}]},{"@type":"WebSite","@id":"https:\/\/tribunademinas.audiencelabs.com.br\/#website","url":"https:\/\/tribunademinas.audiencelabs.com.br\/","name":"Tribuna de Minas - Dinheiro e Cidadania","description":"","publisher":{"@id":"https:\/\/tribunademinas.audiencelabs.com.br\/#organization"},"potentialAction":[{"@type":"SearchAction","target":{"@type":"EntryPoint","urlTemplate":"https:\/\/tribunademinas.audiencelabs.com.br\/?s={search_term_string}"},"query-input":{"@type":"PropertyValueSpecification","valueRequired":true,"valueName":"search_term_string"}}],"inLanguage":"pt-BR"},{"@type":"Organization","@id":"https:\/\/tribunademinas.audiencelabs.com.br\/#organization","name":"Tribuna de Minas - Dinheiro e Cidadania","url":"https:\/\/tribunademinas.audiencelabs.com.br\/","logo":{"@type":"ImageObject","inLanguage":"pt-BR","@id":"https:\/\/tribunademinas.audiencelabs.com.br\/#\/schema\/logo\/image\/","url":"https:\/\/tribunademinas.audiencelabs.com.br\/wp-content\/uploads\/2025\/08\/cropped-Tribuna_512x512-96x96-1.png","contentUrl":"https:\/\/tribunademinas.audiencelabs.com.br\/wp-content\/uploads\/2025\/08\/cropped-Tribuna_512x512-96x96-1.png","width":96,"height":96,"caption":"Tribuna de Minas - Dinheiro e Cidadania"},"image":{"@id":"https:\/\/tribunademinas.audiencelabs.com.br\/#\/schema\/logo\/image\/"},"sameAs":["https:\/\/www.facebook.com\/tribunademinas\/","https:\/\/x.com\/tribunademinas","https:\/\/www.instagram.com\/tribunademinas\/","https:\/\/www.youtube.com\/user\/TribunadeMinasJF"]},{"@type":"Person","@id":"https:\/\/tribunademinas.audiencelabs.com.br\/#\/schema\/person\/37af466a64a722fadb8ef6841c52114f","name":"Jo\u00e3o Carlos Gomes","image":{"@type":"ImageObject","inLanguage":"pt-BR","@id":"https:\/\/tribunademinas.audiencelabs.com.br\/#\/schema\/person\/image\/","url":"https:\/\/secure.gravatar.com\/avatar\/4ce4672dbdd694b329cd6fdb51bee7d1409be1f0ff76a537e4c4a737b2c7d1a9?s=96&d=mm&r=g","contentUrl":"https:\/\/secure.gravatar.com\/avatar\/4ce4672dbdd694b329cd6fdb51bee7d1409be1f0ff76a537e4c4a737b2c7d1a9?s=96&d=mm&r=g","caption":"Jo\u00e3o Carlos Gomes"},"description":"Jornalista formado pelo Centro Universit\u00e1rio Carioca, apreciador da Bossa Nova ao Metal Extremo, criador de conte\u00fado e m\u00fasico independente nas horas vagas.","url":"https:\/\/tribunademinas.audiencelabs.com.br\/author\/joaoc-junior\/"}]}},"amp_enabled":true,"_links":{"self":[{"href":"https:\/\/tribunademinas.audiencelabs.com.br\/wp-json\/wp\/v2\/posts\/3364","targetHints":{"allow":["GET"]}}],"collection":[{"href":"https:\/\/tribunademinas.audiencelabs.com.br\/wp-json\/wp\/v2\/posts"}],"about":[{"href":"https:\/\/tribunademinas.audiencelabs.com.br\/wp-json\/wp\/v2\/types\/post"}],"author":[{"embeddable":true,"href":"https:\/\/tribunademinas.audiencelabs.com.br\/wp-json\/wp\/v2\/users\/3"}],"replies":[{"embeddable":true,"href":"https:\/\/tribunademinas.audiencelabs.com.br\/wp-json\/wp\/v2\/comments?post=3364"}],"version-history":[{"count":1,"href":"https:\/\/tribunademinas.audiencelabs.com.br\/wp-json\/wp\/v2\/posts\/3364\/revisions"}],"predecessor-version":[{"id":3366,"href":"https:\/\/tribunademinas.audiencelabs.com.br\/wp-json\/wp\/v2\/posts\/3364\/revisions\/3366"}],"wp:featuredmedia":[{"embeddable":true,"href":"https:\/\/tribunademinas.audiencelabs.com.br\/wp-json\/wp\/v2\/media\/3365"}],"wp:attachment":[{"href":"https:\/\/tribunademinas.audiencelabs.com.br\/wp-json\/wp\/v2\/media?parent=3364"}],"wp:term":[{"taxonomy":"category","embeddable":true,"href":"https:\/\/tribunademinas.audiencelabs.com.br\/wp-json\/wp\/v2\/categories?post=3364"},{"taxonomy":"post_tag","embeddable":true,"href":"https:\/\/tribunademinas.audiencelabs.com.br\/wp-json\/wp\/v2\/tags?post=3364"}],"curies":[{"name":"wp","href":"https:\/\/api.w.org\/{rel}","templated":true}]}}