{"id":3351,"date":"2025-11-03T08:00:00","date_gmt":"2025-11-03T11:00:00","guid":{"rendered":"https:\/\/tribunademinas.audiencelabs.com.br\/?p=3351"},"modified":"2025-10-31T12:45:06","modified_gmt":"2025-10-31T15:45:06","slug":"inss-ja-confirmou-as-datas-de-pagamento-do-mes-de-novembro","status":"publish","type":"post","link":"https:\/\/tribunademinas.audiencelabs.com.br\/inss-ja-confirmou-as-datas-de-pagamento-do-mes-de-novembro\/","title":{"rendered":"INSS j\u00e1 confirmou as datas de pagamento do m\u00eas de novembro"},"content":{"rendered":"\n<p>Na \u00faltima segunda-feira (27), o Instituto Nacional do Seguro Social (INSS) deu in\u00edcio ao pagamento da <strong>parcela de outubro<\/strong> do benef\u00edcio de segurados como aposentados, pensionistas e benefici\u00e1rios de programas sociais administrados pela autarquia.<\/p>\n\n\n\n<p>De acordo com o calend\u00e1rio oficial, a atual rodada de dep\u00f3sitos deve chegar ao fim nesta sexta-feira (7), tendo contemplado tanto quem recebe o equivalente a um sal\u00e1rio m\u00ednimo (R$ 1.518) quanto benefici\u00e1rios com remunera\u00e7\u00e3o superior ao piso.<\/p>\n\n\n\n<p>Apesar disso,<strong> j\u00e1 \u00e9 poss\u00edvel saber quando a parcela de novembro ser\u00e1 depositada<\/strong>, pois o INSS divulga o cronograma com anteced\u00eancia para evitar sobrecargas de sistema ou de atendimento, assegurando que transa\u00e7\u00f5es ocorram de maneira ordenada.<\/p>\n\n\n\n<p>A ordem dos pagamentos \u00e9 definida com base no pen\u00faltimo d\u00edgito do n\u00famero do benef\u00edcio (NB), e conforme estabelecido pelo calend\u00e1rio oficial, os valores ser\u00e3o encaminhados nas seguintes datas:<\/p>\n\n\n\n<ul class=\"wp-block-list\">\n<li><strong>NB 1 \u2013 24 de novembro<\/strong><\/li>\n\n\n\n<li><strong>NB 2 \u2013 25 de novembro<\/strong><\/li>\n\n\n\n<li><strong>NB 3 \u2013 26 de novembro<\/strong><\/li>\n\n\n\n<li><strong>NB 4 \u2013 37 de novembro<\/strong><\/li>\n\n\n\n<li><strong>NB 5 \u2013 28 de novembro<\/strong><\/li>\n\n\n\n<li><strong>NB 6 \u2013 1\u00ba de dezembro<\/strong><\/li>\n\n\n\n<li><strong>NB 7 \u2013 2 de dezembro<\/strong><\/li>\n\n\n\n<li><strong>NB 8 \u2013 3 de dezembro<\/strong><\/li>\n\n\n\n<li><strong>NB 9 \u2013 4 de dezembro<\/strong><\/li>\n\n\n\n<li><strong>NB 0 \u2013 5 de dezembro<\/strong><\/li>\n<\/ul>\n\n\n\n<p>\u00c9 importante ressaltar que as datas divulgadas acima s\u00e3o <strong>exclusivas para segurados que recebem at\u00e9 um sal\u00e1rio m\u00ednimo<\/strong>. Para aposentados e pensionistas que recebem valores mais altos, os dep\u00f3sitos foram programados para as seguintes datas:<\/p>\n\n\n\n<ul class=\"wp-block-list\">\n<li><strong>NB 1 e 6 \u2013 1\u00ba de dezembro<\/strong><\/li>\n\n\n\n<li><strong>NB 2 e 7 \u2013 2 de dezembro<\/strong><\/li>\n\n\n\n<li><strong>NB 3 e 8 \u2013 3 de dezembro<\/strong><\/li>\n\n\n\n<li><strong>NB 4 e 9 \u2013 4 de dezembro<\/strong><\/li>\n\n\n\n<li><strong>NB 5 e 0 \u2013 5 de dezembro<\/strong><\/li>\n<\/ul>\n\n\n\n<h2 class=\"wp-block-heading\">Como consultar informa\u00e7\u00f5es sobre os pagamentos do INSS?<\/h2>\n\n\n\n<p>Como o extrato banc\u00e1rio \u00e9 atualizado apenas ap\u00f3s a transfer\u00eancia dos valores, os segurados que desejarem verificar o pagamento de seus benef\u00edcios podem consultar o site ou o aplicativo <strong>Meu INSS<\/strong>, que disponibiliza informa\u00e7\u00f5es completas.<\/p>\n\n\n\n<p>Al\u00e9m disso, os segurados ainda podem entrar em contato com o INSS pela central de atendimento pelo telefone 135, de segunda a s\u00e1bado, das 7h \u00e0s 22h, ou se dirigir a uma ag\u00eancia f\u00edsica da autarquia, sendo necess\u00e1rio agendar hor\u00e1rios em alguns casos.<\/p>\n","protected":false},"excerpt":{"rendered":"<p>Na \u00faltima segunda-feira (27), o Instituto Nacional do Seguro Social (INSS) deu in\u00edcio ao pagamento da parcela de outubro do benef\u00edcio de segurados como aposentados, pensionistas e benefici\u00e1rios de programas sociais administrados pela autarquia. De acordo com o calend\u00e1rio oficial, a atual rodada de dep\u00f3sitos deve chegar ao fim nesta sexta-feira (7), tendo contemplado tanto [&hellip;]<\/p>\n","protected":false},"author":3,"featured_media":3352,"comment_status":"open","ping_status":"open","sticky":false,"template":"","format":"standard","meta":{"jnews-multi-image_gallery":[],"jnews_single_post":{"format":"standard"},"jnews_primary_category":[],"jnews_social_meta":[],"jnews_post_split":[],"footnotes":""},"categories":[1],"tags":[],"class_list":["post-3351","post","type-post","status-publish","format-standard","has-post-thumbnail","hentry","category-dinheiro"],"yoast_head":"<!-- This site is optimized with the Yoast SEO plugin v25.6 - https:\/\/yoast.com\/wordpress\/plugins\/seo\/ -->\n<title>INSS j\u00e1 confirmou as datas de pagamento do m\u00eas de novembro<\/title>\n<meta name=\"robots\" content=\"index, follow, max-snippet:-1, max-image-preview:large, max-video-preview:-1\" \/>\n<link rel=\"canonical\" href=\"https:\/\/tribunademinas.audiencelabs.com.br\/inss-ja-confirmou-as-datas-de-pagamento-do-mes-de-novembro\/\" \/>\n<meta property=\"og:locale\" content=\"pt_BR\" \/>\n<meta property=\"og:type\" content=\"article\" \/>\n<meta property=\"og:title\" content=\"INSS j\u00e1 confirmou as datas de pagamento do m\u00eas de novembro\" \/>\n<meta property=\"og:description\" content=\"Na \u00faltima segunda-feira (27), o Instituto Nacional do Seguro Social (INSS) deu in\u00edcio ao pagamento da parcela de outubro do benef\u00edcio de segurados como aposentados, pensionistas e benefici\u00e1rios de programas sociais administrados pela autarquia. De acordo com o calend\u00e1rio oficial, a atual rodada de dep\u00f3sitos deve chegar ao fim nesta sexta-feira (7), tendo contemplado tanto [&hellip;]\" \/>\n<meta property=\"og:url\" content=\"https:\/\/tribunademinas.audiencelabs.com.br\/inss-ja-confirmou-as-datas-de-pagamento-do-mes-de-novembro\/\" \/>\n<meta property=\"og:site_name\" content=\"Tribuna de Minas - Dinheiro e Cidadania\" \/>\n<meta property=\"article:publisher\" content=\"https:\/\/www.facebook.com\/tribunademinas\/\" \/>\n<meta property=\"article:published_time\" content=\"2025-11-03T11:00:00+00:00\" \/>\n<meta property=\"og:image\" content=\"https:\/\/tribunademinas.audiencelabs.com.br\/wp-content\/uploads\/2025\/10\/inss-datas-pagamento-mes-novembro.jpg\" \/>\n\t<meta property=\"og:image:width\" content=\"2000\" \/>\n\t<meta property=\"og:image:height\" content=\"1125\" \/>\n\t<meta property=\"og:image:type\" content=\"image\/jpeg\" \/>\n<meta name=\"author\" content=\"Jo\u00e3o Carlos Gomes\" \/>\n<meta name=\"twitter:card\" content=\"summary_large_image\" \/>\n<meta name=\"twitter:creator\" content=\"@tribunademinas\" \/>\n<meta name=\"twitter:site\" content=\"@tribunademinas\" \/>\n<meta name=\"twitter:label1\" content=\"Escrito por\" \/>\n\t<meta name=\"twitter:data1\" content=\"Jo\u00e3o Carlos Gomes\" \/>\n\t<meta name=\"twitter:label2\" content=\"Est. tempo de leitura\" \/>\n\t<meta name=\"twitter:data2\" content=\"3 minutos\" \/>\n<!-- \/ Yoast SEO plugin. -->","yoast_head_json":{"title":"INSS j\u00e1 confirmou as datas de pagamento do m\u00eas de novembro","robots":{"index":"index","follow":"follow","max-snippet":"max-snippet:-1","max-image-preview":"max-image-preview:large","max-video-preview":"max-video-preview:-1"},"canonical":"https:\/\/tribunademinas.audiencelabs.com.br\/inss-ja-confirmou-as-datas-de-pagamento-do-mes-de-novembro\/","og_locale":"pt_BR","og_type":"article","og_title":"INSS j\u00e1 confirmou as datas de pagamento do m\u00eas de novembro","og_description":"Na \u00faltima segunda-feira (27), o Instituto Nacional do Seguro Social (INSS) deu in\u00edcio ao pagamento da parcela de outubro do benef\u00edcio de segurados como aposentados, pensionistas e benefici\u00e1rios de programas sociais administrados pela autarquia. De acordo com o calend\u00e1rio oficial, a atual rodada de dep\u00f3sitos deve chegar ao fim nesta sexta-feira (7), tendo contemplado tanto [&hellip;]","og_url":"https:\/\/tribunademinas.audiencelabs.com.br\/inss-ja-confirmou-as-datas-de-pagamento-do-mes-de-novembro\/","og_site_name":"Tribuna de Minas - Dinheiro e Cidadania","article_publisher":"https:\/\/www.facebook.com\/tribunademinas\/","article_published_time":"2025-11-03T11:00:00+00:00","og_image":[{"width":2000,"height":1125,"url":"https:\/\/tribunademinas.audiencelabs.com.br\/wp-content\/uploads\/2025\/10\/inss-datas-pagamento-mes-novembro.jpg","type":"image\/jpeg"}],"author":"Jo\u00e3o Carlos Gomes","twitter_card":"summary_large_image","twitter_creator":"@tribunademinas","twitter_site":"@tribunademinas","twitter_misc":{"Escrito por":"Jo\u00e3o Carlos Gomes","Est. tempo de leitura":"3 minutos"},"schema":{"@context":"https:\/\/schema.org","@graph":[{"@type":"Article","@id":"https:\/\/tribunademinas.audiencelabs.com.br\/inss-ja-confirmou-as-datas-de-pagamento-do-mes-de-novembro\/#article","isPartOf":{"@id":"https:\/\/tribunademinas.audiencelabs.com.br\/inss-ja-confirmou-as-datas-de-pagamento-do-mes-de-novembro\/"},"author":{"name":"Jo\u00e3o Carlos Gomes","@id":"https:\/\/tribunademinas.audiencelabs.com.br\/#\/schema\/person\/37af466a64a722fadb8ef6841c52114f"},"headline":"INSS j\u00e1 confirmou as datas de pagamento do m\u00eas de novembro","datePublished":"2025-11-03T11:00:00+00:00","mainEntityOfPage":{"@id":"https:\/\/tribunademinas.audiencelabs.com.br\/inss-ja-confirmou-as-datas-de-pagamento-do-mes-de-novembro\/"},"wordCount":346,"commentCount":0,"publisher":{"@id":"https:\/\/tribunademinas.audiencelabs.com.br\/#organization"},"image":{"@id":"https:\/\/tribunademinas.audiencelabs.com.br\/inss-ja-confirmou-as-datas-de-pagamento-do-mes-de-novembro\/#primaryimage"},"thumbnailUrl":"https:\/\/tribunademinas.audiencelabs.com.br\/wp-content\/uploads\/2025\/10\/inss-datas-pagamento-mes-novembro.jpg","articleSection":["Dinheiro"],"inLanguage":"pt-BR","potentialAction":[{"@type":"CommentAction","name":"Comment","target":["https:\/\/tribunademinas.audiencelabs.com.br\/inss-ja-confirmou-as-datas-de-pagamento-do-mes-de-novembro\/#respond"]}]},{"@type":"WebPage","@id":"https:\/\/tribunademinas.audiencelabs.com.br\/inss-ja-confirmou-as-datas-de-pagamento-do-mes-de-novembro\/","url":"https:\/\/tribunademinas.audiencelabs.com.br\/inss-ja-confirmou-as-datas-de-pagamento-do-mes-de-novembro\/","name":"INSS j\u00e1 confirmou as datas de pagamento do m\u00eas de novembro","isPartOf":{"@id":"https:\/\/tribunademinas.audiencelabs.com.br\/#website"},"primaryImageOfPage":{"@id":"https:\/\/tribunademinas.audiencelabs.com.br\/inss-ja-confirmou-as-datas-de-pagamento-do-mes-de-novembro\/#primaryimage"},"image":{"@id":"https:\/\/tribunademinas.audiencelabs.com.br\/inss-ja-confirmou-as-datas-de-pagamento-do-mes-de-novembro\/#primaryimage"},"thumbnailUrl":"https:\/\/tribunademinas.audiencelabs.com.br\/wp-content\/uploads\/2025\/10\/inss-datas-pagamento-mes-novembro.jpg","datePublished":"2025-11-03T11:00:00+00:00","breadcrumb":{"@id":"https:\/\/tribunademinas.audiencelabs.com.br\/inss-ja-confirmou-as-datas-de-pagamento-do-mes-de-novembro\/#breadcrumb"},"inLanguage":"pt-BR","potentialAction":[{"@type":"ReadAction","target":["https:\/\/tribunademinas.audiencelabs.com.br\/inss-ja-confirmou-as-datas-de-pagamento-do-mes-de-novembro\/"]}]},{"@type":"ImageObject","inLanguage":"pt-BR","@id":"https:\/\/tribunademinas.audiencelabs.com.br\/inss-ja-confirmou-as-datas-de-pagamento-do-mes-de-novembro\/#primaryimage","url":"https:\/\/tribunademinas.audiencelabs.com.br\/wp-content\/uploads\/2025\/10\/inss-datas-pagamento-mes-novembro.jpg","contentUrl":"https:\/\/tribunademinas.audiencelabs.com.br\/wp-content\/uploads\/2025\/10\/inss-datas-pagamento-mes-novembro.jpg","width":2000,"height":1125,"caption":"Foto: Freepik"},{"@type":"BreadcrumbList","@id":"https:\/\/tribunademinas.audiencelabs.com.br\/inss-ja-confirmou-as-datas-de-pagamento-do-mes-de-novembro\/#breadcrumb","itemListElement":[{"@type":"ListItem","position":1,"name":"In\u00edcio","item":"https:\/\/tribunademinas.audiencelabs.com.br\/"},{"@type":"ListItem","position":2,"name":"INSS j\u00e1 confirmou as datas de pagamento do m\u00eas de novembro"}]},{"@type":"WebSite","@id":"https:\/\/tribunademinas.audiencelabs.com.br\/#website","url":"https:\/\/tribunademinas.audiencelabs.com.br\/","name":"Tribuna de Minas - Dinheiro e Cidadania","description":"","publisher":{"@id":"https:\/\/tribunademinas.audiencelabs.com.br\/#organization"},"potentialAction":[{"@type":"SearchAction","target":{"@type":"EntryPoint","urlTemplate":"https:\/\/tribunademinas.audiencelabs.com.br\/?s={search_term_string}"},"query-input":{"@type":"PropertyValueSpecification","valueRequired":true,"valueName":"search_term_string"}}],"inLanguage":"pt-BR"},{"@type":"Organization","@id":"https:\/\/tribunademinas.audiencelabs.com.br\/#organization","name":"Tribuna de Minas - Dinheiro e Cidadania","url":"https:\/\/tribunademinas.audiencelabs.com.br\/","logo":{"@type":"ImageObject","inLanguage":"pt-BR","@id":"https:\/\/tribunademinas.audiencelabs.com.br\/#\/schema\/logo\/image\/","url":"https:\/\/tribunademinas.audiencelabs.com.br\/wp-content\/uploads\/2025\/08\/cropped-Tribuna_512x512-96x96-1.png","contentUrl":"https:\/\/tribunademinas.audiencelabs.com.br\/wp-content\/uploads\/2025\/08\/cropped-Tribuna_512x512-96x96-1.png","width":96,"height":96,"caption":"Tribuna de Minas - Dinheiro e Cidadania"},"image":{"@id":"https:\/\/tribunademinas.audiencelabs.com.br\/#\/schema\/logo\/image\/"},"sameAs":["https:\/\/www.facebook.com\/tribunademinas\/","https:\/\/x.com\/tribunademinas","https:\/\/www.instagram.com\/tribunademinas\/","https:\/\/www.youtube.com\/user\/TribunadeMinasJF"]},{"@type":"Person","@id":"https:\/\/tribunademinas.audiencelabs.com.br\/#\/schema\/person\/37af466a64a722fadb8ef6841c52114f","name":"Jo\u00e3o Carlos Gomes","image":{"@type":"ImageObject","inLanguage":"pt-BR","@id":"https:\/\/tribunademinas.audiencelabs.com.br\/#\/schema\/person\/image\/","url":"https:\/\/secure.gravatar.com\/avatar\/4ce4672dbdd694b329cd6fdb51bee7d1409be1f0ff76a537e4c4a737b2c7d1a9?s=96&d=mm&r=g","contentUrl":"https:\/\/secure.gravatar.com\/avatar\/4ce4672dbdd694b329cd6fdb51bee7d1409be1f0ff76a537e4c4a737b2c7d1a9?s=96&d=mm&r=g","caption":"Jo\u00e3o Carlos Gomes"},"description":"Jornalista formado pelo Centro Universit\u00e1rio Carioca, apreciador da Bossa Nova ao Metal Extremo, criador de conte\u00fado e m\u00fasico independente nas horas vagas.","url":"https:\/\/tribunademinas.audiencelabs.com.br\/author\/joaoc-junior\/"}]}},"amp_enabled":true,"_links":{"self":[{"href":"https:\/\/tribunademinas.audiencelabs.com.br\/wp-json\/wp\/v2\/posts\/3351","targetHints":{"allow":["GET"]}}],"collection":[{"href":"https:\/\/tribunademinas.audiencelabs.com.br\/wp-json\/wp\/v2\/posts"}],"about":[{"href":"https:\/\/tribunademinas.audiencelabs.com.br\/wp-json\/wp\/v2\/types\/post"}],"author":[{"embeddable":true,"href":"https:\/\/tribunademinas.audiencelabs.com.br\/wp-json\/wp\/v2\/users\/3"}],"replies":[{"embeddable":true,"href":"https:\/\/tribunademinas.audiencelabs.com.br\/wp-json\/wp\/v2\/comments?post=3351"}],"version-history":[{"count":1,"href":"https:\/\/tribunademinas.audiencelabs.com.br\/wp-json\/wp\/v2\/posts\/3351\/revisions"}],"predecessor-version":[{"id":3353,"href":"https:\/\/tribunademinas.audiencelabs.com.br\/wp-json\/wp\/v2\/posts\/3351\/revisions\/3353"}],"wp:featuredmedia":[{"embeddable":true,"href":"https:\/\/tribunademinas.audiencelabs.com.br\/wp-json\/wp\/v2\/media\/3352"}],"wp:attachment":[{"href":"https:\/\/tribunademinas.audiencelabs.com.br\/wp-json\/wp\/v2\/media?parent=3351"}],"wp:term":[{"taxonomy":"category","embeddable":true,"href":"https:\/\/tribunademinas.audiencelabs.com.br\/wp-json\/wp\/v2\/categories?post=3351"},{"taxonomy":"post_tag","embeddable":true,"href":"https:\/\/tribunademinas.audiencelabs.com.br\/wp-json\/wp\/v2\/tags?post=3351"}],"curies":[{"name":"wp","href":"https:\/\/api.w.org\/{rel}","templated":true}]}}